{"id":14570,"date":"2023-08-01T12:17:09","date_gmt":"2023-08-01T10:17:09","guid":{"rendered":"https:\/\/www.ladiagonale.net\/?p=14570"},"modified":"2023-08-01T12:17:47","modified_gmt":"2023-08-01T10:17:47","slug":"disasi-passerait-sa-visite-medicale","status":"publish","type":"post","link":"https:\/\/www.ladiagonale.net\/index.php\/2023\/08\/01\/disasi-passerait-sa-visite-medicale\/","title":{"rendered":"Disasi passerait sa visite m\u00e9dicale"},"content":{"rendered":"\n\n\n<p>Les jours d&rsquo;Axel Disasi \u00e0 l&rsquo;AS Monaco sont compt\u00e9s. Annonc\u00e9 \u00e0 Chelsea il y a quelques jours, le d\u00e9fenseur central de 25 ans se trouverait actuellement \u00e0 Londres pour y passer des examens m\u00e9dicaux en vue de sa signature, selon le journaliste italien Fabrizio Romano. L&rsquo;international fran\u00e7ais devrait parapher un contrat portant sur les cinq prochaines saisons et Monaco devrait toucher 45 millions d&rsquo;euros hors bonus pour la cession de son vice-capitaine.<\/p>\n\n\n\n<p>Arriv\u00e9 de Reims en 2020, pour 13 millions d&rsquo;euros, Disasi a disput\u00e9 129 rencontres avec l&rsquo;AS Monaco et il lui restait encore deux ans de contrat en Principaut\u00e9. La saison derni\u00e8re, il est le seul joueur de l&rsquo;effectif \u00e0 avoir pris part \u00e0 toutes les rencontres de l&rsquo;ASM, soit 49 rencontres dont 48 titularisations. Et il a contribu\u00e9 de fa\u00e7on importante \u00e0 la r\u00e9ussite offensive de l&rsquo;\u00e9quipe, en signant six buts et quatre passes d\u00e9cisives. <\/p>\n","protected":false},"excerpt":{"rendered":"<p>Les jours d&rsquo;Axel Disasi \u00e0 l&rsquo;AS Monaco sont compt\u00e9s. Annonc\u00e9 \u00e0 Chelsea il y a quelques jours, le d\u00e9fenseur central de 25 ans se trouverait actuellement \u00e0 Londres pour y passer des examens m\u00e9dicaux en vue de sa signature, selon le journaliste italien Fabrizio Romano. L&rsquo;international fran\u00e7ais devrait parapher un contrat portant sur les cinq [&#8230;]\n","protected":false},"author":2,"featured_media":0,"comment_status":"open","ping_status":"open","sticky":false,"template":"","format":"standard","meta":[],"categories":[6],"tags":[86,178,639,111,110],"yoast_head":"<!-- This site is optimized with the Yoast SEO plugin v19.8 - https:\/\/yoast.com\/wordpress\/plugins\/seo\/ -->\n<title>Disasi passerait sa visite m\u00e9dicale - La Diagonale<\/title>\n<meta name=\"robots\" content=\"index, follow, max-snippet:-1, max-image-preview:large, max-video-preview:-1\" \/>\n<link rel=\"canonical\" href=\"https:\/\/www.ladiagonale.net\/index.php\/2023\/08\/01\/disasi-passerait-sa-visite-medicale\/\" \/>\n<meta property=\"og:locale\" content=\"fr_FR\" \/>\n<meta property=\"og:type\" content=\"article\" \/>\n<meta property=\"og:title\" content=\"Disasi passerait sa visite m\u00e9dicale - La Diagonale\" \/>\n<meta property=\"og:description\" content=\"Les jours d&rsquo;Axel Disasi \u00e0 l&rsquo;AS Monaco sont compt\u00e9s. Annonc\u00e9 \u00e0 Chelsea il y a quelques jours, le d\u00e9fenseur central de 25 ans se trouverait actuellement \u00e0 Londres pour y passer des examens m\u00e9dicaux en vue de sa signature, selon le journaliste italien Fabrizio Romano. L&rsquo;international fran\u00e7ais devrait parapher un contrat portant sur les cinq [...]\" \/>\n<meta property=\"og:url\" content=\"https:\/\/www.ladiagonale.net\/index.php\/2023\/08\/01\/disasi-passerait-sa-visite-medicale\/\" \/>\n<meta property=\"og:site_name\" content=\"La Diagonale\" \/>\n<meta property=\"article:published_time\" content=\"2023-08-01T10:17:09+00:00\" \/>\n<meta property=\"article:modified_time\" content=\"2023-08-01T10:17:47+00:00\" \/>\n<meta property=\"og:image\" content=\"https:\/\/www.ladiagonale.net\/wp-content\/uploads\/2023\/01\/disasi2.png\" \/>\n\t<meta property=\"og:image:width\" content=\"1160\" \/>\n\t<meta property=\"og:image:height\" content=\"650\" \/>\n\t<meta property=\"og:image:type\" content=\"image\/png\" \/>\n<meta name=\"author\" content=\"Damien Dellerba\" \/>\n<meta name=\"twitter:card\" content=\"summary_large_image\" \/>\n<meta name=\"twitter:image\" content=\"https:\/\/www.ladiagonale.net\/wp-content\/uploads\/2023\/01\/disasi2.png\" \/>\n<meta name=\"twitter:label1\" content=\"\u00c9crit par\" \/>\n\t<meta name=\"twitter:data1\" content=\"Damien Dellerba\" \/>\n\t<meta name=\"twitter:label2\" content=\"Dur\u00e9e de lecture estim\u00e9e\" \/>\n\t<meta name=\"twitter:data2\" content=\"1 minute\" \/>\n<script type=\"application\/ld+json\" class=\"yoast-schema-graph\">{\"@context\":\"https:\/\/schema.org\",\"@graph\":[{\"@type\":\"WebPage\",\"@id\":\"https:\/\/www.ladiagonale.net\/index.php\/2023\/08\/01\/disasi-passerait-sa-visite-medicale\/\",\"url\":\"https:\/\/www.ladiagonale.net\/index.php\/2023\/08\/01\/disasi-passerait-sa-visite-medicale\/\",\"name\":\"Disasi passerait sa visite m\u00e9dicale - La Diagonale\",\"isPartOf\":{\"@id\":\"https:\/\/www.ladiagonale.net\/#website\"},\"datePublished\":\"2023-08-01T10:17:09+00:00\",\"dateModified\":\"2023-08-01T10:17:47+00:00\",\"author\":{\"@id\":\"https:\/\/www.ladiagonale.net\/#\/schema\/person\/79ff1e7b0853ed01b2aa26e64ad300bf\"},\"breadcrumb\":{\"@id\":\"https:\/\/www.ladiagonale.net\/index.php\/2023\/08\/01\/disasi-passerait-sa-visite-medicale\/#breadcrumb\"},\"inLanguage\":\"fr-FR\",\"potentialAction\":[{\"@type\":\"ReadAction\",\"target\":[\"https:\/\/www.ladiagonale.net\/index.php\/2023\/08\/01\/disasi-passerait-sa-visite-medicale\/\"]}]},{\"@type\":\"BreadcrumbList\",\"@id\":\"https:\/\/www.ladiagonale.net\/index.php\/2023\/08\/01\/disasi-passerait-sa-visite-medicale\/#breadcrumb\",\"itemListElement\":[{\"@type\":\"ListItem\",\"position\":1,\"name\":\"Accueil\",\"item\":\"https:\/\/www.ladiagonale.net\/\"},{\"@type\":\"ListItem\",\"position\":2,\"name\":\"Disasi passerait sa visite m\u00e9dicale\"}]},{\"@type\":\"WebSite\",\"@id\":\"https:\/\/www.ladiagonale.net\/#website\",\"url\":\"https:\/\/www.ladiagonale.net\/\",\"name\":\"La Diagonale\",\"description\":\"Le site des supporters de l&#039;AS Monaco FC\",\"potentialAction\":[{\"@type\":\"SearchAction\",\"target\":{\"@type\":\"EntryPoint\",\"urlTemplate\":\"https:\/\/www.ladiagonale.net\/?s={search_term_string}\"},\"query-input\":\"required name=search_term_string\"}],\"inLanguage\":\"fr-FR\"},{\"@type\":\"Person\",\"@id\":\"https:\/\/www.ladiagonale.net\/#\/schema\/person\/79ff1e7b0853ed01b2aa26e64ad300bf\",\"name\":\"Damien Dellerba\",\"image\":{\"@type\":\"ImageObject\",\"inLanguage\":\"fr-FR\",\"@id\":\"https:\/\/www.ladiagonale.net\/#\/schema\/person\/image\/\",\"url\":\"https:\/\/secure.gravatar.com\/avatar\/c7850e06d3ff63cdbaee88b7fc16e2f0?s=96&d=mm&r=g\",\"contentUrl\":\"https:\/\/secure.gravatar.com\/avatar\/c7850e06d3ff63cdbaee88b7fc16e2f0?s=96&d=mm&r=g\",\"caption\":\"Damien Dellerba\"},\"url\":\"https:\/\/www.ladiagonale.net\/index.php\/author\/damien\/\"}]}<\/script>\n<!-- \/ Yoast SEO plugin. -->","yoast_head_json":{"title":"Disasi passerait sa visite m\u00e9dicale - La Diagonale","robots":{"index":"index","follow":"follow","max-snippet":"max-snippet:-1","max-image-preview":"max-image-preview:large","max-video-preview":"max-video-preview:-1"},"canonical":"https:\/\/www.ladiagonale.net\/index.php\/2023\/08\/01\/disasi-passerait-sa-visite-medicale\/","og_locale":"fr_FR","og_type":"article","og_title":"Disasi passerait sa visite m\u00e9dicale - La Diagonale","og_description":"Les jours d&rsquo;Axel Disasi \u00e0 l&rsquo;AS Monaco sont compt\u00e9s. Annonc\u00e9 \u00e0 Chelsea il y a quelques jours, le d\u00e9fenseur central de 25 ans se trouverait actuellement \u00e0 Londres pour y passer des examens m\u00e9dicaux en vue de sa signature, selon le journaliste italien Fabrizio Romano. L&rsquo;international fran\u00e7ais devrait parapher un contrat portant sur les cinq [...]","og_url":"https:\/\/www.ladiagonale.net\/index.php\/2023\/08\/01\/disasi-passerait-sa-visite-medicale\/","og_site_name":"La Diagonale","article_published_time":"2023-08-01T10:17:09+00:00","article_modified_time":"2023-08-01T10:17:47+00:00","og_image":[{"width":1160,"height":650,"url":"https:\/\/www.ladiagonale.net\/wp-content\/uploads\/2023\/01\/disasi2.png","type":"image\/png"}],"author":"Damien Dellerba","twitter_card":"summary_large_image","twitter_image":"https:\/\/www.ladiagonale.net\/wp-content\/uploads\/2023\/01\/disasi2.png","twitter_misc":{"\u00c9crit par":"Damien Dellerba","Dur\u00e9e de lecture estim\u00e9e":"1 minute"},"schema":{"@context":"https:\/\/schema.org","@graph":[{"@type":"WebPage","@id":"https:\/\/www.ladiagonale.net\/index.php\/2023\/08\/01\/disasi-passerait-sa-visite-medicale\/","url":"https:\/\/www.ladiagonale.net\/index.php\/2023\/08\/01\/disasi-passerait-sa-visite-medicale\/","name":"Disasi passerait sa visite m\u00e9dicale - La Diagonale","isPartOf":{"@id":"https:\/\/www.ladiagonale.net\/#website"},"datePublished":"2023-08-01T10:17:09+00:00","dateModified":"2023-08-01T10:17:47+00:00","author":{"@id":"https:\/\/www.ladiagonale.net\/#\/schema\/person\/79ff1e7b0853ed01b2aa26e64ad300bf"},"breadcrumb":{"@id":"https:\/\/www.ladiagonale.net\/index.php\/2023\/08\/01\/disasi-passerait-sa-visite-medicale\/#breadcrumb"},"inLanguage":"fr-FR","potentialAction":[{"@type":"ReadAction","target":["https:\/\/www.ladiagonale.net\/index.php\/2023\/08\/01\/disasi-passerait-sa-visite-medicale\/"]}]},{"@type":"BreadcrumbList","@id":"https:\/\/www.ladiagonale.net\/index.php\/2023\/08\/01\/disasi-passerait-sa-visite-medicale\/#breadcrumb","itemListElement":[{"@type":"ListItem","position":1,"name":"Accueil","item":"https:\/\/www.ladiagonale.net\/"},{"@type":"ListItem","position":2,"name":"Disasi passerait sa visite m\u00e9dicale"}]},{"@type":"WebSite","@id":"https:\/\/www.ladiagonale.net\/#website","url":"https:\/\/www.ladiagonale.net\/","name":"La Diagonale","description":"Le site des supporters de l&#039;AS Monaco FC","potentialAction":[{"@type":"SearchAction","target":{"@type":"EntryPoint","urlTemplate":"https:\/\/www.ladiagonale.net\/?s={search_term_string}"},"query-input":"required name=search_term_string"}],"inLanguage":"fr-FR"},{"@type":"Person","@id":"https:\/\/www.ladiagonale.net\/#\/schema\/person\/79ff1e7b0853ed01b2aa26e64ad300bf","name":"Damien Dellerba","image":{"@type":"ImageObject","inLanguage":"fr-FR","@id":"https:\/\/www.ladiagonale.net\/#\/schema\/person\/image\/","url":"https:\/\/secure.gravatar.com\/avatar\/c7850e06d3ff63cdbaee88b7fc16e2f0?s=96&d=mm&r=g","contentUrl":"https:\/\/secure.gravatar.com\/avatar\/c7850e06d3ff63cdbaee88b7fc16e2f0?s=96&d=mm&r=g","caption":"Damien Dellerba"},"url":"https:\/\/www.ladiagonale.net\/index.php\/author\/damien\/"}]}},"_links":{"self":[{"href":"https:\/\/www.ladiagonale.net\/index.php\/wp-json\/wp\/v2\/posts\/14570"}],"collection":[{"href":"https:\/\/www.ladiagonale.net\/index.php\/wp-json\/wp\/v2\/posts"}],"about":[{"href":"https:\/\/www.ladiagonale.net\/index.php\/wp-json\/wp\/v2\/types\/post"}],"author":[{"embeddable":true,"href":"https:\/\/www.ladiagonale.net\/index.php\/wp-json\/wp\/v2\/users\/2"}],"replies":[{"embeddable":true,"href":"https:\/\/www.ladiagonale.net\/index.php\/wp-json\/wp\/v2\/comments?post=14570"}],"version-history":[{"count":2,"href":"https:\/\/www.ladiagonale.net\/index.php\/wp-json\/wp\/v2\/posts\/14570\/revisions"}],"predecessor-version":[{"id":14573,"href":"https:\/\/www.ladiagonale.net\/index.php\/wp-json\/wp\/v2\/posts\/14570\/revisions\/14573"}],"wp:attachment":[{"href":"https:\/\/www.ladiagonale.net\/index.php\/wp-json\/wp\/v2\/media?parent=14570"}],"wp:term":[{"taxonomy":"category","embeddable":true,"href":"https:\/\/www.ladiagonale.net\/index.php\/wp-json\/wp\/v2\/categories?post=14570"},{"taxonomy":"post_tag","embeddable":true,"href":"https:\/\/www.ladiagonale.net\/index.php\/wp-json\/wp\/v2\/tags?post=14570"}],"curies":[{"name":"wp","href":"https:\/\/api.w.org\/{rel}","templated":true}]}}