{"id":14579,"date":"2023-08-01T13:50:08","date_gmt":"2023-08-01T11:50:08","guid":{"rendered":"https:\/\/www.ladiagonale.net\/?p=14579"},"modified":"2023-08-01T14:36:34","modified_gmt":"2023-08-01T12:36:34","slug":"aguilar-a-un-pas-de-rennes","status":"publish","type":"post","link":"https:\/\/www.ladiagonale.net\/index.php\/2023\/08\/01\/aguilar-a-un-pas-de-rennes\/","title":{"rendered":"Aguilar \u00e0 un pas de Rennes ?"},"content":{"rendered":"\n\n\n<p>La d\u00e9fense de l&rsquo;AS Monaco devrait \u00eatre chamboul\u00e9e dans les prochains jours. Si les signatures de <a href=\"https:\/\/www.ladiagonale.net\/index.php\/2023\/07\/29\/monaco-tiendrait-un-accord-pour-salisu-actualise\/\">Salisu<\/a> et <a href=\"https:\/\/www.ladiagonale.net\/index.php\/2023\/08\/01\/disasi-passerait-sa-visite-medicale\/\">Disasi<\/a> semblent proches, les transferts <a href=\"https:\/\/www.ladiagonale.net\/index.php\/2023\/07\/31\/adarabioyo-se-rapprocherait-de-monaco\/\">d&rsquo;Adarabioyo dans le sens des arriv\u00e9es<\/a> et de <a href=\"https:\/\/www.ladiagonale.net\/index.php\/2023\/07\/26\/ludinese-et-villarreal-convoiteraient-matsima\/\">Matsima dans celui des d\u00e9parts<\/a> sont aussi pressentis. \u00c0 cette liste pourrait s&rsquo;ajouter le d\u00e9part de Ruben Aguilar, dont le contrat avec l&rsquo;ASM court jusqu&rsquo;en juin 2025. Selon <em>L&rsquo;\u00c9quipe<\/em>, le lat\u00e9ral droit de 30 ans serait proche de rejoindre Rennes. La nature de la transaction n&rsquo;a toutefois pas \u00e9t\u00e9 \u00e9voqu\u00e9e.<\/p>\n\n\n\n<p>Depuis l&rsquo;arriv\u00e9e de Vanderson au club en janvier 2021, Aguilar n&rsquo;est plus forc\u00e9ment vu comme un titulaire sur le flanc droit de la d\u00e9fense. R\u00e9cemment, lors des matches de pr\u00e9paration contre le Betis et Leeds, Adi H\u00fctter avait test\u00e9 l&rsquo;ancien Montpelli\u00e9rain comme axial droit dans la d\u00e9fense \u00e0 trois de son 3-4-2-1 plut\u00f4t que comme piston. Il n&rsquo;a toutefois pas pris part aux rencontres face \u00e0 Bologne et le Genoa. <\/p>\n","protected":false},"excerpt":{"rendered":"<p>La d\u00e9fense de l&rsquo;AS Monaco devrait \u00eatre chamboul\u00e9e dans les prochains jours. Si les signatures de Salisu et Disasi semblent proches, les transferts d&rsquo;Adarabioyo dans le sens des arriv\u00e9es et de Matsima dans celui des d\u00e9parts sont aussi pressentis. \u00c0 cette liste pourrait s&rsquo;ajouter le d\u00e9part de Ruben Aguilar, dont le contrat avec l&rsquo;ASM court [&#8230;]\n","protected":false},"author":2,"featured_media":0,"comment_status":"open","ping_status":"open","sticky":false,"template":"","format":"standard","meta":[],"categories":[6],"tags":[86,111,601,180,110],"yoast_head":"<!-- This site is optimized with the Yoast SEO plugin v19.8 - https:\/\/yoast.com\/wordpress\/plugins\/seo\/ -->\n<title>Aguilar \u00e0 un pas de Rennes ? - La Diagonale<\/title>\n<meta name=\"robots\" content=\"index, follow, max-snippet:-1, max-image-preview:large, max-video-preview:-1\" \/>\n<link rel=\"canonical\" href=\"https:\/\/www.ladiagonale.net\/index.php\/2023\/08\/01\/aguilar-a-un-pas-de-rennes\/\" \/>\n<meta property=\"og:locale\" content=\"fr_FR\" \/>\n<meta property=\"og:type\" content=\"article\" \/>\n<meta property=\"og:title\" content=\"Aguilar \u00e0 un pas de Rennes ? - La Diagonale\" \/>\n<meta property=\"og:description\" content=\"La d\u00e9fense de l&rsquo;AS Monaco devrait \u00eatre chamboul\u00e9e dans les prochains jours. Si les signatures de Salisu et Disasi semblent proches, les transferts d&rsquo;Adarabioyo dans le sens des arriv\u00e9es et de Matsima dans celui des d\u00e9parts sont aussi pressentis. \u00c0 cette liste pourrait s&rsquo;ajouter le d\u00e9part de Ruben Aguilar, dont le contrat avec l&rsquo;ASM court [...]\" \/>\n<meta property=\"og:url\" content=\"https:\/\/www.ladiagonale.net\/index.php\/2023\/08\/01\/aguilar-a-un-pas-de-rennes\/\" \/>\n<meta property=\"og:site_name\" content=\"La Diagonale\" \/>\n<meta property=\"article:published_time\" content=\"2023-08-01T11:50:08+00:00\" \/>\n<meta property=\"article:modified_time\" content=\"2023-08-01T12:36:34+00:00\" \/>\n<meta property=\"og:image\" content=\"https:\/\/www.ladiagonale.net\/wp-content\/uploads\/2022\/11\/aguilar.png\" \/>\n\t<meta property=\"og:image:width\" content=\"1160\" \/>\n\t<meta property=\"og:image:height\" content=\"650\" \/>\n\t<meta property=\"og:image:type\" content=\"image\/png\" \/>\n<meta name=\"author\" content=\"Damien Dellerba\" \/>\n<meta name=\"twitter:card\" content=\"summary_large_image\" \/>\n<meta name=\"twitter:image\" content=\"https:\/\/www.ladiagonale.net\/wp-content\/uploads\/2022\/11\/aguilar.png\" \/>\n<meta name=\"twitter:label1\" content=\"\u00c9crit par\" \/>\n\t<meta name=\"twitter:data1\" content=\"Damien Dellerba\" \/>\n\t<meta name=\"twitter:label2\" content=\"Dur\u00e9e de lecture estim\u00e9e\" \/>\n\t<meta name=\"twitter:data2\" content=\"1 minute\" \/>\n<script type=\"application\/ld+json\" class=\"yoast-schema-graph\">{\"@context\":\"https:\/\/schema.org\",\"@graph\":[{\"@type\":\"WebPage\",\"@id\":\"https:\/\/www.ladiagonale.net\/index.php\/2023\/08\/01\/aguilar-a-un-pas-de-rennes\/\",\"url\":\"https:\/\/www.ladiagonale.net\/index.php\/2023\/08\/01\/aguilar-a-un-pas-de-rennes\/\",\"name\":\"Aguilar \u00e0 un pas de Rennes ? - La Diagonale\",\"isPartOf\":{\"@id\":\"https:\/\/www.ladiagonale.net\/#website\"},\"datePublished\":\"2023-08-01T11:50:08+00:00\",\"dateModified\":\"2023-08-01T12:36:34+00:00\",\"author\":{\"@id\":\"https:\/\/www.ladiagonale.net\/#\/schema\/person\/79ff1e7b0853ed01b2aa26e64ad300bf\"},\"breadcrumb\":{\"@id\":\"https:\/\/www.ladiagonale.net\/index.php\/2023\/08\/01\/aguilar-a-un-pas-de-rennes\/#breadcrumb\"},\"inLanguage\":\"fr-FR\",\"potentialAction\":[{\"@type\":\"ReadAction\",\"target\":[\"https:\/\/www.ladiagonale.net\/index.php\/2023\/08\/01\/aguilar-a-un-pas-de-rennes\/\"]}]},{\"@type\":\"BreadcrumbList\",\"@id\":\"https:\/\/www.ladiagonale.net\/index.php\/2023\/08\/01\/aguilar-a-un-pas-de-rennes\/#breadcrumb\",\"itemListElement\":[{\"@type\":\"ListItem\",\"position\":1,\"name\":\"Accueil\",\"item\":\"https:\/\/www.ladiagonale.net\/\"},{\"@type\":\"ListItem\",\"position\":2,\"name\":\"Aguilar \u00e0 un pas de Rennes ?\"}]},{\"@type\":\"WebSite\",\"@id\":\"https:\/\/www.ladiagonale.net\/#website\",\"url\":\"https:\/\/www.ladiagonale.net\/\",\"name\":\"La Diagonale\",\"description\":\"Le site des supporters de l&#039;AS Monaco FC\",\"potentialAction\":[{\"@type\":\"SearchAction\",\"target\":{\"@type\":\"EntryPoint\",\"urlTemplate\":\"https:\/\/www.ladiagonale.net\/?s={search_term_string}\"},\"query-input\":\"required name=search_term_string\"}],\"inLanguage\":\"fr-FR\"},{\"@type\":\"Person\",\"@id\":\"https:\/\/www.ladiagonale.net\/#\/schema\/person\/79ff1e7b0853ed01b2aa26e64ad300bf\",\"name\":\"Damien Dellerba\",\"image\":{\"@type\":\"ImageObject\",\"inLanguage\":\"fr-FR\",\"@id\":\"https:\/\/www.ladiagonale.net\/#\/schema\/person\/image\/\",\"url\":\"https:\/\/secure.gravatar.com\/avatar\/c7850e06d3ff63cdbaee88b7fc16e2f0?s=96&d=mm&r=g\",\"contentUrl\":\"https:\/\/secure.gravatar.com\/avatar\/c7850e06d3ff63cdbaee88b7fc16e2f0?s=96&d=mm&r=g\",\"caption\":\"Damien Dellerba\"},\"url\":\"https:\/\/www.ladiagonale.net\/index.php\/author\/damien\/\"}]}<\/script>\n<!-- \/ Yoast SEO plugin. -->","yoast_head_json":{"title":"Aguilar \u00e0 un pas de Rennes ? - La Diagonale","robots":{"index":"index","follow":"follow","max-snippet":"max-snippet:-1","max-image-preview":"max-image-preview:large","max-video-preview":"max-video-preview:-1"},"canonical":"https:\/\/www.ladiagonale.net\/index.php\/2023\/08\/01\/aguilar-a-un-pas-de-rennes\/","og_locale":"fr_FR","og_type":"article","og_title":"Aguilar \u00e0 un pas de Rennes ? - La Diagonale","og_description":"La d\u00e9fense de l&rsquo;AS Monaco devrait \u00eatre chamboul\u00e9e dans les prochains jours. Si les signatures de Salisu et Disasi semblent proches, les transferts d&rsquo;Adarabioyo dans le sens des arriv\u00e9es et de Matsima dans celui des d\u00e9parts sont aussi pressentis. \u00c0 cette liste pourrait s&rsquo;ajouter le d\u00e9part de Ruben Aguilar, dont le contrat avec l&rsquo;ASM court [...]","og_url":"https:\/\/www.ladiagonale.net\/index.php\/2023\/08\/01\/aguilar-a-un-pas-de-rennes\/","og_site_name":"La Diagonale","article_published_time":"2023-08-01T11:50:08+00:00","article_modified_time":"2023-08-01T12:36:34+00:00","og_image":[{"width":1160,"height":650,"url":"https:\/\/www.ladiagonale.net\/wp-content\/uploads\/2022\/11\/aguilar.png","type":"image\/png"}],"author":"Damien Dellerba","twitter_card":"summary_large_image","twitter_image":"https:\/\/www.ladiagonale.net\/wp-content\/uploads\/2022\/11\/aguilar.png","twitter_misc":{"\u00c9crit par":"Damien Dellerba","Dur\u00e9e de lecture estim\u00e9e":"1 minute"},"schema":{"@context":"https:\/\/schema.org","@graph":[{"@type":"WebPage","@id":"https:\/\/www.ladiagonale.net\/index.php\/2023\/08\/01\/aguilar-a-un-pas-de-rennes\/","url":"https:\/\/www.ladiagonale.net\/index.php\/2023\/08\/01\/aguilar-a-un-pas-de-rennes\/","name":"Aguilar \u00e0 un pas de Rennes ? - La Diagonale","isPartOf":{"@id":"https:\/\/www.ladiagonale.net\/#website"},"datePublished":"2023-08-01T11:50:08+00:00","dateModified":"2023-08-01T12:36:34+00:00","author":{"@id":"https:\/\/www.ladiagonale.net\/#\/schema\/person\/79ff1e7b0853ed01b2aa26e64ad300bf"},"breadcrumb":{"@id":"https:\/\/www.ladiagonale.net\/index.php\/2023\/08\/01\/aguilar-a-un-pas-de-rennes\/#breadcrumb"},"inLanguage":"fr-FR","potentialAction":[{"@type":"ReadAction","target":["https:\/\/www.ladiagonale.net\/index.php\/2023\/08\/01\/aguilar-a-un-pas-de-rennes\/"]}]},{"@type":"BreadcrumbList","@id":"https:\/\/www.ladiagonale.net\/index.php\/2023\/08\/01\/aguilar-a-un-pas-de-rennes\/#breadcrumb","itemListElement":[{"@type":"ListItem","position":1,"name":"Accueil","item":"https:\/\/www.ladiagonale.net\/"},{"@type":"ListItem","position":2,"name":"Aguilar \u00e0 un pas de Rennes ?"}]},{"@type":"WebSite","@id":"https:\/\/www.ladiagonale.net\/#website","url":"https:\/\/www.ladiagonale.net\/","name":"La Diagonale","description":"Le site des supporters de l&#039;AS Monaco FC","potentialAction":[{"@type":"SearchAction","target":{"@type":"EntryPoint","urlTemplate":"https:\/\/www.ladiagonale.net\/?s={search_term_string}"},"query-input":"required name=search_term_string"}],"inLanguage":"fr-FR"},{"@type":"Person","@id":"https:\/\/www.ladiagonale.net\/#\/schema\/person\/79ff1e7b0853ed01b2aa26e64ad300bf","name":"Damien Dellerba","image":{"@type":"ImageObject","inLanguage":"fr-FR","@id":"https:\/\/www.ladiagonale.net\/#\/schema\/person\/image\/","url":"https:\/\/secure.gravatar.com\/avatar\/c7850e06d3ff63cdbaee88b7fc16e2f0?s=96&d=mm&r=g","contentUrl":"https:\/\/secure.gravatar.com\/avatar\/c7850e06d3ff63cdbaee88b7fc16e2f0?s=96&d=mm&r=g","caption":"Damien Dellerba"},"url":"https:\/\/www.ladiagonale.net\/index.php\/author\/damien\/"}]}},"_links":{"self":[{"href":"https:\/\/www.ladiagonale.net\/index.php\/wp-json\/wp\/v2\/posts\/14579"}],"collection":[{"href":"https:\/\/www.ladiagonale.net\/index.php\/wp-json\/wp\/v2\/posts"}],"about":[{"href":"https:\/\/www.ladiagonale.net\/index.php\/wp-json\/wp\/v2\/types\/post"}],"author":[{"embeddable":true,"href":"https:\/\/www.ladiagonale.net\/index.php\/wp-json\/wp\/v2\/users\/2"}],"replies":[{"embeddable":true,"href":"https:\/\/www.ladiagonale.net\/index.php\/wp-json\/wp\/v2\/comments?post=14579"}],"version-history":[{"count":5,"href":"https:\/\/www.ladiagonale.net\/index.php\/wp-json\/wp\/v2\/posts\/14579\/revisions"}],"predecessor-version":[{"id":14585,"href":"https:\/\/www.ladiagonale.net\/index.php\/wp-json\/wp\/v2\/posts\/14579\/revisions\/14585"}],"wp:attachment":[{"href":"https:\/\/www.ladiagonale.net\/index.php\/wp-json\/wp\/v2\/media?parent=14579"}],"wp:term":[{"taxonomy":"category","embeddable":true,"href":"https:\/\/www.ladiagonale.net\/index.php\/wp-json\/wp\/v2\/categories?post=14579"},{"taxonomy":"post_tag","embeddable":true,"href":"https:\/\/www.ladiagonale.net\/index.php\/wp-json\/wp\/v2\/tags?post=14579"}],"curies":[{"name":"wp","href":"https:\/\/api.w.org\/{rel}","templated":true}]}}