{"id":14591,"date":"2023-08-01T23:18:33","date_gmt":"2023-08-01T21:18:33","guid":{"rendered":"https:\/\/www.ladiagonale.net\/?p=14591"},"modified":"2023-08-02T01:10:45","modified_gmt":"2023-08-01T23:10:45","slug":"officiel-salisu-sengage-a-monaco","status":"publish","type":"post","link":"https:\/\/www.ladiagonale.net\/index.php\/2023\/08\/01\/officiel-salisu-sengage-a-monaco\/","title":{"rendered":"Officiel : Salisu s&rsquo;engage \u00e0 Monaco"},"content":{"rendered":"\n\n\n<p>Mohammed Salisu est un nouveau joueur de l&rsquo;AS Monaco. Le d\u00e9fenseur central de 24 ans rejoint la Principaut\u00e9 en provenance de Southampton et s&rsquo;est engag\u00e9 pour les cinq prochaines saisons, jusqu&rsquo;en juin 2028. L&rsquo;indemnit\u00e9 de transfert n&rsquo;a pas \u00e9t\u00e9 pr\u00e9cis\u00e9e mais elle pourrait se situer entre 15 et 20 millions d&rsquo;euros, <a href=\"https:\/\/www.ladiagonale.net\/index.php\/2023\/07\/29\/monaco-tiendrait-un-accord-pour-salisu-actualise\/\">selon les informations r\u00e9v\u00e9l\u00e9es par divers m\u00e9dias<\/a>.<\/p>\n\n\n\n<p>\u00ab\u00a0<em>C\u2019est un tr\u00e8s grand club. Je suis tr\u00e8s heureux d\u2019\u00eatre ici, c\u2019est une grande \u00e9tape pour moi dans ma carri\u00e8re<\/em>, a confi\u00e9 Salisu dans une vid\u00e9o publi\u00e9e par le club de la Principaut\u00e9. <em>J\u2019ai h\u00e2te de d\u00e9marrer cette aventure, de gagner des matches, d\u2019\u00eatre la meilleure \u00e9quipe. Je suis arriv\u00e9 hier (\u2026) j\u2019appr\u00e9cie beaucoup mes premiers instants ici. Je ne suis pas fatigu\u00e9, donc tout va bien. J\u2019ai h\u00e2te de d\u00e9marrer cette aventure et \u00e9videmment de rendre les fans heureux en gagnant des matches.<\/em>\u00a0\u00bb<\/p>\n\n\n\n<p>Form\u00e9 \u00e0 Valladolid, o\u00f9 il a fait ses d\u00e9buts en tant que professionnel, Salisu \u00e9voluait depuis trois saisons \u00e0 Southampton, en <em>Premier League<\/em>, o\u00f9 il a disput\u00e9 80 rencontres au total. Mais devant ses r\u00e9ticences pour prolonger, le club anglais avait \u00e9cart\u00e9 le d\u00e9fenseur au mois de mars. International ghan\u00e9en (6 s\u00e9lections), Salisu a \u00e9galement pris part \u00e0 la Coupe du monde 2022, au Qatar. <\/p>\n\n\n\n<p>Photo : <em>AS Monaco<\/em><\/p>\n","protected":false},"excerpt":{"rendered":"<p>Mohammed Salisu est un nouveau joueur de l&rsquo;AS Monaco. Le d\u00e9fenseur central de 24 ans rejoint la Principaut\u00e9 en provenance de Southampton et s&rsquo;est engag\u00e9 pour les cinq prochaines saisons, jusqu&rsquo;en juin 2028. L&rsquo;indemnit\u00e9 de transfert n&rsquo;a pas \u00e9t\u00e9 pr\u00e9cis\u00e9e mais elle pourrait se situer entre 15 et 20 millions d&rsquo;euros, selon les informations r\u00e9v\u00e9l\u00e9es [&#8230;]\n","protected":false},"author":2,"featured_media":14598,"comment_status":"open","ping_status":"open","sticky":false,"template":"","format":"standard","meta":[],"categories":[5,6],"tags":[86,111,618,619,110],"yoast_head":"<!-- This site is optimized with the Yoast SEO plugin v19.8 - https:\/\/yoast.com\/wordpress\/plugins\/seo\/ -->\n<title>Officiel : Salisu s&#039;engage \u00e0 Monaco - La Diagonale<\/title>\n<meta name=\"robots\" content=\"index, follow, max-snippet:-1, max-image-preview:large, max-video-preview:-1\" \/>\n<link rel=\"canonical\" href=\"https:\/\/www.ladiagonale.net\/index.php\/2023\/08\/01\/officiel-salisu-sengage-a-monaco\/\" \/>\n<meta property=\"og:locale\" content=\"fr_FR\" \/>\n<meta property=\"og:type\" content=\"article\" \/>\n<meta property=\"og:title\" content=\"Officiel : Salisu s&#039;engage \u00e0 Monaco - La Diagonale\" \/>\n<meta property=\"og:description\" content=\"Mohammed Salisu est un nouveau joueur de l&rsquo;AS Monaco. Le d\u00e9fenseur central de 24 ans rejoint la Principaut\u00e9 en provenance de Southampton et s&rsquo;est engag\u00e9 pour les cinq prochaines saisons, jusqu&rsquo;en juin 2028. L&rsquo;indemnit\u00e9 de transfert n&rsquo;a pas \u00e9t\u00e9 pr\u00e9cis\u00e9e mais elle pourrait se situer entre 15 et 20 millions d&rsquo;euros, selon les informations r\u00e9v\u00e9l\u00e9es [...]\" \/>\n<meta property=\"og:url\" content=\"https:\/\/www.ladiagonale.net\/index.php\/2023\/08\/01\/officiel-salisu-sengage-a-monaco\/\" \/>\n<meta property=\"og:site_name\" content=\"La Diagonale\" \/>\n<meta property=\"article:published_time\" content=\"2023-08-01T21:18:33+00:00\" \/>\n<meta property=\"article:modified_time\" content=\"2023-08-01T23:10:45+00:00\" \/>\n<meta property=\"og:image\" content=\"https:\/\/www.ladiagonale.net\/wp-content\/uploads\/2023\/08\/salisu2.png\" \/>\n\t<meta property=\"og:image:width\" content=\"1160\" \/>\n\t<meta property=\"og:image:height\" content=\"650\" \/>\n\t<meta property=\"og:image:type\" content=\"image\/png\" \/>\n<meta name=\"author\" content=\"Damien Dellerba\" \/>\n<meta name=\"twitter:card\" content=\"summary_large_image\" \/>\n<meta name=\"twitter:image\" content=\"https:\/\/www.ladiagonale.net\/wp-content\/uploads\/2023\/08\/salisu2.png\" \/>\n<meta name=\"twitter:label1\" content=\"\u00c9crit par\" \/>\n\t<meta name=\"twitter:data1\" content=\"Damien Dellerba\" \/>\n\t<meta name=\"twitter:label2\" content=\"Dur\u00e9e de lecture estim\u00e9e\" \/>\n\t<meta name=\"twitter:data2\" content=\"2 minutes\" \/>\n<script type=\"application\/ld+json\" class=\"yoast-schema-graph\">{\"@context\":\"https:\/\/schema.org\",\"@graph\":[{\"@type\":\"WebPage\",\"@id\":\"https:\/\/www.ladiagonale.net\/index.php\/2023\/08\/01\/officiel-salisu-sengage-a-monaco\/\",\"url\":\"https:\/\/www.ladiagonale.net\/index.php\/2023\/08\/01\/officiel-salisu-sengage-a-monaco\/\",\"name\":\"Officiel : Salisu s'engage \u00e0 Monaco - La Diagonale\",\"isPartOf\":{\"@id\":\"https:\/\/www.ladiagonale.net\/#website\"},\"datePublished\":\"2023-08-01T21:18:33+00:00\",\"dateModified\":\"2023-08-01T23:10:45+00:00\",\"author\":{\"@id\":\"https:\/\/www.ladiagonale.net\/#\/schema\/person\/79ff1e7b0853ed01b2aa26e64ad300bf\"},\"breadcrumb\":{\"@id\":\"https:\/\/www.ladiagonale.net\/index.php\/2023\/08\/01\/officiel-salisu-sengage-a-monaco\/#breadcrumb\"},\"inLanguage\":\"fr-FR\",\"potentialAction\":[{\"@type\":\"ReadAction\",\"target\":[\"https:\/\/www.ladiagonale.net\/index.php\/2023\/08\/01\/officiel-salisu-sengage-a-monaco\/\"]}]},{\"@type\":\"BreadcrumbList\",\"@id\":\"https:\/\/www.ladiagonale.net\/index.php\/2023\/08\/01\/officiel-salisu-sengage-a-monaco\/#breadcrumb\",\"itemListElement\":[{\"@type\":\"ListItem\",\"position\":1,\"name\":\"Accueil\",\"item\":\"https:\/\/www.ladiagonale.net\/\"},{\"@type\":\"ListItem\",\"position\":2,\"name\":\"Officiel : Salisu s&rsquo;engage \u00e0 Monaco\"}]},{\"@type\":\"WebSite\",\"@id\":\"https:\/\/www.ladiagonale.net\/#website\",\"url\":\"https:\/\/www.ladiagonale.net\/\",\"name\":\"La Diagonale\",\"description\":\"Le site des supporters de l&#039;AS Monaco FC\",\"potentialAction\":[{\"@type\":\"SearchAction\",\"target\":{\"@type\":\"EntryPoint\",\"urlTemplate\":\"https:\/\/www.ladiagonale.net\/?s={search_term_string}\"},\"query-input\":\"required name=search_term_string\"}],\"inLanguage\":\"fr-FR\"},{\"@type\":\"Person\",\"@id\":\"https:\/\/www.ladiagonale.net\/#\/schema\/person\/79ff1e7b0853ed01b2aa26e64ad300bf\",\"name\":\"Damien Dellerba\",\"image\":{\"@type\":\"ImageObject\",\"inLanguage\":\"fr-FR\",\"@id\":\"https:\/\/www.ladiagonale.net\/#\/schema\/person\/image\/\",\"url\":\"https:\/\/secure.gravatar.com\/avatar\/c7850e06d3ff63cdbaee88b7fc16e2f0?s=96&d=mm&r=g\",\"contentUrl\":\"https:\/\/secure.gravatar.com\/avatar\/c7850e06d3ff63cdbaee88b7fc16e2f0?s=96&d=mm&r=g\",\"caption\":\"Damien Dellerba\"},\"url\":\"https:\/\/www.ladiagonale.net\/index.php\/author\/damien\/\"}]}<\/script>\n<!-- \/ Yoast SEO plugin. -->","yoast_head_json":{"title":"Officiel : Salisu s'engage \u00e0 Monaco - La Diagonale","robots":{"index":"index","follow":"follow","max-snippet":"max-snippet:-1","max-image-preview":"max-image-preview:large","max-video-preview":"max-video-preview:-1"},"canonical":"https:\/\/www.ladiagonale.net\/index.php\/2023\/08\/01\/officiel-salisu-sengage-a-monaco\/","og_locale":"fr_FR","og_type":"article","og_title":"Officiel : Salisu s'engage \u00e0 Monaco - La Diagonale","og_description":"Mohammed Salisu est un nouveau joueur de l&rsquo;AS Monaco. Le d\u00e9fenseur central de 24 ans rejoint la Principaut\u00e9 en provenance de Southampton et s&rsquo;est engag\u00e9 pour les cinq prochaines saisons, jusqu&rsquo;en juin 2028. L&rsquo;indemnit\u00e9 de transfert n&rsquo;a pas \u00e9t\u00e9 pr\u00e9cis\u00e9e mais elle pourrait se situer entre 15 et 20 millions d&rsquo;euros, selon les informations r\u00e9v\u00e9l\u00e9es [...]","og_url":"https:\/\/www.ladiagonale.net\/index.php\/2023\/08\/01\/officiel-salisu-sengage-a-monaco\/","og_site_name":"La Diagonale","article_published_time":"2023-08-01T21:18:33+00:00","article_modified_time":"2023-08-01T23:10:45+00:00","og_image":[{"width":1160,"height":650,"url":"https:\/\/www.ladiagonale.net\/wp-content\/uploads\/2023\/08\/salisu2.png","type":"image\/png"}],"author":"Damien Dellerba","twitter_card":"summary_large_image","twitter_image":"https:\/\/www.ladiagonale.net\/wp-content\/uploads\/2023\/08\/salisu2.png","twitter_misc":{"\u00c9crit par":"Damien Dellerba","Dur\u00e9e de lecture estim\u00e9e":"2 minutes"},"schema":{"@context":"https:\/\/schema.org","@graph":[{"@type":"WebPage","@id":"https:\/\/www.ladiagonale.net\/index.php\/2023\/08\/01\/officiel-salisu-sengage-a-monaco\/","url":"https:\/\/www.ladiagonale.net\/index.php\/2023\/08\/01\/officiel-salisu-sengage-a-monaco\/","name":"Officiel : Salisu s'engage \u00e0 Monaco - La Diagonale","isPartOf":{"@id":"https:\/\/www.ladiagonale.net\/#website"},"datePublished":"2023-08-01T21:18:33+00:00","dateModified":"2023-08-01T23:10:45+00:00","author":{"@id":"https:\/\/www.ladiagonale.net\/#\/schema\/person\/79ff1e7b0853ed01b2aa26e64ad300bf"},"breadcrumb":{"@id":"https:\/\/www.ladiagonale.net\/index.php\/2023\/08\/01\/officiel-salisu-sengage-a-monaco\/#breadcrumb"},"inLanguage":"fr-FR","potentialAction":[{"@type":"ReadAction","target":["https:\/\/www.ladiagonale.net\/index.php\/2023\/08\/01\/officiel-salisu-sengage-a-monaco\/"]}]},{"@type":"BreadcrumbList","@id":"https:\/\/www.ladiagonale.net\/index.php\/2023\/08\/01\/officiel-salisu-sengage-a-monaco\/#breadcrumb","itemListElement":[{"@type":"ListItem","position":1,"name":"Accueil","item":"https:\/\/www.ladiagonale.net\/"},{"@type":"ListItem","position":2,"name":"Officiel : Salisu s&rsquo;engage \u00e0 Monaco"}]},{"@type":"WebSite","@id":"https:\/\/www.ladiagonale.net\/#website","url":"https:\/\/www.ladiagonale.net\/","name":"La Diagonale","description":"Le site des supporters de l&#039;AS Monaco FC","potentialAction":[{"@type":"SearchAction","target":{"@type":"EntryPoint","urlTemplate":"https:\/\/www.ladiagonale.net\/?s={search_term_string}"},"query-input":"required name=search_term_string"}],"inLanguage":"fr-FR"},{"@type":"Person","@id":"https:\/\/www.ladiagonale.net\/#\/schema\/person\/79ff1e7b0853ed01b2aa26e64ad300bf","name":"Damien Dellerba","image":{"@type":"ImageObject","inLanguage":"fr-FR","@id":"https:\/\/www.ladiagonale.net\/#\/schema\/person\/image\/","url":"https:\/\/secure.gravatar.com\/avatar\/c7850e06d3ff63cdbaee88b7fc16e2f0?s=96&d=mm&r=g","contentUrl":"https:\/\/secure.gravatar.com\/avatar\/c7850e06d3ff63cdbaee88b7fc16e2f0?s=96&d=mm&r=g","caption":"Damien Dellerba"},"url":"https:\/\/www.ladiagonale.net\/index.php\/author\/damien\/"}]}},"_links":{"self":[{"href":"https:\/\/www.ladiagonale.net\/index.php\/wp-json\/wp\/v2\/posts\/14591"}],"collection":[{"href":"https:\/\/www.ladiagonale.net\/index.php\/wp-json\/wp\/v2\/posts"}],"about":[{"href":"https:\/\/www.ladiagonale.net\/index.php\/wp-json\/wp\/v2\/types\/post"}],"author":[{"embeddable":true,"href":"https:\/\/www.ladiagonale.net\/index.php\/wp-json\/wp\/v2\/users\/2"}],"replies":[{"embeddable":true,"href":"https:\/\/www.ladiagonale.net\/index.php\/wp-json\/wp\/v2\/comments?post=14591"}],"version-history":[{"count":6,"href":"https:\/\/www.ladiagonale.net\/index.php\/wp-json\/wp\/v2\/posts\/14591\/revisions"}],"predecessor-version":[{"id":14622,"href":"https:\/\/www.ladiagonale.net\/index.php\/wp-json\/wp\/v2\/posts\/14591\/revisions\/14622"}],"wp:featuredmedia":[{"embeddable":true,"href":"https:\/\/www.ladiagonale.net\/index.php\/wp-json\/wp\/v2\/media\/14598"}],"wp:attachment":[{"href":"https:\/\/www.ladiagonale.net\/index.php\/wp-json\/wp\/v2\/media?parent=14591"}],"wp:term":[{"taxonomy":"category","embeddable":true,"href":"https:\/\/www.ladiagonale.net\/index.php\/wp-json\/wp\/v2\/categories?post=14591"},{"taxonomy":"post_tag","embeddable":true,"href":"https:\/\/www.ladiagonale.net\/index.php\/wp-json\/wp\/v2\/tags?post=14591"}],"curies":[{"name":"wp","href":"https:\/\/api.w.org\/{rel}","templated":true}]}}