{"id":14601,"date":"2023-08-02T11:12:07","date_gmt":"2023-08-02T09:12:07","guid":{"rendered":"https:\/\/www.ladiagonale.net\/?p=14601"},"modified":"2023-08-02T14:55:32","modified_gmt":"2023-08-02T12:55:32","slug":"le-maillot-exterieur-enfin-revele","status":"publish","type":"post","link":"https:\/\/www.ladiagonale.net\/index.php\/2023\/08\/02\/le-maillot-exterieur-enfin-revele\/","title":{"rendered":"Le maillot ext\u00e9rieur enfin r\u00e9v\u00e9l\u00e9"},"content":{"rendered":"\n\n\n<p>Apr\u00e8s le <a href=\"https:\/\/www.ladiagonale.net\/index.php\/2023\/07\/13\/le-maillot-domicile-de-las-monaco-devoile\/\">maillot domicile<\/a> et m\u00eame <a href=\"https:\/\/www.ladiagonale.net\/index.php\/2023\/07\/26\/monaco-revele-un-troisieme-maillot-au-bleu-azureen\/\">le troisi\u00e8me maillot<\/a>, c&rsquo;est au tour du maillot ext\u00e9rieur d&rsquo;\u00eatre r\u00e9v\u00e9l\u00e9 par l&rsquo;AS Monaco. Comme lors des deux derni\u00e8res saisons, c&rsquo;est un maillot aux teintes noires qui a \u00e9t\u00e9 confectionn\u00e9 par Kappa pour le club de la Principaut\u00e9, mais cette fois avec la pr\u00e9sence de liser\u00e9s dor\u00e9s \u00e0 sa base, ainsi que sur les manches et sur le col. Celui est d&rsquo;ailleurs diff\u00e9rent des deux premiers maillots d\u00e9j\u00e0 d\u00e9voil\u00e9s, puisqu&rsquo;il ne s&rsquo;agira pas d&rsquo;un col rond mais d&rsquo;un col en V. <\/p>\n\n\n\n<figure class=\"wp-block-image size-large\"><img loading=\"lazy\" width=\"1024\" height=\"574\" src=\"https:\/\/www.ladiagonale.net\/wp-content\/uploads\/2023\/08\/WhatsApp-Image-2023-08-01-at-16.57.19-1024x574.jpeg\" alt=\"\" class=\"wp-image-14623\" srcset=\"https:\/\/www.ladiagonale.net\/wp-content\/uploads\/2023\/08\/WhatsApp-Image-2023-08-01-at-16.57.19-1024x574.jpeg 1024w, https:\/\/www.ladiagonale.net\/wp-content\/uploads\/2023\/08\/WhatsApp-Image-2023-08-01-at-16.57.19-300x168.jpeg 300w, https:\/\/www.ladiagonale.net\/wp-content\/uploads\/2023\/08\/WhatsApp-Image-2023-08-01-at-16.57.19-768x430.jpeg 768w, https:\/\/www.ladiagonale.net\/wp-content\/uploads\/2023\/08\/WhatsApp-Image-2023-08-01-at-16.57.19-128x72.jpeg 128w, https:\/\/www.ladiagonale.net\/wp-content\/uploads\/2023\/08\/WhatsApp-Image-2023-08-01-at-16.57.19-32x18.jpeg 32w, https:\/\/www.ladiagonale.net\/wp-content\/uploads\/2023\/08\/WhatsApp-Image-2023-08-01-at-16.57.19.jpeg 1160w\" sizes=\"(max-width: 1024px) 100vw, 1024px\" \/><\/figure>\n\n\n\n<p>Dans le communiqu\u00e9 du club, il est notamment pr\u00e9cis\u00e9 que le motif de cette nouvelle tunique \u00ab <em>pr\u00e9sente la particularit\u00e9 d\u2019int\u00e9grer subtilement une repr\u00e9sentation, en ton sur ton, de la carte de Monaco sur sa face avant.<\/em> \u00bb L&rsquo;ASM \u00e9trennera son nouveau maillot pour sa rencontre de mercredi soir contre Arsenal, lors de l&rsquo;Emirates Cup.<\/p>\n\n\n\n<p>Photos : AS Monaco<\/p>\n","protected":false},"excerpt":{"rendered":"<p>Apr\u00e8s le maillot domicile et m\u00eame le troisi\u00e8me maillot, c&rsquo;est au tour du maillot ext\u00e9rieur d&rsquo;\u00eatre r\u00e9v\u00e9l\u00e9 par l&rsquo;AS Monaco. Comme lors des deux derni\u00e8res saisons, c&rsquo;est un maillot aux teintes noires qui a \u00e9t\u00e9 confectionn\u00e9 par Kappa pour le club de la Principaut\u00e9, mais cette fois avec la pr\u00e9sence de liser\u00e9s dor\u00e9s \u00e0 sa [&#8230;]\n","protected":false},"author":2,"featured_media":0,"comment_status":"open","ping_status":"open","sticky":false,"template":"","format":"standard","meta":[],"categories":[6],"tags":[86,258,260,642],"yoast_head":"<!-- This site is optimized with the Yoast SEO plugin v19.8 - https:\/\/yoast.com\/wordpress\/plugins\/seo\/ -->\n<title>Le maillot ext\u00e9rieur enfin r\u00e9v\u00e9l\u00e9 - La Diagonale<\/title>\n<meta name=\"robots\" content=\"index, follow, max-snippet:-1, max-image-preview:large, max-video-preview:-1\" \/>\n<link rel=\"canonical\" href=\"https:\/\/www.ladiagonale.net\/index.php\/2023\/08\/02\/le-maillot-exterieur-enfin-revele\/\" \/>\n<meta property=\"og:locale\" content=\"fr_FR\" \/>\n<meta property=\"og:type\" content=\"article\" \/>\n<meta property=\"og:title\" content=\"Le maillot ext\u00e9rieur enfin r\u00e9v\u00e9l\u00e9 - La Diagonale\" \/>\n<meta property=\"og:description\" content=\"Apr\u00e8s le maillot domicile et m\u00eame le troisi\u00e8me maillot, c&rsquo;est au tour du maillot ext\u00e9rieur d&rsquo;\u00eatre r\u00e9v\u00e9l\u00e9 par l&rsquo;AS Monaco. Comme lors des deux derni\u00e8res saisons, c&rsquo;est un maillot aux teintes noires qui a \u00e9t\u00e9 confectionn\u00e9 par Kappa pour le club de la Principaut\u00e9, mais cette fois avec la pr\u00e9sence de liser\u00e9s dor\u00e9s \u00e0 sa [...]\" \/>\n<meta property=\"og:url\" content=\"https:\/\/www.ladiagonale.net\/index.php\/2023\/08\/02\/le-maillot-exterieur-enfin-revele\/\" \/>\n<meta property=\"og:site_name\" content=\"La Diagonale\" \/>\n<meta property=\"article:published_time\" content=\"2023-08-02T09:12:07+00:00\" \/>\n<meta property=\"article:modified_time\" content=\"2023-08-02T12:55:32+00:00\" \/>\n<meta property=\"og:image\" content=\"https:\/\/www.ladiagonale.net\/wp-content\/uploads\/2023\/08\/maillot-2.png\" \/>\n\t<meta property=\"og:image:width\" content=\"1160\" \/>\n\t<meta property=\"og:image:height\" content=\"650\" \/>\n\t<meta property=\"og:image:type\" content=\"image\/png\" \/>\n<meta name=\"author\" content=\"Damien Dellerba\" \/>\n<meta name=\"twitter:card\" content=\"summary_large_image\" \/>\n<meta name=\"twitter:image\" content=\"https:\/\/www.ladiagonale.net\/wp-content\/uploads\/2023\/08\/maillot-2.png\" \/>\n<meta name=\"twitter:label1\" content=\"\u00c9crit par\" \/>\n\t<meta name=\"twitter:data1\" content=\"Damien Dellerba\" \/>\n\t<meta name=\"twitter:label2\" content=\"Dur\u00e9e de lecture estim\u00e9e\" \/>\n\t<meta name=\"twitter:data2\" content=\"1 minute\" \/>\n<script type=\"application\/ld+json\" class=\"yoast-schema-graph\">{\"@context\":\"https:\/\/schema.org\",\"@graph\":[{\"@type\":\"WebPage\",\"@id\":\"https:\/\/www.ladiagonale.net\/index.php\/2023\/08\/02\/le-maillot-exterieur-enfin-revele\/\",\"url\":\"https:\/\/www.ladiagonale.net\/index.php\/2023\/08\/02\/le-maillot-exterieur-enfin-revele\/\",\"name\":\"Le maillot ext\u00e9rieur enfin r\u00e9v\u00e9l\u00e9 - La Diagonale\",\"isPartOf\":{\"@id\":\"https:\/\/www.ladiagonale.net\/#website\"},\"datePublished\":\"2023-08-02T09:12:07+00:00\",\"dateModified\":\"2023-08-02T12:55:32+00:00\",\"author\":{\"@id\":\"https:\/\/www.ladiagonale.net\/#\/schema\/person\/79ff1e7b0853ed01b2aa26e64ad300bf\"},\"breadcrumb\":{\"@id\":\"https:\/\/www.ladiagonale.net\/index.php\/2023\/08\/02\/le-maillot-exterieur-enfin-revele\/#breadcrumb\"},\"inLanguage\":\"fr-FR\",\"potentialAction\":[{\"@type\":\"ReadAction\",\"target\":[\"https:\/\/www.ladiagonale.net\/index.php\/2023\/08\/02\/le-maillot-exterieur-enfin-revele\/\"]}]},{\"@type\":\"BreadcrumbList\",\"@id\":\"https:\/\/www.ladiagonale.net\/index.php\/2023\/08\/02\/le-maillot-exterieur-enfin-revele\/#breadcrumb\",\"itemListElement\":[{\"@type\":\"ListItem\",\"position\":1,\"name\":\"Accueil\",\"item\":\"https:\/\/www.ladiagonale.net\/\"},{\"@type\":\"ListItem\",\"position\":2,\"name\":\"Le maillot ext\u00e9rieur enfin r\u00e9v\u00e9l\u00e9\"}]},{\"@type\":\"WebSite\",\"@id\":\"https:\/\/www.ladiagonale.net\/#website\",\"url\":\"https:\/\/www.ladiagonale.net\/\",\"name\":\"La Diagonale\",\"description\":\"Le site des supporters de l&#039;AS Monaco FC\",\"potentialAction\":[{\"@type\":\"SearchAction\",\"target\":{\"@type\":\"EntryPoint\",\"urlTemplate\":\"https:\/\/www.ladiagonale.net\/?s={search_term_string}\"},\"query-input\":\"required name=search_term_string\"}],\"inLanguage\":\"fr-FR\"},{\"@type\":\"Person\",\"@id\":\"https:\/\/www.ladiagonale.net\/#\/schema\/person\/79ff1e7b0853ed01b2aa26e64ad300bf\",\"name\":\"Damien Dellerba\",\"image\":{\"@type\":\"ImageObject\",\"inLanguage\":\"fr-FR\",\"@id\":\"https:\/\/www.ladiagonale.net\/#\/schema\/person\/image\/\",\"url\":\"https:\/\/secure.gravatar.com\/avatar\/c7850e06d3ff63cdbaee88b7fc16e2f0?s=96&d=mm&r=g\",\"contentUrl\":\"https:\/\/secure.gravatar.com\/avatar\/c7850e06d3ff63cdbaee88b7fc16e2f0?s=96&d=mm&r=g\",\"caption\":\"Damien Dellerba\"},\"url\":\"https:\/\/www.ladiagonale.net\/index.php\/author\/damien\/\"}]}<\/script>\n<!-- \/ Yoast SEO plugin. -->","yoast_head_json":{"title":"Le maillot ext\u00e9rieur enfin r\u00e9v\u00e9l\u00e9 - La Diagonale","robots":{"index":"index","follow":"follow","max-snippet":"max-snippet:-1","max-image-preview":"max-image-preview:large","max-video-preview":"max-video-preview:-1"},"canonical":"https:\/\/www.ladiagonale.net\/index.php\/2023\/08\/02\/le-maillot-exterieur-enfin-revele\/","og_locale":"fr_FR","og_type":"article","og_title":"Le maillot ext\u00e9rieur enfin r\u00e9v\u00e9l\u00e9 - La Diagonale","og_description":"Apr\u00e8s le maillot domicile et m\u00eame le troisi\u00e8me maillot, c&rsquo;est au tour du maillot ext\u00e9rieur d&rsquo;\u00eatre r\u00e9v\u00e9l\u00e9 par l&rsquo;AS Monaco. Comme lors des deux derni\u00e8res saisons, c&rsquo;est un maillot aux teintes noires qui a \u00e9t\u00e9 confectionn\u00e9 par Kappa pour le club de la Principaut\u00e9, mais cette fois avec la pr\u00e9sence de liser\u00e9s dor\u00e9s \u00e0 sa [...]","og_url":"https:\/\/www.ladiagonale.net\/index.php\/2023\/08\/02\/le-maillot-exterieur-enfin-revele\/","og_site_name":"La Diagonale","article_published_time":"2023-08-02T09:12:07+00:00","article_modified_time":"2023-08-02T12:55:32+00:00","og_image":[{"width":1160,"height":650,"url":"https:\/\/www.ladiagonale.net\/wp-content\/uploads\/2023\/08\/maillot-2.png","type":"image\/png"}],"author":"Damien Dellerba","twitter_card":"summary_large_image","twitter_image":"https:\/\/www.ladiagonale.net\/wp-content\/uploads\/2023\/08\/maillot-2.png","twitter_misc":{"\u00c9crit par":"Damien Dellerba","Dur\u00e9e de lecture estim\u00e9e":"1 minute"},"schema":{"@context":"https:\/\/schema.org","@graph":[{"@type":"WebPage","@id":"https:\/\/www.ladiagonale.net\/index.php\/2023\/08\/02\/le-maillot-exterieur-enfin-revele\/","url":"https:\/\/www.ladiagonale.net\/index.php\/2023\/08\/02\/le-maillot-exterieur-enfin-revele\/","name":"Le maillot ext\u00e9rieur enfin r\u00e9v\u00e9l\u00e9 - La Diagonale","isPartOf":{"@id":"https:\/\/www.ladiagonale.net\/#website"},"datePublished":"2023-08-02T09:12:07+00:00","dateModified":"2023-08-02T12:55:32+00:00","author":{"@id":"https:\/\/www.ladiagonale.net\/#\/schema\/person\/79ff1e7b0853ed01b2aa26e64ad300bf"},"breadcrumb":{"@id":"https:\/\/www.ladiagonale.net\/index.php\/2023\/08\/02\/le-maillot-exterieur-enfin-revele\/#breadcrumb"},"inLanguage":"fr-FR","potentialAction":[{"@type":"ReadAction","target":["https:\/\/www.ladiagonale.net\/index.php\/2023\/08\/02\/le-maillot-exterieur-enfin-revele\/"]}]},{"@type":"BreadcrumbList","@id":"https:\/\/www.ladiagonale.net\/index.php\/2023\/08\/02\/le-maillot-exterieur-enfin-revele\/#breadcrumb","itemListElement":[{"@type":"ListItem","position":1,"name":"Accueil","item":"https:\/\/www.ladiagonale.net\/"},{"@type":"ListItem","position":2,"name":"Le maillot ext\u00e9rieur enfin r\u00e9v\u00e9l\u00e9"}]},{"@type":"WebSite","@id":"https:\/\/www.ladiagonale.net\/#website","url":"https:\/\/www.ladiagonale.net\/","name":"La Diagonale","description":"Le site des supporters de l&#039;AS Monaco FC","potentialAction":[{"@type":"SearchAction","target":{"@type":"EntryPoint","urlTemplate":"https:\/\/www.ladiagonale.net\/?s={search_term_string}"},"query-input":"required name=search_term_string"}],"inLanguage":"fr-FR"},{"@type":"Person","@id":"https:\/\/www.ladiagonale.net\/#\/schema\/person\/79ff1e7b0853ed01b2aa26e64ad300bf","name":"Damien Dellerba","image":{"@type":"ImageObject","inLanguage":"fr-FR","@id":"https:\/\/www.ladiagonale.net\/#\/schema\/person\/image\/","url":"https:\/\/secure.gravatar.com\/avatar\/c7850e06d3ff63cdbaee88b7fc16e2f0?s=96&d=mm&r=g","contentUrl":"https:\/\/secure.gravatar.com\/avatar\/c7850e06d3ff63cdbaee88b7fc16e2f0?s=96&d=mm&r=g","caption":"Damien Dellerba"},"url":"https:\/\/www.ladiagonale.net\/index.php\/author\/damien\/"}]}},"_links":{"self":[{"href":"https:\/\/www.ladiagonale.net\/index.php\/wp-json\/wp\/v2\/posts\/14601"}],"collection":[{"href":"https:\/\/www.ladiagonale.net\/index.php\/wp-json\/wp\/v2\/posts"}],"about":[{"href":"https:\/\/www.ladiagonale.net\/index.php\/wp-json\/wp\/v2\/types\/post"}],"author":[{"embeddable":true,"href":"https:\/\/www.ladiagonale.net\/index.php\/wp-json\/wp\/v2\/users\/2"}],"replies":[{"embeddable":true,"href":"https:\/\/www.ladiagonale.net\/index.php\/wp-json\/wp\/v2\/comments?post=14601"}],"version-history":[{"count":7,"href":"https:\/\/www.ladiagonale.net\/index.php\/wp-json\/wp\/v2\/posts\/14601\/revisions"}],"predecessor-version":[{"id":14648,"href":"https:\/\/www.ladiagonale.net\/index.php\/wp-json\/wp\/v2\/posts\/14601\/revisions\/14648"}],"wp:attachment":[{"href":"https:\/\/www.ladiagonale.net\/index.php\/wp-json\/wp\/v2\/media?parent=14601"}],"wp:term":[{"taxonomy":"category","embeddable":true,"href":"https:\/\/www.ladiagonale.net\/index.php\/wp-json\/wp\/v2\/categories?post=14601"},{"taxonomy":"post_tag","embeddable":true,"href":"https:\/\/www.ladiagonale.net\/index.php\/wp-json\/wp\/v2\/tags?post=14601"}],"curies":[{"name":"wp","href":"https:\/\/api.w.org\/{rel}","templated":true}]}}