{"id":14604,"date":"2023-08-02T11:25:17","date_gmt":"2023-08-02T09:25:17","guid":{"rendered":"https:\/\/www.ladiagonale.net\/?p=14604"},"modified":"2023-08-04T14:39:49","modified_gmt":"2023-08-04T12:39:49","slug":"quand-monaco-disputait-lemirates-cup-en-2014","status":"publish","type":"post","link":"https:\/\/www.ladiagonale.net\/index.php\/2023\/08\/02\/quand-monaco-disputait-lemirates-cup-en-2014\/","title":{"rendered":"Quand Monaco disputait l&rsquo;Emirates Cup en 2014"},"content":{"rendered":"\n\n\n<p><strong>Ce mercredi (19h), l&rsquo;AS Monaco va affronter Arsenal dans le cadre de l&rsquo;Emirates Cup. Ce sera la deuxi\u00e8me participation du club de la Principaut\u00e9 dans cette comp\u00e9tition amicale et estivale mais qui n&rsquo;est pas d\u00e9pourvue d&rsquo;un certain prestige en raison de la qualit\u00e9 des affiches. Au travers de quelques clich\u00e9s d&rsquo;\u00e9poque, <em>La Diagonale<\/em> remonte le temps pour \u00e9voquer la seule et unique participation de l&rsquo;ASM \u00e0 ce tournoi, avant ce soir. <\/strong><\/p>\n\n\n\n<p>Un peu moins de dix ans plus tard, l&rsquo;AS Monaco va refouler la pelouse de l&rsquo;Emirates Stadium. L&rsquo;enceinte londonienne est \u00e9vocatrice de grands souvenirs au doux parfum d&rsquo;Europe pour les supporters de l&rsquo;AS Monaco. Le 25 f\u00e9vrier 2015, Monaco cr\u00e9ait un authentique exploit en s&rsquo;imposant (3-1) devant la formation d&rsquo;Ars\u00e8ne Wenger, lors d&rsquo;un huiti\u00e8me de finale aller de Ligue des champions. <\/p>\n\n\n\n<p>Un succ\u00e8s fracassant et inattendu des Rouge et Blanc, mais qui n&rsquo;\u00e9tait pourtant pas le premier. Quelques mois plus t\u00f4t, en ao\u00fbt 2014, la plupart d&rsquo;entre eux avaient d\u00e9j\u00e0 battu les <em>Gunners<\/em> au cours de leur propre tournoi estival. L&rsquo;enjeu n&rsquo;\u00e9tait certes pas le m\u00eame, ni l&rsquo;intensit\u00e9 d&rsquo;ailleurs, mais les hommes de Leonardo Jardim s&rsquo;\u00e9taient tout de m\u00eame pay\u00e9 un adversaire de choix.<\/p>\n\n\n\n<p>Mais avant d&rsquo;affronter Arsenal, Monaco s&rsquo;\u00e9tait frott\u00e9 \u00e0 Valence. Le format \u00e9tait alors un peu diff\u00e9rent de celui d&rsquo;aujourd&rsquo;hui. Les Mon\u00e9gasques de 2023 d\u00e9fieront Arsenal au cours d&rsquo;un match unique quand ceux de 2014 avaient jou\u00e9 contre deux adversaires sur les trois autres engag\u00e9s. <\/p>\n\n\n\n<figure class=\"wp-block-image size-large\"><img loading=\"lazy\" width=\"1024\" height=\"683\" src=\"https:\/\/www.ladiagonale.net\/wp-content\/uploads\/2023\/08\/IMG_9430-1024x683.jpg\" alt=\"\" class=\"wp-image-14618\" srcset=\"https:\/\/www.ladiagonale.net\/wp-content\/uploads\/2023\/08\/IMG_9430-1024x683.jpg 1024w, https:\/\/www.ladiagonale.net\/wp-content\/uploads\/2023\/08\/IMG_9430-300x200.jpg 300w, https:\/\/www.ladiagonale.net\/wp-content\/uploads\/2023\/08\/IMG_9430-768x512.jpg 768w, https:\/\/www.ladiagonale.net\/wp-content\/uploads\/2023\/08\/IMG_9430-128x85.jpg 128w, https:\/\/www.ladiagonale.net\/wp-content\/uploads\/2023\/08\/IMG_9430-32x21.jpg 32w, https:\/\/www.ladiagonale.net\/wp-content\/uploads\/2023\/08\/IMG_9430.jpg 1200w\" sizes=\"(max-width: 1024px) 100vw, 1024px\" \/><figcaption>Photo : N. Sbarra &#8211; Asmfoot<\/figcaption><\/figure>\n\n\n\n<p>Contre la formation espagnole, en ouverture du tournoi, l&rsquo;ASM avait sign\u00e9 un r\u00e9sultat nul (2-2). Sur un corner frapp\u00e9 par Moutinho, Ruben Vezo propulsait malencontreusement le ballon dans ses propres filets. Une m\u00e9saventure que conna\u00eetra \u00e9galement Ricardo Carvalho quelques minutes plus tard. Les Valencians prendront l&rsquo;avantage gr\u00e2ce \u00e0 Alcacer \u00e0 20 minutes du terme mais Ocampos ram\u00e8nera le club de la Principaut\u00e9 \u00e0 hauteur en fin de match.<\/p>\n\n\n\n<figure class=\"wp-block-image size-large\"><img loading=\"lazy\" width=\"1024\" height=\"683\" src=\"https:\/\/www.ladiagonale.net\/wp-content\/uploads\/2023\/08\/IMG_9927-1024x683.jpg\" alt=\"\" class=\"wp-image-14621\" srcset=\"https:\/\/www.ladiagonale.net\/wp-content\/uploads\/2023\/08\/IMG_9927-1024x683.jpg 1024w, https:\/\/www.ladiagonale.net\/wp-content\/uploads\/2023\/08\/IMG_9927-300x200.jpg 300w, https:\/\/www.ladiagonale.net\/wp-content\/uploads\/2023\/08\/IMG_9927-768x512.jpg 768w, https:\/\/www.ladiagonale.net\/wp-content\/uploads\/2023\/08\/IMG_9927-128x85.jpg 128w, https:\/\/www.ladiagonale.net\/wp-content\/uploads\/2023\/08\/IMG_9927-32x21.jpg 32w, https:\/\/www.ladiagonale.net\/wp-content\/uploads\/2023\/08\/IMG_9927.jpg 1200w\" sizes=\"(max-width: 1024px) 100vw, 1024px\" \/><figcaption>Photo : N. Sbarra &#8211; Asmfoot<\/figcaption><\/figure>\n\n\n\n<p>Du c\u00f4t\u00e9 mon\u00e9gasque, la v\u00e9ritable sensation \u00e9tait de toute fa\u00e7on ailleurs. Pour la premi\u00e8re fois depuis le 22 janvier 2014, Radamel Falcao faisait son retour sur un terrain de football. Le buteur colombien, gravement bless\u00e9 \u00e0 un genou sur la pelouse de Gerland, lors d&rsquo;un 32<sup>e<\/sup> de finale de Coupe de France contre Chasselay, rempla\u00e7ait Dimitar Berbatov \u00e0 15 minutes du terme de la rencontre. Lui en revanche, ne go\u00fbterait pas les joies de la Ligue des champions et de l&rsquo;exploit \u00e0 Arsenal quelques mois plus tard. <\/p>\n\n\n\n<figure class=\"wp-block-image size-large\"><img loading=\"lazy\" width=\"1024\" height=\"683\" src=\"https:\/\/www.ladiagonale.net\/wp-content\/uploads\/2023\/08\/IMG_9858-1024x683.jpg\" alt=\"\" class=\"wp-image-14620\" srcset=\"https:\/\/www.ladiagonale.net\/wp-content\/uploads\/2023\/08\/IMG_9858-1024x683.jpg 1024w, https:\/\/www.ladiagonale.net\/wp-content\/uploads\/2023\/08\/IMG_9858-300x200.jpg 300w, https:\/\/www.ladiagonale.net\/wp-content\/uploads\/2023\/08\/IMG_9858-768x512.jpg 768w, https:\/\/www.ladiagonale.net\/wp-content\/uploads\/2023\/08\/IMG_9858-128x85.jpg 128w, https:\/\/www.ladiagonale.net\/wp-content\/uploads\/2023\/08\/IMG_9858-32x21.jpg 32w, https:\/\/www.ladiagonale.net\/wp-content\/uploads\/2023\/08\/IMG_9858.jpg 1200w\" sizes=\"(max-width: 1024px) 100vw, 1024px\" \/><figcaption>Photo : N. Sbarra &#8211; Asmfoot<\/figcaption><\/figure>\n\n\n\n<p>Ce n&rsquo;est pas pour autant que Radamel Falcao restera muet sur le gazon anglais. Le deuxi\u00e8me match qui opposera l&rsquo;ASM \u00e0 Arsenal sera enlev\u00e9 d&rsquo;une courte t\u00eate (1-0) par les As\u00e9mistes et ce n&rsquo;est nul autre que El Tigre qui donnera la victoire aux siens, gr\u00e2ce \u00e0 un but de la t\u00eate.  <\/p>\n\n\n\n<figure class=\"wp-block-image size-large\"><img loading=\"lazy\" width=\"1024\" height=\"683\" src=\"https:\/\/www.ladiagonale.net\/wp-content\/uploads\/2023\/08\/IMG_0389-1024x683.jpg\" alt=\"\" class=\"wp-image-14609\" srcset=\"https:\/\/www.ladiagonale.net\/wp-content\/uploads\/2023\/08\/IMG_0389-1024x683.jpg 1024w, https:\/\/www.ladiagonale.net\/wp-content\/uploads\/2023\/08\/IMG_0389-300x200.jpg 300w, https:\/\/www.ladiagonale.net\/wp-content\/uploads\/2023\/08\/IMG_0389-768x512.jpg 768w, https:\/\/www.ladiagonale.net\/wp-content\/uploads\/2023\/08\/IMG_0389-128x85.jpg 128w, https:\/\/www.ladiagonale.net\/wp-content\/uploads\/2023\/08\/IMG_0389-32x21.jpg 32w, https:\/\/www.ladiagonale.net\/wp-content\/uploads\/2023\/08\/IMG_0389.jpg 1200w\" sizes=\"(max-width: 1024px) 100vw, 1024px\" \/><figcaption>Photo : N. Sbarra &#8211; Asmfoot<\/figcaption><\/figure>\n\n\n\n<figure class=\"wp-block-image size-large\"><img loading=\"lazy\" width=\"1024\" height=\"683\" src=\"https:\/\/www.ladiagonale.net\/wp-content\/uploads\/2023\/08\/IMG_0390-1024x683.jpg\" alt=\"\" class=\"wp-image-14610\" srcset=\"https:\/\/www.ladiagonale.net\/wp-content\/uploads\/2023\/08\/IMG_0390-1024x683.jpg 1024w, https:\/\/www.ladiagonale.net\/wp-content\/uploads\/2023\/08\/IMG_0390-300x200.jpg 300w, https:\/\/www.ladiagonale.net\/wp-content\/uploads\/2023\/08\/IMG_0390-768x512.jpg 768w, https:\/\/www.ladiagonale.net\/wp-content\/uploads\/2023\/08\/IMG_0390-128x85.jpg 128w, https:\/\/www.ladiagonale.net\/wp-content\/uploads\/2023\/08\/IMG_0390-32x21.jpg 32w, https:\/\/www.ladiagonale.net\/wp-content\/uploads\/2023\/08\/IMG_0390.jpg 1200w\" sizes=\"(max-width: 1024px) 100vw, 1024px\" \/><figcaption>Photo : N. Sbarra &#8211; Asmfoot<\/figcaption><\/figure>\n\n\n\n<figure class=\"wp-block-image size-large is-resized\"><img loading=\"lazy\" src=\"https:\/\/www.ladiagonale.net\/wp-content\/uploads\/2023\/08\/IMG_0393-1024x683.jpg\" alt=\"\" class=\"wp-image-14611\" width=\"359\" height=\"239\" srcset=\"https:\/\/www.ladiagonale.net\/wp-content\/uploads\/2023\/08\/IMG_0393-1024x683.jpg 1024w, https:\/\/www.ladiagonale.net\/wp-content\/uploads\/2023\/08\/IMG_0393-300x200.jpg 300w, https:\/\/www.ladiagonale.net\/wp-content\/uploads\/2023\/08\/IMG_0393-768x512.jpg 768w, https:\/\/www.ladiagonale.net\/wp-content\/uploads\/2023\/08\/IMG_0393-128x85.jpg 128w, https:\/\/www.ladiagonale.net\/wp-content\/uploads\/2023\/08\/IMG_0393-32x21.jpg 32w, https:\/\/www.ladiagonale.net\/wp-content\/uploads\/2023\/08\/IMG_0393.jpg 1200w\" sizes=\"(max-width: 359px) 100vw, 359px\" \/><figcaption>Photo : N. Sbarra &#8211; Asmfoot<\/figcaption><\/figure>\n\n\n\n<figure class=\"wp-block-image size-large\"><img loading=\"lazy\" width=\"1024\" height=\"683\" src=\"https:\/\/www.ladiagonale.net\/wp-content\/uploads\/2023\/08\/IMG_0415-1024x683.jpg\" alt=\"\" class=\"wp-image-14612\" srcset=\"https:\/\/www.ladiagonale.net\/wp-content\/uploads\/2023\/08\/IMG_0415-1024x683.jpg 1024w, https:\/\/www.ladiagonale.net\/wp-content\/uploads\/2023\/08\/IMG_0415-300x200.jpg 300w, https:\/\/www.ladiagonale.net\/wp-content\/uploads\/2023\/08\/IMG_0415-768x512.jpg 768w, https:\/\/www.ladiagonale.net\/wp-content\/uploads\/2023\/08\/IMG_0415-128x85.jpg 128w, https:\/\/www.ladiagonale.net\/wp-content\/uploads\/2023\/08\/IMG_0415-32x21.jpg 32w, https:\/\/www.ladiagonale.net\/wp-content\/uploads\/2023\/08\/IMG_0415.jpg 1200w\" sizes=\"(max-width: 1024px) 100vw, 1024px\" \/><figcaption>Photo : N. Sbarra &#8211; Asmfoot<\/figcaption><\/figure>\n\n\n\n<p>Sur la pelouse se trouvaient \u00e9galement Geoffrey Kondogbia, qui a fait son grand retour en Ligue 1 cet \u00e9t\u00e9, et qui avait brill\u00e9 en Ligue des champions face \u00e0 l\u2019\u00e9quipe anglaise en ouvrant le score d\u2019une frappe de loin, mais aussi Yannick Carrasco, troisi\u00e8me buteur embl\u00e9matique \u00e0 l\u2019Emirates.<\/p>\n\n\n\n<figure class=\"wp-block-image size-large\"><img loading=\"lazy\" width=\"1024\" height=\"683\" src=\"https:\/\/www.ladiagonale.net\/wp-content\/uploads\/2023\/08\/IMG_0284-1024x683.jpg\" alt=\"\" class=\"wp-image-14607\" srcset=\"https:\/\/www.ladiagonale.net\/wp-content\/uploads\/2023\/08\/IMG_0284-1024x683.jpg 1024w, https:\/\/www.ladiagonale.net\/wp-content\/uploads\/2023\/08\/IMG_0284-300x200.jpg 300w, https:\/\/www.ladiagonale.net\/wp-content\/uploads\/2023\/08\/IMG_0284-768x512.jpg 768w, https:\/\/www.ladiagonale.net\/wp-content\/uploads\/2023\/08\/IMG_0284-128x85.jpg 128w, https:\/\/www.ladiagonale.net\/wp-content\/uploads\/2023\/08\/IMG_0284-32x21.jpg 32w, https:\/\/www.ladiagonale.net\/wp-content\/uploads\/2023\/08\/IMG_0284.jpg 1200w\" sizes=\"(max-width: 1024px) 100vw, 1024px\" \/><figcaption>Photo : N. Sbarra &#8211; Asmfoot<\/figcaption><\/figure>\n\n\n\n<p>En 2014, c\u2019\u00e9tait Valence qui avait remport\u00e9 l\u2019Emirates Cup, gr\u00e2ce \u00e0 un plus grand nombre de buts inscrits, puisque chaque but rapportait un point. L\u2019ASM avait termin\u00e9 troisi\u00e8me, derri\u00e8re Arsenal mais devant Benfica, qu\u2019elle rencontrera \u00e9galement quelques semaines plus tard en poules de C1. <\/p>\n\n\n\n<figure class=\"wp-block-image size-large\"><img loading=\"lazy\" width=\"1024\" height=\"683\" src=\"https:\/\/www.ladiagonale.net\/wp-content\/uploads\/2023\/08\/IMG_0692-1024x683.jpg\" alt=\"\" class=\"wp-image-14616\" srcset=\"https:\/\/www.ladiagonale.net\/wp-content\/uploads\/2023\/08\/IMG_0692-1024x683.jpg 1024w, https:\/\/www.ladiagonale.net\/wp-content\/uploads\/2023\/08\/IMG_0692-300x200.jpg 300w, https:\/\/www.ladiagonale.net\/wp-content\/uploads\/2023\/08\/IMG_0692-768x512.jpg 768w, https:\/\/www.ladiagonale.net\/wp-content\/uploads\/2023\/08\/IMG_0692-128x85.jpg 128w, https:\/\/www.ladiagonale.net\/wp-content\/uploads\/2023\/08\/IMG_0692-32x21.jpg 32w, https:\/\/www.ladiagonale.net\/wp-content\/uploads\/2023\/08\/IMG_0692.jpg 1200w\" sizes=\"(max-width: 1024px) 100vw, 1024px\" \/><figcaption>Photo : N. Sbarra &#8211; Asmfoot<\/figcaption><\/figure>\n","protected":false},"excerpt":{"rendered":"<p>Ce mercredi (19h), l&rsquo;AS Monaco va affronter Arsenal dans le cadre de l&rsquo;Emirates Cup. Ce sera la deuxi\u00e8me participation du club de la Principaut\u00e9 dans cette comp\u00e9tition amicale et estivale mais qui n&rsquo;est pas d\u00e9pourvue d&rsquo;un certain prestige en raison de la qualit\u00e9 des affiches. Au travers de quelques clich\u00e9s d&rsquo;\u00e9poque, La Diagonale remonte le [&#8230;]\n","protected":false},"author":2,"featured_media":14605,"comment_status":"open","ping_status":"open","sticky":false,"template":"","format":"standard","meta":[],"categories":[5,6],"tags":[558,86,645,557,322,644,247,646,643],"yoast_head":"<!-- This site is optimized with the Yoast SEO plugin v19.8 - https:\/\/yoast.com\/wordpress\/plugins\/seo\/ -->\n<title>Quand Monaco disputait l&#039;Emirates Cup en 2014 - La Diagonale<\/title>\n<meta name=\"robots\" content=\"index, follow, max-snippet:-1, max-image-preview:large, max-video-preview:-1\" \/>\n<link rel=\"canonical\" href=\"https:\/\/www.ladiagonale.net\/index.php\/2023\/08\/02\/quand-monaco-disputait-lemirates-cup-en-2014\/\" \/>\n<meta property=\"og:locale\" content=\"fr_FR\" \/>\n<meta property=\"og:type\" content=\"article\" \/>\n<meta property=\"og:title\" content=\"Quand Monaco disputait l&#039;Emirates Cup en 2014 - La Diagonale\" \/>\n<meta property=\"og:description\" content=\"Ce mercredi (19h), l&rsquo;AS Monaco va affronter Arsenal dans le cadre de l&rsquo;Emirates Cup. Ce sera la deuxi\u00e8me participation du club de la Principaut\u00e9 dans cette comp\u00e9tition amicale et estivale mais qui n&rsquo;est pas d\u00e9pourvue d&rsquo;un certain prestige en raison de la qualit\u00e9 des affiches. Au travers de quelques clich\u00e9s d&rsquo;\u00e9poque, La Diagonale remonte le [...]\" \/>\n<meta property=\"og:url\" content=\"https:\/\/www.ladiagonale.net\/index.php\/2023\/08\/02\/quand-monaco-disputait-lemirates-cup-en-2014\/\" \/>\n<meta property=\"og:site_name\" content=\"La Diagonale\" \/>\n<meta property=\"article:published_time\" content=\"2023-08-02T09:25:17+00:00\" \/>\n<meta property=\"article:modified_time\" content=\"2023-08-04T12:39:49+00:00\" \/>\n<meta property=\"og:image\" content=\"https:\/\/www.ladiagonale.net\/wp-content\/uploads\/2023\/08\/falcao.png\" \/>\n\t<meta property=\"og:image:width\" content=\"1160\" \/>\n\t<meta property=\"og:image:height\" content=\"650\" \/>\n\t<meta property=\"og:image:type\" content=\"image\/png\" \/>\n<meta name=\"author\" content=\"Damien Dellerba\" \/>\n<meta name=\"twitter:card\" content=\"summary_large_image\" \/>\n<meta name=\"twitter:image\" content=\"https:\/\/www.ladiagonale.net\/wp-content\/uploads\/2023\/08\/falcao.png\" \/>\n<meta name=\"twitter:label1\" content=\"\u00c9crit par\" \/>\n\t<meta name=\"twitter:data1\" content=\"Damien Dellerba\" \/>\n\t<meta name=\"twitter:label2\" content=\"Dur\u00e9e de lecture estim\u00e9e\" \/>\n\t<meta name=\"twitter:data2\" content=\"5 minutes\" \/>\n<script type=\"application\/ld+json\" class=\"yoast-schema-graph\">{\"@context\":\"https:\/\/schema.org\",\"@graph\":[{\"@type\":\"WebPage\",\"@id\":\"https:\/\/www.ladiagonale.net\/index.php\/2023\/08\/02\/quand-monaco-disputait-lemirates-cup-en-2014\/\",\"url\":\"https:\/\/www.ladiagonale.net\/index.php\/2023\/08\/02\/quand-monaco-disputait-lemirates-cup-en-2014\/\",\"name\":\"Quand Monaco disputait l'Emirates Cup en 2014 - La Diagonale\",\"isPartOf\":{\"@id\":\"https:\/\/www.ladiagonale.net\/#website\"},\"datePublished\":\"2023-08-02T09:25:17+00:00\",\"dateModified\":\"2023-08-04T12:39:49+00:00\",\"author\":{\"@id\":\"https:\/\/www.ladiagonale.net\/#\/schema\/person\/79ff1e7b0853ed01b2aa26e64ad300bf\"},\"breadcrumb\":{\"@id\":\"https:\/\/www.ladiagonale.net\/index.php\/2023\/08\/02\/quand-monaco-disputait-lemirates-cup-en-2014\/#breadcrumb\"},\"inLanguage\":\"fr-FR\",\"potentialAction\":[{\"@type\":\"ReadAction\",\"target\":[\"https:\/\/www.ladiagonale.net\/index.php\/2023\/08\/02\/quand-monaco-disputait-lemirates-cup-en-2014\/\"]}]},{\"@type\":\"BreadcrumbList\",\"@id\":\"https:\/\/www.ladiagonale.net\/index.php\/2023\/08\/02\/quand-monaco-disputait-lemirates-cup-en-2014\/#breadcrumb\",\"itemListElement\":[{\"@type\":\"ListItem\",\"position\":1,\"name\":\"Accueil\",\"item\":\"https:\/\/www.ladiagonale.net\/\"},{\"@type\":\"ListItem\",\"position\":2,\"name\":\"Quand Monaco disputait l&rsquo;Emirates Cup en 2014\"}]},{\"@type\":\"WebSite\",\"@id\":\"https:\/\/www.ladiagonale.net\/#website\",\"url\":\"https:\/\/www.ladiagonale.net\/\",\"name\":\"La Diagonale\",\"description\":\"Le site des supporters de l&#039;AS Monaco FC\",\"potentialAction\":[{\"@type\":\"SearchAction\",\"target\":{\"@type\":\"EntryPoint\",\"urlTemplate\":\"https:\/\/www.ladiagonale.net\/?s={search_term_string}\"},\"query-input\":\"required name=search_term_string\"}],\"inLanguage\":\"fr-FR\"},{\"@type\":\"Person\",\"@id\":\"https:\/\/www.ladiagonale.net\/#\/schema\/person\/79ff1e7b0853ed01b2aa26e64ad300bf\",\"name\":\"Damien Dellerba\",\"image\":{\"@type\":\"ImageObject\",\"inLanguage\":\"fr-FR\",\"@id\":\"https:\/\/www.ladiagonale.net\/#\/schema\/person\/image\/\",\"url\":\"https:\/\/secure.gravatar.com\/avatar\/c7850e06d3ff63cdbaee88b7fc16e2f0?s=96&d=mm&r=g\",\"contentUrl\":\"https:\/\/secure.gravatar.com\/avatar\/c7850e06d3ff63cdbaee88b7fc16e2f0?s=96&d=mm&r=g\",\"caption\":\"Damien Dellerba\"},\"url\":\"https:\/\/www.ladiagonale.net\/index.php\/author\/damien\/\"}]}<\/script>\n<!-- \/ Yoast SEO plugin. -->","yoast_head_json":{"title":"Quand Monaco disputait l'Emirates Cup en 2014 - La Diagonale","robots":{"index":"index","follow":"follow","max-snippet":"max-snippet:-1","max-image-preview":"max-image-preview:large","max-video-preview":"max-video-preview:-1"},"canonical":"https:\/\/www.ladiagonale.net\/index.php\/2023\/08\/02\/quand-monaco-disputait-lemirates-cup-en-2014\/","og_locale":"fr_FR","og_type":"article","og_title":"Quand Monaco disputait l'Emirates Cup en 2014 - La Diagonale","og_description":"Ce mercredi (19h), l&rsquo;AS Monaco va affronter Arsenal dans le cadre de l&rsquo;Emirates Cup. Ce sera la deuxi\u00e8me participation du club de la Principaut\u00e9 dans cette comp\u00e9tition amicale et estivale mais qui n&rsquo;est pas d\u00e9pourvue d&rsquo;un certain prestige en raison de la qualit\u00e9 des affiches. Au travers de quelques clich\u00e9s d&rsquo;\u00e9poque, La Diagonale remonte le [...]","og_url":"https:\/\/www.ladiagonale.net\/index.php\/2023\/08\/02\/quand-monaco-disputait-lemirates-cup-en-2014\/","og_site_name":"La Diagonale","article_published_time":"2023-08-02T09:25:17+00:00","article_modified_time":"2023-08-04T12:39:49+00:00","og_image":[{"width":1160,"height":650,"url":"https:\/\/www.ladiagonale.net\/wp-content\/uploads\/2023\/08\/falcao.png","type":"image\/png"}],"author":"Damien Dellerba","twitter_card":"summary_large_image","twitter_image":"https:\/\/www.ladiagonale.net\/wp-content\/uploads\/2023\/08\/falcao.png","twitter_misc":{"\u00c9crit par":"Damien Dellerba","Dur\u00e9e de lecture estim\u00e9e":"5 minutes"},"schema":{"@context":"https:\/\/schema.org","@graph":[{"@type":"WebPage","@id":"https:\/\/www.ladiagonale.net\/index.php\/2023\/08\/02\/quand-monaco-disputait-lemirates-cup-en-2014\/","url":"https:\/\/www.ladiagonale.net\/index.php\/2023\/08\/02\/quand-monaco-disputait-lemirates-cup-en-2014\/","name":"Quand Monaco disputait l'Emirates Cup en 2014 - La Diagonale","isPartOf":{"@id":"https:\/\/www.ladiagonale.net\/#website"},"datePublished":"2023-08-02T09:25:17+00:00","dateModified":"2023-08-04T12:39:49+00:00","author":{"@id":"https:\/\/www.ladiagonale.net\/#\/schema\/person\/79ff1e7b0853ed01b2aa26e64ad300bf"},"breadcrumb":{"@id":"https:\/\/www.ladiagonale.net\/index.php\/2023\/08\/02\/quand-monaco-disputait-lemirates-cup-en-2014\/#breadcrumb"},"inLanguage":"fr-FR","potentialAction":[{"@type":"ReadAction","target":["https:\/\/www.ladiagonale.net\/index.php\/2023\/08\/02\/quand-monaco-disputait-lemirates-cup-en-2014\/"]}]},{"@type":"BreadcrumbList","@id":"https:\/\/www.ladiagonale.net\/index.php\/2023\/08\/02\/quand-monaco-disputait-lemirates-cup-en-2014\/#breadcrumb","itemListElement":[{"@type":"ListItem","position":1,"name":"Accueil","item":"https:\/\/www.ladiagonale.net\/"},{"@type":"ListItem","position":2,"name":"Quand Monaco disputait l&rsquo;Emirates Cup en 2014"}]},{"@type":"WebSite","@id":"https:\/\/www.ladiagonale.net\/#website","url":"https:\/\/www.ladiagonale.net\/","name":"La Diagonale","description":"Le site des supporters de l&#039;AS Monaco FC","potentialAction":[{"@type":"SearchAction","target":{"@type":"EntryPoint","urlTemplate":"https:\/\/www.ladiagonale.net\/?s={search_term_string}"},"query-input":"required name=search_term_string"}],"inLanguage":"fr-FR"},{"@type":"Person","@id":"https:\/\/www.ladiagonale.net\/#\/schema\/person\/79ff1e7b0853ed01b2aa26e64ad300bf","name":"Damien Dellerba","image":{"@type":"ImageObject","inLanguage":"fr-FR","@id":"https:\/\/www.ladiagonale.net\/#\/schema\/person\/image\/","url":"https:\/\/secure.gravatar.com\/avatar\/c7850e06d3ff63cdbaee88b7fc16e2f0?s=96&d=mm&r=g","contentUrl":"https:\/\/secure.gravatar.com\/avatar\/c7850e06d3ff63cdbaee88b7fc16e2f0?s=96&d=mm&r=g","caption":"Damien Dellerba"},"url":"https:\/\/www.ladiagonale.net\/index.php\/author\/damien\/"}]}},"_links":{"self":[{"href":"https:\/\/www.ladiagonale.net\/index.php\/wp-json\/wp\/v2\/posts\/14604"}],"collection":[{"href":"https:\/\/www.ladiagonale.net\/index.php\/wp-json\/wp\/v2\/posts"}],"about":[{"href":"https:\/\/www.ladiagonale.net\/index.php\/wp-json\/wp\/v2\/types\/post"}],"author":[{"embeddable":true,"href":"https:\/\/www.ladiagonale.net\/index.php\/wp-json\/wp\/v2\/users\/2"}],"replies":[{"embeddable":true,"href":"https:\/\/www.ladiagonale.net\/index.php\/wp-json\/wp\/v2\/comments?post=14604"}],"version-history":[{"count":15,"href":"https:\/\/www.ladiagonale.net\/index.php\/wp-json\/wp\/v2\/posts\/14604\/revisions"}],"predecessor-version":[{"id":14646,"href":"https:\/\/www.ladiagonale.net\/index.php\/wp-json\/wp\/v2\/posts\/14604\/revisions\/14646"}],"wp:featuredmedia":[{"embeddable":true,"href":"https:\/\/www.ladiagonale.net\/index.php\/wp-json\/wp\/v2\/media\/14605"}],"wp:attachment":[{"href":"https:\/\/www.ladiagonale.net\/index.php\/wp-json\/wp\/v2\/media?parent=14604"}],"wp:term":[{"taxonomy":"category","embeddable":true,"href":"https:\/\/www.ladiagonale.net\/index.php\/wp-json\/wp\/v2\/categories?post=14604"},{"taxonomy":"post_tag","embeddable":true,"href":"https:\/\/www.ladiagonale.net\/index.php\/wp-json\/wp\/v2\/tags?post=14604"}],"curies":[{"name":"wp","href":"https:\/\/api.w.org\/{rel}","templated":true}]}}