{"id":14655,"date":"2023-08-02T22:05:28","date_gmt":"2023-08-02T20:05:28","guid":{"rendered":"https:\/\/www.ladiagonale.net\/?p=14655"},"modified":"2023-08-04T14:36:25","modified_gmt":"2023-08-04T12:36:25","slug":"touche-ben-seghir-a-ete-remplace","status":"publish","type":"post","link":"https:\/\/www.ladiagonale.net\/index.php\/2023\/08\/02\/touche-ben-seghir-a-ete-remplace\/","title":{"rendered":"Touch\u00e9 en premi\u00e8re p\u00e9riode, Ben Seghir a d\u00fb \u00eatre remplac\u00e9"},"content":{"rendered":"\n<p>Eliesse Ben Seghir n&rsquo;a pass\u00e9 que 45 minutes sur la pelouse de l&rsquo;Emirates Stadium ce mercredi. Titulaire contre Arsenal, le jeune milieu offensif a \u00e9t\u00e9 remplac\u00e9 par Adi H\u00fctter \u00e0 la mi-temps. Le coach de l&rsquo;ASM en a donn\u00e9 la raison en conf\u00e9rence de presse d&rsquo;apr\u00e8s-match, sans pr\u00e9ciser la zone touch\u00e9e cependant : <em>\u00ab Il \u00e9tait un petit peu bless\u00e9 et c&rsquo;est la raison pour laquelle je l&rsquo;ai remplac\u00e9.<\/em> \u00bb<\/p>\n\n\n\n<p>Mais Ben Seghir n\u2019est pas le seul \u00e0 avoir d\u00fb laisser ses co\u00e9quipiers pr\u00e9matur\u00e9ment. Aleksandr Golovin est sorti en fin de rencontre \u00e0 la suite d\u2019un contact et apr\u00e8s avoir fait appel aux soigneurs. Son cas n\u2019a pas \u00e9t\u00e9 \u00e9voqu\u00e9 au cours de la conf\u00e9rence de presse.<\/p>\n","protected":false},"excerpt":{"rendered":"<p>Eliesse Ben Seghir n&rsquo;a pass\u00e9 que 45 minutes sur la pelouse de l&rsquo;Emirates Stadium ce mercredi. Titulaire contre Arsenal, le jeune milieu offensif a \u00e9t\u00e9 remplac\u00e9 par Adi H\u00fctter \u00e0 la mi-temps. Le coach de l&rsquo;ASM en a donn\u00e9 la raison en conf\u00e9rence de presse d&rsquo;apr\u00e8s-match, sans pr\u00e9ciser la zone touch\u00e9e cependant : \u00ab Il [&#8230;]\n","protected":false},"author":2,"featured_media":0,"comment_status":"open","ping_status":"open","sticky":false,"template":"","format":"standard","meta":[],"categories":[6],"tags":[87,558,86,286,557,196],"yoast_head":"<!-- This site is optimized with the Yoast SEO plugin v19.8 - https:\/\/yoast.com\/wordpress\/plugins\/seo\/ -->\n<title>Touch\u00e9 en premi\u00e8re p\u00e9riode, Ben Seghir a d\u00fb \u00eatre remplac\u00e9 - La Diagonale<\/title>\n<meta name=\"robots\" content=\"index, follow, max-snippet:-1, max-image-preview:large, max-video-preview:-1\" \/>\n<link rel=\"canonical\" href=\"https:\/\/www.ladiagonale.net\/index.php\/2023\/08\/02\/touche-ben-seghir-a-ete-remplace\/\" \/>\n<meta property=\"og:locale\" content=\"fr_FR\" \/>\n<meta property=\"og:type\" content=\"article\" \/>\n<meta property=\"og:title\" content=\"Touch\u00e9 en premi\u00e8re p\u00e9riode, Ben Seghir a d\u00fb \u00eatre remplac\u00e9 - La Diagonale\" \/>\n<meta property=\"og:description\" content=\"Eliesse Ben Seghir n&rsquo;a pass\u00e9 que 45 minutes sur la pelouse de l&rsquo;Emirates Stadium ce mercredi. Titulaire contre Arsenal, le jeune milieu offensif a \u00e9t\u00e9 remplac\u00e9 par Adi H\u00fctter \u00e0 la mi-temps. Le coach de l&rsquo;ASM en a donn\u00e9 la raison en conf\u00e9rence de presse d&rsquo;apr\u00e8s-match, sans pr\u00e9ciser la zone touch\u00e9e cependant : \u00ab Il [...]\" \/>\n<meta property=\"og:url\" content=\"https:\/\/www.ladiagonale.net\/index.php\/2023\/08\/02\/touche-ben-seghir-a-ete-remplace\/\" \/>\n<meta property=\"og:site_name\" content=\"La Diagonale\" \/>\n<meta property=\"article:published_time\" content=\"2023-08-02T20:05:28+00:00\" \/>\n<meta property=\"article:modified_time\" content=\"2023-08-04T12:36:25+00:00\" \/>\n<meta property=\"og:image\" content=\"https:\/\/www.ladiagonale.net\/wp-content\/uploads\/2023\/01\/ben-seghir4.png\" \/>\n\t<meta property=\"og:image:width\" content=\"1160\" \/>\n\t<meta property=\"og:image:height\" content=\"650\" \/>\n\t<meta property=\"og:image:type\" content=\"image\/png\" \/>\n<meta name=\"author\" content=\"Damien Dellerba\" \/>\n<meta name=\"twitter:card\" content=\"summary_large_image\" \/>\n<meta name=\"twitter:image\" content=\"https:\/\/www.ladiagonale.net\/wp-content\/uploads\/2023\/01\/ben-seghir4.png\" \/>\n<meta name=\"twitter:label1\" content=\"\u00c9crit par\" \/>\n\t<meta name=\"twitter:data1\" content=\"Damien Dellerba\" \/>\n\t<meta name=\"twitter:label2\" content=\"Dur\u00e9e de lecture estim\u00e9e\" \/>\n\t<meta name=\"twitter:data2\" content=\"1 minute\" \/>\n<script type=\"application\/ld+json\" class=\"yoast-schema-graph\">{\"@context\":\"https:\/\/schema.org\",\"@graph\":[{\"@type\":\"WebPage\",\"@id\":\"https:\/\/www.ladiagonale.net\/index.php\/2023\/08\/02\/touche-ben-seghir-a-ete-remplace\/\",\"url\":\"https:\/\/www.ladiagonale.net\/index.php\/2023\/08\/02\/touche-ben-seghir-a-ete-remplace\/\",\"name\":\"Touch\u00e9 en premi\u00e8re p\u00e9riode, Ben Seghir a d\u00fb \u00eatre remplac\u00e9 - La Diagonale\",\"isPartOf\":{\"@id\":\"https:\/\/www.ladiagonale.net\/#website\"},\"datePublished\":\"2023-08-02T20:05:28+00:00\",\"dateModified\":\"2023-08-04T12:36:25+00:00\",\"author\":{\"@id\":\"https:\/\/www.ladiagonale.net\/#\/schema\/person\/79ff1e7b0853ed01b2aa26e64ad300bf\"},\"breadcrumb\":{\"@id\":\"https:\/\/www.ladiagonale.net\/index.php\/2023\/08\/02\/touche-ben-seghir-a-ete-remplace\/#breadcrumb\"},\"inLanguage\":\"fr-FR\",\"potentialAction\":[{\"@type\":\"ReadAction\",\"target\":[\"https:\/\/www.ladiagonale.net\/index.php\/2023\/08\/02\/touche-ben-seghir-a-ete-remplace\/\"]}]},{\"@type\":\"BreadcrumbList\",\"@id\":\"https:\/\/www.ladiagonale.net\/index.php\/2023\/08\/02\/touche-ben-seghir-a-ete-remplace\/#breadcrumb\",\"itemListElement\":[{\"@type\":\"ListItem\",\"position\":1,\"name\":\"Accueil\",\"item\":\"https:\/\/www.ladiagonale.net\/\"},{\"@type\":\"ListItem\",\"position\":2,\"name\":\"Touch\u00e9 en premi\u00e8re p\u00e9riode, Ben Seghir a d\u00fb \u00eatre remplac\u00e9\"}]},{\"@type\":\"WebSite\",\"@id\":\"https:\/\/www.ladiagonale.net\/#website\",\"url\":\"https:\/\/www.ladiagonale.net\/\",\"name\":\"La Diagonale\",\"description\":\"Le site des supporters de l&#039;AS Monaco FC\",\"potentialAction\":[{\"@type\":\"SearchAction\",\"target\":{\"@type\":\"EntryPoint\",\"urlTemplate\":\"https:\/\/www.ladiagonale.net\/?s={search_term_string}\"},\"query-input\":\"required name=search_term_string\"}],\"inLanguage\":\"fr-FR\"},{\"@type\":\"Person\",\"@id\":\"https:\/\/www.ladiagonale.net\/#\/schema\/person\/79ff1e7b0853ed01b2aa26e64ad300bf\",\"name\":\"Damien Dellerba\",\"image\":{\"@type\":\"ImageObject\",\"inLanguage\":\"fr-FR\",\"@id\":\"https:\/\/www.ladiagonale.net\/#\/schema\/person\/image\/\",\"url\":\"https:\/\/secure.gravatar.com\/avatar\/c7850e06d3ff63cdbaee88b7fc16e2f0?s=96&d=mm&r=g\",\"contentUrl\":\"https:\/\/secure.gravatar.com\/avatar\/c7850e06d3ff63cdbaee88b7fc16e2f0?s=96&d=mm&r=g\",\"caption\":\"Damien Dellerba\"},\"url\":\"https:\/\/www.ladiagonale.net\/index.php\/author\/damien\/\"}]}<\/script>\n<!-- \/ Yoast SEO plugin. -->","yoast_head_json":{"title":"Touch\u00e9 en premi\u00e8re p\u00e9riode, Ben Seghir a d\u00fb \u00eatre remplac\u00e9 - La Diagonale","robots":{"index":"index","follow":"follow","max-snippet":"max-snippet:-1","max-image-preview":"max-image-preview:large","max-video-preview":"max-video-preview:-1"},"canonical":"https:\/\/www.ladiagonale.net\/index.php\/2023\/08\/02\/touche-ben-seghir-a-ete-remplace\/","og_locale":"fr_FR","og_type":"article","og_title":"Touch\u00e9 en premi\u00e8re p\u00e9riode, Ben Seghir a d\u00fb \u00eatre remplac\u00e9 - La Diagonale","og_description":"Eliesse Ben Seghir n&rsquo;a pass\u00e9 que 45 minutes sur la pelouse de l&rsquo;Emirates Stadium ce mercredi. Titulaire contre Arsenal, le jeune milieu offensif a \u00e9t\u00e9 remplac\u00e9 par Adi H\u00fctter \u00e0 la mi-temps. Le coach de l&rsquo;ASM en a donn\u00e9 la raison en conf\u00e9rence de presse d&rsquo;apr\u00e8s-match, sans pr\u00e9ciser la zone touch\u00e9e cependant : \u00ab Il [...]","og_url":"https:\/\/www.ladiagonale.net\/index.php\/2023\/08\/02\/touche-ben-seghir-a-ete-remplace\/","og_site_name":"La Diagonale","article_published_time":"2023-08-02T20:05:28+00:00","article_modified_time":"2023-08-04T12:36:25+00:00","og_image":[{"width":1160,"height":650,"url":"https:\/\/www.ladiagonale.net\/wp-content\/uploads\/2023\/01\/ben-seghir4.png","type":"image\/png"}],"author":"Damien Dellerba","twitter_card":"summary_large_image","twitter_image":"https:\/\/www.ladiagonale.net\/wp-content\/uploads\/2023\/01\/ben-seghir4.png","twitter_misc":{"\u00c9crit par":"Damien Dellerba","Dur\u00e9e de lecture estim\u00e9e":"1 minute"},"schema":{"@context":"https:\/\/schema.org","@graph":[{"@type":"WebPage","@id":"https:\/\/www.ladiagonale.net\/index.php\/2023\/08\/02\/touche-ben-seghir-a-ete-remplace\/","url":"https:\/\/www.ladiagonale.net\/index.php\/2023\/08\/02\/touche-ben-seghir-a-ete-remplace\/","name":"Touch\u00e9 en premi\u00e8re p\u00e9riode, Ben Seghir a d\u00fb \u00eatre remplac\u00e9 - La Diagonale","isPartOf":{"@id":"https:\/\/www.ladiagonale.net\/#website"},"datePublished":"2023-08-02T20:05:28+00:00","dateModified":"2023-08-04T12:36:25+00:00","author":{"@id":"https:\/\/www.ladiagonale.net\/#\/schema\/person\/79ff1e7b0853ed01b2aa26e64ad300bf"},"breadcrumb":{"@id":"https:\/\/www.ladiagonale.net\/index.php\/2023\/08\/02\/touche-ben-seghir-a-ete-remplace\/#breadcrumb"},"inLanguage":"fr-FR","potentialAction":[{"@type":"ReadAction","target":["https:\/\/www.ladiagonale.net\/index.php\/2023\/08\/02\/touche-ben-seghir-a-ete-remplace\/"]}]},{"@type":"BreadcrumbList","@id":"https:\/\/www.ladiagonale.net\/index.php\/2023\/08\/02\/touche-ben-seghir-a-ete-remplace\/#breadcrumb","itemListElement":[{"@type":"ListItem","position":1,"name":"Accueil","item":"https:\/\/www.ladiagonale.net\/"},{"@type":"ListItem","position":2,"name":"Touch\u00e9 en premi\u00e8re p\u00e9riode, Ben Seghir a d\u00fb \u00eatre remplac\u00e9"}]},{"@type":"WebSite","@id":"https:\/\/www.ladiagonale.net\/#website","url":"https:\/\/www.ladiagonale.net\/","name":"La Diagonale","description":"Le site des supporters de l&#039;AS Monaco FC","potentialAction":[{"@type":"SearchAction","target":{"@type":"EntryPoint","urlTemplate":"https:\/\/www.ladiagonale.net\/?s={search_term_string}"},"query-input":"required name=search_term_string"}],"inLanguage":"fr-FR"},{"@type":"Person","@id":"https:\/\/www.ladiagonale.net\/#\/schema\/person\/79ff1e7b0853ed01b2aa26e64ad300bf","name":"Damien Dellerba","image":{"@type":"ImageObject","inLanguage":"fr-FR","@id":"https:\/\/www.ladiagonale.net\/#\/schema\/person\/image\/","url":"https:\/\/secure.gravatar.com\/avatar\/c7850e06d3ff63cdbaee88b7fc16e2f0?s=96&d=mm&r=g","contentUrl":"https:\/\/secure.gravatar.com\/avatar\/c7850e06d3ff63cdbaee88b7fc16e2f0?s=96&d=mm&r=g","caption":"Damien Dellerba"},"url":"https:\/\/www.ladiagonale.net\/index.php\/author\/damien\/"}]}},"_links":{"self":[{"href":"https:\/\/www.ladiagonale.net\/index.php\/wp-json\/wp\/v2\/posts\/14655"}],"collection":[{"href":"https:\/\/www.ladiagonale.net\/index.php\/wp-json\/wp\/v2\/posts"}],"about":[{"href":"https:\/\/www.ladiagonale.net\/index.php\/wp-json\/wp\/v2\/types\/post"}],"author":[{"embeddable":true,"href":"https:\/\/www.ladiagonale.net\/index.php\/wp-json\/wp\/v2\/users\/2"}],"replies":[{"embeddable":true,"href":"https:\/\/www.ladiagonale.net\/index.php\/wp-json\/wp\/v2\/comments?post=14655"}],"version-history":[{"count":6,"href":"https:\/\/www.ladiagonale.net\/index.php\/wp-json\/wp\/v2\/posts\/14655\/revisions"}],"predecessor-version":[{"id":14686,"href":"https:\/\/www.ladiagonale.net\/index.php\/wp-json\/wp\/v2\/posts\/14655\/revisions\/14686"}],"wp:attachment":[{"href":"https:\/\/www.ladiagonale.net\/index.php\/wp-json\/wp\/v2\/media?parent=14655"}],"wp:term":[{"taxonomy":"category","embeddable":true,"href":"https:\/\/www.ladiagonale.net\/index.php\/wp-json\/wp\/v2\/categories?post=14655"},{"taxonomy":"post_tag","embeddable":true,"href":"https:\/\/www.ladiagonale.net\/index.php\/wp-json\/wp\/v2\/tags?post=14655"}],"curies":[{"name":"wp","href":"https:\/\/api.w.org\/{rel}","templated":true}]}}