{"id":14663,"date":"2023-08-03T07:54:00","date_gmt":"2023-08-03T05:54:00","guid":{"rendered":"https:\/\/www.ladiagonale.net\/?p=14663"},"modified":"2023-08-03T03:17:28","modified_gmt":"2023-08-03T01:17:28","slug":"musaba-devrait-sengager-rapidement-avec-sheffield","status":"publish","type":"post","link":"https:\/\/www.ladiagonale.net\/index.php\/2023\/08\/03\/musaba-devrait-sengager-rapidement-avec-sheffield\/","title":{"rendered":"Musaba devrait s\u2019engager rapidement avec Sheffield"},"content":{"rendered":"\n<p>Les jours d&rsquo;Anthony Musaba \u00e0 l&rsquo;AS Monaco sont compt\u00e9s. Jamais convoqu\u00e9 par Adi H\u00fctter depuis le d\u00e9but de la pr\u00e9saison et d\u00e9class\u00e9 avec le Groupe \u00c9lite, l&rsquo;ailier n\u00e9erlandais de 22 ans devrait rebondir en Angleterre et en Championship, \u00e0 Sheffield Wednesday plus exactement. Selon plusieurs sources dont <em>Le Parisien<\/em>, Musaba serait lib\u00e9r\u00e9 par l&rsquo;ASM pour qu&rsquo;il puisse s&rsquo;engager avec le club anglais pour trois ans. Monaco aurait n\u00e9anmoins n\u00e9goci\u00e9 20% du montant du transfert d&rsquo;une \u00e9ventuelle revente. <\/p>\n\n\n\n<p>Depuis sa signature \u00e0 Monaco en 2020, Musaba n&rsquo;a jou\u00e9 qu&rsquo;une seule rencontre avec le maillot \u00e0 la diagonale. Il a \u00e9t\u00e9 pr\u00eat\u00e9 \u00e0 quatre reprises, pour des exp\u00e9riences mitig\u00e9es. La saison derni\u00e8re, Musaba avait d&rsquo;abord pass\u00e9 la premi\u00e8re partie de la saison, mais en d\u00e9pression, il avait r\u00e9ussi \u00e0 faire casser son pr\u00eat pour en encha\u00eener un autre avec son club formateur de Nim\u00e8gue. Il est sous contrat sur le Rocher jusqu&rsquo;en 2025.<\/p>\n","protected":false},"excerpt":{"rendered":"<p>Les jours d&rsquo;Anthony Musaba \u00e0 l&rsquo;AS Monaco sont compt\u00e9s. Jamais convoqu\u00e9 par Adi H\u00fctter depuis le d\u00e9but de la pr\u00e9saison et d\u00e9class\u00e9 avec le Groupe \u00c9lite, l&rsquo;ailier n\u00e9erlandais de 22 ans devrait rebondir en Angleterre et en Championship, \u00e0 Sheffield Wednesday plus exactement. Selon plusieurs sources dont Le Parisien, Musaba serait lib\u00e9r\u00e9 par l&rsquo;ASM pour [&#8230;]\n","protected":false},"author":2,"featured_media":0,"comment_status":"open","ping_status":"open","sticky":false,"template":"","format":"standard","meta":[],"categories":[6],"tags":[312,86,111,641,110],"yoast_head":"<!-- This site is optimized with the Yoast SEO plugin v19.8 - https:\/\/yoast.com\/wordpress\/plugins\/seo\/ -->\n<title>Musaba devrait s\u2019engager rapidement avec Sheffield - La Diagonale<\/title>\n<meta name=\"robots\" content=\"index, follow, max-snippet:-1, max-image-preview:large, max-video-preview:-1\" \/>\n<link rel=\"canonical\" href=\"https:\/\/www.ladiagonale.net\/index.php\/2023\/08\/03\/musaba-devrait-sengager-rapidement-avec-sheffield\/\" \/>\n<meta property=\"og:locale\" content=\"fr_FR\" \/>\n<meta property=\"og:type\" content=\"article\" \/>\n<meta property=\"og:title\" content=\"Musaba devrait s\u2019engager rapidement avec Sheffield - La Diagonale\" \/>\n<meta property=\"og:description\" content=\"Les jours d&rsquo;Anthony Musaba \u00e0 l&rsquo;AS Monaco sont compt\u00e9s. Jamais convoqu\u00e9 par Adi H\u00fctter depuis le d\u00e9but de la pr\u00e9saison et d\u00e9class\u00e9 avec le Groupe \u00c9lite, l&rsquo;ailier n\u00e9erlandais de 22 ans devrait rebondir en Angleterre et en Championship, \u00e0 Sheffield Wednesday plus exactement. Selon plusieurs sources dont Le Parisien, Musaba serait lib\u00e9r\u00e9 par l&rsquo;ASM pour [...]\" \/>\n<meta property=\"og:url\" content=\"https:\/\/www.ladiagonale.net\/index.php\/2023\/08\/03\/musaba-devrait-sengager-rapidement-avec-sheffield\/\" \/>\n<meta property=\"og:site_name\" content=\"La Diagonale\" \/>\n<meta property=\"article:published_time\" content=\"2023-08-03T05:54:00+00:00\" \/>\n<meta property=\"article:modified_time\" content=\"2023-08-03T01:17:28+00:00\" \/>\n<meta property=\"og:image\" content=\"https:\/\/www.ladiagonale.net\/wp-content\/uploads\/2023\/08\/musaba.png\" \/>\n\t<meta property=\"og:image:width\" content=\"1160\" \/>\n\t<meta property=\"og:image:height\" content=\"650\" \/>\n\t<meta property=\"og:image:type\" content=\"image\/png\" \/>\n<meta name=\"author\" content=\"Damien Dellerba\" \/>\n<meta name=\"twitter:card\" content=\"summary_large_image\" \/>\n<meta name=\"twitter:image\" content=\"https:\/\/www.ladiagonale.net\/wp-content\/uploads\/2023\/08\/musaba.png\" \/>\n<meta name=\"twitter:label1\" content=\"\u00c9crit par\" \/>\n\t<meta name=\"twitter:data1\" content=\"Damien Dellerba\" \/>\n\t<meta name=\"twitter:label2\" content=\"Dur\u00e9e de lecture estim\u00e9e\" \/>\n\t<meta name=\"twitter:data2\" content=\"1 minute\" \/>\n<script type=\"application\/ld+json\" class=\"yoast-schema-graph\">{\"@context\":\"https:\/\/schema.org\",\"@graph\":[{\"@type\":\"WebPage\",\"@id\":\"https:\/\/www.ladiagonale.net\/index.php\/2023\/08\/03\/musaba-devrait-sengager-rapidement-avec-sheffield\/\",\"url\":\"https:\/\/www.ladiagonale.net\/index.php\/2023\/08\/03\/musaba-devrait-sengager-rapidement-avec-sheffield\/\",\"name\":\"Musaba devrait s\u2019engager rapidement avec Sheffield - La Diagonale\",\"isPartOf\":{\"@id\":\"https:\/\/www.ladiagonale.net\/#website\"},\"datePublished\":\"2023-08-03T05:54:00+00:00\",\"dateModified\":\"2023-08-03T01:17:28+00:00\",\"author\":{\"@id\":\"https:\/\/www.ladiagonale.net\/#\/schema\/person\/79ff1e7b0853ed01b2aa26e64ad300bf\"},\"breadcrumb\":{\"@id\":\"https:\/\/www.ladiagonale.net\/index.php\/2023\/08\/03\/musaba-devrait-sengager-rapidement-avec-sheffield\/#breadcrumb\"},\"inLanguage\":\"fr-FR\",\"potentialAction\":[{\"@type\":\"ReadAction\",\"target\":[\"https:\/\/www.ladiagonale.net\/index.php\/2023\/08\/03\/musaba-devrait-sengager-rapidement-avec-sheffield\/\"]}]},{\"@type\":\"BreadcrumbList\",\"@id\":\"https:\/\/www.ladiagonale.net\/index.php\/2023\/08\/03\/musaba-devrait-sengager-rapidement-avec-sheffield\/#breadcrumb\",\"itemListElement\":[{\"@type\":\"ListItem\",\"position\":1,\"name\":\"Accueil\",\"item\":\"https:\/\/www.ladiagonale.net\/\"},{\"@type\":\"ListItem\",\"position\":2,\"name\":\"Musaba devrait s\u2019engager rapidement avec Sheffield\"}]},{\"@type\":\"WebSite\",\"@id\":\"https:\/\/www.ladiagonale.net\/#website\",\"url\":\"https:\/\/www.ladiagonale.net\/\",\"name\":\"La Diagonale\",\"description\":\"Le site des supporters de l&#039;AS Monaco FC\",\"potentialAction\":[{\"@type\":\"SearchAction\",\"target\":{\"@type\":\"EntryPoint\",\"urlTemplate\":\"https:\/\/www.ladiagonale.net\/?s={search_term_string}\"},\"query-input\":\"required name=search_term_string\"}],\"inLanguage\":\"fr-FR\"},{\"@type\":\"Person\",\"@id\":\"https:\/\/www.ladiagonale.net\/#\/schema\/person\/79ff1e7b0853ed01b2aa26e64ad300bf\",\"name\":\"Damien Dellerba\",\"image\":{\"@type\":\"ImageObject\",\"inLanguage\":\"fr-FR\",\"@id\":\"https:\/\/www.ladiagonale.net\/#\/schema\/person\/image\/\",\"url\":\"https:\/\/secure.gravatar.com\/avatar\/c7850e06d3ff63cdbaee88b7fc16e2f0?s=96&d=mm&r=g\",\"contentUrl\":\"https:\/\/secure.gravatar.com\/avatar\/c7850e06d3ff63cdbaee88b7fc16e2f0?s=96&d=mm&r=g\",\"caption\":\"Damien Dellerba\"},\"url\":\"https:\/\/www.ladiagonale.net\/index.php\/author\/damien\/\"}]}<\/script>\n<!-- \/ Yoast SEO plugin. -->","yoast_head_json":{"title":"Musaba devrait s\u2019engager rapidement avec Sheffield - La Diagonale","robots":{"index":"index","follow":"follow","max-snippet":"max-snippet:-1","max-image-preview":"max-image-preview:large","max-video-preview":"max-video-preview:-1"},"canonical":"https:\/\/www.ladiagonale.net\/index.php\/2023\/08\/03\/musaba-devrait-sengager-rapidement-avec-sheffield\/","og_locale":"fr_FR","og_type":"article","og_title":"Musaba devrait s\u2019engager rapidement avec Sheffield - La Diagonale","og_description":"Les jours d&rsquo;Anthony Musaba \u00e0 l&rsquo;AS Monaco sont compt\u00e9s. Jamais convoqu\u00e9 par Adi H\u00fctter depuis le d\u00e9but de la pr\u00e9saison et d\u00e9class\u00e9 avec le Groupe \u00c9lite, l&rsquo;ailier n\u00e9erlandais de 22 ans devrait rebondir en Angleterre et en Championship, \u00e0 Sheffield Wednesday plus exactement. Selon plusieurs sources dont Le Parisien, Musaba serait lib\u00e9r\u00e9 par l&rsquo;ASM pour [...]","og_url":"https:\/\/www.ladiagonale.net\/index.php\/2023\/08\/03\/musaba-devrait-sengager-rapidement-avec-sheffield\/","og_site_name":"La Diagonale","article_published_time":"2023-08-03T05:54:00+00:00","article_modified_time":"2023-08-03T01:17:28+00:00","og_image":[{"width":1160,"height":650,"url":"https:\/\/www.ladiagonale.net\/wp-content\/uploads\/2023\/08\/musaba.png","type":"image\/png"}],"author":"Damien Dellerba","twitter_card":"summary_large_image","twitter_image":"https:\/\/www.ladiagonale.net\/wp-content\/uploads\/2023\/08\/musaba.png","twitter_misc":{"\u00c9crit par":"Damien Dellerba","Dur\u00e9e de lecture estim\u00e9e":"1 minute"},"schema":{"@context":"https:\/\/schema.org","@graph":[{"@type":"WebPage","@id":"https:\/\/www.ladiagonale.net\/index.php\/2023\/08\/03\/musaba-devrait-sengager-rapidement-avec-sheffield\/","url":"https:\/\/www.ladiagonale.net\/index.php\/2023\/08\/03\/musaba-devrait-sengager-rapidement-avec-sheffield\/","name":"Musaba devrait s\u2019engager rapidement avec Sheffield - La Diagonale","isPartOf":{"@id":"https:\/\/www.ladiagonale.net\/#website"},"datePublished":"2023-08-03T05:54:00+00:00","dateModified":"2023-08-03T01:17:28+00:00","author":{"@id":"https:\/\/www.ladiagonale.net\/#\/schema\/person\/79ff1e7b0853ed01b2aa26e64ad300bf"},"breadcrumb":{"@id":"https:\/\/www.ladiagonale.net\/index.php\/2023\/08\/03\/musaba-devrait-sengager-rapidement-avec-sheffield\/#breadcrumb"},"inLanguage":"fr-FR","potentialAction":[{"@type":"ReadAction","target":["https:\/\/www.ladiagonale.net\/index.php\/2023\/08\/03\/musaba-devrait-sengager-rapidement-avec-sheffield\/"]}]},{"@type":"BreadcrumbList","@id":"https:\/\/www.ladiagonale.net\/index.php\/2023\/08\/03\/musaba-devrait-sengager-rapidement-avec-sheffield\/#breadcrumb","itemListElement":[{"@type":"ListItem","position":1,"name":"Accueil","item":"https:\/\/www.ladiagonale.net\/"},{"@type":"ListItem","position":2,"name":"Musaba devrait s\u2019engager rapidement avec Sheffield"}]},{"@type":"WebSite","@id":"https:\/\/www.ladiagonale.net\/#website","url":"https:\/\/www.ladiagonale.net\/","name":"La Diagonale","description":"Le site des supporters de l&#039;AS Monaco FC","potentialAction":[{"@type":"SearchAction","target":{"@type":"EntryPoint","urlTemplate":"https:\/\/www.ladiagonale.net\/?s={search_term_string}"},"query-input":"required name=search_term_string"}],"inLanguage":"fr-FR"},{"@type":"Person","@id":"https:\/\/www.ladiagonale.net\/#\/schema\/person\/79ff1e7b0853ed01b2aa26e64ad300bf","name":"Damien Dellerba","image":{"@type":"ImageObject","inLanguage":"fr-FR","@id":"https:\/\/www.ladiagonale.net\/#\/schema\/person\/image\/","url":"https:\/\/secure.gravatar.com\/avatar\/c7850e06d3ff63cdbaee88b7fc16e2f0?s=96&d=mm&r=g","contentUrl":"https:\/\/secure.gravatar.com\/avatar\/c7850e06d3ff63cdbaee88b7fc16e2f0?s=96&d=mm&r=g","caption":"Damien Dellerba"},"url":"https:\/\/www.ladiagonale.net\/index.php\/author\/damien\/"}]}},"_links":{"self":[{"href":"https:\/\/www.ladiagonale.net\/index.php\/wp-json\/wp\/v2\/posts\/14663"}],"collection":[{"href":"https:\/\/www.ladiagonale.net\/index.php\/wp-json\/wp\/v2\/posts"}],"about":[{"href":"https:\/\/www.ladiagonale.net\/index.php\/wp-json\/wp\/v2\/types\/post"}],"author":[{"embeddable":true,"href":"https:\/\/www.ladiagonale.net\/index.php\/wp-json\/wp\/v2\/users\/2"}],"replies":[{"embeddable":true,"href":"https:\/\/www.ladiagonale.net\/index.php\/wp-json\/wp\/v2\/comments?post=14663"}],"version-history":[{"count":1,"href":"https:\/\/www.ladiagonale.net\/index.php\/wp-json\/wp\/v2\/posts\/14663\/revisions"}],"predecessor-version":[{"id":14664,"href":"https:\/\/www.ladiagonale.net\/index.php\/wp-json\/wp\/v2\/posts\/14663\/revisions\/14664"}],"wp:attachment":[{"href":"https:\/\/www.ladiagonale.net\/index.php\/wp-json\/wp\/v2\/media?parent=14663"}],"wp:term":[{"taxonomy":"category","embeddable":true,"href":"https:\/\/www.ladiagonale.net\/index.php\/wp-json\/wp\/v2\/categories?post=14663"},{"taxonomy":"post_tag","embeddable":true,"href":"https:\/\/www.ladiagonale.net\/index.php\/wp-json\/wp\/v2\/tags?post=14663"}],"curies":[{"name":"wp","href":"https:\/\/api.w.org\/{rel}","templated":true}]}}