{"id":14665,"date":"2023-08-03T10:46:24","date_gmt":"2023-08-03T08:46:24","guid":{"rendered":"https:\/\/www.ladiagonale.net\/?p=14665"},"modified":"2023-08-04T11:43:05","modified_gmt":"2023-08-04T09:43:05","slug":"monaco-trop-gourmand-pour-jakobs","status":"publish","type":"post","link":"https:\/\/www.ladiagonale.net\/index.php\/2023\/08\/03\/monaco-trop-gourmand-pour-jakobs\/","title":{"rendered":"Monaco trop gourmand pour Jakobs ?"},"content":{"rendered":"\n<p>Il y a quelques jours, le nom d&rsquo;Ismail Jakobs \u00e9tait cit\u00e9 du c\u00f4t\u00e9 de l&rsquo;Angleterre et de Nottingham Forest, et les discussions avec l&rsquo;AS Monaco semblaient progresser rapidement. Toutefois, les exigences financi\u00e8res du club de la Principaut\u00e9 auraient refroidi le pensionnaire de <em>Premier League<\/em>, qui explorerait donc d&rsquo;autres options, comme le rapporte <em>The Athletic<\/em>. <\/p>\n\n\n\n<p>Selon certaines sources, l&rsquo;ASM aurait estim\u00e9 un prix de vente entre 10 et 12 millions d&rsquo;euros pour un joueur qu&rsquo;elle a pay\u00e9 autour de 6,5 millions d&rsquo;euros en 2021 et devenu depuis international s\u00e9n\u00e9galais. L&rsquo;an dernier, Ismail Jakobs a disput\u00e9 41 rencontres avec l&rsquo;ASM, mais surtout comme rempla\u00e7ant. \u00c2g\u00e9 de 23 ans, Jakobs est sous contrat en Principaut\u00e9 jusqu&rsquo;en juin 2026.<\/p>\n","protected":false},"excerpt":{"rendered":"<p>Il y a quelques jours, le nom d&rsquo;Ismail Jakobs \u00e9tait cit\u00e9 du c\u00f4t\u00e9 de l&rsquo;Angleterre et de Nottingham Forest, et les discussions avec l&rsquo;AS Monaco semblaient progresser rapidement. Toutefois, les exigences financi\u00e8res du club de la Principaut\u00e9 auraient refroidi le pensionnaire de Premier League, qui explorerait donc d&rsquo;autres options, comme le rapporte The Athletic. Selon [&#8230;]\n","protected":false},"author":2,"featured_media":0,"comment_status":"open","ping_status":"open","sticky":false,"template":"","format":"standard","meta":[],"categories":[6],"tags":[86,162,111,110],"yoast_head":"<!-- This site is optimized with the Yoast SEO plugin v19.8 - https:\/\/yoast.com\/wordpress\/plugins\/seo\/ -->\n<title>Monaco trop gourmand pour Jakobs ? - La Diagonale<\/title>\n<meta name=\"robots\" content=\"index, follow, max-snippet:-1, max-image-preview:large, max-video-preview:-1\" \/>\n<link rel=\"canonical\" href=\"https:\/\/www.ladiagonale.net\/index.php\/2023\/08\/03\/monaco-trop-gourmand-pour-jakobs\/\" \/>\n<meta property=\"og:locale\" content=\"fr_FR\" \/>\n<meta property=\"og:type\" content=\"article\" \/>\n<meta property=\"og:title\" content=\"Monaco trop gourmand pour Jakobs ? - La Diagonale\" \/>\n<meta property=\"og:description\" content=\"Il y a quelques jours, le nom d&rsquo;Ismail Jakobs \u00e9tait cit\u00e9 du c\u00f4t\u00e9 de l&rsquo;Angleterre et de Nottingham Forest, et les discussions avec l&rsquo;AS Monaco semblaient progresser rapidement. Toutefois, les exigences financi\u00e8res du club de la Principaut\u00e9 auraient refroidi le pensionnaire de Premier League, qui explorerait donc d&rsquo;autres options, comme le rapporte The Athletic. Selon [...]\" \/>\n<meta property=\"og:url\" content=\"https:\/\/www.ladiagonale.net\/index.php\/2023\/08\/03\/monaco-trop-gourmand-pour-jakobs\/\" \/>\n<meta property=\"og:site_name\" content=\"La Diagonale\" \/>\n<meta property=\"article:published_time\" content=\"2023-08-03T08:46:24+00:00\" \/>\n<meta property=\"article:modified_time\" content=\"2023-08-04T09:43:05+00:00\" \/>\n<meta property=\"og:image\" content=\"https:\/\/www.ladiagonale.net\/wp-content\/uploads\/2023\/05\/jakobs.png\" \/>\n\t<meta property=\"og:image:width\" content=\"1160\" \/>\n\t<meta property=\"og:image:height\" content=\"650\" \/>\n\t<meta property=\"og:image:type\" content=\"image\/png\" \/>\n<meta name=\"author\" content=\"Damien Dellerba\" \/>\n<meta name=\"twitter:card\" content=\"summary_large_image\" \/>\n<meta name=\"twitter:image\" content=\"https:\/\/www.ladiagonale.net\/wp-content\/uploads\/2023\/05\/jakobs.png\" \/>\n<meta name=\"twitter:label1\" content=\"\u00c9crit par\" \/>\n\t<meta name=\"twitter:data1\" content=\"Damien Dellerba\" \/>\n\t<meta name=\"twitter:label2\" content=\"Dur\u00e9e de lecture estim\u00e9e\" \/>\n\t<meta name=\"twitter:data2\" content=\"1 minute\" \/>\n<script type=\"application\/ld+json\" class=\"yoast-schema-graph\">{\"@context\":\"https:\/\/schema.org\",\"@graph\":[{\"@type\":\"WebPage\",\"@id\":\"https:\/\/www.ladiagonale.net\/index.php\/2023\/08\/03\/monaco-trop-gourmand-pour-jakobs\/\",\"url\":\"https:\/\/www.ladiagonale.net\/index.php\/2023\/08\/03\/monaco-trop-gourmand-pour-jakobs\/\",\"name\":\"Monaco trop gourmand pour Jakobs ? - La Diagonale\",\"isPartOf\":{\"@id\":\"https:\/\/www.ladiagonale.net\/#website\"},\"datePublished\":\"2023-08-03T08:46:24+00:00\",\"dateModified\":\"2023-08-04T09:43:05+00:00\",\"author\":{\"@id\":\"https:\/\/www.ladiagonale.net\/#\/schema\/person\/79ff1e7b0853ed01b2aa26e64ad300bf\"},\"breadcrumb\":{\"@id\":\"https:\/\/www.ladiagonale.net\/index.php\/2023\/08\/03\/monaco-trop-gourmand-pour-jakobs\/#breadcrumb\"},\"inLanguage\":\"fr-FR\",\"potentialAction\":[{\"@type\":\"ReadAction\",\"target\":[\"https:\/\/www.ladiagonale.net\/index.php\/2023\/08\/03\/monaco-trop-gourmand-pour-jakobs\/\"]}]},{\"@type\":\"BreadcrumbList\",\"@id\":\"https:\/\/www.ladiagonale.net\/index.php\/2023\/08\/03\/monaco-trop-gourmand-pour-jakobs\/#breadcrumb\",\"itemListElement\":[{\"@type\":\"ListItem\",\"position\":1,\"name\":\"Accueil\",\"item\":\"https:\/\/www.ladiagonale.net\/\"},{\"@type\":\"ListItem\",\"position\":2,\"name\":\"Monaco trop gourmand pour Jakobs ?\"}]},{\"@type\":\"WebSite\",\"@id\":\"https:\/\/www.ladiagonale.net\/#website\",\"url\":\"https:\/\/www.ladiagonale.net\/\",\"name\":\"La Diagonale\",\"description\":\"Le site des supporters de l&#039;AS Monaco FC\",\"potentialAction\":[{\"@type\":\"SearchAction\",\"target\":{\"@type\":\"EntryPoint\",\"urlTemplate\":\"https:\/\/www.ladiagonale.net\/?s={search_term_string}\"},\"query-input\":\"required name=search_term_string\"}],\"inLanguage\":\"fr-FR\"},{\"@type\":\"Person\",\"@id\":\"https:\/\/www.ladiagonale.net\/#\/schema\/person\/79ff1e7b0853ed01b2aa26e64ad300bf\",\"name\":\"Damien Dellerba\",\"image\":{\"@type\":\"ImageObject\",\"inLanguage\":\"fr-FR\",\"@id\":\"https:\/\/www.ladiagonale.net\/#\/schema\/person\/image\/\",\"url\":\"https:\/\/secure.gravatar.com\/avatar\/c7850e06d3ff63cdbaee88b7fc16e2f0?s=96&d=mm&r=g\",\"contentUrl\":\"https:\/\/secure.gravatar.com\/avatar\/c7850e06d3ff63cdbaee88b7fc16e2f0?s=96&d=mm&r=g\",\"caption\":\"Damien Dellerba\"},\"url\":\"https:\/\/www.ladiagonale.net\/index.php\/author\/damien\/\"}]}<\/script>\n<!-- \/ Yoast SEO plugin. -->","yoast_head_json":{"title":"Monaco trop gourmand pour Jakobs ? - La Diagonale","robots":{"index":"index","follow":"follow","max-snippet":"max-snippet:-1","max-image-preview":"max-image-preview:large","max-video-preview":"max-video-preview:-1"},"canonical":"https:\/\/www.ladiagonale.net\/index.php\/2023\/08\/03\/monaco-trop-gourmand-pour-jakobs\/","og_locale":"fr_FR","og_type":"article","og_title":"Monaco trop gourmand pour Jakobs ? - La Diagonale","og_description":"Il y a quelques jours, le nom d&rsquo;Ismail Jakobs \u00e9tait cit\u00e9 du c\u00f4t\u00e9 de l&rsquo;Angleterre et de Nottingham Forest, et les discussions avec l&rsquo;AS Monaco semblaient progresser rapidement. Toutefois, les exigences financi\u00e8res du club de la Principaut\u00e9 auraient refroidi le pensionnaire de Premier League, qui explorerait donc d&rsquo;autres options, comme le rapporte The Athletic. Selon [...]","og_url":"https:\/\/www.ladiagonale.net\/index.php\/2023\/08\/03\/monaco-trop-gourmand-pour-jakobs\/","og_site_name":"La Diagonale","article_published_time":"2023-08-03T08:46:24+00:00","article_modified_time":"2023-08-04T09:43:05+00:00","og_image":[{"width":1160,"height":650,"url":"https:\/\/www.ladiagonale.net\/wp-content\/uploads\/2023\/05\/jakobs.png","type":"image\/png"}],"author":"Damien Dellerba","twitter_card":"summary_large_image","twitter_image":"https:\/\/www.ladiagonale.net\/wp-content\/uploads\/2023\/05\/jakobs.png","twitter_misc":{"\u00c9crit par":"Damien Dellerba","Dur\u00e9e de lecture estim\u00e9e":"1 minute"},"schema":{"@context":"https:\/\/schema.org","@graph":[{"@type":"WebPage","@id":"https:\/\/www.ladiagonale.net\/index.php\/2023\/08\/03\/monaco-trop-gourmand-pour-jakobs\/","url":"https:\/\/www.ladiagonale.net\/index.php\/2023\/08\/03\/monaco-trop-gourmand-pour-jakobs\/","name":"Monaco trop gourmand pour Jakobs ? - La Diagonale","isPartOf":{"@id":"https:\/\/www.ladiagonale.net\/#website"},"datePublished":"2023-08-03T08:46:24+00:00","dateModified":"2023-08-04T09:43:05+00:00","author":{"@id":"https:\/\/www.ladiagonale.net\/#\/schema\/person\/79ff1e7b0853ed01b2aa26e64ad300bf"},"breadcrumb":{"@id":"https:\/\/www.ladiagonale.net\/index.php\/2023\/08\/03\/monaco-trop-gourmand-pour-jakobs\/#breadcrumb"},"inLanguage":"fr-FR","potentialAction":[{"@type":"ReadAction","target":["https:\/\/www.ladiagonale.net\/index.php\/2023\/08\/03\/monaco-trop-gourmand-pour-jakobs\/"]}]},{"@type":"BreadcrumbList","@id":"https:\/\/www.ladiagonale.net\/index.php\/2023\/08\/03\/monaco-trop-gourmand-pour-jakobs\/#breadcrumb","itemListElement":[{"@type":"ListItem","position":1,"name":"Accueil","item":"https:\/\/www.ladiagonale.net\/"},{"@type":"ListItem","position":2,"name":"Monaco trop gourmand pour Jakobs ?"}]},{"@type":"WebSite","@id":"https:\/\/www.ladiagonale.net\/#website","url":"https:\/\/www.ladiagonale.net\/","name":"La Diagonale","description":"Le site des supporters de l&#039;AS Monaco FC","potentialAction":[{"@type":"SearchAction","target":{"@type":"EntryPoint","urlTemplate":"https:\/\/www.ladiagonale.net\/?s={search_term_string}"},"query-input":"required name=search_term_string"}],"inLanguage":"fr-FR"},{"@type":"Person","@id":"https:\/\/www.ladiagonale.net\/#\/schema\/person\/79ff1e7b0853ed01b2aa26e64ad300bf","name":"Damien Dellerba","image":{"@type":"ImageObject","inLanguage":"fr-FR","@id":"https:\/\/www.ladiagonale.net\/#\/schema\/person\/image\/","url":"https:\/\/secure.gravatar.com\/avatar\/c7850e06d3ff63cdbaee88b7fc16e2f0?s=96&d=mm&r=g","contentUrl":"https:\/\/secure.gravatar.com\/avatar\/c7850e06d3ff63cdbaee88b7fc16e2f0?s=96&d=mm&r=g","caption":"Damien Dellerba"},"url":"https:\/\/www.ladiagonale.net\/index.php\/author\/damien\/"}]}},"_links":{"self":[{"href":"https:\/\/www.ladiagonale.net\/index.php\/wp-json\/wp\/v2\/posts\/14665"}],"collection":[{"href":"https:\/\/www.ladiagonale.net\/index.php\/wp-json\/wp\/v2\/posts"}],"about":[{"href":"https:\/\/www.ladiagonale.net\/index.php\/wp-json\/wp\/v2\/types\/post"}],"author":[{"embeddable":true,"href":"https:\/\/www.ladiagonale.net\/index.php\/wp-json\/wp\/v2\/users\/2"}],"replies":[{"embeddable":true,"href":"https:\/\/www.ladiagonale.net\/index.php\/wp-json\/wp\/v2\/comments?post=14665"}],"version-history":[{"count":2,"href":"https:\/\/www.ladiagonale.net\/index.php\/wp-json\/wp\/v2\/posts\/14665\/revisions"}],"predecessor-version":[{"id":14676,"href":"https:\/\/www.ladiagonale.net\/index.php\/wp-json\/wp\/v2\/posts\/14665\/revisions\/14676"}],"wp:attachment":[{"href":"https:\/\/www.ladiagonale.net\/index.php\/wp-json\/wp\/v2\/media?parent=14665"}],"wp:term":[{"taxonomy":"category","embeddable":true,"href":"https:\/\/www.ladiagonale.net\/index.php\/wp-json\/wp\/v2\/categories?post=14665"},{"taxonomy":"post_tag","embeddable":true,"href":"https:\/\/www.ladiagonale.net\/index.php\/wp-json\/wp\/v2\/tags?post=14665"}],"curies":[{"name":"wp","href":"https:\/\/api.w.org\/{rel}","templated":true}]}}