{"id":14667,"date":"2023-08-03T13:04:08","date_gmt":"2023-08-03T11:04:08","guid":{"rendered":"https:\/\/www.ladiagonale.net\/?p=14667"},"modified":"2023-08-03T23:39:51","modified_gmt":"2023-08-03T21:39:51","slug":"officiel-musaba-quitte-monaco","status":"publish","type":"post","link":"https:\/\/www.ladiagonale.net\/index.php\/2023\/08\/03\/officiel-musaba-quitte-monaco\/","title":{"rendered":"Officiel : Musaba quitte Monaco"},"content":{"rendered":"\n<p>L\u2019AS Monaco a annonc\u00e9 ce jeudi le transfert d\u2019Anthony Musaba en direction du club de Sheffield Wednesday. Aucun montant n\u2019a \u00e9t\u00e9 r\u00e9v\u00e9l\u00e9 mais selon les derni\u00e8res informations sorties, le N\u00e9erlandais de 22 ans aurait \u00e9t\u00e9 lib\u00e9r\u00e9 par l\u2019ASM afin de signer avec le pensionnaire de <em>Championship<\/em>. Un pourcentage \u00e0 la revente de 20% aurait toutefois \u00e9t\u00e9 n\u00e9goci\u00e9 par l\u2019ASM.<\/p>\n\n\n\n<p>En Principaut\u00e9, Musaba n\u2019a disput\u00e9 qu\u2019une seule rencontre, lors de son entr\u00e9e en jeu contre le Sparta Prague, au troisi\u00e8me tour pr\u00e9liminaire de la Ligue des champions 2021-2022. L\u2019ailier a connu quatre pr\u00eats successifs depuis son arriv\u00e9e sur le Rocher  en 2020. D\u2019abord au Cercle Bruges, puis \u00e0 Heerenveen, Metz et enfin Nim\u00e8gue lors des six derniers mois, sans jamais convaincre.<\/p>\n","protected":false},"excerpt":{"rendered":"<p>L\u2019AS Monaco a annonc\u00e9 ce jeudi le transfert d\u2019Anthony Musaba en direction du club de Sheffield Wednesday. Aucun montant n\u2019a \u00e9t\u00e9 r\u00e9v\u00e9l\u00e9 mais selon les derni\u00e8res informations sorties, le N\u00e9erlandais de 22 ans aurait \u00e9t\u00e9 lib\u00e9r\u00e9 par l\u2019ASM afin de signer avec le pensionnaire de Championship. Un pourcentage \u00e0 la revente de 20% aurait toutefois [&#8230;]\n","protected":false},"author":2,"featured_media":0,"comment_status":"open","ping_status":"open","sticky":false,"template":"","format":"standard","meta":[],"categories":[4,6],"tags":[312,86,111,641,110],"yoast_head":"<!-- This site is optimized with the Yoast SEO plugin v19.8 - https:\/\/yoast.com\/wordpress\/plugins\/seo\/ -->\n<title>Officiel : Musaba quitte Monaco - La Diagonale<\/title>\n<meta name=\"robots\" content=\"index, follow, max-snippet:-1, max-image-preview:large, max-video-preview:-1\" \/>\n<link rel=\"canonical\" href=\"https:\/\/www.ladiagonale.net\/index.php\/2023\/08\/03\/officiel-musaba-quitte-monaco\/\" \/>\n<meta property=\"og:locale\" content=\"fr_FR\" \/>\n<meta property=\"og:type\" content=\"article\" \/>\n<meta property=\"og:title\" content=\"Officiel : Musaba quitte Monaco - La Diagonale\" \/>\n<meta property=\"og:description\" content=\"L\u2019AS Monaco a annonc\u00e9 ce jeudi le transfert d\u2019Anthony Musaba en direction du club de Sheffield Wednesday. Aucun montant n\u2019a \u00e9t\u00e9 r\u00e9v\u00e9l\u00e9 mais selon les derni\u00e8res informations sorties, le N\u00e9erlandais de 22 ans aurait \u00e9t\u00e9 lib\u00e9r\u00e9 par l\u2019ASM afin de signer avec le pensionnaire de Championship. Un pourcentage \u00e0 la revente de 20% aurait toutefois [...]\" \/>\n<meta property=\"og:url\" content=\"https:\/\/www.ladiagonale.net\/index.php\/2023\/08\/03\/officiel-musaba-quitte-monaco\/\" \/>\n<meta property=\"og:site_name\" content=\"La Diagonale\" \/>\n<meta property=\"article:published_time\" content=\"2023-08-03T11:04:08+00:00\" \/>\n<meta property=\"article:modified_time\" content=\"2023-08-03T21:39:51+00:00\" \/>\n<meta property=\"og:image\" content=\"https:\/\/www.ladiagonale.net\/wp-content\/uploads\/2023\/08\/musaba.png\" \/>\n\t<meta property=\"og:image:width\" content=\"1160\" \/>\n\t<meta property=\"og:image:height\" content=\"650\" \/>\n\t<meta property=\"og:image:type\" content=\"image\/png\" \/>\n<meta name=\"author\" content=\"Damien Dellerba\" \/>\n<meta name=\"twitter:card\" content=\"summary_large_image\" \/>\n<meta name=\"twitter:image\" content=\"https:\/\/www.ladiagonale.net\/wp-content\/uploads\/2023\/08\/musaba.png\" \/>\n<meta name=\"twitter:label1\" content=\"\u00c9crit par\" \/>\n\t<meta name=\"twitter:data1\" content=\"Damien Dellerba\" \/>\n\t<meta name=\"twitter:label2\" content=\"Dur\u00e9e de lecture estim\u00e9e\" \/>\n\t<meta name=\"twitter:data2\" content=\"1 minute\" \/>\n<script type=\"application\/ld+json\" class=\"yoast-schema-graph\">{\"@context\":\"https:\/\/schema.org\",\"@graph\":[{\"@type\":\"WebPage\",\"@id\":\"https:\/\/www.ladiagonale.net\/index.php\/2023\/08\/03\/officiel-musaba-quitte-monaco\/\",\"url\":\"https:\/\/www.ladiagonale.net\/index.php\/2023\/08\/03\/officiel-musaba-quitte-monaco\/\",\"name\":\"Officiel : Musaba quitte Monaco - La Diagonale\",\"isPartOf\":{\"@id\":\"https:\/\/www.ladiagonale.net\/#website\"},\"datePublished\":\"2023-08-03T11:04:08+00:00\",\"dateModified\":\"2023-08-03T21:39:51+00:00\",\"author\":{\"@id\":\"https:\/\/www.ladiagonale.net\/#\/schema\/person\/79ff1e7b0853ed01b2aa26e64ad300bf\"},\"breadcrumb\":{\"@id\":\"https:\/\/www.ladiagonale.net\/index.php\/2023\/08\/03\/officiel-musaba-quitte-monaco\/#breadcrumb\"},\"inLanguage\":\"fr-FR\",\"potentialAction\":[{\"@type\":\"ReadAction\",\"target\":[\"https:\/\/www.ladiagonale.net\/index.php\/2023\/08\/03\/officiel-musaba-quitte-monaco\/\"]}]},{\"@type\":\"BreadcrumbList\",\"@id\":\"https:\/\/www.ladiagonale.net\/index.php\/2023\/08\/03\/officiel-musaba-quitte-monaco\/#breadcrumb\",\"itemListElement\":[{\"@type\":\"ListItem\",\"position\":1,\"name\":\"Accueil\",\"item\":\"https:\/\/www.ladiagonale.net\/\"},{\"@type\":\"ListItem\",\"position\":2,\"name\":\"Officiel : Musaba quitte Monaco\"}]},{\"@type\":\"WebSite\",\"@id\":\"https:\/\/www.ladiagonale.net\/#website\",\"url\":\"https:\/\/www.ladiagonale.net\/\",\"name\":\"La Diagonale\",\"description\":\"Le site des supporters de l&#039;AS Monaco FC\",\"potentialAction\":[{\"@type\":\"SearchAction\",\"target\":{\"@type\":\"EntryPoint\",\"urlTemplate\":\"https:\/\/www.ladiagonale.net\/?s={search_term_string}\"},\"query-input\":\"required name=search_term_string\"}],\"inLanguage\":\"fr-FR\"},{\"@type\":\"Person\",\"@id\":\"https:\/\/www.ladiagonale.net\/#\/schema\/person\/79ff1e7b0853ed01b2aa26e64ad300bf\",\"name\":\"Damien Dellerba\",\"image\":{\"@type\":\"ImageObject\",\"inLanguage\":\"fr-FR\",\"@id\":\"https:\/\/www.ladiagonale.net\/#\/schema\/person\/image\/\",\"url\":\"https:\/\/secure.gravatar.com\/avatar\/c7850e06d3ff63cdbaee88b7fc16e2f0?s=96&d=mm&r=g\",\"contentUrl\":\"https:\/\/secure.gravatar.com\/avatar\/c7850e06d3ff63cdbaee88b7fc16e2f0?s=96&d=mm&r=g\",\"caption\":\"Damien Dellerba\"},\"url\":\"https:\/\/www.ladiagonale.net\/index.php\/author\/damien\/\"}]}<\/script>\n<!-- \/ Yoast SEO plugin. -->","yoast_head_json":{"title":"Officiel : Musaba quitte Monaco - La Diagonale","robots":{"index":"index","follow":"follow","max-snippet":"max-snippet:-1","max-image-preview":"max-image-preview:large","max-video-preview":"max-video-preview:-1"},"canonical":"https:\/\/www.ladiagonale.net\/index.php\/2023\/08\/03\/officiel-musaba-quitte-monaco\/","og_locale":"fr_FR","og_type":"article","og_title":"Officiel : Musaba quitte Monaco - La Diagonale","og_description":"L\u2019AS Monaco a annonc\u00e9 ce jeudi le transfert d\u2019Anthony Musaba en direction du club de Sheffield Wednesday. Aucun montant n\u2019a \u00e9t\u00e9 r\u00e9v\u00e9l\u00e9 mais selon les derni\u00e8res informations sorties, le N\u00e9erlandais de 22 ans aurait \u00e9t\u00e9 lib\u00e9r\u00e9 par l\u2019ASM afin de signer avec le pensionnaire de Championship. Un pourcentage \u00e0 la revente de 20% aurait toutefois [...]","og_url":"https:\/\/www.ladiagonale.net\/index.php\/2023\/08\/03\/officiel-musaba-quitte-monaco\/","og_site_name":"La Diagonale","article_published_time":"2023-08-03T11:04:08+00:00","article_modified_time":"2023-08-03T21:39:51+00:00","og_image":[{"width":1160,"height":650,"url":"https:\/\/www.ladiagonale.net\/wp-content\/uploads\/2023\/08\/musaba.png","type":"image\/png"}],"author":"Damien Dellerba","twitter_card":"summary_large_image","twitter_image":"https:\/\/www.ladiagonale.net\/wp-content\/uploads\/2023\/08\/musaba.png","twitter_misc":{"\u00c9crit par":"Damien Dellerba","Dur\u00e9e de lecture estim\u00e9e":"1 minute"},"schema":{"@context":"https:\/\/schema.org","@graph":[{"@type":"WebPage","@id":"https:\/\/www.ladiagonale.net\/index.php\/2023\/08\/03\/officiel-musaba-quitte-monaco\/","url":"https:\/\/www.ladiagonale.net\/index.php\/2023\/08\/03\/officiel-musaba-quitte-monaco\/","name":"Officiel : Musaba quitte Monaco - La Diagonale","isPartOf":{"@id":"https:\/\/www.ladiagonale.net\/#website"},"datePublished":"2023-08-03T11:04:08+00:00","dateModified":"2023-08-03T21:39:51+00:00","author":{"@id":"https:\/\/www.ladiagonale.net\/#\/schema\/person\/79ff1e7b0853ed01b2aa26e64ad300bf"},"breadcrumb":{"@id":"https:\/\/www.ladiagonale.net\/index.php\/2023\/08\/03\/officiel-musaba-quitte-monaco\/#breadcrumb"},"inLanguage":"fr-FR","potentialAction":[{"@type":"ReadAction","target":["https:\/\/www.ladiagonale.net\/index.php\/2023\/08\/03\/officiel-musaba-quitte-monaco\/"]}]},{"@type":"BreadcrumbList","@id":"https:\/\/www.ladiagonale.net\/index.php\/2023\/08\/03\/officiel-musaba-quitte-monaco\/#breadcrumb","itemListElement":[{"@type":"ListItem","position":1,"name":"Accueil","item":"https:\/\/www.ladiagonale.net\/"},{"@type":"ListItem","position":2,"name":"Officiel : Musaba quitte Monaco"}]},{"@type":"WebSite","@id":"https:\/\/www.ladiagonale.net\/#website","url":"https:\/\/www.ladiagonale.net\/","name":"La Diagonale","description":"Le site des supporters de l&#039;AS Monaco FC","potentialAction":[{"@type":"SearchAction","target":{"@type":"EntryPoint","urlTemplate":"https:\/\/www.ladiagonale.net\/?s={search_term_string}"},"query-input":"required name=search_term_string"}],"inLanguage":"fr-FR"},{"@type":"Person","@id":"https:\/\/www.ladiagonale.net\/#\/schema\/person\/79ff1e7b0853ed01b2aa26e64ad300bf","name":"Damien Dellerba","image":{"@type":"ImageObject","inLanguage":"fr-FR","@id":"https:\/\/www.ladiagonale.net\/#\/schema\/person\/image\/","url":"https:\/\/secure.gravatar.com\/avatar\/c7850e06d3ff63cdbaee88b7fc16e2f0?s=96&d=mm&r=g","contentUrl":"https:\/\/secure.gravatar.com\/avatar\/c7850e06d3ff63cdbaee88b7fc16e2f0?s=96&d=mm&r=g","caption":"Damien Dellerba"},"url":"https:\/\/www.ladiagonale.net\/index.php\/author\/damien\/"}]}},"_links":{"self":[{"href":"https:\/\/www.ladiagonale.net\/index.php\/wp-json\/wp\/v2\/posts\/14667"}],"collection":[{"href":"https:\/\/www.ladiagonale.net\/index.php\/wp-json\/wp\/v2\/posts"}],"about":[{"href":"https:\/\/www.ladiagonale.net\/index.php\/wp-json\/wp\/v2\/types\/post"}],"author":[{"embeddable":true,"href":"https:\/\/www.ladiagonale.net\/index.php\/wp-json\/wp\/v2\/users\/2"}],"replies":[{"embeddable":true,"href":"https:\/\/www.ladiagonale.net\/index.php\/wp-json\/wp\/v2\/comments?post=14667"}],"version-history":[{"count":2,"href":"https:\/\/www.ladiagonale.net\/index.php\/wp-json\/wp\/v2\/posts\/14667\/revisions"}],"predecessor-version":[{"id":14669,"href":"https:\/\/www.ladiagonale.net\/index.php\/wp-json\/wp\/v2\/posts\/14667\/revisions\/14669"}],"wp:attachment":[{"href":"https:\/\/www.ladiagonale.net\/index.php\/wp-json\/wp\/v2\/media?parent=14667"}],"wp:term":[{"taxonomy":"category","embeddable":true,"href":"https:\/\/www.ladiagonale.net\/index.php\/wp-json\/wp\/v2\/categories?post=14667"},{"taxonomy":"post_tag","embeddable":true,"href":"https:\/\/www.ladiagonale.net\/index.php\/wp-json\/wp\/v2\/tags?post=14667"}],"curies":[{"name":"wp","href":"https:\/\/api.w.org\/{rel}","templated":true}]}}