{"id":14706,"date":"2023-08-05T18:19:38","date_gmt":"2023-08-05T16:19:38","guid":{"rendered":"https:\/\/www.ladiagonale.net\/?p=14706"},"modified":"2023-08-05T18:19:40","modified_gmt":"2023-08-05T16:19:40","slug":"kohn-benaglio-ma-dit-beaucoup-de-bien-sur-monaco","status":"publish","type":"post","link":"https:\/\/www.ladiagonale.net\/index.php\/2023\/08\/05\/kohn-benaglio-ma-dit-beaucoup-de-bien-sur-monaco\/","title":{"rendered":"K\u00f6hn : \u00ab\u00a0Benaglio m\u2019a dit beaucoup de bien sur Monaco\u00a0\u00bb"},"content":{"rendered":"\n\n\n<p>Arriv\u00e9 cet \u00e9t\u00e9 pour faire oublier Alexander N\u00fcbel dans les cages de l\u2019AS Monaco, Philipp K\u00f6hn a donn\u00e9 un entretien fleuve sur le site officiel du club. L\u2019ancien joueur du RB Salzbourg a \u00e9voqu\u00e9 de nombreux sujets, et notamment celui de son int\u00e9gration : \u00ab\u00a0<em>Je me sens bien dans l\u2019\u00e9quipe, et je dois dire que d\u00e9marrer par un stage de pr\u00e9paration est plus facile pour s\u2019int\u00e9grer, en apprendre davantage sur ses partenaires et sur le staff. C\u2019est beaucoup plus simple je pense, car nous sommes ensemble 24h sur 24h, donc \u00e7a aide \u00e0 mieux se conna\u00eetre en tant que personnes. Nous avons aussi des activit\u00e9s de team building pour rapprocher les uns et les autres. C\u2019est \u00e9vident que \u00e7a acc\u00e9l\u00e8re les choses.<\/em>\u00a0\u00bb<\/p>\n\n\n\n<p>Lorsque l\u2019on \u00e9voque son transfert en Principaut\u00e9, Philipp K\u00f6hn a notamment demand\u00e9 conseil \u00e0 un autre gardien suisse pass\u00e9 par l\u2019AS Monaco :\u00a0\u00ab\u00a0<em>Quand je suis arriv\u00e9 \u00e0 Leipzig au d\u00e9but de ma carri\u00e8re, le club disputait sa premi\u00e8re campagne de Ligue des Champions. Dans le groupe il y avait Monaco, Besiktas et Porto. J\u2019avais rencontr\u00e9 Diego Benaglio, avec qui je suis rest\u00e9 en contact et qui m\u2019a dit beaucoup de bien sur le Club. Et il m\u2019a dit de ne pas h\u00e9siter \u00e0 le solliciter. C\u2019est toujours bien d\u2019avoir de bons retours en dehors, c\u2019est rassurant.\u00a0<\/em>\u00bb M\u00eame s\u2019il n\u2019oublie que le discours d\u2019H\u00fctter a aussi eu son importance : \u00ab\u00a0<em>Nous avons pu \u00e9changer par t\u00e9l\u00e9phone et c\u2019est forc\u00e9ment plus simple pour moi, \u00e9tant donn\u00e9 qu\u2019il parle ma langue natale.<\/em>\u00a0\u00bb<\/p>\n\n\n\n<blockquote class=\"wp-block-quote\"><p>\u00ab\u00a0Notre but \u00e0 tous \u00e0 la fin et de retrouver la fi\u00e8vre des soir\u00e9es europ\u00e9ennes\u00a0\u00bb<\/p><\/blockquote>\n\n\n\n<p>Avec son entra\u00eeneur des gardiens Fr\u00e9d\u00e9ric De Boever, finalement rest\u00e9 au club malgr\u00e9 le d\u00e9part de Philippe Clement et ses adjoints, les choses semblent \u00e9galement bien se passer : \u00ab\u00a0<em>J\u2019ai vraiment un bon feeling avec Fr\u00e9d\u00e9ric De Boever, le coach des gardiens, et tout le staff. Il m\u2019a dit :<\/em> \u00ab\u00a0Je ne vais pas t\u2019apprendre comment capter un ballon, tu sais d\u00e9j\u00e0 le faire. En revanche je vais t\u2019aider \u00e0 travailler ton cardio, ta concentration\u2026\u00a0\u00bb. <em>Ce sont des choses qui sont importantes dans des matchs difficiles pour faire la diff\u00e9rence \u00e0 la 80e minute quand il y a un but partout et que tu dois montrer que tu es l\u00e0. Je dois pouvoir permettre \u00e0 l\u2019\u00e9quipe de gagner des matchs, c\u2019est ma fa\u00e7on de voir mon r\u00f4le.<\/em>\u00a0\u00bb<\/p>\n\n\n\n<p>Pour Monaco, l\u2019objectif de la saison prochaine ne va pas beaucoup diff\u00e9rer par rapport \u00e0 celui des saisons pr\u00e9c\u00e9dentes, \u00e0 savoir retrouver la Ligue des champions. K\u00f6hn, qui a d\u00e9j\u00e0 l\u2019exp\u00e9rience de la C1, esp\u00e8re pouvoir retrouver l\u2019Europe rapidement avec l\u2019ASM : \u00ab\u00a0<em>J\u2019adore jouer ces rencontres o\u00f9 la pression est importante ! J\u2019aime \u00e9voluer sous pression, et j\u2019esp\u00e8re qu\u2019avec ce bon groupe que nous avons, nous pourrons rapidement retrouver l\u2019Europe la saison prochaine. C\u2019est notre objectif principal, comme l\u2019a dit le coach. Mais nous avons de bons gars, tous focus sur la pr\u00e9paration, donc je ne me fais pas de souci. (\u2026) Et encore une fois, notre but \u00e0 tous \u00e0 la fin est de retrouver la fi\u00e8vre des soir\u00e9es europ\u00e9ennes.<\/em>\u00a0\u00bb<\/p>\n\n\n\n<blockquote class=\"wp-block-quote\"><p>\u00ab\u00a0Lloris me ressemble un peu au niveau de la morphologie\u00a0\u00bb<\/p><\/blockquote>\n\n\n\n<p>Le portier suisse a aussi \u00e9voqu\u00e9 son poste de gardien et son \u00e9volution, qui demande d\u00e9sormais d\u2019\u00eatre plus complet : \u00ab\u00a0<em>Je dirais qu\u2019aujourd\u2019hui tu ne dois pas \u00eatre qu\u2019un simple gardien dans le football. Tu dois aussi savoir jouer avec les deux pieds, lire le jeu et bien \u00e9videmment arr\u00eater des tirs, le plus important ! Je pense \u00eatre assez complet dans tous ces compartiments du jeu, m\u00eame j\u2019ai encore des choses \u00e0 apprendre. Mais je suis \u00e0 un bon niveau et j\u2019esp\u00e8re que je pourrai encore progresser cette saison, comme je l\u2019ai prouv\u00e9 l\u2019an dernier.<\/em>\u00a0\u00bb<\/p>\n\n\n\n<p>K\u00f6hn se voit cependant assez proche de l\u2019\u00e9cole allemande, notamment sur la gestion des un contre un :\u00a0\u00ab\u00a0<em>Il est certain que je me rapproche du style allemand, dans la mani\u00e8re de jouer les face-\u00e0-face. J\u2019ai pu le constater \u00e0 l\u2019entra\u00eenement en voyant les diff\u00e9rences entre nous dans la fa\u00e7on de g\u00e9rer cette situation. Personnellement j\u2019essaye de rester le plus longtemps possible sur mes appuis. Mais \u00e0 la fin, le plus important n\u2019est pas la technique employ\u00e9e, mais bien d\u2019arr\u00eater le ballon !<\/em>\u00a0\u00bb<\/p>\n\n\n\n<p>Sans surprise, le gardien du Bayern Munich Manuel Neuer a \u00e9t\u00e9 d\u2019une grande influence pour K\u00f6hn, qui cite \u00e9galement Hugo Lloris : \u00ab\u00a0<em>Il n\u2019y a pas un gardien en particulier qui m\u2019inspire plus que d\u2019autres, j\u2019ai vraiment plusieurs exemples en t\u00eate. J\u2019aime prendre de chacun, m\u00eame si le style de Manuel Neuer me parle, sa mani\u00e8re de lire le jeu. Il est vraiment tr\u00e8s bon, mais j\u2019appr\u00e9cie aussi beaucoup Hugo Lloris dans l\u2019utilisation de son corps, car il me ressemble un peu au niveau de la morphologie. Il est tr\u00e8s rapide et a de super r\u00e9flexes. Mais encore une fois je m\u2019inspire de tous et essaye d\u2019avoir mon propre style \u00e0 moi.<\/em>\u00a0\u00bb<\/p>\n","protected":false},"excerpt":{"rendered":"<p>Arriv\u00e9 cet \u00e9t\u00e9 pour faire oublier Alexander N\u00fcbel dans les cages de l\u2019AS Monaco, Philipp K\u00f6hn a donn\u00e9 un entretien fleuve sur le site officiel du club. L\u2019ancien joueur du RB Salzbourg a \u00e9voqu\u00e9 de nombreux sujets, et notamment celui de son int\u00e9gration : \u00ab\u00a0Je me sens bien dans l\u2019\u00e9quipe, et je dois dire que [&#8230;]\n","protected":false},"author":2,"featured_media":0,"comment_status":"open","ping_status":"open","sticky":false,"template":"","format":"standard","meta":[],"categories":[6],"tags":[86,185,615],"yoast_head":"<!-- This site is optimized with the Yoast SEO plugin v19.8 - https:\/\/yoast.com\/wordpress\/plugins\/seo\/ -->\n<title>K\u00f6hn : \u00ab\u00a0Benaglio m\u2019a dit beaucoup de bien sur Monaco\u00a0\u00bb - La Diagonale<\/title>\n<meta name=\"robots\" content=\"index, follow, max-snippet:-1, max-image-preview:large, max-video-preview:-1\" \/>\n<link rel=\"canonical\" href=\"https:\/\/www.ladiagonale.net\/index.php\/2023\/08\/05\/kohn-benaglio-ma-dit-beaucoup-de-bien-sur-monaco\/\" \/>\n<meta property=\"og:locale\" content=\"fr_FR\" \/>\n<meta property=\"og:type\" content=\"article\" \/>\n<meta property=\"og:title\" content=\"K\u00f6hn : \u00ab\u00a0Benaglio m\u2019a dit beaucoup de bien sur Monaco\u00a0\u00bb - La Diagonale\" \/>\n<meta property=\"og:description\" content=\"Arriv\u00e9 cet \u00e9t\u00e9 pour faire oublier Alexander N\u00fcbel dans les cages de l\u2019AS Monaco, Philipp K\u00f6hn a donn\u00e9 un entretien fleuve sur le site officiel du club. L\u2019ancien joueur du RB Salzbourg a \u00e9voqu\u00e9 de nombreux sujets, et notamment celui de son int\u00e9gration : \u00ab\u00a0Je me sens bien dans l\u2019\u00e9quipe, et je dois dire que [...]\" \/>\n<meta property=\"og:url\" content=\"https:\/\/www.ladiagonale.net\/index.php\/2023\/08\/05\/kohn-benaglio-ma-dit-beaucoup-de-bien-sur-monaco\/\" \/>\n<meta property=\"og:site_name\" content=\"La Diagonale\" \/>\n<meta property=\"article:published_time\" content=\"2023-08-05T16:19:38+00:00\" \/>\n<meta property=\"article:modified_time\" content=\"2023-08-05T16:19:40+00:00\" \/>\n<meta property=\"og:image\" content=\"https:\/\/www.ladiagonale.net\/wp-content\/uploads\/2023\/08\/kohn2.png\" \/>\n\t<meta property=\"og:image:width\" content=\"1160\" \/>\n\t<meta property=\"og:image:height\" content=\"650\" \/>\n\t<meta property=\"og:image:type\" content=\"image\/png\" \/>\n<meta name=\"author\" content=\"Damien Dellerba\" \/>\n<meta name=\"twitter:card\" content=\"summary_large_image\" \/>\n<meta name=\"twitter:image\" content=\"https:\/\/www.ladiagonale.net\/wp-content\/uploads\/2023\/08\/kohn2.png\" \/>\n<meta name=\"twitter:label1\" content=\"\u00c9crit par\" \/>\n\t<meta name=\"twitter:data1\" content=\"Damien Dellerba\" \/>\n\t<meta name=\"twitter:label2\" content=\"Dur\u00e9e de lecture estim\u00e9e\" \/>\n\t<meta name=\"twitter:data2\" content=\"5 minutes\" \/>\n<script type=\"application\/ld+json\" class=\"yoast-schema-graph\">{\"@context\":\"https:\/\/schema.org\",\"@graph\":[{\"@type\":\"WebPage\",\"@id\":\"https:\/\/www.ladiagonale.net\/index.php\/2023\/08\/05\/kohn-benaglio-ma-dit-beaucoup-de-bien-sur-monaco\/\",\"url\":\"https:\/\/www.ladiagonale.net\/index.php\/2023\/08\/05\/kohn-benaglio-ma-dit-beaucoup-de-bien-sur-monaco\/\",\"name\":\"K\u00f6hn : \u00ab\u00a0Benaglio m\u2019a dit beaucoup de bien sur Monaco\u00a0\u00bb - La Diagonale\",\"isPartOf\":{\"@id\":\"https:\/\/www.ladiagonale.net\/#website\"},\"datePublished\":\"2023-08-05T16:19:38+00:00\",\"dateModified\":\"2023-08-05T16:19:40+00:00\",\"author\":{\"@id\":\"https:\/\/www.ladiagonale.net\/#\/schema\/person\/79ff1e7b0853ed01b2aa26e64ad300bf\"},\"breadcrumb\":{\"@id\":\"https:\/\/www.ladiagonale.net\/index.php\/2023\/08\/05\/kohn-benaglio-ma-dit-beaucoup-de-bien-sur-monaco\/#breadcrumb\"},\"inLanguage\":\"fr-FR\",\"potentialAction\":[{\"@type\":\"ReadAction\",\"target\":[\"https:\/\/www.ladiagonale.net\/index.php\/2023\/08\/05\/kohn-benaglio-ma-dit-beaucoup-de-bien-sur-monaco\/\"]}]},{\"@type\":\"BreadcrumbList\",\"@id\":\"https:\/\/www.ladiagonale.net\/index.php\/2023\/08\/05\/kohn-benaglio-ma-dit-beaucoup-de-bien-sur-monaco\/#breadcrumb\",\"itemListElement\":[{\"@type\":\"ListItem\",\"position\":1,\"name\":\"Accueil\",\"item\":\"https:\/\/www.ladiagonale.net\/\"},{\"@type\":\"ListItem\",\"position\":2,\"name\":\"K\u00f6hn : \u00ab\u00a0Benaglio m\u2019a dit beaucoup de bien sur Monaco\u00a0\u00bb\"}]},{\"@type\":\"WebSite\",\"@id\":\"https:\/\/www.ladiagonale.net\/#website\",\"url\":\"https:\/\/www.ladiagonale.net\/\",\"name\":\"La Diagonale\",\"description\":\"Le site des supporters de l&#039;AS Monaco FC\",\"potentialAction\":[{\"@type\":\"SearchAction\",\"target\":{\"@type\":\"EntryPoint\",\"urlTemplate\":\"https:\/\/www.ladiagonale.net\/?s={search_term_string}\"},\"query-input\":\"required name=search_term_string\"}],\"inLanguage\":\"fr-FR\"},{\"@type\":\"Person\",\"@id\":\"https:\/\/www.ladiagonale.net\/#\/schema\/person\/79ff1e7b0853ed01b2aa26e64ad300bf\",\"name\":\"Damien Dellerba\",\"image\":{\"@type\":\"ImageObject\",\"inLanguage\":\"fr-FR\",\"@id\":\"https:\/\/www.ladiagonale.net\/#\/schema\/person\/image\/\",\"url\":\"https:\/\/secure.gravatar.com\/avatar\/c7850e06d3ff63cdbaee88b7fc16e2f0?s=96&d=mm&r=g\",\"contentUrl\":\"https:\/\/secure.gravatar.com\/avatar\/c7850e06d3ff63cdbaee88b7fc16e2f0?s=96&d=mm&r=g\",\"caption\":\"Damien Dellerba\"},\"url\":\"https:\/\/www.ladiagonale.net\/index.php\/author\/damien\/\"}]}<\/script>\n<!-- \/ Yoast SEO plugin. -->","yoast_head_json":{"title":"K\u00f6hn : \u00ab\u00a0Benaglio m\u2019a dit beaucoup de bien sur Monaco\u00a0\u00bb - La Diagonale","robots":{"index":"index","follow":"follow","max-snippet":"max-snippet:-1","max-image-preview":"max-image-preview:large","max-video-preview":"max-video-preview:-1"},"canonical":"https:\/\/www.ladiagonale.net\/index.php\/2023\/08\/05\/kohn-benaglio-ma-dit-beaucoup-de-bien-sur-monaco\/","og_locale":"fr_FR","og_type":"article","og_title":"K\u00f6hn : \u00ab\u00a0Benaglio m\u2019a dit beaucoup de bien sur Monaco\u00a0\u00bb - La Diagonale","og_description":"Arriv\u00e9 cet \u00e9t\u00e9 pour faire oublier Alexander N\u00fcbel dans les cages de l\u2019AS Monaco, Philipp K\u00f6hn a donn\u00e9 un entretien fleuve sur le site officiel du club. L\u2019ancien joueur du RB Salzbourg a \u00e9voqu\u00e9 de nombreux sujets, et notamment celui de son int\u00e9gration : \u00ab\u00a0Je me sens bien dans l\u2019\u00e9quipe, et je dois dire que [...]","og_url":"https:\/\/www.ladiagonale.net\/index.php\/2023\/08\/05\/kohn-benaglio-ma-dit-beaucoup-de-bien-sur-monaco\/","og_site_name":"La Diagonale","article_published_time":"2023-08-05T16:19:38+00:00","article_modified_time":"2023-08-05T16:19:40+00:00","og_image":[{"width":1160,"height":650,"url":"https:\/\/www.ladiagonale.net\/wp-content\/uploads\/2023\/08\/kohn2.png","type":"image\/png"}],"author":"Damien Dellerba","twitter_card":"summary_large_image","twitter_image":"https:\/\/www.ladiagonale.net\/wp-content\/uploads\/2023\/08\/kohn2.png","twitter_misc":{"\u00c9crit par":"Damien Dellerba","Dur\u00e9e de lecture estim\u00e9e":"5 minutes"},"schema":{"@context":"https:\/\/schema.org","@graph":[{"@type":"WebPage","@id":"https:\/\/www.ladiagonale.net\/index.php\/2023\/08\/05\/kohn-benaglio-ma-dit-beaucoup-de-bien-sur-monaco\/","url":"https:\/\/www.ladiagonale.net\/index.php\/2023\/08\/05\/kohn-benaglio-ma-dit-beaucoup-de-bien-sur-monaco\/","name":"K\u00f6hn : \u00ab\u00a0Benaglio m\u2019a dit beaucoup de bien sur Monaco\u00a0\u00bb - La Diagonale","isPartOf":{"@id":"https:\/\/www.ladiagonale.net\/#website"},"datePublished":"2023-08-05T16:19:38+00:00","dateModified":"2023-08-05T16:19:40+00:00","author":{"@id":"https:\/\/www.ladiagonale.net\/#\/schema\/person\/79ff1e7b0853ed01b2aa26e64ad300bf"},"breadcrumb":{"@id":"https:\/\/www.ladiagonale.net\/index.php\/2023\/08\/05\/kohn-benaglio-ma-dit-beaucoup-de-bien-sur-monaco\/#breadcrumb"},"inLanguage":"fr-FR","potentialAction":[{"@type":"ReadAction","target":["https:\/\/www.ladiagonale.net\/index.php\/2023\/08\/05\/kohn-benaglio-ma-dit-beaucoup-de-bien-sur-monaco\/"]}]},{"@type":"BreadcrumbList","@id":"https:\/\/www.ladiagonale.net\/index.php\/2023\/08\/05\/kohn-benaglio-ma-dit-beaucoup-de-bien-sur-monaco\/#breadcrumb","itemListElement":[{"@type":"ListItem","position":1,"name":"Accueil","item":"https:\/\/www.ladiagonale.net\/"},{"@type":"ListItem","position":2,"name":"K\u00f6hn : \u00ab\u00a0Benaglio m\u2019a dit beaucoup de bien sur Monaco\u00a0\u00bb"}]},{"@type":"WebSite","@id":"https:\/\/www.ladiagonale.net\/#website","url":"https:\/\/www.ladiagonale.net\/","name":"La Diagonale","description":"Le site des supporters de l&#039;AS Monaco FC","potentialAction":[{"@type":"SearchAction","target":{"@type":"EntryPoint","urlTemplate":"https:\/\/www.ladiagonale.net\/?s={search_term_string}"},"query-input":"required name=search_term_string"}],"inLanguage":"fr-FR"},{"@type":"Person","@id":"https:\/\/www.ladiagonale.net\/#\/schema\/person\/79ff1e7b0853ed01b2aa26e64ad300bf","name":"Damien Dellerba","image":{"@type":"ImageObject","inLanguage":"fr-FR","@id":"https:\/\/www.ladiagonale.net\/#\/schema\/person\/image\/","url":"https:\/\/secure.gravatar.com\/avatar\/c7850e06d3ff63cdbaee88b7fc16e2f0?s=96&d=mm&r=g","contentUrl":"https:\/\/secure.gravatar.com\/avatar\/c7850e06d3ff63cdbaee88b7fc16e2f0?s=96&d=mm&r=g","caption":"Damien Dellerba"},"url":"https:\/\/www.ladiagonale.net\/index.php\/author\/damien\/"}]}},"_links":{"self":[{"href":"https:\/\/www.ladiagonale.net\/index.php\/wp-json\/wp\/v2\/posts\/14706"}],"collection":[{"href":"https:\/\/www.ladiagonale.net\/index.php\/wp-json\/wp\/v2\/posts"}],"about":[{"href":"https:\/\/www.ladiagonale.net\/index.php\/wp-json\/wp\/v2\/types\/post"}],"author":[{"embeddable":true,"href":"https:\/\/www.ladiagonale.net\/index.php\/wp-json\/wp\/v2\/users\/2"}],"replies":[{"embeddable":true,"href":"https:\/\/www.ladiagonale.net\/index.php\/wp-json\/wp\/v2\/comments?post=14706"}],"version-history":[{"count":1,"href":"https:\/\/www.ladiagonale.net\/index.php\/wp-json\/wp\/v2\/posts\/14706\/revisions"}],"predecessor-version":[{"id":14708,"href":"https:\/\/www.ladiagonale.net\/index.php\/wp-json\/wp\/v2\/posts\/14706\/revisions\/14708"}],"wp:attachment":[{"href":"https:\/\/www.ladiagonale.net\/index.php\/wp-json\/wp\/v2\/media?parent=14706"}],"wp:term":[{"taxonomy":"category","embeddable":true,"href":"https:\/\/www.ladiagonale.net\/index.php\/wp-json\/wp\/v2\/categories?post=14706"},{"taxonomy":"post_tag","embeddable":true,"href":"https:\/\/www.ladiagonale.net\/index.php\/wp-json\/wp\/v2\/tags?post=14706"}],"curies":[{"name":"wp","href":"https:\/\/api.w.org\/{rel}","templated":true}]}}