{"id":14709,"date":"2023-08-05T19:17:42","date_gmt":"2023-08-05T17:17:42","guid":{"rendered":"https:\/\/www.ladiagonale.net\/?p=14709"},"modified":"2023-08-10T14:22:44","modified_gmt":"2023-08-10T12:22:44","slug":"monaco-a-la-lutte-avec-chelsea-pour-washington","status":"publish","type":"post","link":"https:\/\/www.ladiagonale.net\/index.php\/2023\/08\/05\/monaco-a-la-lutte-avec-chelsea-pour-washington\/","title":{"rendered":"Monaco \u00e0 la lutte avec Chelsea pour Washington (Actualis\u00e9)."},"content":{"rendered":"\n\n\n<p>Monaco n&rsquo;a pas abandonn\u00e9 la piste menant \u00e0 Deivid Washington mais semble devoir d\u00e9sormais composer avec la concurrence de Chelsea sur ce dossier. Selon <em>Foot Mercato<\/em>, l&rsquo;attaquant br\u00e9silien de 18 ans aurait fait l&rsquo;objet d&rsquo;un accord entre son club de Santos et le club londonien, <a href=\"https:\/\/www.ladiagonale.net\/index.php\/2023\/08\/04\/officiel-disasi-signe-a-chelsea\/\">qui a achet\u00e9 r\u00e9cemment Axel Disasi<\/a> et formul\u00e9 une proposition de 20 millions d&rsquo;euros. Aux derni\u00e8res nouvelles, l&rsquo;offre faite par l&rsquo;ASM <a href=\"https:\/\/www.ladiagonale.net\/index.php\/2023\/07\/21\/monaco-voudrait-washington-pour-2024\/\">ne serait que de dix millions d&rsquo;euros<\/a> mais le club as\u00e9miste, qui travaillerait sur ce dossier depuis plusieurs semaines, aurait d\u00e9cid\u00e9 d&rsquo;augmenter son offre pour rester dans la course. <\/p>\n\n\n\n<p>Si les Mon\u00e9gasques sont en mesure de r\u00e9agir \u00e0 la proposition anglaise, c&rsquo;est probablement gr\u00e2ce \u00e0 la nature de l&rsquo;accord qui a permis le retour de Jean Lucas au Br\u00e9sil, et qui obligerait les dirigeants de Santos \u00e0 informer leurs homologues as\u00e9mistes si une quelconque offre leur parvenait concernant Washington. Ce dernier aurait d&rsquo;ailleurs une pr\u00e9f\u00e9rence pour Monaco, m\u00eame si l&rsquo;offre des Mon\u00e9gasques serait inf\u00e9rieure \u00e0 celle de Chelsea. Les prochaines heures pourraient \u00eatre d\u00e9cisives, pr\u00e9cise <em>Foot Mercato<\/em>, pour s&rsquo;arracher la signature de celui qui est sous contrat avec Santos jusqu&rsquo;en avril 2026.<\/p>\n\n\n\n<p><strong>Actualisation :<\/strong> <em>Foot Mercato<\/em> confirme que l&rsquo;ASM tenterait de reprendre la main dans ce dossier et que Thiago Scuro se trouverait au Br\u00e9sil pour essayer de convaincre Santos et le joueur de rejoindre la Principaut\u00e9.<\/p>\n","protected":false},"excerpt":{"rendered":"<p>Monaco n&rsquo;a pas abandonn\u00e9 la piste menant \u00e0 Deivid Washington mais semble devoir d\u00e9sormais composer avec la concurrence de Chelsea sur ce dossier. Selon Foot Mercato, l&rsquo;attaquant br\u00e9silien de 18 ans aurait fait l&rsquo;objet d&rsquo;un accord entre son club de Santos et le club londonien, qui a achet\u00e9 r\u00e9cemment Axel Disasi et formul\u00e9 une proposition [&#8230;]\n","protected":false},"author":2,"featured_media":0,"comment_status":"open","ping_status":"open","sticky":false,"template":"","format":"standard","meta":[],"categories":[6],"tags":[86,639,654,111,608,110],"yoast_head":"<!-- This site is optimized with the Yoast SEO plugin v19.8 - https:\/\/yoast.com\/wordpress\/plugins\/seo\/ -->\n<title>Monaco \u00e0 la lutte avec Chelsea pour Washington (Actualis\u00e9). - La Diagonale<\/title>\n<meta name=\"robots\" content=\"index, follow, max-snippet:-1, max-image-preview:large, max-video-preview:-1\" \/>\n<link rel=\"canonical\" href=\"https:\/\/www.ladiagonale.net\/index.php\/2023\/08\/05\/monaco-a-la-lutte-avec-chelsea-pour-washington\/\" \/>\n<meta property=\"og:locale\" content=\"fr_FR\" \/>\n<meta property=\"og:type\" content=\"article\" \/>\n<meta property=\"og:title\" content=\"Monaco \u00e0 la lutte avec Chelsea pour Washington (Actualis\u00e9). - La Diagonale\" \/>\n<meta property=\"og:description\" content=\"Monaco n&rsquo;a pas abandonn\u00e9 la piste menant \u00e0 Deivid Washington mais semble devoir d\u00e9sormais composer avec la concurrence de Chelsea sur ce dossier. Selon Foot Mercato, l&rsquo;attaquant br\u00e9silien de 18 ans aurait fait l&rsquo;objet d&rsquo;un accord entre son club de Santos et le club londonien, qui a achet\u00e9 r\u00e9cemment Axel Disasi et formul\u00e9 une proposition [...]\" \/>\n<meta property=\"og:url\" content=\"https:\/\/www.ladiagonale.net\/index.php\/2023\/08\/05\/monaco-a-la-lutte-avec-chelsea-pour-washington\/\" \/>\n<meta property=\"og:site_name\" content=\"La Diagonale\" \/>\n<meta property=\"article:published_time\" content=\"2023-08-05T17:17:42+00:00\" \/>\n<meta property=\"article:modified_time\" content=\"2023-08-10T12:22:44+00:00\" \/>\n<meta property=\"og:image\" content=\"https:\/\/www.ladiagonale.net\/wp-content\/uploads\/2023\/07\/washington.png\" \/>\n\t<meta property=\"og:image:width\" content=\"1160\" \/>\n\t<meta property=\"og:image:height\" content=\"650\" \/>\n\t<meta property=\"og:image:type\" content=\"image\/png\" \/>\n<meta name=\"author\" content=\"Damien Dellerba\" \/>\n<meta name=\"twitter:card\" content=\"summary_large_image\" \/>\n<meta name=\"twitter:image\" content=\"https:\/\/www.ladiagonale.net\/wp-content\/uploads\/2023\/07\/washington.png\" \/>\n<meta name=\"twitter:label1\" content=\"\u00c9crit par\" \/>\n\t<meta name=\"twitter:data1\" content=\"Damien Dellerba\" \/>\n\t<meta name=\"twitter:label2\" content=\"Dur\u00e9e de lecture estim\u00e9e\" \/>\n\t<meta name=\"twitter:data2\" content=\"2 minutes\" \/>\n<script type=\"application\/ld+json\" class=\"yoast-schema-graph\">{\"@context\":\"https:\/\/schema.org\",\"@graph\":[{\"@type\":\"WebPage\",\"@id\":\"https:\/\/www.ladiagonale.net\/index.php\/2023\/08\/05\/monaco-a-la-lutte-avec-chelsea-pour-washington\/\",\"url\":\"https:\/\/www.ladiagonale.net\/index.php\/2023\/08\/05\/monaco-a-la-lutte-avec-chelsea-pour-washington\/\",\"name\":\"Monaco \u00e0 la lutte avec Chelsea pour Washington (Actualis\u00e9). - La Diagonale\",\"isPartOf\":{\"@id\":\"https:\/\/www.ladiagonale.net\/#website\"},\"datePublished\":\"2023-08-05T17:17:42+00:00\",\"dateModified\":\"2023-08-10T12:22:44+00:00\",\"author\":{\"@id\":\"https:\/\/www.ladiagonale.net\/#\/schema\/person\/79ff1e7b0853ed01b2aa26e64ad300bf\"},\"breadcrumb\":{\"@id\":\"https:\/\/www.ladiagonale.net\/index.php\/2023\/08\/05\/monaco-a-la-lutte-avec-chelsea-pour-washington\/#breadcrumb\"},\"inLanguage\":\"fr-FR\",\"potentialAction\":[{\"@type\":\"ReadAction\",\"target\":[\"https:\/\/www.ladiagonale.net\/index.php\/2023\/08\/05\/monaco-a-la-lutte-avec-chelsea-pour-washington\/\"]}]},{\"@type\":\"BreadcrumbList\",\"@id\":\"https:\/\/www.ladiagonale.net\/index.php\/2023\/08\/05\/monaco-a-la-lutte-avec-chelsea-pour-washington\/#breadcrumb\",\"itemListElement\":[{\"@type\":\"ListItem\",\"position\":1,\"name\":\"Accueil\",\"item\":\"https:\/\/www.ladiagonale.net\/\"},{\"@type\":\"ListItem\",\"position\":2,\"name\":\"Monaco \u00e0 la lutte avec Chelsea pour Washington (Actualis\u00e9).\"}]},{\"@type\":\"WebSite\",\"@id\":\"https:\/\/www.ladiagonale.net\/#website\",\"url\":\"https:\/\/www.ladiagonale.net\/\",\"name\":\"La Diagonale\",\"description\":\"Le site des supporters de l&#039;AS Monaco FC\",\"potentialAction\":[{\"@type\":\"SearchAction\",\"target\":{\"@type\":\"EntryPoint\",\"urlTemplate\":\"https:\/\/www.ladiagonale.net\/?s={search_term_string}\"},\"query-input\":\"required name=search_term_string\"}],\"inLanguage\":\"fr-FR\"},{\"@type\":\"Person\",\"@id\":\"https:\/\/www.ladiagonale.net\/#\/schema\/person\/79ff1e7b0853ed01b2aa26e64ad300bf\",\"name\":\"Damien Dellerba\",\"image\":{\"@type\":\"ImageObject\",\"inLanguage\":\"fr-FR\",\"@id\":\"https:\/\/www.ladiagonale.net\/#\/schema\/person\/image\/\",\"url\":\"https:\/\/secure.gravatar.com\/avatar\/c7850e06d3ff63cdbaee88b7fc16e2f0?s=96&d=mm&r=g\",\"contentUrl\":\"https:\/\/secure.gravatar.com\/avatar\/c7850e06d3ff63cdbaee88b7fc16e2f0?s=96&d=mm&r=g\",\"caption\":\"Damien Dellerba\"},\"url\":\"https:\/\/www.ladiagonale.net\/index.php\/author\/damien\/\"}]}<\/script>\n<!-- \/ Yoast SEO plugin. -->","yoast_head_json":{"title":"Monaco \u00e0 la lutte avec Chelsea pour Washington (Actualis\u00e9). - La Diagonale","robots":{"index":"index","follow":"follow","max-snippet":"max-snippet:-1","max-image-preview":"max-image-preview:large","max-video-preview":"max-video-preview:-1"},"canonical":"https:\/\/www.ladiagonale.net\/index.php\/2023\/08\/05\/monaco-a-la-lutte-avec-chelsea-pour-washington\/","og_locale":"fr_FR","og_type":"article","og_title":"Monaco \u00e0 la lutte avec Chelsea pour Washington (Actualis\u00e9). - La Diagonale","og_description":"Monaco n&rsquo;a pas abandonn\u00e9 la piste menant \u00e0 Deivid Washington mais semble devoir d\u00e9sormais composer avec la concurrence de Chelsea sur ce dossier. Selon Foot Mercato, l&rsquo;attaquant br\u00e9silien de 18 ans aurait fait l&rsquo;objet d&rsquo;un accord entre son club de Santos et le club londonien, qui a achet\u00e9 r\u00e9cemment Axel Disasi et formul\u00e9 une proposition [...]","og_url":"https:\/\/www.ladiagonale.net\/index.php\/2023\/08\/05\/monaco-a-la-lutte-avec-chelsea-pour-washington\/","og_site_name":"La Diagonale","article_published_time":"2023-08-05T17:17:42+00:00","article_modified_time":"2023-08-10T12:22:44+00:00","og_image":[{"width":1160,"height":650,"url":"https:\/\/www.ladiagonale.net\/wp-content\/uploads\/2023\/07\/washington.png","type":"image\/png"}],"author":"Damien Dellerba","twitter_card":"summary_large_image","twitter_image":"https:\/\/www.ladiagonale.net\/wp-content\/uploads\/2023\/07\/washington.png","twitter_misc":{"\u00c9crit par":"Damien Dellerba","Dur\u00e9e de lecture estim\u00e9e":"2 minutes"},"schema":{"@context":"https:\/\/schema.org","@graph":[{"@type":"WebPage","@id":"https:\/\/www.ladiagonale.net\/index.php\/2023\/08\/05\/monaco-a-la-lutte-avec-chelsea-pour-washington\/","url":"https:\/\/www.ladiagonale.net\/index.php\/2023\/08\/05\/monaco-a-la-lutte-avec-chelsea-pour-washington\/","name":"Monaco \u00e0 la lutte avec Chelsea pour Washington (Actualis\u00e9). - La Diagonale","isPartOf":{"@id":"https:\/\/www.ladiagonale.net\/#website"},"datePublished":"2023-08-05T17:17:42+00:00","dateModified":"2023-08-10T12:22:44+00:00","author":{"@id":"https:\/\/www.ladiagonale.net\/#\/schema\/person\/79ff1e7b0853ed01b2aa26e64ad300bf"},"breadcrumb":{"@id":"https:\/\/www.ladiagonale.net\/index.php\/2023\/08\/05\/monaco-a-la-lutte-avec-chelsea-pour-washington\/#breadcrumb"},"inLanguage":"fr-FR","potentialAction":[{"@type":"ReadAction","target":["https:\/\/www.ladiagonale.net\/index.php\/2023\/08\/05\/monaco-a-la-lutte-avec-chelsea-pour-washington\/"]}]},{"@type":"BreadcrumbList","@id":"https:\/\/www.ladiagonale.net\/index.php\/2023\/08\/05\/monaco-a-la-lutte-avec-chelsea-pour-washington\/#breadcrumb","itemListElement":[{"@type":"ListItem","position":1,"name":"Accueil","item":"https:\/\/www.ladiagonale.net\/"},{"@type":"ListItem","position":2,"name":"Monaco \u00e0 la lutte avec Chelsea pour Washington (Actualis\u00e9)."}]},{"@type":"WebSite","@id":"https:\/\/www.ladiagonale.net\/#website","url":"https:\/\/www.ladiagonale.net\/","name":"La Diagonale","description":"Le site des supporters de l&#039;AS Monaco FC","potentialAction":[{"@type":"SearchAction","target":{"@type":"EntryPoint","urlTemplate":"https:\/\/www.ladiagonale.net\/?s={search_term_string}"},"query-input":"required name=search_term_string"}],"inLanguage":"fr-FR"},{"@type":"Person","@id":"https:\/\/www.ladiagonale.net\/#\/schema\/person\/79ff1e7b0853ed01b2aa26e64ad300bf","name":"Damien Dellerba","image":{"@type":"ImageObject","inLanguage":"fr-FR","@id":"https:\/\/www.ladiagonale.net\/#\/schema\/person\/image\/","url":"https:\/\/secure.gravatar.com\/avatar\/c7850e06d3ff63cdbaee88b7fc16e2f0?s=96&d=mm&r=g","contentUrl":"https:\/\/secure.gravatar.com\/avatar\/c7850e06d3ff63cdbaee88b7fc16e2f0?s=96&d=mm&r=g","caption":"Damien Dellerba"},"url":"https:\/\/www.ladiagonale.net\/index.php\/author\/damien\/"}]}},"_links":{"self":[{"href":"https:\/\/www.ladiagonale.net\/index.php\/wp-json\/wp\/v2\/posts\/14709"}],"collection":[{"href":"https:\/\/www.ladiagonale.net\/index.php\/wp-json\/wp\/v2\/posts"}],"about":[{"href":"https:\/\/www.ladiagonale.net\/index.php\/wp-json\/wp\/v2\/types\/post"}],"author":[{"embeddable":true,"href":"https:\/\/www.ladiagonale.net\/index.php\/wp-json\/wp\/v2\/users\/2"}],"replies":[{"embeddable":true,"href":"https:\/\/www.ladiagonale.net\/index.php\/wp-json\/wp\/v2\/comments?post=14709"}],"version-history":[{"count":3,"href":"https:\/\/www.ladiagonale.net\/index.php\/wp-json\/wp\/v2\/posts\/14709\/revisions"}],"predecessor-version":[{"id":14718,"href":"https:\/\/www.ladiagonale.net\/index.php\/wp-json\/wp\/v2\/posts\/14709\/revisions\/14718"}],"wp:attachment":[{"href":"https:\/\/www.ladiagonale.net\/index.php\/wp-json\/wp\/v2\/media?parent=14709"}],"wp:term":[{"taxonomy":"category","embeddable":true,"href":"https:\/\/www.ladiagonale.net\/index.php\/wp-json\/wp\/v2\/categories?post=14709"},{"taxonomy":"post_tag","embeddable":true,"href":"https:\/\/www.ladiagonale.net\/index.php\/wp-json\/wp\/v2\/tags?post=14709"}],"curies":[{"name":"wp","href":"https:\/\/api.w.org\/{rel}","templated":true}]}}