{"id":14712,"date":"2023-08-05T20:40:59","date_gmt":"2023-08-05T18:40:59","guid":{"rendered":"https:\/\/www.ladiagonale.net\/?p=14712"},"modified":"2023-08-05T20:41:03","modified_gmt":"2023-08-05T18:41:03","slug":"le-groupe-elite-bat-cannes-en-amical","status":"publish","type":"post","link":"https:\/\/www.ladiagonale.net\/index.php\/2023\/08\/05\/le-groupe-elite-bat-cannes-en-amical\/","title":{"rendered":"Le Groupe \u00c9lite bat Cannes en amical"},"content":{"rendered":"\n<p>Apr\u00e8s avoir termin\u00e9 \u00e0 la quatri\u00e8me place du Tournoi europ\u00e9en U21 la semaine derni\u00e8re, avec notamment deux d\u00e9faites contre Saint-\u00c9tienne et Nice, le Groupe \u00c9lite de l\u2019AS Monaco a retrouv\u00e9 le chemin de la victoire lors d\u2019une rencontre amicale contre l\u2019AS Cannes (3-2) au Centre de Performance de La Turbie. Baglieri, Coulibaly et Etonde sont les buteurs mon\u00e9gasques.<\/p>\n\n\n\n<p>Les choses ont mal d\u00e9but\u00e9es pour les Rouge et Blanc, qui ont encaiss\u00e9 un but de Gon\u00e7alves des l\u2019entame du match (0-1, 1re) et ont failli voir les D<em>ragons <\/em>faire le break, finalement sauv\u00e9s par la barre transversale au quart d\u2019heure de jeu. Dans la foul\u00e9e, Monaco est revenu gr\u00e2ce \u00e0 Enzo Baglieri sur penalty (1-1, 16e), lui qui s\u2019\u00e9tait loup\u00e9 dans l\u2019exercice contre Grasse, et a m\u00eame pris l\u2019avantage coup sur coup gr\u00e2ce \u00e0 une r\u00e9alisation de Mamadou Coulibaly (2-1, 17e). Un retour en force des hommes de Damien Perrinelle qui aurait pu se concr\u00e9tiser encore un peu plus si Nazim Baba\u00ef n\u2019avait pas trouv\u00e9 la barre transversale \u00e0 son tour.<\/p>\n\n\n\n<p>Les Cannois ne s\u2019en sont toutefois pas laiss\u00e9 compter et sont revenus \u00e0 hauteur des Mon\u00e9gasques (2-2, 27e), apr\u00e8s avoir heurt\u00e9 le poteau et mis \u00e0 contribution Yann Lienard \u00e0 plusieurs reprises. Apr\u00e8s un premier acte anim\u00e9 et sans vainqueur, Monaco a inscrit le but de la victoire en d\u00e9but de seconde p\u00e9riode. Romaric Etonde, en vue et b\u00e9n\u00e9ficiaire du penalty en premi\u00e8re p\u00e9riode, a repris victorieusement une tentative repouss\u00e9e de Baglieri pour permettre \u00e0 Monaco d\u2019engranger un succ\u00e8s face \u00e0 la formation de National 2. Mercredi, c\u2019est face \u00e0 l\u2019\u00e9quipe r\u00e9serve de Toulouse (N3) que les jeunes pousses as\u00e9mistes se frotteront.<\/p>\n\n\n\n<p><strong>Composition :<\/strong> Lienard \u2013 Baba\u00ef (Platret, 61e), Valme (Kuzmanovic, 46e), Bery (El Maach, 61e), Cartillier (Bakali, 61e) \u2013 Coulibaly (Bouabr\u00e9, 46e), Bamba (Gesan, 61e), Benama (Sow, 61e) \u2013 Etonde (Michal, 61e), Baglieri (Baranik, 61e), Efekele (Yacoub, 61e).<\/p>\n\n\n\n<p>Source : AS Monaco<\/p>\n","protected":false},"excerpt":{"rendered":"<p>Apr\u00e8s avoir termin\u00e9 \u00e0 la quatri\u00e8me place du Tournoi europ\u00e9en U21 la semaine derni\u00e8re, avec notamment deux d\u00e9faites contre Saint-\u00c9tienne et Nice, le Groupe \u00c9lite de l\u2019AS Monaco a retrouv\u00e9 le chemin de la victoire lors d\u2019une rencontre amicale contre l\u2019AS Cannes (3-2) au Centre de Performance de La Turbie. Baglieri, Coulibaly et Etonde sont [&#8230;]\n","protected":false},"author":2,"featured_media":0,"comment_status":"open","ping_status":"open","sticky":false,"template":"","format":"standard","meta":[],"categories":[6],"tags":[76,86,228],"yoast_head":"<!-- This site is optimized with the Yoast SEO plugin v19.8 - https:\/\/yoast.com\/wordpress\/plugins\/seo\/ -->\n<title>Le Groupe \u00c9lite bat Cannes en amical - La Diagonale<\/title>\n<meta name=\"robots\" content=\"index, follow, max-snippet:-1, max-image-preview:large, max-video-preview:-1\" \/>\n<link rel=\"canonical\" href=\"https:\/\/www.ladiagonale.net\/index.php\/2023\/08\/05\/le-groupe-elite-bat-cannes-en-amical\/\" \/>\n<meta property=\"og:locale\" content=\"fr_FR\" \/>\n<meta property=\"og:type\" content=\"article\" \/>\n<meta property=\"og:title\" content=\"Le Groupe \u00c9lite bat Cannes en amical - La Diagonale\" \/>\n<meta property=\"og:description\" content=\"Apr\u00e8s avoir termin\u00e9 \u00e0 la quatri\u00e8me place du Tournoi europ\u00e9en U21 la semaine derni\u00e8re, avec notamment deux d\u00e9faites contre Saint-\u00c9tienne et Nice, le Groupe \u00c9lite de l\u2019AS Monaco a retrouv\u00e9 le chemin de la victoire lors d\u2019une rencontre amicale contre l\u2019AS Cannes (3-2) au Centre de Performance de La Turbie. Baglieri, Coulibaly et Etonde sont [...]\" \/>\n<meta property=\"og:url\" content=\"https:\/\/www.ladiagonale.net\/index.php\/2023\/08\/05\/le-groupe-elite-bat-cannes-en-amical\/\" \/>\n<meta property=\"og:site_name\" content=\"La Diagonale\" \/>\n<meta property=\"article:published_time\" content=\"2023-08-05T18:40:59+00:00\" \/>\n<meta property=\"article:modified_time\" content=\"2023-08-05T18:41:03+00:00\" \/>\n<meta property=\"og:image\" content=\"https:\/\/www.ladiagonale.net\/wp-content\/uploads\/2023\/07\/Groupe-eliteS2.png\" \/>\n\t<meta property=\"og:image:width\" content=\"1160\" \/>\n\t<meta property=\"og:image:height\" content=\"650\" \/>\n\t<meta property=\"og:image:type\" content=\"image\/png\" \/>\n<meta name=\"author\" content=\"Damien Dellerba\" \/>\n<meta name=\"twitter:card\" content=\"summary_large_image\" \/>\n<meta name=\"twitter:image\" content=\"https:\/\/www.ladiagonale.net\/wp-content\/uploads\/2023\/07\/Groupe-eliteS2.png\" \/>\n<meta name=\"twitter:label1\" content=\"\u00c9crit par\" \/>\n\t<meta name=\"twitter:data1\" content=\"Damien Dellerba\" \/>\n\t<meta name=\"twitter:label2\" content=\"Dur\u00e9e de lecture estim\u00e9e\" \/>\n\t<meta name=\"twitter:data2\" content=\"2 minutes\" \/>\n<script type=\"application\/ld+json\" class=\"yoast-schema-graph\">{\"@context\":\"https:\/\/schema.org\",\"@graph\":[{\"@type\":\"WebPage\",\"@id\":\"https:\/\/www.ladiagonale.net\/index.php\/2023\/08\/05\/le-groupe-elite-bat-cannes-en-amical\/\",\"url\":\"https:\/\/www.ladiagonale.net\/index.php\/2023\/08\/05\/le-groupe-elite-bat-cannes-en-amical\/\",\"name\":\"Le Groupe \u00c9lite bat Cannes en amical - La Diagonale\",\"isPartOf\":{\"@id\":\"https:\/\/www.ladiagonale.net\/#website\"},\"datePublished\":\"2023-08-05T18:40:59+00:00\",\"dateModified\":\"2023-08-05T18:41:03+00:00\",\"author\":{\"@id\":\"https:\/\/www.ladiagonale.net\/#\/schema\/person\/79ff1e7b0853ed01b2aa26e64ad300bf\"},\"breadcrumb\":{\"@id\":\"https:\/\/www.ladiagonale.net\/index.php\/2023\/08\/05\/le-groupe-elite-bat-cannes-en-amical\/#breadcrumb\"},\"inLanguage\":\"fr-FR\",\"potentialAction\":[{\"@type\":\"ReadAction\",\"target\":[\"https:\/\/www.ladiagonale.net\/index.php\/2023\/08\/05\/le-groupe-elite-bat-cannes-en-amical\/\"]}]},{\"@type\":\"BreadcrumbList\",\"@id\":\"https:\/\/www.ladiagonale.net\/index.php\/2023\/08\/05\/le-groupe-elite-bat-cannes-en-amical\/#breadcrumb\",\"itemListElement\":[{\"@type\":\"ListItem\",\"position\":1,\"name\":\"Accueil\",\"item\":\"https:\/\/www.ladiagonale.net\/\"},{\"@type\":\"ListItem\",\"position\":2,\"name\":\"Le Groupe \u00c9lite bat Cannes en amical\"}]},{\"@type\":\"WebSite\",\"@id\":\"https:\/\/www.ladiagonale.net\/#website\",\"url\":\"https:\/\/www.ladiagonale.net\/\",\"name\":\"La Diagonale\",\"description\":\"Le site des supporters de l&#039;AS Monaco FC\",\"potentialAction\":[{\"@type\":\"SearchAction\",\"target\":{\"@type\":\"EntryPoint\",\"urlTemplate\":\"https:\/\/www.ladiagonale.net\/?s={search_term_string}\"},\"query-input\":\"required name=search_term_string\"}],\"inLanguage\":\"fr-FR\"},{\"@type\":\"Person\",\"@id\":\"https:\/\/www.ladiagonale.net\/#\/schema\/person\/79ff1e7b0853ed01b2aa26e64ad300bf\",\"name\":\"Damien Dellerba\",\"image\":{\"@type\":\"ImageObject\",\"inLanguage\":\"fr-FR\",\"@id\":\"https:\/\/www.ladiagonale.net\/#\/schema\/person\/image\/\",\"url\":\"https:\/\/secure.gravatar.com\/avatar\/c7850e06d3ff63cdbaee88b7fc16e2f0?s=96&d=mm&r=g\",\"contentUrl\":\"https:\/\/secure.gravatar.com\/avatar\/c7850e06d3ff63cdbaee88b7fc16e2f0?s=96&d=mm&r=g\",\"caption\":\"Damien Dellerba\"},\"url\":\"https:\/\/www.ladiagonale.net\/index.php\/author\/damien\/\"}]}<\/script>\n<!-- \/ Yoast SEO plugin. -->","yoast_head_json":{"title":"Le Groupe \u00c9lite bat Cannes en amical - La Diagonale","robots":{"index":"index","follow":"follow","max-snippet":"max-snippet:-1","max-image-preview":"max-image-preview:large","max-video-preview":"max-video-preview:-1"},"canonical":"https:\/\/www.ladiagonale.net\/index.php\/2023\/08\/05\/le-groupe-elite-bat-cannes-en-amical\/","og_locale":"fr_FR","og_type":"article","og_title":"Le Groupe \u00c9lite bat Cannes en amical - La Diagonale","og_description":"Apr\u00e8s avoir termin\u00e9 \u00e0 la quatri\u00e8me place du Tournoi europ\u00e9en U21 la semaine derni\u00e8re, avec notamment deux d\u00e9faites contre Saint-\u00c9tienne et Nice, le Groupe \u00c9lite de l\u2019AS Monaco a retrouv\u00e9 le chemin de la victoire lors d\u2019une rencontre amicale contre l\u2019AS Cannes (3-2) au Centre de Performance de La Turbie. Baglieri, Coulibaly et Etonde sont [...]","og_url":"https:\/\/www.ladiagonale.net\/index.php\/2023\/08\/05\/le-groupe-elite-bat-cannes-en-amical\/","og_site_name":"La Diagonale","article_published_time":"2023-08-05T18:40:59+00:00","article_modified_time":"2023-08-05T18:41:03+00:00","og_image":[{"width":1160,"height":650,"url":"https:\/\/www.ladiagonale.net\/wp-content\/uploads\/2023\/07\/Groupe-eliteS2.png","type":"image\/png"}],"author":"Damien Dellerba","twitter_card":"summary_large_image","twitter_image":"https:\/\/www.ladiagonale.net\/wp-content\/uploads\/2023\/07\/Groupe-eliteS2.png","twitter_misc":{"\u00c9crit par":"Damien Dellerba","Dur\u00e9e de lecture estim\u00e9e":"2 minutes"},"schema":{"@context":"https:\/\/schema.org","@graph":[{"@type":"WebPage","@id":"https:\/\/www.ladiagonale.net\/index.php\/2023\/08\/05\/le-groupe-elite-bat-cannes-en-amical\/","url":"https:\/\/www.ladiagonale.net\/index.php\/2023\/08\/05\/le-groupe-elite-bat-cannes-en-amical\/","name":"Le Groupe \u00c9lite bat Cannes en amical - La Diagonale","isPartOf":{"@id":"https:\/\/www.ladiagonale.net\/#website"},"datePublished":"2023-08-05T18:40:59+00:00","dateModified":"2023-08-05T18:41:03+00:00","author":{"@id":"https:\/\/www.ladiagonale.net\/#\/schema\/person\/79ff1e7b0853ed01b2aa26e64ad300bf"},"breadcrumb":{"@id":"https:\/\/www.ladiagonale.net\/index.php\/2023\/08\/05\/le-groupe-elite-bat-cannes-en-amical\/#breadcrumb"},"inLanguage":"fr-FR","potentialAction":[{"@type":"ReadAction","target":["https:\/\/www.ladiagonale.net\/index.php\/2023\/08\/05\/le-groupe-elite-bat-cannes-en-amical\/"]}]},{"@type":"BreadcrumbList","@id":"https:\/\/www.ladiagonale.net\/index.php\/2023\/08\/05\/le-groupe-elite-bat-cannes-en-amical\/#breadcrumb","itemListElement":[{"@type":"ListItem","position":1,"name":"Accueil","item":"https:\/\/www.ladiagonale.net\/"},{"@type":"ListItem","position":2,"name":"Le Groupe \u00c9lite bat Cannes en amical"}]},{"@type":"WebSite","@id":"https:\/\/www.ladiagonale.net\/#website","url":"https:\/\/www.ladiagonale.net\/","name":"La Diagonale","description":"Le site des supporters de l&#039;AS Monaco FC","potentialAction":[{"@type":"SearchAction","target":{"@type":"EntryPoint","urlTemplate":"https:\/\/www.ladiagonale.net\/?s={search_term_string}"},"query-input":"required name=search_term_string"}],"inLanguage":"fr-FR"},{"@type":"Person","@id":"https:\/\/www.ladiagonale.net\/#\/schema\/person\/79ff1e7b0853ed01b2aa26e64ad300bf","name":"Damien Dellerba","image":{"@type":"ImageObject","inLanguage":"fr-FR","@id":"https:\/\/www.ladiagonale.net\/#\/schema\/person\/image\/","url":"https:\/\/secure.gravatar.com\/avatar\/c7850e06d3ff63cdbaee88b7fc16e2f0?s=96&d=mm&r=g","contentUrl":"https:\/\/secure.gravatar.com\/avatar\/c7850e06d3ff63cdbaee88b7fc16e2f0?s=96&d=mm&r=g","caption":"Damien Dellerba"},"url":"https:\/\/www.ladiagonale.net\/index.php\/author\/damien\/"}]}},"_links":{"self":[{"href":"https:\/\/www.ladiagonale.net\/index.php\/wp-json\/wp\/v2\/posts\/14712"}],"collection":[{"href":"https:\/\/www.ladiagonale.net\/index.php\/wp-json\/wp\/v2\/posts"}],"about":[{"href":"https:\/\/www.ladiagonale.net\/index.php\/wp-json\/wp\/v2\/types\/post"}],"author":[{"embeddable":true,"href":"https:\/\/www.ladiagonale.net\/index.php\/wp-json\/wp\/v2\/users\/2"}],"replies":[{"embeddable":true,"href":"https:\/\/www.ladiagonale.net\/index.php\/wp-json\/wp\/v2\/comments?post=14712"}],"version-history":[{"count":2,"href":"https:\/\/www.ladiagonale.net\/index.php\/wp-json\/wp\/v2\/posts\/14712\/revisions"}],"predecessor-version":[{"id":14714,"href":"https:\/\/www.ladiagonale.net\/index.php\/wp-json\/wp\/v2\/posts\/14712\/revisions\/14714"}],"wp:attachment":[{"href":"https:\/\/www.ladiagonale.net\/index.php\/wp-json\/wp\/v2\/media?parent=14712"}],"wp:term":[{"taxonomy":"category","embeddable":true,"href":"https:\/\/www.ladiagonale.net\/index.php\/wp-json\/wp\/v2\/categories?post=14712"},{"taxonomy":"post_tag","embeddable":true,"href":"https:\/\/www.ladiagonale.net\/index.php\/wp-json\/wp\/v2\/tags?post=14712"}],"curies":[{"name":"wp","href":"https:\/\/api.w.org\/{rel}","templated":true}]}}