{"id":14715,"date":"2023-08-06T19:02:49","date_gmt":"2023-08-06T17:02:49","guid":{"rendered":"https:\/\/www.ladiagonale.net\/?p=14715"},"modified":"2023-08-06T19:07:31","modified_gmt":"2023-08-06T17:07:31","slug":"zakaria-serait-proche-de-monaco","status":"publish","type":"post","link":"https:\/\/www.ladiagonale.net\/index.php\/2023\/08\/06\/zakaria-serait-proche-de-monaco\/","title":{"rendered":"Zakaria serait proche de Monaco"},"content":{"rendered":"\n\n\n<p>En ce d\u00e9but de mois d&rsquo;ao\u00fbt, et \u00e0 une semaine de la reprise de la Ligue 1, l&rsquo;AS Monaco s&rsquo;active sur le march\u00e9 des transferts. Apr\u00e8s avoir enregistr\u00e9 <a href=\"https:\/\/www.ladiagonale.net\/index.php\/2023\/08\/01\/officiel-salisu-sengage-a-monaco\/\">l&rsquo;arriv\u00e9e de Mohammed Salisu<\/a>, le club as\u00e9miste aurait vu Denis Zakaria se rapprocher de la Principaut\u00e9. D&rsquo;apr\u00e8s <em>Foot Mercato<\/em>, le dossier serait jug\u00e9 en bonne voie et le milieu de terrain de 26 ans aurait un accord avec l&rsquo;ASM pour un contrat de quatre saisons. <\/p>\n\n\n\n<p>D&rsquo;apr\u00e8s le m\u00e9dia sp\u00e9cialis\u00e9 dans les transferts, les pourparlers se poursuivraient d\u00e9sormais avec la Juventus, alors que <em>La Gazetta dello sport<\/em> avait annonc\u00e9 <a href=\"https:\/\/www.ladiagonale.net\/index.php\/2023\/07\/31\/monaco-aurait-un-accord-avec-la-juventus-pour-zakaria\/\">un accord autour de 20 millions d&rsquo;euros<\/a> pour l&rsquo;international suisse (49 s\u00e9lections), qui dispose d&rsquo;un contrat dans le Pi\u00e9mont jusqu&rsquo;en 2026. Fabrizio Romano, pour sa part, indique que l&rsquo;ASM serait confiante de voir le dossier boucl\u00e9 d&rsquo;ici la semaine prochaine. West Ham et Leipzig resteraient toujours des pr\u00e9tendants pour l&rsquo;ancien joueur des Young Boys et du Borussia M\u00f6nchengladbach, qui conna\u00eet donc bien Adi H\u00fctter. <\/p>\n","protected":false},"excerpt":{"rendered":"<p>En ce d\u00e9but de mois d&rsquo;ao\u00fbt, et \u00e0 une semaine de la reprise de la Ligue 1, l&rsquo;AS Monaco s&rsquo;active sur le march\u00e9 des transferts. Apr\u00e8s avoir enregistr\u00e9 l&rsquo;arriv\u00e9e de Mohammed Salisu, le club as\u00e9miste aurait vu Denis Zakaria se rapprocher de la Principaut\u00e9. D&rsquo;apr\u00e8s Foot Mercato, le dossier serait jug\u00e9 en bonne voie et [&#8230;]\n","protected":false},"author":2,"featured_media":0,"comment_status":"open","ping_status":"open","sticky":false,"template":"","format":"standard","meta":[],"categories":[6],"tags":[86,631,632,111,110],"yoast_head":"<!-- This site is optimized with the Yoast SEO plugin v19.8 - https:\/\/yoast.com\/wordpress\/plugins\/seo\/ -->\n<title>Zakaria serait proche de Monaco - La Diagonale<\/title>\n<meta name=\"robots\" content=\"index, follow, max-snippet:-1, max-image-preview:large, max-video-preview:-1\" \/>\n<link rel=\"canonical\" href=\"https:\/\/www.ladiagonale.net\/index.php\/2023\/08\/06\/zakaria-serait-proche-de-monaco\/\" \/>\n<meta property=\"og:locale\" content=\"fr_FR\" \/>\n<meta property=\"og:type\" content=\"article\" \/>\n<meta property=\"og:title\" content=\"Zakaria serait proche de Monaco - La Diagonale\" \/>\n<meta property=\"og:description\" content=\"En ce d\u00e9but de mois d&rsquo;ao\u00fbt, et \u00e0 une semaine de la reprise de la Ligue 1, l&rsquo;AS Monaco s&rsquo;active sur le march\u00e9 des transferts. Apr\u00e8s avoir enregistr\u00e9 l&rsquo;arriv\u00e9e de Mohammed Salisu, le club as\u00e9miste aurait vu Denis Zakaria se rapprocher de la Principaut\u00e9. D&rsquo;apr\u00e8s Foot Mercato, le dossier serait jug\u00e9 en bonne voie et [...]\" \/>\n<meta property=\"og:url\" content=\"https:\/\/www.ladiagonale.net\/index.php\/2023\/08\/06\/zakaria-serait-proche-de-monaco\/\" \/>\n<meta property=\"og:site_name\" content=\"La Diagonale\" \/>\n<meta property=\"article:published_time\" content=\"2023-08-06T17:02:49+00:00\" \/>\n<meta property=\"article:modified_time\" content=\"2023-08-06T17:07:31+00:00\" \/>\n<meta property=\"og:image\" content=\"https:\/\/www.ladiagonale.net\/wp-content\/uploads\/2023\/07\/zakaria.png\" \/>\n\t<meta property=\"og:image:width\" content=\"1160\" \/>\n\t<meta property=\"og:image:height\" content=\"650\" \/>\n\t<meta property=\"og:image:type\" content=\"image\/png\" \/>\n<meta name=\"author\" content=\"Damien Dellerba\" \/>\n<meta name=\"twitter:card\" content=\"summary_large_image\" \/>\n<meta name=\"twitter:image\" content=\"https:\/\/www.ladiagonale.net\/wp-content\/uploads\/2023\/07\/zakaria.png\" \/>\n<meta name=\"twitter:label1\" content=\"\u00c9crit par\" \/>\n\t<meta name=\"twitter:data1\" content=\"Damien Dellerba\" \/>\n\t<meta name=\"twitter:label2\" content=\"Dur\u00e9e de lecture estim\u00e9e\" \/>\n\t<meta name=\"twitter:data2\" content=\"1 minute\" \/>\n<script type=\"application\/ld+json\" class=\"yoast-schema-graph\">{\"@context\":\"https:\/\/schema.org\",\"@graph\":[{\"@type\":\"WebPage\",\"@id\":\"https:\/\/www.ladiagonale.net\/index.php\/2023\/08\/06\/zakaria-serait-proche-de-monaco\/\",\"url\":\"https:\/\/www.ladiagonale.net\/index.php\/2023\/08\/06\/zakaria-serait-proche-de-monaco\/\",\"name\":\"Zakaria serait proche de Monaco - La Diagonale\",\"isPartOf\":{\"@id\":\"https:\/\/www.ladiagonale.net\/#website\"},\"datePublished\":\"2023-08-06T17:02:49+00:00\",\"dateModified\":\"2023-08-06T17:07:31+00:00\",\"author\":{\"@id\":\"https:\/\/www.ladiagonale.net\/#\/schema\/person\/79ff1e7b0853ed01b2aa26e64ad300bf\"},\"breadcrumb\":{\"@id\":\"https:\/\/www.ladiagonale.net\/index.php\/2023\/08\/06\/zakaria-serait-proche-de-monaco\/#breadcrumb\"},\"inLanguage\":\"fr-FR\",\"potentialAction\":[{\"@type\":\"ReadAction\",\"target\":[\"https:\/\/www.ladiagonale.net\/index.php\/2023\/08\/06\/zakaria-serait-proche-de-monaco\/\"]}]},{\"@type\":\"BreadcrumbList\",\"@id\":\"https:\/\/www.ladiagonale.net\/index.php\/2023\/08\/06\/zakaria-serait-proche-de-monaco\/#breadcrumb\",\"itemListElement\":[{\"@type\":\"ListItem\",\"position\":1,\"name\":\"Accueil\",\"item\":\"https:\/\/www.ladiagonale.net\/\"},{\"@type\":\"ListItem\",\"position\":2,\"name\":\"Zakaria serait proche de Monaco\"}]},{\"@type\":\"WebSite\",\"@id\":\"https:\/\/www.ladiagonale.net\/#website\",\"url\":\"https:\/\/www.ladiagonale.net\/\",\"name\":\"La Diagonale\",\"description\":\"Le site des supporters de l&#039;AS Monaco FC\",\"potentialAction\":[{\"@type\":\"SearchAction\",\"target\":{\"@type\":\"EntryPoint\",\"urlTemplate\":\"https:\/\/www.ladiagonale.net\/?s={search_term_string}\"},\"query-input\":\"required name=search_term_string\"}],\"inLanguage\":\"fr-FR\"},{\"@type\":\"Person\",\"@id\":\"https:\/\/www.ladiagonale.net\/#\/schema\/person\/79ff1e7b0853ed01b2aa26e64ad300bf\",\"name\":\"Damien Dellerba\",\"image\":{\"@type\":\"ImageObject\",\"inLanguage\":\"fr-FR\",\"@id\":\"https:\/\/www.ladiagonale.net\/#\/schema\/person\/image\/\",\"url\":\"https:\/\/secure.gravatar.com\/avatar\/c7850e06d3ff63cdbaee88b7fc16e2f0?s=96&d=mm&r=g\",\"contentUrl\":\"https:\/\/secure.gravatar.com\/avatar\/c7850e06d3ff63cdbaee88b7fc16e2f0?s=96&d=mm&r=g\",\"caption\":\"Damien Dellerba\"},\"url\":\"https:\/\/www.ladiagonale.net\/index.php\/author\/damien\/\"}]}<\/script>\n<!-- \/ Yoast SEO plugin. -->","yoast_head_json":{"title":"Zakaria serait proche de Monaco - La Diagonale","robots":{"index":"index","follow":"follow","max-snippet":"max-snippet:-1","max-image-preview":"max-image-preview:large","max-video-preview":"max-video-preview:-1"},"canonical":"https:\/\/www.ladiagonale.net\/index.php\/2023\/08\/06\/zakaria-serait-proche-de-monaco\/","og_locale":"fr_FR","og_type":"article","og_title":"Zakaria serait proche de Monaco - La Diagonale","og_description":"En ce d\u00e9but de mois d&rsquo;ao\u00fbt, et \u00e0 une semaine de la reprise de la Ligue 1, l&rsquo;AS Monaco s&rsquo;active sur le march\u00e9 des transferts. Apr\u00e8s avoir enregistr\u00e9 l&rsquo;arriv\u00e9e de Mohammed Salisu, le club as\u00e9miste aurait vu Denis Zakaria se rapprocher de la Principaut\u00e9. D&rsquo;apr\u00e8s Foot Mercato, le dossier serait jug\u00e9 en bonne voie et [...]","og_url":"https:\/\/www.ladiagonale.net\/index.php\/2023\/08\/06\/zakaria-serait-proche-de-monaco\/","og_site_name":"La Diagonale","article_published_time":"2023-08-06T17:02:49+00:00","article_modified_time":"2023-08-06T17:07:31+00:00","og_image":[{"width":1160,"height":650,"url":"https:\/\/www.ladiagonale.net\/wp-content\/uploads\/2023\/07\/zakaria.png","type":"image\/png"}],"author":"Damien Dellerba","twitter_card":"summary_large_image","twitter_image":"https:\/\/www.ladiagonale.net\/wp-content\/uploads\/2023\/07\/zakaria.png","twitter_misc":{"\u00c9crit par":"Damien Dellerba","Dur\u00e9e de lecture estim\u00e9e":"1 minute"},"schema":{"@context":"https:\/\/schema.org","@graph":[{"@type":"WebPage","@id":"https:\/\/www.ladiagonale.net\/index.php\/2023\/08\/06\/zakaria-serait-proche-de-monaco\/","url":"https:\/\/www.ladiagonale.net\/index.php\/2023\/08\/06\/zakaria-serait-proche-de-monaco\/","name":"Zakaria serait proche de Monaco - La Diagonale","isPartOf":{"@id":"https:\/\/www.ladiagonale.net\/#website"},"datePublished":"2023-08-06T17:02:49+00:00","dateModified":"2023-08-06T17:07:31+00:00","author":{"@id":"https:\/\/www.ladiagonale.net\/#\/schema\/person\/79ff1e7b0853ed01b2aa26e64ad300bf"},"breadcrumb":{"@id":"https:\/\/www.ladiagonale.net\/index.php\/2023\/08\/06\/zakaria-serait-proche-de-monaco\/#breadcrumb"},"inLanguage":"fr-FR","potentialAction":[{"@type":"ReadAction","target":["https:\/\/www.ladiagonale.net\/index.php\/2023\/08\/06\/zakaria-serait-proche-de-monaco\/"]}]},{"@type":"BreadcrumbList","@id":"https:\/\/www.ladiagonale.net\/index.php\/2023\/08\/06\/zakaria-serait-proche-de-monaco\/#breadcrumb","itemListElement":[{"@type":"ListItem","position":1,"name":"Accueil","item":"https:\/\/www.ladiagonale.net\/"},{"@type":"ListItem","position":2,"name":"Zakaria serait proche de Monaco"}]},{"@type":"WebSite","@id":"https:\/\/www.ladiagonale.net\/#website","url":"https:\/\/www.ladiagonale.net\/","name":"La Diagonale","description":"Le site des supporters de l&#039;AS Monaco FC","potentialAction":[{"@type":"SearchAction","target":{"@type":"EntryPoint","urlTemplate":"https:\/\/www.ladiagonale.net\/?s={search_term_string}"},"query-input":"required name=search_term_string"}],"inLanguage":"fr-FR"},{"@type":"Person","@id":"https:\/\/www.ladiagonale.net\/#\/schema\/person\/79ff1e7b0853ed01b2aa26e64ad300bf","name":"Damien Dellerba","image":{"@type":"ImageObject","inLanguage":"fr-FR","@id":"https:\/\/www.ladiagonale.net\/#\/schema\/person\/image\/","url":"https:\/\/secure.gravatar.com\/avatar\/c7850e06d3ff63cdbaee88b7fc16e2f0?s=96&d=mm&r=g","contentUrl":"https:\/\/secure.gravatar.com\/avatar\/c7850e06d3ff63cdbaee88b7fc16e2f0?s=96&d=mm&r=g","caption":"Damien Dellerba"},"url":"https:\/\/www.ladiagonale.net\/index.php\/author\/damien\/"}]}},"_links":{"self":[{"href":"https:\/\/www.ladiagonale.net\/index.php\/wp-json\/wp\/v2\/posts\/14715"}],"collection":[{"href":"https:\/\/www.ladiagonale.net\/index.php\/wp-json\/wp\/v2\/posts"}],"about":[{"href":"https:\/\/www.ladiagonale.net\/index.php\/wp-json\/wp\/v2\/types\/post"}],"author":[{"embeddable":true,"href":"https:\/\/www.ladiagonale.net\/index.php\/wp-json\/wp\/v2\/users\/2"}],"replies":[{"embeddable":true,"href":"https:\/\/www.ladiagonale.net\/index.php\/wp-json\/wp\/v2\/comments?post=14715"}],"version-history":[{"count":2,"href":"https:\/\/www.ladiagonale.net\/index.php\/wp-json\/wp\/v2\/posts\/14715\/revisions"}],"predecessor-version":[{"id":14717,"href":"https:\/\/www.ladiagonale.net\/index.php\/wp-json\/wp\/v2\/posts\/14715\/revisions\/14717"}],"wp:attachment":[{"href":"https:\/\/www.ladiagonale.net\/index.php\/wp-json\/wp\/v2\/media?parent=14715"}],"wp:term":[{"taxonomy":"category","embeddable":true,"href":"https:\/\/www.ladiagonale.net\/index.php\/wp-json\/wp\/v2\/categories?post=14715"},{"taxonomy":"post_tag","embeddable":true,"href":"https:\/\/www.ladiagonale.net\/index.php\/wp-json\/wp\/v2\/tags?post=14715"}],"curies":[{"name":"wp","href":"https:\/\/api.w.org\/{rel}","templated":true}]}}