{"id":14723,"date":"2023-08-07T11:23:29","date_gmt":"2023-08-07T09:23:29","guid":{"rendered":"https:\/\/www.ladiagonale.net\/?p=14723"},"modified":"2024-04-21T19:24:55","modified_gmt":"2024-04-21T17:24:55","slug":"embolo-sera-absent-plusieurs-mois","status":"publish","type":"post","link":"https:\/\/www.ladiagonale.net\/index.php\/2023\/08\/07\/embolo-sera-absent-plusieurs-mois\/","title":{"rendered":"Embolo sera absent plusieurs mois"},"content":{"rendered":"\n\n\n<p>C&rsquo;est un gros coup dur pour l&rsquo;AS Monaco. Le club de la Principaut\u00e9 a annonc\u00e9 ce lundi la blessure de Breel Embolo, victime d&rsquo;une rupture des ligaments crois\u00e9s \u00e0 un genou survenue \u00e0 l&rsquo;entra\u00eenement. L&rsquo;attaquant suisse sera d&rsquo;ores et d\u00e9j\u00e0 absent pour plusieurs mois. L&rsquo;ASM n&rsquo;a pas pr\u00e9cis\u00e9 s&rsquo;il s&rsquo;agissait du m\u00eame genou que celui qui avait subi une entorse quelques mois plus t\u00f4t, lors de la rencontre face \u00e0 Ajaccio (le 19 mars) et qui lui avait valu huit semaines d&rsquo;arr\u00eat.<\/p>\n\n\n\n<p>Face \u00e0 la d\u00e9licate situation de l&rsquo;\u00e9quipe en fin de saison derni\u00e8re, Embolo avait d\u00fb prendre son mal en patience avant de retrouver les terrains (le 14 mai contre Lille), mais toujours en sortie de banc. Il s&rsquo;\u00e9tait bless\u00e9 de nouveau contre Toulouse, \u00e0 l&rsquo;occasion de la 38<sup>e<\/sup> journ\u00e9e, ce qui lui avait notamment fait manquer le rassemblement en s\u00e9lection en juin. <\/p>\n\n\n\n<p>Durant toute la pr\u00e9saison, Embolo s&rsquo;est surtout entra\u00een\u00e9 individuellement et n&rsquo;a particip\u00e9 \u00e0 aucun match de pr\u00e9paration. Il y a seulement deux semaines, au moment de la r\u00e9v\u00e9lation du troisi\u00e8me maillot, <a href=\"https:\/\/www.ladiagonale.net\/index.php\/2023\/07\/27\/embolo-continue-le-travail-individuel\/\">l&rsquo;international suisse se disait confiant quant au fait d&rsquo;\u00eatre pr\u00eat pour la reprise du championnat<\/a>, programm\u00e9e ce dimanche (15h) contre Clermont. Mais l&rsquo;attaquant mon\u00e9gasque va devoir faire preuve d&rsquo;encore un peu plus de patience.<\/p>\n","protected":false},"excerpt":{"rendered":"<p>C&rsquo;est un gros coup dur pour l&rsquo;AS Monaco. Le club de la Principaut\u00e9 a annonc\u00e9 ce lundi la blessure de Breel Embolo, victime d&rsquo;une rupture des ligaments crois\u00e9s \u00e0 un genou survenue \u00e0 l&rsquo;entra\u00eenement. L&rsquo;attaquant suisse sera d&rsquo;ores et d\u00e9j\u00e0 absent pour plusieurs mois. L&rsquo;ASM n&rsquo;a pas pr\u00e9cis\u00e9 s&rsquo;il s&rsquo;agissait du m\u00eame genou que celui [&#8230;]\n","protected":false},"author":2,"featured_media":8259,"comment_status":"open","ping_status":"open","sticky":false,"template":"","format":"standard","meta":[],"categories":[5,6],"tags":[86,161,196],"yoast_head":"<!-- This site is optimized with the Yoast SEO plugin v19.8 - https:\/\/yoast.com\/wordpress\/plugins\/seo\/ -->\n<title>Embolo sera absent plusieurs mois - La Diagonale<\/title>\n<meta name=\"robots\" content=\"index, follow, max-snippet:-1, max-image-preview:large, max-video-preview:-1\" \/>\n<link rel=\"canonical\" href=\"https:\/\/www.ladiagonale.net\/index.php\/2023\/08\/07\/embolo-sera-absent-plusieurs-mois\/\" \/>\n<meta property=\"og:locale\" content=\"fr_FR\" \/>\n<meta property=\"og:type\" content=\"article\" \/>\n<meta property=\"og:title\" content=\"Embolo sera absent plusieurs mois - La Diagonale\" \/>\n<meta property=\"og:description\" content=\"C&rsquo;est un gros coup dur pour l&rsquo;AS Monaco. Le club de la Principaut\u00e9 a annonc\u00e9 ce lundi la blessure de Breel Embolo, victime d&rsquo;une rupture des ligaments crois\u00e9s \u00e0 un genou survenue \u00e0 l&rsquo;entra\u00eenement. L&rsquo;attaquant suisse sera d&rsquo;ores et d\u00e9j\u00e0 absent pour plusieurs mois. L&rsquo;ASM n&rsquo;a pas pr\u00e9cis\u00e9 s&rsquo;il s&rsquo;agissait du m\u00eame genou que celui [...]\" \/>\n<meta property=\"og:url\" content=\"https:\/\/www.ladiagonale.net\/index.php\/2023\/08\/07\/embolo-sera-absent-plusieurs-mois\/\" \/>\n<meta property=\"og:site_name\" content=\"La Diagonale\" \/>\n<meta property=\"article:published_time\" content=\"2023-08-07T09:23:29+00:00\" \/>\n<meta property=\"article:modified_time\" content=\"2024-04-21T17:24:55+00:00\" \/>\n<meta property=\"og:image\" content=\"https:\/\/www.ladiagonale.net\/wp-content\/uploads\/2023\/01\/embolo.png\" \/>\n\t<meta property=\"og:image:width\" content=\"1160\" \/>\n\t<meta property=\"og:image:height\" content=\"650\" \/>\n\t<meta property=\"og:image:type\" content=\"image\/png\" \/>\n<meta name=\"author\" content=\"Damien Dellerba\" \/>\n<meta name=\"twitter:card\" content=\"summary_large_image\" \/>\n<meta name=\"twitter:image\" content=\"https:\/\/www.ladiagonale.net\/wp-content\/uploads\/2023\/01\/embolo.png\" \/>\n<meta name=\"twitter:label1\" content=\"\u00c9crit par\" \/>\n\t<meta name=\"twitter:data1\" content=\"Damien Dellerba\" \/>\n\t<meta name=\"twitter:label2\" content=\"Dur\u00e9e de lecture estim\u00e9e\" \/>\n\t<meta name=\"twitter:data2\" content=\"2 minutes\" \/>\n<script type=\"application\/ld+json\" class=\"yoast-schema-graph\">{\"@context\":\"https:\/\/schema.org\",\"@graph\":[{\"@type\":\"WebPage\",\"@id\":\"https:\/\/www.ladiagonale.net\/index.php\/2023\/08\/07\/embolo-sera-absent-plusieurs-mois\/\",\"url\":\"https:\/\/www.ladiagonale.net\/index.php\/2023\/08\/07\/embolo-sera-absent-plusieurs-mois\/\",\"name\":\"Embolo sera absent plusieurs mois - La Diagonale\",\"isPartOf\":{\"@id\":\"https:\/\/www.ladiagonale.net\/#website\"},\"datePublished\":\"2023-08-07T09:23:29+00:00\",\"dateModified\":\"2024-04-21T17:24:55+00:00\",\"author\":{\"@id\":\"https:\/\/www.ladiagonale.net\/#\/schema\/person\/79ff1e7b0853ed01b2aa26e64ad300bf\"},\"breadcrumb\":{\"@id\":\"https:\/\/www.ladiagonale.net\/index.php\/2023\/08\/07\/embolo-sera-absent-plusieurs-mois\/#breadcrumb\"},\"inLanguage\":\"fr-FR\",\"potentialAction\":[{\"@type\":\"ReadAction\",\"target\":[\"https:\/\/www.ladiagonale.net\/index.php\/2023\/08\/07\/embolo-sera-absent-plusieurs-mois\/\"]}]},{\"@type\":\"BreadcrumbList\",\"@id\":\"https:\/\/www.ladiagonale.net\/index.php\/2023\/08\/07\/embolo-sera-absent-plusieurs-mois\/#breadcrumb\",\"itemListElement\":[{\"@type\":\"ListItem\",\"position\":1,\"name\":\"Accueil\",\"item\":\"https:\/\/www.ladiagonale.net\/\"},{\"@type\":\"ListItem\",\"position\":2,\"name\":\"Embolo sera absent plusieurs mois\"}]},{\"@type\":\"WebSite\",\"@id\":\"https:\/\/www.ladiagonale.net\/#website\",\"url\":\"https:\/\/www.ladiagonale.net\/\",\"name\":\"La Diagonale\",\"description\":\"Le site des supporters de l&#039;AS Monaco FC\",\"potentialAction\":[{\"@type\":\"SearchAction\",\"target\":{\"@type\":\"EntryPoint\",\"urlTemplate\":\"https:\/\/www.ladiagonale.net\/?s={search_term_string}\"},\"query-input\":\"required name=search_term_string\"}],\"inLanguage\":\"fr-FR\"},{\"@type\":\"Person\",\"@id\":\"https:\/\/www.ladiagonale.net\/#\/schema\/person\/79ff1e7b0853ed01b2aa26e64ad300bf\",\"name\":\"Damien Dellerba\",\"image\":{\"@type\":\"ImageObject\",\"inLanguage\":\"fr-FR\",\"@id\":\"https:\/\/www.ladiagonale.net\/#\/schema\/person\/image\/\",\"url\":\"https:\/\/secure.gravatar.com\/avatar\/c7850e06d3ff63cdbaee88b7fc16e2f0?s=96&d=mm&r=g\",\"contentUrl\":\"https:\/\/secure.gravatar.com\/avatar\/c7850e06d3ff63cdbaee88b7fc16e2f0?s=96&d=mm&r=g\",\"caption\":\"Damien Dellerba\"},\"url\":\"https:\/\/www.ladiagonale.net\/index.php\/author\/damien\/\"}]}<\/script>\n<!-- \/ Yoast SEO plugin. -->","yoast_head_json":{"title":"Embolo sera absent plusieurs mois - La Diagonale","robots":{"index":"index","follow":"follow","max-snippet":"max-snippet:-1","max-image-preview":"max-image-preview:large","max-video-preview":"max-video-preview:-1"},"canonical":"https:\/\/www.ladiagonale.net\/index.php\/2023\/08\/07\/embolo-sera-absent-plusieurs-mois\/","og_locale":"fr_FR","og_type":"article","og_title":"Embolo sera absent plusieurs mois - La Diagonale","og_description":"C&rsquo;est un gros coup dur pour l&rsquo;AS Monaco. Le club de la Principaut\u00e9 a annonc\u00e9 ce lundi la blessure de Breel Embolo, victime d&rsquo;une rupture des ligaments crois\u00e9s \u00e0 un genou survenue \u00e0 l&rsquo;entra\u00eenement. L&rsquo;attaquant suisse sera d&rsquo;ores et d\u00e9j\u00e0 absent pour plusieurs mois. L&rsquo;ASM n&rsquo;a pas pr\u00e9cis\u00e9 s&rsquo;il s&rsquo;agissait du m\u00eame genou que celui [...]","og_url":"https:\/\/www.ladiagonale.net\/index.php\/2023\/08\/07\/embolo-sera-absent-plusieurs-mois\/","og_site_name":"La Diagonale","article_published_time":"2023-08-07T09:23:29+00:00","article_modified_time":"2024-04-21T17:24:55+00:00","og_image":[{"width":1160,"height":650,"url":"https:\/\/www.ladiagonale.net\/wp-content\/uploads\/2023\/01\/embolo.png","type":"image\/png"}],"author":"Damien Dellerba","twitter_card":"summary_large_image","twitter_image":"https:\/\/www.ladiagonale.net\/wp-content\/uploads\/2023\/01\/embolo.png","twitter_misc":{"\u00c9crit par":"Damien Dellerba","Dur\u00e9e de lecture estim\u00e9e":"2 minutes"},"schema":{"@context":"https:\/\/schema.org","@graph":[{"@type":"WebPage","@id":"https:\/\/www.ladiagonale.net\/index.php\/2023\/08\/07\/embolo-sera-absent-plusieurs-mois\/","url":"https:\/\/www.ladiagonale.net\/index.php\/2023\/08\/07\/embolo-sera-absent-plusieurs-mois\/","name":"Embolo sera absent plusieurs mois - La Diagonale","isPartOf":{"@id":"https:\/\/www.ladiagonale.net\/#website"},"datePublished":"2023-08-07T09:23:29+00:00","dateModified":"2024-04-21T17:24:55+00:00","author":{"@id":"https:\/\/www.ladiagonale.net\/#\/schema\/person\/79ff1e7b0853ed01b2aa26e64ad300bf"},"breadcrumb":{"@id":"https:\/\/www.ladiagonale.net\/index.php\/2023\/08\/07\/embolo-sera-absent-plusieurs-mois\/#breadcrumb"},"inLanguage":"fr-FR","potentialAction":[{"@type":"ReadAction","target":["https:\/\/www.ladiagonale.net\/index.php\/2023\/08\/07\/embolo-sera-absent-plusieurs-mois\/"]}]},{"@type":"BreadcrumbList","@id":"https:\/\/www.ladiagonale.net\/index.php\/2023\/08\/07\/embolo-sera-absent-plusieurs-mois\/#breadcrumb","itemListElement":[{"@type":"ListItem","position":1,"name":"Accueil","item":"https:\/\/www.ladiagonale.net\/"},{"@type":"ListItem","position":2,"name":"Embolo sera absent plusieurs mois"}]},{"@type":"WebSite","@id":"https:\/\/www.ladiagonale.net\/#website","url":"https:\/\/www.ladiagonale.net\/","name":"La Diagonale","description":"Le site des supporters de l&#039;AS Monaco FC","potentialAction":[{"@type":"SearchAction","target":{"@type":"EntryPoint","urlTemplate":"https:\/\/www.ladiagonale.net\/?s={search_term_string}"},"query-input":"required name=search_term_string"}],"inLanguage":"fr-FR"},{"@type":"Person","@id":"https:\/\/www.ladiagonale.net\/#\/schema\/person\/79ff1e7b0853ed01b2aa26e64ad300bf","name":"Damien Dellerba","image":{"@type":"ImageObject","inLanguage":"fr-FR","@id":"https:\/\/www.ladiagonale.net\/#\/schema\/person\/image\/","url":"https:\/\/secure.gravatar.com\/avatar\/c7850e06d3ff63cdbaee88b7fc16e2f0?s=96&d=mm&r=g","contentUrl":"https:\/\/secure.gravatar.com\/avatar\/c7850e06d3ff63cdbaee88b7fc16e2f0?s=96&d=mm&r=g","caption":"Damien Dellerba"},"url":"https:\/\/www.ladiagonale.net\/index.php\/author\/damien\/"}]}},"_links":{"self":[{"href":"https:\/\/www.ladiagonale.net\/index.php\/wp-json\/wp\/v2\/posts\/14723"}],"collection":[{"href":"https:\/\/www.ladiagonale.net\/index.php\/wp-json\/wp\/v2\/posts"}],"about":[{"href":"https:\/\/www.ladiagonale.net\/index.php\/wp-json\/wp\/v2\/types\/post"}],"author":[{"embeddable":true,"href":"https:\/\/www.ladiagonale.net\/index.php\/wp-json\/wp\/v2\/users\/2"}],"replies":[{"embeddable":true,"href":"https:\/\/www.ladiagonale.net\/index.php\/wp-json\/wp\/v2\/comments?post=14723"}],"version-history":[{"count":7,"href":"https:\/\/www.ladiagonale.net\/index.php\/wp-json\/wp\/v2\/posts\/14723\/revisions"}],"predecessor-version":[{"id":22399,"href":"https:\/\/www.ladiagonale.net\/index.php\/wp-json\/wp\/v2\/posts\/14723\/revisions\/22399"}],"wp:featuredmedia":[{"embeddable":true,"href":"https:\/\/www.ladiagonale.net\/index.php\/wp-json\/wp\/v2\/media\/8259"}],"wp:attachment":[{"href":"https:\/\/www.ladiagonale.net\/index.php\/wp-json\/wp\/v2\/media?parent=14723"}],"wp:term":[{"taxonomy":"category","embeddable":true,"href":"https:\/\/www.ladiagonale.net\/index.php\/wp-json\/wp\/v2\/categories?post=14723"},{"taxonomy":"post_tag","embeddable":true,"href":"https:\/\/www.ladiagonale.net\/index.php\/wp-json\/wp\/v2\/tags?post=14723"}],"curies":[{"name":"wp","href":"https:\/\/api.w.org\/{rel}","templated":true}]}}