{"id":14738,"date":"2023-08-07T19:10:49","date_gmt":"2023-08-07T17:10:49","guid":{"rendered":"https:\/\/www.ladiagonale.net\/?p=14738"},"modified":"2023-08-11T16:09:51","modified_gmt":"2023-08-11T14:09:51","slug":"monaco-acheve-sa-preparation-sur-une-defaite-face-au-bayern-2-4","status":"publish","type":"post","link":"https:\/\/www.ladiagonale.net\/index.php\/2023\/08\/07\/monaco-acheve-sa-preparation-sur-une-defaite-face-au-bayern-2-4\/","title":{"rendered":"Monaco ach\u00e8ve sa pr\u00e9paration sur une d\u00e9faite face au Bayern (2-4)"},"content":{"rendered":"\n\n\n<p><strong>Pour son huiti\u00e8me et dernier match de pr\u00e9paration, l\u2019AS Monaco s\u2019est inclin\u00e9e face au Bayern Munich (2-4). Takumi Minamino a ouvert le score pour les Mon\u00e9gasques et Wissam Ben Yedder a inscrit un p\u00e9nalty, mais la formation bavaroise \u00e9tait nettement plus forte.<\/strong><\/p>\n\n\n\n<p>La premi\u00e8re mi-temps a \u00e9t\u00e9 difficile pour les As\u00e9mistes, tr\u00e8s vite d\u00e9pass\u00e9s par la vitesse d\u2019ex\u00e9cution du Bayern Munich. Gnabry a tr\u00e8s rapidement mis Philipp K\u00f6hn \u00e0 contribution (2<sup>e<\/sup>), oblig\u00e9 de s\u2019interposer de la main. Le portier suisse s\u2019est de nouveau impos\u00e9 quelques minutes plus tard, bien sorti au-devant de l\u2019attaquant allemand (7<sup>e<\/sup>). Sur le premier quart d\u2019heure de la rencontre, c\u2019est bien K\u00f6hn qui a \u00e9t\u00e9 le Mon\u00e9gasque le plus en vue, apr\u00e8s avoir \u00e9galement repouss\u00e9 un centre en retrait du Bayern (13<sup>e<\/sup>). Les Mon\u00e9gasques ont \u00e9t\u00e9 asphyxi\u00e9s pendant un bon quart d\u2019heure puis ils ont progressivement sorti la t\u00eate de l\u2019eau.<\/p>\n\n\n\n<p class=\"has-white-color has-text-color has-background\" style=\"background-color:#303030\"><strong>Composition :<\/strong> K\u00f6hn &#8211; Matsima, Maripan, Magassa &#8211; Vanderson (Efekele, 82e), Camara (Matazo, 77e), Fofana, C. Henrique &#8211; Minamino (Volland, 69e), Golovin (Akliouche, 82e) &#8211; Ben Yedder (cap.) (Boadu, 82e).<\/p>\n\n\n\n<p>Minamino a tent\u00e9 sa chance (16<sup>e<\/sup>) mais sans danger, avant que Ben Yedder ne se procure une premi\u00e8re grosse occasion pour l\u2019ASM, butant sur Ulreich (20<sup>e<\/sup>). Comme contre Arsenal, les As\u00e9mistes ont ouvert le score contre le cours du jeu. \u00c0 la suite d\u2019une erreur de la d\u00e9fense bavaroise et une erreur de relance, Golovin s\u2019est retrouv\u00e9 dans une situation favorable, mais a mal jou\u00e9 le coup devant Ulreich (28<sup>e<\/sup>) et le d\u00e9gagement des Bavarois a occasionn\u00e9 une r\u00e9cup\u00e9ration pour Monaco. Vanderson a imm\u00e9diatement alert\u00e9 Ben Yedder qui a d\u00e9cal\u00e9 Minamino et dont la frappe a donn\u00e9 l\u2019avantage aux Rouge et Blanc (1-0, 29<sup>e<\/sup>).<\/p>\n\n\n\n<figure class=\"wp-block-embed is-type-rich is-provider-twitter wp-block-embed-twitter\"><div class=\"wp-block-embed__wrapper\">\n<blockquote class=\"twitter-tweet\" data-width=\"550\" data-dnt=\"true\"><p lang=\"zxx\" dir=\"ltr\"><a href=\"https:\/\/t.co\/dWNKjuh2st\">pic.twitter.com\/dWNKjuh2st<\/a><\/p>&mdash; \u23e9\u23e9 @FootColic (@Gaberi280303) <a href=\"https:\/\/twitter.com\/Gaberi280303\/status\/1688573233459552257?ref_src=twsrc%5Etfw\">August 7, 2023<\/a><\/blockquote><script async src=\"https:\/\/platform.twitter.com\/widgets.js\" charset=\"utf-8\"><\/script>\n<\/div><\/figure>\n\n\n\n<p>Un avantage de tr\u00e8s courte dur\u00e9e puisque les Bavarois vont revenir au score seulement trois minutes plus tard avec un ballon perdu au milieu de terrain par Camara. Les \u00e9changes dans les petits espaces des joueurs du Bayern ont fait la diff\u00e9rence et Laimer a tromp\u00e9 K\u00f6hn dans un angle ferm\u00e9 (1-1, 31<sup>e<\/sup>). La formation allemande a ensuite fait le break en fin de premi\u00e8re p\u00e9ridoe. Musiala, apr\u00e8s un num\u00e9ro de soliste dans la surface qui a clou\u00e9 la d\u00e9fense mon\u00e9gasque, a donn\u00e9 un but d\u2019avance aux siens (1-2, 42<sup>e<\/sup>), alors que Gnabry a marqu\u00e9 sur p\u00e9nalty, apr\u00e8s un bras de Magassa (1-3, 45<sup>e<\/sup>+2). Entre les deux buts, Musiala a trouv\u00e9 la barre transversale, ce qui aurait pu encore un peu plus saler l\u2019addition.<\/p>\n\n\n\n<h4>San\u00e9, un poison pour Monaco<\/h4>\n\n\n\n<p>En seconde p\u00e9riode, le champion sortant de <em>Bundesliga<\/em> est reparti sur des bases \u00e9lev\u00e9es et l&rsquo;ancien Rennais Mathys Tel a trouv\u00e9 le poteau (50<sup>e<\/sup>), sur une frappe d\u00e9vi\u00e9e. Mais l\u2019ASM a repris le contr\u00f4le du cuir pendant plusieurs minutes et s&rsquo;est trouv\u00e9 dans de bonnes situations. Minamino a notamment oblig\u00e9 Ulreich \u00e0 s\u2019employer sur une frappe en pivot (56<sup>e<\/sup>), avant d\u2019\u00eatre fauch\u00e9 en pleine surface et d\u2019obtenir un penalty, transform\u00e9 par Ben Yedder (2-3, 64<sup>e<\/sup>). Mais l\u00e0 encore, le Bayern a rapidement r\u00e9agi et marqu\u00e9 le dernier but de la rencontre. Leroy San\u00e9, v\u00e9ritable poison apr\u00e8s son entr\u00e9e, a vu sa frappe l\u00e9g\u00e8rement d\u00e9vi\u00e9e tromper Philipp K\u00f6hn, pas forc\u00e9ment irr\u00e9prochable sur son appr\u00e9ciation de la trajectoire du ballon (2-4, 68<sup>e<\/sup>).<\/p>\n\n\n\n<p>Volland a obtenu une occasion juste apr\u00e8s son entr\u00e9e en jeu (69<sup>e<\/sup>) mais sa lourde frappe a trouv\u00e9 Ulreich sur son chemin. San\u00e9 a eu l\u2019opportunit\u00e9 d\u2019aggraver la marque pour le Bayern mais a touch\u00e9 la barre transversale (80<sup>e<\/sup>). Si le score est lourd pour les Mon\u00e9gasques et qu&rsquo;ils ont \u00e9t\u00e9 grandement domin\u00e9s de cette rencontre, ils ont aussi montr\u00e9 quelques bonnes s\u00e9quences par p\u00e9riode dans les sorties de balle. L&rsquo;application du pressing a cependant \u00e9t\u00e9 difficile pour les As\u00e9mistes, avec une qualit\u00e9 technique de la part de leur adversaire qui leur a permis de le d\u00e9jouer.<\/p>\n\n\n\n<h4>Quel bilan dans cette pr\u00e9paration ?<\/h4>\n\n\n\n<p>Sur les huit matchs disput\u00e9s par l&rsquo;AS Monaco depuis le 9 juillet, date du premier match de reprise contre l&rsquo;Union Saint-Gilloise (1-1), les Mon\u00e9gasques ont acquis trois succ\u00e8s, contre le Betis (3-1), Leeds (2-0) et un autre au forceps contre Bologne (3-2). Mais ils n&rsquo;ont remport\u00e9 aucune de leurs trois derni\u00e8res rencontres de pr\u00e9paration et ont m\u00eame perdu deux fois, dans des configurations tr\u00e8s diff\u00e9rentes. <\/p>\n\n\n\n<p>S&rsquo;ils ont affich\u00e9 un bon visage contre Arsenal \u00e0 l&rsquo;occasion de l&rsquo;Emirates Cup pour faire nul (1-1, 4-5 aux t.a.b.) contre le futur vainqueur du Community Shield, ils ont subi assez logiquement la loi du Bayern ce lundi mais ont surtout \u00e9t\u00e9 peu inspir\u00e9s face au Genoa (0-1). Face \u00e0 une \u00e9quipe qui a jou\u00e9 tr\u00e8s regroup\u00e9e en d\u00e9fense et qui pourrait ressembler \u00e0 ce que l&rsquo;on retrouve fr\u00e9quemment en Ligue 1, H\u00fctter et ses hommes devront trouver la parade. Les choses s\u00e9rieuses d\u00e9buteront dimanche (15h) pour les Mon\u00e9gasques, avec un d\u00e9placement \u00e0 Clermont pour la 1<sup>re<\/sup> journ\u00e9e de Ligue 1.<\/p>\n\n\n\n<p>Photo : AS Monaco<\/p>\n","protected":false},"excerpt":{"rendered":"<p>Pour son huiti\u00e8me et dernier match de pr\u00e9paration, l\u2019AS Monaco s\u2019est inclin\u00e9e face au Bayern Munich (2-4). Takumi Minamino a ouvert le score pour les Mon\u00e9gasques et Wissam Ben Yedder a inscrit un p\u00e9nalty, mais la formation bavaroise \u00e9tait nettement plus forte. La premi\u00e8re mi-temps a \u00e9t\u00e9 difficile pour les As\u00e9mistes, tr\u00e8s vite d\u00e9pass\u00e9s par [&#8230;]\n","protected":false},"author":2,"featured_media":14739,"comment_status":"open","ping_status":"open","sticky":false,"template":"","format":"standard","meta":[],"categories":[6],"tags":[87,86,616],"yoast_head":"<!-- This site is optimized with the Yoast SEO plugin v19.8 - https:\/\/yoast.com\/wordpress\/plugins\/seo\/ -->\n<title>Monaco ach\u00e8ve sa pr\u00e9paration sur une d\u00e9faite face au Bayern (2-4) - La Diagonale<\/title>\n<meta name=\"robots\" content=\"index, follow, max-snippet:-1, max-image-preview:large, max-video-preview:-1\" \/>\n<link rel=\"canonical\" href=\"https:\/\/www.ladiagonale.net\/index.php\/2023\/08\/07\/monaco-acheve-sa-preparation-sur-une-defaite-face-au-bayern-2-4\/\" \/>\n<meta property=\"og:locale\" content=\"fr_FR\" \/>\n<meta property=\"og:type\" content=\"article\" \/>\n<meta property=\"og:title\" content=\"Monaco ach\u00e8ve sa pr\u00e9paration sur une d\u00e9faite face au Bayern (2-4) - La Diagonale\" \/>\n<meta property=\"og:description\" content=\"Pour son huiti\u00e8me et dernier match de pr\u00e9paration, l\u2019AS Monaco s\u2019est inclin\u00e9e face au Bayern Munich (2-4). Takumi Minamino a ouvert le score pour les Mon\u00e9gasques et Wissam Ben Yedder a inscrit un p\u00e9nalty, mais la formation bavaroise \u00e9tait nettement plus forte. La premi\u00e8re mi-temps a \u00e9t\u00e9 difficile pour les As\u00e9mistes, tr\u00e8s vite d\u00e9pass\u00e9s par [...]\" \/>\n<meta property=\"og:url\" content=\"https:\/\/www.ladiagonale.net\/index.php\/2023\/08\/07\/monaco-acheve-sa-preparation-sur-une-defaite-face-au-bayern-2-4\/\" \/>\n<meta property=\"og:site_name\" content=\"La Diagonale\" \/>\n<meta property=\"article:published_time\" content=\"2023-08-07T17:10:49+00:00\" \/>\n<meta property=\"article:modified_time\" content=\"2023-08-11T14:09:51+00:00\" \/>\n<meta property=\"og:image\" content=\"https:\/\/www.ladiagonale.net\/wp-content\/uploads\/2023\/08\/minamino2.png\" \/>\n\t<meta property=\"og:image:width\" content=\"1160\" \/>\n\t<meta property=\"og:image:height\" content=\"650\" \/>\n\t<meta property=\"og:image:type\" content=\"image\/png\" \/>\n<meta name=\"author\" content=\"Damien Dellerba\" \/>\n<meta name=\"twitter:card\" content=\"summary_large_image\" \/>\n<meta name=\"twitter:image\" content=\"https:\/\/www.ladiagonale.net\/wp-content\/uploads\/2023\/08\/minamino2.png\" \/>\n<meta name=\"twitter:label1\" content=\"\u00c9crit par\" \/>\n\t<meta name=\"twitter:data1\" content=\"Damien Dellerba\" \/>\n\t<meta name=\"twitter:label2\" content=\"Dur\u00e9e de lecture estim\u00e9e\" \/>\n\t<meta name=\"twitter:data2\" content=\"5 minutes\" \/>\n<script type=\"application\/ld+json\" class=\"yoast-schema-graph\">{\"@context\":\"https:\/\/schema.org\",\"@graph\":[{\"@type\":\"WebPage\",\"@id\":\"https:\/\/www.ladiagonale.net\/index.php\/2023\/08\/07\/monaco-acheve-sa-preparation-sur-une-defaite-face-au-bayern-2-4\/\",\"url\":\"https:\/\/www.ladiagonale.net\/index.php\/2023\/08\/07\/monaco-acheve-sa-preparation-sur-une-defaite-face-au-bayern-2-4\/\",\"name\":\"Monaco ach\u00e8ve sa pr\u00e9paration sur une d\u00e9faite face au Bayern (2-4) - La Diagonale\",\"isPartOf\":{\"@id\":\"https:\/\/www.ladiagonale.net\/#website\"},\"datePublished\":\"2023-08-07T17:10:49+00:00\",\"dateModified\":\"2023-08-11T14:09:51+00:00\",\"author\":{\"@id\":\"https:\/\/www.ladiagonale.net\/#\/schema\/person\/79ff1e7b0853ed01b2aa26e64ad300bf\"},\"breadcrumb\":{\"@id\":\"https:\/\/www.ladiagonale.net\/index.php\/2023\/08\/07\/monaco-acheve-sa-preparation-sur-une-defaite-face-au-bayern-2-4\/#breadcrumb\"},\"inLanguage\":\"fr-FR\",\"potentialAction\":[{\"@type\":\"ReadAction\",\"target\":[\"https:\/\/www.ladiagonale.net\/index.php\/2023\/08\/07\/monaco-acheve-sa-preparation-sur-une-defaite-face-au-bayern-2-4\/\"]}]},{\"@type\":\"BreadcrumbList\",\"@id\":\"https:\/\/www.ladiagonale.net\/index.php\/2023\/08\/07\/monaco-acheve-sa-preparation-sur-une-defaite-face-au-bayern-2-4\/#breadcrumb\",\"itemListElement\":[{\"@type\":\"ListItem\",\"position\":1,\"name\":\"Accueil\",\"item\":\"https:\/\/www.ladiagonale.net\/\"},{\"@type\":\"ListItem\",\"position\":2,\"name\":\"Monaco ach\u00e8ve sa pr\u00e9paration sur une d\u00e9faite face au Bayern (2-4)\"}]},{\"@type\":\"WebSite\",\"@id\":\"https:\/\/www.ladiagonale.net\/#website\",\"url\":\"https:\/\/www.ladiagonale.net\/\",\"name\":\"La Diagonale\",\"description\":\"Le site des supporters de l&#039;AS Monaco FC\",\"potentialAction\":[{\"@type\":\"SearchAction\",\"target\":{\"@type\":\"EntryPoint\",\"urlTemplate\":\"https:\/\/www.ladiagonale.net\/?s={search_term_string}\"},\"query-input\":\"required name=search_term_string\"}],\"inLanguage\":\"fr-FR\"},{\"@type\":\"Person\",\"@id\":\"https:\/\/www.ladiagonale.net\/#\/schema\/person\/79ff1e7b0853ed01b2aa26e64ad300bf\",\"name\":\"Damien Dellerba\",\"image\":{\"@type\":\"ImageObject\",\"inLanguage\":\"fr-FR\",\"@id\":\"https:\/\/www.ladiagonale.net\/#\/schema\/person\/image\/\",\"url\":\"https:\/\/secure.gravatar.com\/avatar\/c7850e06d3ff63cdbaee88b7fc16e2f0?s=96&d=mm&r=g\",\"contentUrl\":\"https:\/\/secure.gravatar.com\/avatar\/c7850e06d3ff63cdbaee88b7fc16e2f0?s=96&d=mm&r=g\",\"caption\":\"Damien Dellerba\"},\"url\":\"https:\/\/www.ladiagonale.net\/index.php\/author\/damien\/\"}]}<\/script>\n<!-- \/ Yoast SEO plugin. -->","yoast_head_json":{"title":"Monaco ach\u00e8ve sa pr\u00e9paration sur une d\u00e9faite face au Bayern (2-4) - La Diagonale","robots":{"index":"index","follow":"follow","max-snippet":"max-snippet:-1","max-image-preview":"max-image-preview:large","max-video-preview":"max-video-preview:-1"},"canonical":"https:\/\/www.ladiagonale.net\/index.php\/2023\/08\/07\/monaco-acheve-sa-preparation-sur-une-defaite-face-au-bayern-2-4\/","og_locale":"fr_FR","og_type":"article","og_title":"Monaco ach\u00e8ve sa pr\u00e9paration sur une d\u00e9faite face au Bayern (2-4) - La Diagonale","og_description":"Pour son huiti\u00e8me et dernier match de pr\u00e9paration, l\u2019AS Monaco s\u2019est inclin\u00e9e face au Bayern Munich (2-4). Takumi Minamino a ouvert le score pour les Mon\u00e9gasques et Wissam Ben Yedder a inscrit un p\u00e9nalty, mais la formation bavaroise \u00e9tait nettement plus forte. La premi\u00e8re mi-temps a \u00e9t\u00e9 difficile pour les As\u00e9mistes, tr\u00e8s vite d\u00e9pass\u00e9s par [...]","og_url":"https:\/\/www.ladiagonale.net\/index.php\/2023\/08\/07\/monaco-acheve-sa-preparation-sur-une-defaite-face-au-bayern-2-4\/","og_site_name":"La Diagonale","article_published_time":"2023-08-07T17:10:49+00:00","article_modified_time":"2023-08-11T14:09:51+00:00","og_image":[{"width":1160,"height":650,"url":"https:\/\/www.ladiagonale.net\/wp-content\/uploads\/2023\/08\/minamino2.png","type":"image\/png"}],"author":"Damien Dellerba","twitter_card":"summary_large_image","twitter_image":"https:\/\/www.ladiagonale.net\/wp-content\/uploads\/2023\/08\/minamino2.png","twitter_misc":{"\u00c9crit par":"Damien Dellerba","Dur\u00e9e de lecture estim\u00e9e":"5 minutes"},"schema":{"@context":"https:\/\/schema.org","@graph":[{"@type":"WebPage","@id":"https:\/\/www.ladiagonale.net\/index.php\/2023\/08\/07\/monaco-acheve-sa-preparation-sur-une-defaite-face-au-bayern-2-4\/","url":"https:\/\/www.ladiagonale.net\/index.php\/2023\/08\/07\/monaco-acheve-sa-preparation-sur-une-defaite-face-au-bayern-2-4\/","name":"Monaco ach\u00e8ve sa pr\u00e9paration sur une d\u00e9faite face au Bayern (2-4) - La Diagonale","isPartOf":{"@id":"https:\/\/www.ladiagonale.net\/#website"},"datePublished":"2023-08-07T17:10:49+00:00","dateModified":"2023-08-11T14:09:51+00:00","author":{"@id":"https:\/\/www.ladiagonale.net\/#\/schema\/person\/79ff1e7b0853ed01b2aa26e64ad300bf"},"breadcrumb":{"@id":"https:\/\/www.ladiagonale.net\/index.php\/2023\/08\/07\/monaco-acheve-sa-preparation-sur-une-defaite-face-au-bayern-2-4\/#breadcrumb"},"inLanguage":"fr-FR","potentialAction":[{"@type":"ReadAction","target":["https:\/\/www.ladiagonale.net\/index.php\/2023\/08\/07\/monaco-acheve-sa-preparation-sur-une-defaite-face-au-bayern-2-4\/"]}]},{"@type":"BreadcrumbList","@id":"https:\/\/www.ladiagonale.net\/index.php\/2023\/08\/07\/monaco-acheve-sa-preparation-sur-une-defaite-face-au-bayern-2-4\/#breadcrumb","itemListElement":[{"@type":"ListItem","position":1,"name":"Accueil","item":"https:\/\/www.ladiagonale.net\/"},{"@type":"ListItem","position":2,"name":"Monaco ach\u00e8ve sa pr\u00e9paration sur une d\u00e9faite face au Bayern (2-4)"}]},{"@type":"WebSite","@id":"https:\/\/www.ladiagonale.net\/#website","url":"https:\/\/www.ladiagonale.net\/","name":"La Diagonale","description":"Le site des supporters de l&#039;AS Monaco FC","potentialAction":[{"@type":"SearchAction","target":{"@type":"EntryPoint","urlTemplate":"https:\/\/www.ladiagonale.net\/?s={search_term_string}"},"query-input":"required name=search_term_string"}],"inLanguage":"fr-FR"},{"@type":"Person","@id":"https:\/\/www.ladiagonale.net\/#\/schema\/person\/79ff1e7b0853ed01b2aa26e64ad300bf","name":"Damien Dellerba","image":{"@type":"ImageObject","inLanguage":"fr-FR","@id":"https:\/\/www.ladiagonale.net\/#\/schema\/person\/image\/","url":"https:\/\/secure.gravatar.com\/avatar\/c7850e06d3ff63cdbaee88b7fc16e2f0?s=96&d=mm&r=g","contentUrl":"https:\/\/secure.gravatar.com\/avatar\/c7850e06d3ff63cdbaee88b7fc16e2f0?s=96&d=mm&r=g","caption":"Damien Dellerba"},"url":"https:\/\/www.ladiagonale.net\/index.php\/author\/damien\/"}]}},"_links":{"self":[{"href":"https:\/\/www.ladiagonale.net\/index.php\/wp-json\/wp\/v2\/posts\/14738"}],"collection":[{"href":"https:\/\/www.ladiagonale.net\/index.php\/wp-json\/wp\/v2\/posts"}],"about":[{"href":"https:\/\/www.ladiagonale.net\/index.php\/wp-json\/wp\/v2\/types\/post"}],"author":[{"embeddable":true,"href":"https:\/\/www.ladiagonale.net\/index.php\/wp-json\/wp\/v2\/users\/2"}],"replies":[{"embeddable":true,"href":"https:\/\/www.ladiagonale.net\/index.php\/wp-json\/wp\/v2\/comments?post=14738"}],"version-history":[{"count":11,"href":"https:\/\/www.ladiagonale.net\/index.php\/wp-json\/wp\/v2\/posts\/14738\/revisions"}],"predecessor-version":[{"id":14758,"href":"https:\/\/www.ladiagonale.net\/index.php\/wp-json\/wp\/v2\/posts\/14738\/revisions\/14758"}],"wp:featuredmedia":[{"embeddable":true,"href":"https:\/\/www.ladiagonale.net\/index.php\/wp-json\/wp\/v2\/media\/14739"}],"wp:attachment":[{"href":"https:\/\/www.ladiagonale.net\/index.php\/wp-json\/wp\/v2\/media?parent=14738"}],"wp:term":[{"taxonomy":"category","embeddable":true,"href":"https:\/\/www.ladiagonale.net\/index.php\/wp-json\/wp\/v2\/categories?post=14738"},{"taxonomy":"post_tag","embeddable":true,"href":"https:\/\/www.ladiagonale.net\/index.php\/wp-json\/wp\/v2\/tags?post=14738"}],"curies":[{"name":"wp","href":"https:\/\/api.w.org\/{rel}","templated":true}]}}