{"id":14753,"date":"2023-08-07T21:04:56","date_gmt":"2023-08-07T19:04:56","guid":{"rendered":"https:\/\/www.ladiagonale.net\/?p=14753"},"modified":"2023-08-07T21:04:59","modified_gmt":"2023-08-07T19:04:59","slug":"la-programmation-de-la-j2-enfin-connue","status":"publish","type":"post","link":"https:\/\/www.ladiagonale.net\/index.php\/2023\/08\/07\/la-programmation-de-la-j2-enfin-connue\/","title":{"rendered":"La programmation de la J2 enfin connue"},"content":{"rendered":"\n\n\n<p>Apr\u00e8s une longue attente et apr\u00e8s m\u00eame la r\u00e9v\u00e9lation de <a href=\"https:\/\/www.ladiagonale.net\/index.php\/2023\/08\/04\/monaco-lens-le-samedi-soir-sur-canal-sport-360\/\">la programmation de la 4<sup>e<\/sup> journ\u00e9e<\/a>, la LFP a publi\u00e9 la programmation TV de la 2<sup>e<\/sup> journ\u00e9e de Ligue 1. Monaco recevra Strasbourg \u00e0 cette occasion et la rencontre aura lieu le dimanche 20 ao\u00fbt, \u00e0 17h05. Comme en avril dernier, c&rsquo;est <em>Canal+ Foot<\/em> qui diffusera la rencontre.<\/p>\n\n\n\n<h3>La programmation compl\u00e8te de la 2e journ\u00e9e  <\/h3>\n\n\n\n<p><strong>Vendredi 18 ao\u00fbt 2023 \u00e0 21h00 sur Prime Video<br><\/strong>FC Metz \u2013 Olympique de Marseille<\/p>\n\n\n\n<p><strong>Samedi 19 ao\u00fbt 2023 \u00e0 17h00 sur Prime Video<br><\/strong>Olympique Lyonnais \u2013 Montpellier H\u00e9rault SC<\/p>\n\n\n\n<p><strong>Samedi 19 ao\u00fbt 2023 \u00e0 21h00 sur Canal+ Sport 360 et Canal+ Foot<br><\/strong>Toulouse FC \u2013 Paris Saint-Germain<\/p>\n\n\n\n<p><strong>Dimanche 20 ao\u00fbt 2023 \u00e0 13h00 sur Prime Video<br><\/strong>LOSC Lille \u2013 FC Nantes<\/p>\n\n\n\n<p><strong>Dimanche 20 ao\u00fbt 2023 \u00e0 15h00 sur Prime Video<br><\/strong>Havre AC \u2013 Stade Brestois 29<\/p>\n\n\n\n<p>FC Lorient \u2013 OGC Nice<\/p>\n\n\n\n<p>Stade de Reims \u2013 Clermont Foot 63<\/p>\n\n\n\n<p class=\"has-vivid-red-color has-text-color\"><strong>Dimanche 20 ao\u00fbt 2023 \u00e0 17h05 sur Canal+ Foot<br>AS Monaco \u2013 RC Strasbourg Alsace<\/strong><\/p>\n\n\n\n<p><strong>Dimanche 20 ao\u00fbt 2023 \u00e0 20h45 sur Prime Video<br><\/strong>RC Lens \u2013 Stade Rennais FC<\/p>\n","protected":false},"excerpt":{"rendered":"<p>Apr\u00e8s une longue attente et apr\u00e8s m\u00eame la r\u00e9v\u00e9lation de la programmation de la 4e journ\u00e9e, la LFP a publi\u00e9 la programmation TV de la 2e journ\u00e9e de Ligue 1. Monaco recevra Strasbourg \u00e0 cette occasion et la rencontre aura lieu le dimanche 20 ao\u00fbt, \u00e0 17h05. Comme en avril dernier, c&rsquo;est Canal+ Foot qui [&#8230;]\n","protected":false},"author":2,"featured_media":0,"comment_status":"open","ping_status":"open","sticky":false,"template":"","format":"standard","meta":[],"categories":[4,6],"tags":[86,651,94,432],"yoast_head":"<!-- This site is optimized with the Yoast SEO plugin v19.8 - https:\/\/yoast.com\/wordpress\/plugins\/seo\/ -->\n<title>La programmation de la J2 enfin connue - La Diagonale<\/title>\n<meta name=\"robots\" content=\"index, follow, max-snippet:-1, max-image-preview:large, max-video-preview:-1\" \/>\n<link rel=\"canonical\" href=\"https:\/\/www.ladiagonale.net\/index.php\/2023\/08\/07\/la-programmation-de-la-j2-enfin-connue\/\" \/>\n<meta property=\"og:locale\" content=\"fr_FR\" \/>\n<meta property=\"og:type\" content=\"article\" \/>\n<meta property=\"og:title\" content=\"La programmation de la J2 enfin connue - La Diagonale\" \/>\n<meta property=\"og:description\" content=\"Apr\u00e8s une longue attente et apr\u00e8s m\u00eame la r\u00e9v\u00e9lation de la programmation de la 4e journ\u00e9e, la LFP a publi\u00e9 la programmation TV de la 2e journ\u00e9e de Ligue 1. Monaco recevra Strasbourg \u00e0 cette occasion et la rencontre aura lieu le dimanche 20 ao\u00fbt, \u00e0 17h05. Comme en avril dernier, c&rsquo;est Canal+ Foot qui [...]\" \/>\n<meta property=\"og:url\" content=\"https:\/\/www.ladiagonale.net\/index.php\/2023\/08\/07\/la-programmation-de-la-j2-enfin-connue\/\" \/>\n<meta property=\"og:site_name\" content=\"La Diagonale\" \/>\n<meta property=\"article:published_time\" content=\"2023-08-07T19:04:56+00:00\" \/>\n<meta property=\"article:modified_time\" content=\"2023-08-07T19:04:59+00:00\" \/>\n<meta property=\"og:image\" content=\"https:\/\/www.ladiagonale.net\/wp-content\/uploads\/2022\/09\/ligue1.png\" \/>\n\t<meta property=\"og:image:width\" content=\"1160\" \/>\n\t<meta property=\"og:image:height\" content=\"650\" \/>\n\t<meta property=\"og:image:type\" content=\"image\/png\" \/>\n<meta name=\"author\" content=\"Damien Dellerba\" \/>\n<meta name=\"twitter:card\" content=\"summary_large_image\" \/>\n<meta name=\"twitter:image\" content=\"https:\/\/www.ladiagonale.net\/wp-content\/uploads\/2022\/10\/ligue1.png\" \/>\n<meta name=\"twitter:label1\" content=\"\u00c9crit par\" \/>\n\t<meta name=\"twitter:data1\" content=\"Damien Dellerba\" \/>\n\t<meta name=\"twitter:label2\" content=\"Dur\u00e9e de lecture estim\u00e9e\" \/>\n\t<meta name=\"twitter:data2\" content=\"1 minute\" \/>\n<script type=\"application\/ld+json\" class=\"yoast-schema-graph\">{\"@context\":\"https:\/\/schema.org\",\"@graph\":[{\"@type\":\"WebPage\",\"@id\":\"https:\/\/www.ladiagonale.net\/index.php\/2023\/08\/07\/la-programmation-de-la-j2-enfin-connue\/\",\"url\":\"https:\/\/www.ladiagonale.net\/index.php\/2023\/08\/07\/la-programmation-de-la-j2-enfin-connue\/\",\"name\":\"La programmation de la J2 enfin connue - La Diagonale\",\"isPartOf\":{\"@id\":\"https:\/\/www.ladiagonale.net\/#website\"},\"datePublished\":\"2023-08-07T19:04:56+00:00\",\"dateModified\":\"2023-08-07T19:04:59+00:00\",\"author\":{\"@id\":\"https:\/\/www.ladiagonale.net\/#\/schema\/person\/79ff1e7b0853ed01b2aa26e64ad300bf\"},\"breadcrumb\":{\"@id\":\"https:\/\/www.ladiagonale.net\/index.php\/2023\/08\/07\/la-programmation-de-la-j2-enfin-connue\/#breadcrumb\"},\"inLanguage\":\"fr-FR\",\"potentialAction\":[{\"@type\":\"ReadAction\",\"target\":[\"https:\/\/www.ladiagonale.net\/index.php\/2023\/08\/07\/la-programmation-de-la-j2-enfin-connue\/\"]}]},{\"@type\":\"BreadcrumbList\",\"@id\":\"https:\/\/www.ladiagonale.net\/index.php\/2023\/08\/07\/la-programmation-de-la-j2-enfin-connue\/#breadcrumb\",\"itemListElement\":[{\"@type\":\"ListItem\",\"position\":1,\"name\":\"Accueil\",\"item\":\"https:\/\/www.ladiagonale.net\/\"},{\"@type\":\"ListItem\",\"position\":2,\"name\":\"La programmation de la J2 enfin connue\"}]},{\"@type\":\"WebSite\",\"@id\":\"https:\/\/www.ladiagonale.net\/#website\",\"url\":\"https:\/\/www.ladiagonale.net\/\",\"name\":\"La Diagonale\",\"description\":\"Le site des supporters de l&#039;AS Monaco FC\",\"potentialAction\":[{\"@type\":\"SearchAction\",\"target\":{\"@type\":\"EntryPoint\",\"urlTemplate\":\"https:\/\/www.ladiagonale.net\/?s={search_term_string}\"},\"query-input\":\"required name=search_term_string\"}],\"inLanguage\":\"fr-FR\"},{\"@type\":\"Person\",\"@id\":\"https:\/\/www.ladiagonale.net\/#\/schema\/person\/79ff1e7b0853ed01b2aa26e64ad300bf\",\"name\":\"Damien Dellerba\",\"image\":{\"@type\":\"ImageObject\",\"inLanguage\":\"fr-FR\",\"@id\":\"https:\/\/www.ladiagonale.net\/#\/schema\/person\/image\/\",\"url\":\"https:\/\/secure.gravatar.com\/avatar\/c7850e06d3ff63cdbaee88b7fc16e2f0?s=96&d=mm&r=g\",\"contentUrl\":\"https:\/\/secure.gravatar.com\/avatar\/c7850e06d3ff63cdbaee88b7fc16e2f0?s=96&d=mm&r=g\",\"caption\":\"Damien Dellerba\"},\"url\":\"https:\/\/www.ladiagonale.net\/index.php\/author\/damien\/\"}]}<\/script>\n<!-- \/ Yoast SEO plugin. -->","yoast_head_json":{"title":"La programmation de la J2 enfin connue - La Diagonale","robots":{"index":"index","follow":"follow","max-snippet":"max-snippet:-1","max-image-preview":"max-image-preview:large","max-video-preview":"max-video-preview:-1"},"canonical":"https:\/\/www.ladiagonale.net\/index.php\/2023\/08\/07\/la-programmation-de-la-j2-enfin-connue\/","og_locale":"fr_FR","og_type":"article","og_title":"La programmation de la J2 enfin connue - La Diagonale","og_description":"Apr\u00e8s une longue attente et apr\u00e8s m\u00eame la r\u00e9v\u00e9lation de la programmation de la 4e journ\u00e9e, la LFP a publi\u00e9 la programmation TV de la 2e journ\u00e9e de Ligue 1. Monaco recevra Strasbourg \u00e0 cette occasion et la rencontre aura lieu le dimanche 20 ao\u00fbt, \u00e0 17h05. Comme en avril dernier, c&rsquo;est Canal+ Foot qui [...]","og_url":"https:\/\/www.ladiagonale.net\/index.php\/2023\/08\/07\/la-programmation-de-la-j2-enfin-connue\/","og_site_name":"La Diagonale","article_published_time":"2023-08-07T19:04:56+00:00","article_modified_time":"2023-08-07T19:04:59+00:00","og_image":[{"width":1160,"height":650,"url":"https:\/\/www.ladiagonale.net\/wp-content\/uploads\/2022\/09\/ligue1.png","type":"image\/png"}],"author":"Damien Dellerba","twitter_card":"summary_large_image","twitter_image":"https:\/\/www.ladiagonale.net\/wp-content\/uploads\/2022\/10\/ligue1.png","twitter_misc":{"\u00c9crit par":"Damien Dellerba","Dur\u00e9e de lecture estim\u00e9e":"1 minute"},"schema":{"@context":"https:\/\/schema.org","@graph":[{"@type":"WebPage","@id":"https:\/\/www.ladiagonale.net\/index.php\/2023\/08\/07\/la-programmation-de-la-j2-enfin-connue\/","url":"https:\/\/www.ladiagonale.net\/index.php\/2023\/08\/07\/la-programmation-de-la-j2-enfin-connue\/","name":"La programmation de la J2 enfin connue - La Diagonale","isPartOf":{"@id":"https:\/\/www.ladiagonale.net\/#website"},"datePublished":"2023-08-07T19:04:56+00:00","dateModified":"2023-08-07T19:04:59+00:00","author":{"@id":"https:\/\/www.ladiagonale.net\/#\/schema\/person\/79ff1e7b0853ed01b2aa26e64ad300bf"},"breadcrumb":{"@id":"https:\/\/www.ladiagonale.net\/index.php\/2023\/08\/07\/la-programmation-de-la-j2-enfin-connue\/#breadcrumb"},"inLanguage":"fr-FR","potentialAction":[{"@type":"ReadAction","target":["https:\/\/www.ladiagonale.net\/index.php\/2023\/08\/07\/la-programmation-de-la-j2-enfin-connue\/"]}]},{"@type":"BreadcrumbList","@id":"https:\/\/www.ladiagonale.net\/index.php\/2023\/08\/07\/la-programmation-de-la-j2-enfin-connue\/#breadcrumb","itemListElement":[{"@type":"ListItem","position":1,"name":"Accueil","item":"https:\/\/www.ladiagonale.net\/"},{"@type":"ListItem","position":2,"name":"La programmation de la J2 enfin connue"}]},{"@type":"WebSite","@id":"https:\/\/www.ladiagonale.net\/#website","url":"https:\/\/www.ladiagonale.net\/","name":"La Diagonale","description":"Le site des supporters de l&#039;AS Monaco FC","potentialAction":[{"@type":"SearchAction","target":{"@type":"EntryPoint","urlTemplate":"https:\/\/www.ladiagonale.net\/?s={search_term_string}"},"query-input":"required name=search_term_string"}],"inLanguage":"fr-FR"},{"@type":"Person","@id":"https:\/\/www.ladiagonale.net\/#\/schema\/person\/79ff1e7b0853ed01b2aa26e64ad300bf","name":"Damien Dellerba","image":{"@type":"ImageObject","inLanguage":"fr-FR","@id":"https:\/\/www.ladiagonale.net\/#\/schema\/person\/image\/","url":"https:\/\/secure.gravatar.com\/avatar\/c7850e06d3ff63cdbaee88b7fc16e2f0?s=96&d=mm&r=g","contentUrl":"https:\/\/secure.gravatar.com\/avatar\/c7850e06d3ff63cdbaee88b7fc16e2f0?s=96&d=mm&r=g","caption":"Damien Dellerba"},"url":"https:\/\/www.ladiagonale.net\/index.php\/author\/damien\/"}]}},"_links":{"self":[{"href":"https:\/\/www.ladiagonale.net\/index.php\/wp-json\/wp\/v2\/posts\/14753"}],"collection":[{"href":"https:\/\/www.ladiagonale.net\/index.php\/wp-json\/wp\/v2\/posts"}],"about":[{"href":"https:\/\/www.ladiagonale.net\/index.php\/wp-json\/wp\/v2\/types\/post"}],"author":[{"embeddable":true,"href":"https:\/\/www.ladiagonale.net\/index.php\/wp-json\/wp\/v2\/users\/2"}],"replies":[{"embeddable":true,"href":"https:\/\/www.ladiagonale.net\/index.php\/wp-json\/wp\/v2\/comments?post=14753"}],"version-history":[{"count":1,"href":"https:\/\/www.ladiagonale.net\/index.php\/wp-json\/wp\/v2\/posts\/14753\/revisions"}],"predecessor-version":[{"id":14755,"href":"https:\/\/www.ladiagonale.net\/index.php\/wp-json\/wp\/v2\/posts\/14753\/revisions\/14755"}],"wp:attachment":[{"href":"https:\/\/www.ladiagonale.net\/index.php\/wp-json\/wp\/v2\/media?parent=14753"}],"wp:term":[{"taxonomy":"category","embeddable":true,"href":"https:\/\/www.ladiagonale.net\/index.php\/wp-json\/wp\/v2\/categories?post=14753"},{"taxonomy":"post_tag","embeddable":true,"href":"https:\/\/www.ladiagonale.net\/index.php\/wp-json\/wp\/v2\/tags?post=14753"}],"curies":[{"name":"wp","href":"https:\/\/api.w.org\/{rel}","templated":true}]}}