{"id":14773,"date":"2023-08-09T01:57:43","date_gmt":"2023-08-08T23:57:43","guid":{"rendered":"https:\/\/www.ladiagonale.net\/?p=14773"},"modified":"2023-08-09T01:57:46","modified_gmt":"2023-08-08T23:57:46","slug":"un-accord-de-principe-avec-balogun","status":"publish","type":"post","link":"https:\/\/www.ladiagonale.net\/index.php\/2023\/08\/09\/un-accord-de-principe-avec-balogun\/","title":{"rendered":"Un accord de principe avec Balogun ?"},"content":{"rendered":"\n<p>Avec la blessure de Breel Embolo \u00e0 un genou, victime d\u2019une rupture des ligaments crois\u00e9s, l\u2019AS Monaco s\u2019est mise en qu\u00eate d\u2019un attaquant suppl\u00e9mentaire. \u00c0 l\u2019heure actuelle, les rumeurs sont particuli\u00e8rement insistantes autour de Folarin Balogun. Plusieurs m\u00e9dias ont \u00e9voqu\u00e9 une offre de l\u2019ASM rejet\u00e9e par Arsenal et <em>RMC<\/em> pr\u00e9cise que celle-ci aurait \u00e9t\u00e9 de l\u2019ordre de 40 millions d\u2019euros. Les dirigeants as\u00e9mistes semblent dispos\u00e9s \u00e0 revenir \u00e0 la charge et auraient m\u00eame d\u00e9j\u00e0 trouv\u00e9 un accord de principe avec l\u2019Am\u00e9ricain de 22 ans, en attendant de pouvoir faire c\u00e9der Arsenal<\/p>\n\n\n\n<p>Pour Monaco, le dossier est \u00e9pineux et l\u2019effort financier serait colossal, en raison des exigences \u00e9lev\u00e9es de la part de la formation de <em>Premier League<\/em>, qui demanderait 50 millions d\u2019euros et pourrait profiter de l\u2019int\u00e9r\u00eat prononc\u00e9 de l\u2019Inter Milan pour faire grimper les ench\u00e8res. Sous contrat avec Arsenal jusqu\u2019en 2025, Balogun \u00e9tait pr\u00eat\u00e9 \u00e0 Reims l\u2019an dernier, o\u00f9 il a r\u00e9alis\u00e9 une saison pleine, avec 39 matchs jou\u00e9s et 22 buts inscrits.<\/p>\n","protected":false},"excerpt":{"rendered":"<p>Avec la blessure de Breel Embolo \u00e0 un genou, victime d\u2019une rupture des ligaments crois\u00e9s, l\u2019AS Monaco s\u2019est mise en qu\u00eate d\u2019un attaquant suppl\u00e9mentaire. \u00c0 l\u2019heure actuelle, les rumeurs sont particuli\u00e8rement insistantes autour de Folarin Balogun. Plusieurs m\u00e9dias ont \u00e9voqu\u00e9 une offre de l\u2019ASM rejet\u00e9e par Arsenal et RMC pr\u00e9cise que celle-ci aurait \u00e9t\u00e9 de [&#8230;]\n","protected":false},"author":2,"featured_media":0,"comment_status":"open","ping_status":"open","sticky":false,"template":"","format":"standard","meta":[],"categories":[6],"tags":[558,86,483,111,110],"yoast_head":"<!-- This site is optimized with the Yoast SEO plugin v19.8 - https:\/\/yoast.com\/wordpress\/plugins\/seo\/ -->\n<title>Un accord de principe avec Balogun ? - La Diagonale<\/title>\n<meta name=\"robots\" content=\"index, follow, max-snippet:-1, max-image-preview:large, max-video-preview:-1\" \/>\n<link rel=\"canonical\" href=\"https:\/\/www.ladiagonale.net\/index.php\/2023\/08\/09\/un-accord-de-principe-avec-balogun\/\" \/>\n<meta property=\"og:locale\" content=\"fr_FR\" \/>\n<meta property=\"og:type\" content=\"article\" \/>\n<meta property=\"og:title\" content=\"Un accord de principe avec Balogun ? - La Diagonale\" \/>\n<meta property=\"og:description\" content=\"Avec la blessure de Breel Embolo \u00e0 un genou, victime d\u2019une rupture des ligaments crois\u00e9s, l\u2019AS Monaco s\u2019est mise en qu\u00eate d\u2019un attaquant suppl\u00e9mentaire. \u00c0 l\u2019heure actuelle, les rumeurs sont particuli\u00e8rement insistantes autour de Folarin Balogun. Plusieurs m\u00e9dias ont \u00e9voqu\u00e9 une offre de l\u2019ASM rejet\u00e9e par Arsenal et RMC pr\u00e9cise que celle-ci aurait \u00e9t\u00e9 de [...]\" \/>\n<meta property=\"og:url\" content=\"https:\/\/www.ladiagonale.net\/index.php\/2023\/08\/09\/un-accord-de-principe-avec-balogun\/\" \/>\n<meta property=\"og:site_name\" content=\"La Diagonale\" \/>\n<meta property=\"article:published_time\" content=\"2023-08-08T23:57:43+00:00\" \/>\n<meta property=\"article:modified_time\" content=\"2023-08-08T23:57:46+00:00\" \/>\n<meta property=\"og:image\" content=\"https:\/\/www.ladiagonale.net\/wp-content\/uploads\/2023\/03\/balogun.png\" \/>\n\t<meta property=\"og:image:width\" content=\"1160\" \/>\n\t<meta property=\"og:image:height\" content=\"650\" \/>\n\t<meta property=\"og:image:type\" content=\"image\/png\" \/>\n<meta name=\"author\" content=\"Damien Dellerba\" \/>\n<meta name=\"twitter:card\" content=\"summary_large_image\" \/>\n<meta name=\"twitter:image\" content=\"https:\/\/www.ladiagonale.net\/wp-content\/uploads\/2023\/03\/balogun.png\" \/>\n<meta name=\"twitter:label1\" content=\"\u00c9crit par\" \/>\n\t<meta name=\"twitter:data1\" content=\"Damien Dellerba\" \/>\n\t<meta name=\"twitter:label2\" content=\"Dur\u00e9e de lecture estim\u00e9e\" \/>\n\t<meta name=\"twitter:data2\" content=\"1 minute\" \/>\n<script type=\"application\/ld+json\" class=\"yoast-schema-graph\">{\"@context\":\"https:\/\/schema.org\",\"@graph\":[{\"@type\":\"WebPage\",\"@id\":\"https:\/\/www.ladiagonale.net\/index.php\/2023\/08\/09\/un-accord-de-principe-avec-balogun\/\",\"url\":\"https:\/\/www.ladiagonale.net\/index.php\/2023\/08\/09\/un-accord-de-principe-avec-balogun\/\",\"name\":\"Un accord de principe avec Balogun ? - La Diagonale\",\"isPartOf\":{\"@id\":\"https:\/\/www.ladiagonale.net\/#website\"},\"datePublished\":\"2023-08-08T23:57:43+00:00\",\"dateModified\":\"2023-08-08T23:57:46+00:00\",\"author\":{\"@id\":\"https:\/\/www.ladiagonale.net\/#\/schema\/person\/79ff1e7b0853ed01b2aa26e64ad300bf\"},\"breadcrumb\":{\"@id\":\"https:\/\/www.ladiagonale.net\/index.php\/2023\/08\/09\/un-accord-de-principe-avec-balogun\/#breadcrumb\"},\"inLanguage\":\"fr-FR\",\"potentialAction\":[{\"@type\":\"ReadAction\",\"target\":[\"https:\/\/www.ladiagonale.net\/index.php\/2023\/08\/09\/un-accord-de-principe-avec-balogun\/\"]}]},{\"@type\":\"BreadcrumbList\",\"@id\":\"https:\/\/www.ladiagonale.net\/index.php\/2023\/08\/09\/un-accord-de-principe-avec-balogun\/#breadcrumb\",\"itemListElement\":[{\"@type\":\"ListItem\",\"position\":1,\"name\":\"Accueil\",\"item\":\"https:\/\/www.ladiagonale.net\/\"},{\"@type\":\"ListItem\",\"position\":2,\"name\":\"Un accord de principe avec Balogun ?\"}]},{\"@type\":\"WebSite\",\"@id\":\"https:\/\/www.ladiagonale.net\/#website\",\"url\":\"https:\/\/www.ladiagonale.net\/\",\"name\":\"La Diagonale\",\"description\":\"Le site des supporters de l&#039;AS Monaco FC\",\"potentialAction\":[{\"@type\":\"SearchAction\",\"target\":{\"@type\":\"EntryPoint\",\"urlTemplate\":\"https:\/\/www.ladiagonale.net\/?s={search_term_string}\"},\"query-input\":\"required name=search_term_string\"}],\"inLanguage\":\"fr-FR\"},{\"@type\":\"Person\",\"@id\":\"https:\/\/www.ladiagonale.net\/#\/schema\/person\/79ff1e7b0853ed01b2aa26e64ad300bf\",\"name\":\"Damien Dellerba\",\"image\":{\"@type\":\"ImageObject\",\"inLanguage\":\"fr-FR\",\"@id\":\"https:\/\/www.ladiagonale.net\/#\/schema\/person\/image\/\",\"url\":\"https:\/\/secure.gravatar.com\/avatar\/c7850e06d3ff63cdbaee88b7fc16e2f0?s=96&d=mm&r=g\",\"contentUrl\":\"https:\/\/secure.gravatar.com\/avatar\/c7850e06d3ff63cdbaee88b7fc16e2f0?s=96&d=mm&r=g\",\"caption\":\"Damien Dellerba\"},\"url\":\"https:\/\/www.ladiagonale.net\/index.php\/author\/damien\/\"}]}<\/script>\n<!-- \/ Yoast SEO plugin. -->","yoast_head_json":{"title":"Un accord de principe avec Balogun ? - La Diagonale","robots":{"index":"index","follow":"follow","max-snippet":"max-snippet:-1","max-image-preview":"max-image-preview:large","max-video-preview":"max-video-preview:-1"},"canonical":"https:\/\/www.ladiagonale.net\/index.php\/2023\/08\/09\/un-accord-de-principe-avec-balogun\/","og_locale":"fr_FR","og_type":"article","og_title":"Un accord de principe avec Balogun ? - La Diagonale","og_description":"Avec la blessure de Breel Embolo \u00e0 un genou, victime d\u2019une rupture des ligaments crois\u00e9s, l\u2019AS Monaco s\u2019est mise en qu\u00eate d\u2019un attaquant suppl\u00e9mentaire. \u00c0 l\u2019heure actuelle, les rumeurs sont particuli\u00e8rement insistantes autour de Folarin Balogun. Plusieurs m\u00e9dias ont \u00e9voqu\u00e9 une offre de l\u2019ASM rejet\u00e9e par Arsenal et RMC pr\u00e9cise que celle-ci aurait \u00e9t\u00e9 de [...]","og_url":"https:\/\/www.ladiagonale.net\/index.php\/2023\/08\/09\/un-accord-de-principe-avec-balogun\/","og_site_name":"La Diagonale","article_published_time":"2023-08-08T23:57:43+00:00","article_modified_time":"2023-08-08T23:57:46+00:00","og_image":[{"width":1160,"height":650,"url":"https:\/\/www.ladiagonale.net\/wp-content\/uploads\/2023\/03\/balogun.png","type":"image\/png"}],"author":"Damien Dellerba","twitter_card":"summary_large_image","twitter_image":"https:\/\/www.ladiagonale.net\/wp-content\/uploads\/2023\/03\/balogun.png","twitter_misc":{"\u00c9crit par":"Damien Dellerba","Dur\u00e9e de lecture estim\u00e9e":"1 minute"},"schema":{"@context":"https:\/\/schema.org","@graph":[{"@type":"WebPage","@id":"https:\/\/www.ladiagonale.net\/index.php\/2023\/08\/09\/un-accord-de-principe-avec-balogun\/","url":"https:\/\/www.ladiagonale.net\/index.php\/2023\/08\/09\/un-accord-de-principe-avec-balogun\/","name":"Un accord de principe avec Balogun ? - La Diagonale","isPartOf":{"@id":"https:\/\/www.ladiagonale.net\/#website"},"datePublished":"2023-08-08T23:57:43+00:00","dateModified":"2023-08-08T23:57:46+00:00","author":{"@id":"https:\/\/www.ladiagonale.net\/#\/schema\/person\/79ff1e7b0853ed01b2aa26e64ad300bf"},"breadcrumb":{"@id":"https:\/\/www.ladiagonale.net\/index.php\/2023\/08\/09\/un-accord-de-principe-avec-balogun\/#breadcrumb"},"inLanguage":"fr-FR","potentialAction":[{"@type":"ReadAction","target":["https:\/\/www.ladiagonale.net\/index.php\/2023\/08\/09\/un-accord-de-principe-avec-balogun\/"]}]},{"@type":"BreadcrumbList","@id":"https:\/\/www.ladiagonale.net\/index.php\/2023\/08\/09\/un-accord-de-principe-avec-balogun\/#breadcrumb","itemListElement":[{"@type":"ListItem","position":1,"name":"Accueil","item":"https:\/\/www.ladiagonale.net\/"},{"@type":"ListItem","position":2,"name":"Un accord de principe avec Balogun ?"}]},{"@type":"WebSite","@id":"https:\/\/www.ladiagonale.net\/#website","url":"https:\/\/www.ladiagonale.net\/","name":"La Diagonale","description":"Le site des supporters de l&#039;AS Monaco FC","potentialAction":[{"@type":"SearchAction","target":{"@type":"EntryPoint","urlTemplate":"https:\/\/www.ladiagonale.net\/?s={search_term_string}"},"query-input":"required name=search_term_string"}],"inLanguage":"fr-FR"},{"@type":"Person","@id":"https:\/\/www.ladiagonale.net\/#\/schema\/person\/79ff1e7b0853ed01b2aa26e64ad300bf","name":"Damien Dellerba","image":{"@type":"ImageObject","inLanguage":"fr-FR","@id":"https:\/\/www.ladiagonale.net\/#\/schema\/person\/image\/","url":"https:\/\/secure.gravatar.com\/avatar\/c7850e06d3ff63cdbaee88b7fc16e2f0?s=96&d=mm&r=g","contentUrl":"https:\/\/secure.gravatar.com\/avatar\/c7850e06d3ff63cdbaee88b7fc16e2f0?s=96&d=mm&r=g","caption":"Damien Dellerba"},"url":"https:\/\/www.ladiagonale.net\/index.php\/author\/damien\/"}]}},"_links":{"self":[{"href":"https:\/\/www.ladiagonale.net\/index.php\/wp-json\/wp\/v2\/posts\/14773"}],"collection":[{"href":"https:\/\/www.ladiagonale.net\/index.php\/wp-json\/wp\/v2\/posts"}],"about":[{"href":"https:\/\/www.ladiagonale.net\/index.php\/wp-json\/wp\/v2\/types\/post"}],"author":[{"embeddable":true,"href":"https:\/\/www.ladiagonale.net\/index.php\/wp-json\/wp\/v2\/users\/2"}],"replies":[{"embeddable":true,"href":"https:\/\/www.ladiagonale.net\/index.php\/wp-json\/wp\/v2\/comments?post=14773"}],"version-history":[{"count":2,"href":"https:\/\/www.ladiagonale.net\/index.php\/wp-json\/wp\/v2\/posts\/14773\/revisions"}],"predecessor-version":[{"id":14775,"href":"https:\/\/www.ladiagonale.net\/index.php\/wp-json\/wp\/v2\/posts\/14773\/revisions\/14775"}],"wp:attachment":[{"href":"https:\/\/www.ladiagonale.net\/index.php\/wp-json\/wp\/v2\/media?parent=14773"}],"wp:term":[{"taxonomy":"category","embeddable":true,"href":"https:\/\/www.ladiagonale.net\/index.php\/wp-json\/wp\/v2\/categories?post=14773"},{"taxonomy":"post_tag","embeddable":true,"href":"https:\/\/www.ladiagonale.net\/index.php\/wp-json\/wp\/v2\/tags?post=14773"}],"curies":[{"name":"wp","href":"https:\/\/api.w.org\/{rel}","templated":true}]}}