{"id":14804,"date":"2023-08-10T14:22:19","date_gmt":"2023-08-10T12:22:19","guid":{"rendered":"https:\/\/www.ladiagonale.net\/?p=14804"},"modified":"2023-08-10T14:27:16","modified_gmt":"2023-08-10T12:27:16","slug":"monaco-se-serait-aligne-sur-loffre-de-chelsea-pour-washington","status":"publish","type":"post","link":"https:\/\/www.ladiagonale.net\/index.php\/2023\/08\/10\/monaco-se-serait-aligne-sur-loffre-de-chelsea-pour-washington\/","title":{"rendered":"Monaco se serait align\u00e9 sur l&rsquo;offre de Chelsea pour Washington"},"content":{"rendered":"\n\n\n<p>L&rsquo;AS Monaco est en qu\u00eate d&rsquo;un attaquant sur ces derni\u00e8res semaines de mercato, surtout depuis que la formation de la Principaut\u00e9 sait qu&rsquo;elle devra se passer des services de Breel Embolo <a href=\"https:\/\/www.ladiagonale.net\/index.php\/2023\/08\/08\/huit-mois-sans-embolo-un-remplacant-recherche-par-monaco\/\">pendant la quasi-totalit\u00e9 de la saison<\/a>. Si l&rsquo;ASM s&rsquo;activerait notamment sur l<a href=\"https:\/\/www.ladiagonale.net\/index.php\/2023\/08\/09\/un-accord-de-principe-avec-balogun\/\">e dossier Balogun<\/a>, elle n&rsquo;aurait pas pour autant renonc\u00e9 \u00e0 Deivid Washington. D&rsquo;apr\u00e8s des informations publi\u00e9es par <em>UOL<\/em> et confirm\u00e9es par <em>Globo<\/em>, Monaco aurait transmis une offre de 20 millions d&rsquo;euros \u00e0 Santos pour l&rsquo;attaquant br\u00e9silien de 18 ans, \u00e9galant ainsi celle du club londonien, mais avec une part fixe plus \u00e9lev\u00e9e (16 millions contre 15).<\/p>\n\n\n\n<p>Sous contrat jusqu&rsquo;en avril 2026, Washington \u00e9tait annonc\u00e9 proche de Chelsea ces derniers jours et aurait donn\u00e9 sa pr\u00e9f\u00e9rence au club de <em>Premier League<\/em>. Santos aurait accept\u00e9 l&rsquo;offre de Chelsea mais en raison de l&rsquo;accord conclu avec Monaco pour Jean Lucas, se devait d&rsquo;en informer l&rsquo;ASM, <a href=\"https:\/\/www.ladiagonale.net\/index.php\/2023\/08\/05\/monaco-a-la-lutte-avec-chelsea-pour-washington\/\">qui aurait donc contre-attaqu\u00e9 en rehaussant son offre initiale<\/a>. D\u00e9sormais, la d\u00e9cision appartiendrait au joueur. Le m\u00e9dia br\u00e9silien indique m\u00eame que Washington a \u00e9t\u00e9 \u00e9cart\u00e9 du groupe le week-end dernier en vue en raison de son d\u00e9part imminent. <\/p>\n","protected":false},"excerpt":{"rendered":"<p>L&rsquo;AS Monaco est en qu\u00eate d&rsquo;un attaquant sur ces derni\u00e8res semaines de mercato, surtout depuis que la formation de la Principaut\u00e9 sait qu&rsquo;elle devra se passer des services de Breel Embolo pendant la quasi-totalit\u00e9 de la saison. Si l&rsquo;ASM s&rsquo;activerait notamment sur le dossier Balogun, elle n&rsquo;aurait pas pour autant renonc\u00e9 \u00e0 Deivid Washington. D&rsquo;apr\u00e8s [&#8230;]\n","protected":false},"author":2,"featured_media":0,"comment_status":"open","ping_status":"open","sticky":false,"template":"","format":"standard","meta":[],"categories":[6],"tags":[86,654,111,608,110],"yoast_head":"<!-- This site is optimized with the Yoast SEO plugin v19.8 - https:\/\/yoast.com\/wordpress\/plugins\/seo\/ -->\n<title>Monaco se serait align\u00e9 sur l&#039;offre de Chelsea pour Washington - La Diagonale<\/title>\n<meta name=\"robots\" content=\"index, follow, max-snippet:-1, max-image-preview:large, max-video-preview:-1\" \/>\n<link rel=\"canonical\" href=\"https:\/\/www.ladiagonale.net\/index.php\/2023\/08\/10\/monaco-se-serait-aligne-sur-loffre-de-chelsea-pour-washington\/\" \/>\n<meta property=\"og:locale\" content=\"fr_FR\" \/>\n<meta property=\"og:type\" content=\"article\" \/>\n<meta property=\"og:title\" content=\"Monaco se serait align\u00e9 sur l&#039;offre de Chelsea pour Washington - La Diagonale\" \/>\n<meta property=\"og:description\" content=\"L&rsquo;AS Monaco est en qu\u00eate d&rsquo;un attaquant sur ces derni\u00e8res semaines de mercato, surtout depuis que la formation de la Principaut\u00e9 sait qu&rsquo;elle devra se passer des services de Breel Embolo pendant la quasi-totalit\u00e9 de la saison. Si l&rsquo;ASM s&rsquo;activerait notamment sur le dossier Balogun, elle n&rsquo;aurait pas pour autant renonc\u00e9 \u00e0 Deivid Washington. D&rsquo;apr\u00e8s [...]\" \/>\n<meta property=\"og:url\" content=\"https:\/\/www.ladiagonale.net\/index.php\/2023\/08\/10\/monaco-se-serait-aligne-sur-loffre-de-chelsea-pour-washington\/\" \/>\n<meta property=\"og:site_name\" content=\"La Diagonale\" \/>\n<meta property=\"article:published_time\" content=\"2023-08-10T12:22:19+00:00\" \/>\n<meta property=\"article:modified_time\" content=\"2023-08-10T12:27:16+00:00\" \/>\n<meta property=\"og:image\" content=\"https:\/\/www.ladiagonale.net\/wp-content\/uploads\/2023\/07\/washington.png\" \/>\n\t<meta property=\"og:image:width\" content=\"1160\" \/>\n\t<meta property=\"og:image:height\" content=\"650\" \/>\n\t<meta property=\"og:image:type\" content=\"image\/png\" \/>\n<meta name=\"author\" content=\"Damien Dellerba\" \/>\n<meta name=\"twitter:card\" content=\"summary_large_image\" \/>\n<meta name=\"twitter:image\" content=\"https:\/\/www.ladiagonale.net\/wp-content\/uploads\/2023\/07\/washington.png\" \/>\n<meta name=\"twitter:label1\" content=\"\u00c9crit par\" \/>\n\t<meta name=\"twitter:data1\" content=\"Damien Dellerba\" \/>\n\t<meta name=\"twitter:label2\" content=\"Dur\u00e9e de lecture estim\u00e9e\" \/>\n\t<meta name=\"twitter:data2\" content=\"1 minute\" \/>\n<script type=\"application\/ld+json\" class=\"yoast-schema-graph\">{\"@context\":\"https:\/\/schema.org\",\"@graph\":[{\"@type\":\"WebPage\",\"@id\":\"https:\/\/www.ladiagonale.net\/index.php\/2023\/08\/10\/monaco-se-serait-aligne-sur-loffre-de-chelsea-pour-washington\/\",\"url\":\"https:\/\/www.ladiagonale.net\/index.php\/2023\/08\/10\/monaco-se-serait-aligne-sur-loffre-de-chelsea-pour-washington\/\",\"name\":\"Monaco se serait align\u00e9 sur l'offre de Chelsea pour Washington - La Diagonale\",\"isPartOf\":{\"@id\":\"https:\/\/www.ladiagonale.net\/#website\"},\"datePublished\":\"2023-08-10T12:22:19+00:00\",\"dateModified\":\"2023-08-10T12:27:16+00:00\",\"author\":{\"@id\":\"https:\/\/www.ladiagonale.net\/#\/schema\/person\/79ff1e7b0853ed01b2aa26e64ad300bf\"},\"breadcrumb\":{\"@id\":\"https:\/\/www.ladiagonale.net\/index.php\/2023\/08\/10\/monaco-se-serait-aligne-sur-loffre-de-chelsea-pour-washington\/#breadcrumb\"},\"inLanguage\":\"fr-FR\",\"potentialAction\":[{\"@type\":\"ReadAction\",\"target\":[\"https:\/\/www.ladiagonale.net\/index.php\/2023\/08\/10\/monaco-se-serait-aligne-sur-loffre-de-chelsea-pour-washington\/\"]}]},{\"@type\":\"BreadcrumbList\",\"@id\":\"https:\/\/www.ladiagonale.net\/index.php\/2023\/08\/10\/monaco-se-serait-aligne-sur-loffre-de-chelsea-pour-washington\/#breadcrumb\",\"itemListElement\":[{\"@type\":\"ListItem\",\"position\":1,\"name\":\"Accueil\",\"item\":\"https:\/\/www.ladiagonale.net\/\"},{\"@type\":\"ListItem\",\"position\":2,\"name\":\"Monaco se serait align\u00e9 sur l&rsquo;offre de Chelsea pour Washington\"}]},{\"@type\":\"WebSite\",\"@id\":\"https:\/\/www.ladiagonale.net\/#website\",\"url\":\"https:\/\/www.ladiagonale.net\/\",\"name\":\"La Diagonale\",\"description\":\"Le site des supporters de l&#039;AS Monaco FC\",\"potentialAction\":[{\"@type\":\"SearchAction\",\"target\":{\"@type\":\"EntryPoint\",\"urlTemplate\":\"https:\/\/www.ladiagonale.net\/?s={search_term_string}\"},\"query-input\":\"required name=search_term_string\"}],\"inLanguage\":\"fr-FR\"},{\"@type\":\"Person\",\"@id\":\"https:\/\/www.ladiagonale.net\/#\/schema\/person\/79ff1e7b0853ed01b2aa26e64ad300bf\",\"name\":\"Damien Dellerba\",\"image\":{\"@type\":\"ImageObject\",\"inLanguage\":\"fr-FR\",\"@id\":\"https:\/\/www.ladiagonale.net\/#\/schema\/person\/image\/\",\"url\":\"https:\/\/secure.gravatar.com\/avatar\/c7850e06d3ff63cdbaee88b7fc16e2f0?s=96&d=mm&r=g\",\"contentUrl\":\"https:\/\/secure.gravatar.com\/avatar\/c7850e06d3ff63cdbaee88b7fc16e2f0?s=96&d=mm&r=g\",\"caption\":\"Damien Dellerba\"},\"url\":\"https:\/\/www.ladiagonale.net\/index.php\/author\/damien\/\"}]}<\/script>\n<!-- \/ Yoast SEO plugin. -->","yoast_head_json":{"title":"Monaco se serait align\u00e9 sur l'offre de Chelsea pour Washington - La Diagonale","robots":{"index":"index","follow":"follow","max-snippet":"max-snippet:-1","max-image-preview":"max-image-preview:large","max-video-preview":"max-video-preview:-1"},"canonical":"https:\/\/www.ladiagonale.net\/index.php\/2023\/08\/10\/monaco-se-serait-aligne-sur-loffre-de-chelsea-pour-washington\/","og_locale":"fr_FR","og_type":"article","og_title":"Monaco se serait align\u00e9 sur l'offre de Chelsea pour Washington - La Diagonale","og_description":"L&rsquo;AS Monaco est en qu\u00eate d&rsquo;un attaquant sur ces derni\u00e8res semaines de mercato, surtout depuis que la formation de la Principaut\u00e9 sait qu&rsquo;elle devra se passer des services de Breel Embolo pendant la quasi-totalit\u00e9 de la saison. Si l&rsquo;ASM s&rsquo;activerait notamment sur le dossier Balogun, elle n&rsquo;aurait pas pour autant renonc\u00e9 \u00e0 Deivid Washington. D&rsquo;apr\u00e8s [...]","og_url":"https:\/\/www.ladiagonale.net\/index.php\/2023\/08\/10\/monaco-se-serait-aligne-sur-loffre-de-chelsea-pour-washington\/","og_site_name":"La Diagonale","article_published_time":"2023-08-10T12:22:19+00:00","article_modified_time":"2023-08-10T12:27:16+00:00","og_image":[{"width":1160,"height":650,"url":"https:\/\/www.ladiagonale.net\/wp-content\/uploads\/2023\/07\/washington.png","type":"image\/png"}],"author":"Damien Dellerba","twitter_card":"summary_large_image","twitter_image":"https:\/\/www.ladiagonale.net\/wp-content\/uploads\/2023\/07\/washington.png","twitter_misc":{"\u00c9crit par":"Damien Dellerba","Dur\u00e9e de lecture estim\u00e9e":"1 minute"},"schema":{"@context":"https:\/\/schema.org","@graph":[{"@type":"WebPage","@id":"https:\/\/www.ladiagonale.net\/index.php\/2023\/08\/10\/monaco-se-serait-aligne-sur-loffre-de-chelsea-pour-washington\/","url":"https:\/\/www.ladiagonale.net\/index.php\/2023\/08\/10\/monaco-se-serait-aligne-sur-loffre-de-chelsea-pour-washington\/","name":"Monaco se serait align\u00e9 sur l'offre de Chelsea pour Washington - La Diagonale","isPartOf":{"@id":"https:\/\/www.ladiagonale.net\/#website"},"datePublished":"2023-08-10T12:22:19+00:00","dateModified":"2023-08-10T12:27:16+00:00","author":{"@id":"https:\/\/www.ladiagonale.net\/#\/schema\/person\/79ff1e7b0853ed01b2aa26e64ad300bf"},"breadcrumb":{"@id":"https:\/\/www.ladiagonale.net\/index.php\/2023\/08\/10\/monaco-se-serait-aligne-sur-loffre-de-chelsea-pour-washington\/#breadcrumb"},"inLanguage":"fr-FR","potentialAction":[{"@type":"ReadAction","target":["https:\/\/www.ladiagonale.net\/index.php\/2023\/08\/10\/monaco-se-serait-aligne-sur-loffre-de-chelsea-pour-washington\/"]}]},{"@type":"BreadcrumbList","@id":"https:\/\/www.ladiagonale.net\/index.php\/2023\/08\/10\/monaco-se-serait-aligne-sur-loffre-de-chelsea-pour-washington\/#breadcrumb","itemListElement":[{"@type":"ListItem","position":1,"name":"Accueil","item":"https:\/\/www.ladiagonale.net\/"},{"@type":"ListItem","position":2,"name":"Monaco se serait align\u00e9 sur l&rsquo;offre de Chelsea pour Washington"}]},{"@type":"WebSite","@id":"https:\/\/www.ladiagonale.net\/#website","url":"https:\/\/www.ladiagonale.net\/","name":"La Diagonale","description":"Le site des supporters de l&#039;AS Monaco FC","potentialAction":[{"@type":"SearchAction","target":{"@type":"EntryPoint","urlTemplate":"https:\/\/www.ladiagonale.net\/?s={search_term_string}"},"query-input":"required name=search_term_string"}],"inLanguage":"fr-FR"},{"@type":"Person","@id":"https:\/\/www.ladiagonale.net\/#\/schema\/person\/79ff1e7b0853ed01b2aa26e64ad300bf","name":"Damien Dellerba","image":{"@type":"ImageObject","inLanguage":"fr-FR","@id":"https:\/\/www.ladiagonale.net\/#\/schema\/person\/image\/","url":"https:\/\/secure.gravatar.com\/avatar\/c7850e06d3ff63cdbaee88b7fc16e2f0?s=96&d=mm&r=g","contentUrl":"https:\/\/secure.gravatar.com\/avatar\/c7850e06d3ff63cdbaee88b7fc16e2f0?s=96&d=mm&r=g","caption":"Damien Dellerba"},"url":"https:\/\/www.ladiagonale.net\/index.php\/author\/damien\/"}]}},"_links":{"self":[{"href":"https:\/\/www.ladiagonale.net\/index.php\/wp-json\/wp\/v2\/posts\/14804"}],"collection":[{"href":"https:\/\/www.ladiagonale.net\/index.php\/wp-json\/wp\/v2\/posts"}],"about":[{"href":"https:\/\/www.ladiagonale.net\/index.php\/wp-json\/wp\/v2\/types\/post"}],"author":[{"embeddable":true,"href":"https:\/\/www.ladiagonale.net\/index.php\/wp-json\/wp\/v2\/users\/2"}],"replies":[{"embeddable":true,"href":"https:\/\/www.ladiagonale.net\/index.php\/wp-json\/wp\/v2\/comments?post=14804"}],"version-history":[{"count":2,"href":"https:\/\/www.ladiagonale.net\/index.php\/wp-json\/wp\/v2\/posts\/14804\/revisions"}],"predecessor-version":[{"id":14807,"href":"https:\/\/www.ladiagonale.net\/index.php\/wp-json\/wp\/v2\/posts\/14804\/revisions\/14807"}],"wp:attachment":[{"href":"https:\/\/www.ladiagonale.net\/index.php\/wp-json\/wp\/v2\/media?parent=14804"}],"wp:term":[{"taxonomy":"category","embeddable":true,"href":"https:\/\/www.ladiagonale.net\/index.php\/wp-json\/wp\/v2\/categories?post=14804"},{"taxonomy":"post_tag","embeddable":true,"href":"https:\/\/www.ladiagonale.net\/index.php\/wp-json\/wp\/v2\/tags?post=14804"}],"curies":[{"name":"wp","href":"https:\/\/api.w.org\/{rel}","templated":true}]}}