{"id":14849,"date":"2023-08-11T18:38:24","date_gmt":"2023-08-11T16:38:24","guid":{"rendered":"https:\/\/www.ladiagonale.net\/?p=14849"},"modified":"2023-08-11T18:38:46","modified_gmt":"2023-08-11T16:38:46","slug":"qui-sont-les-anciens-monegasques-en-ligue-1","status":"publish","type":"post","link":"https:\/\/www.ladiagonale.net\/index.php\/2023\/08\/11\/qui-sont-les-anciens-monegasques-en-ligue-1\/","title":{"rendered":"Qui sont les anciens Mon\u00e9gasques en Ligue 1 ?"},"content":{"rendered":"\n\n\n<p>La saison 2023-2024 de Ligue 1 d\u00e9bute ce vendredi par un all\u00e9chant Nice-Lille. \u00c0 cette occasion, on retrouvera plusieurs anciens joueurs de l&rsquo;AS Monaco de part et d&rsquo;autre. Au total, ce sont 20 anciens Rouge et Blanc dont un entra\u00eeneur, qui prendront part \u00e0 ce championnat, r\u00e9partis dans neuf clubs, soit 50% des effectifs du championnat. C&rsquo;est \u00e0 Lorient, Metz et au Paris Saint-Germain que l&rsquo;on retrouve le plus d&rsquo;ex-as\u00e9mistes (3).<\/p>\n\n\n\n<p><strong>Le Havre (2)<\/strong><\/p>\n\n\n\n<p>Le champion de Ligue 2 est remont\u00e9 avec deux anciens joueurs de l&rsquo;AS Monaco, <strong>Nabil Alioui<\/strong> et <strong>Samuel Grandsir<\/strong>. Le premier, form\u00e9 au club, n&rsquo;a jamais eu sa chance avec l&rsquo;\u00e9quipe premi\u00e8re de l&rsquo;ASM, tandis que le second a laiss\u00e9 un plut\u00f4t mauvais souvenir lors de son passage en 2018-2019. Mais au Havre, les deux joueurs ont donn\u00e9 satisfaction l&rsquo;an dernier.<\/p>\n\n\n\n<p><strong>Lille (2)<\/strong><\/p>\n\n\n\n<p>Ce jeudi, le LOSC a enregistr\u00e9 l&rsquo;arriv\u00e9e d&rsquo;<strong>Ivan Cavaleiro<\/strong>. Le Portugais arrive en provenance de Fulham et n&rsquo;a pass\u00e9 qu&rsquo;une seule saison en Principaut\u00e9, en 2015-2016, o\u00f9 il a \u00e9t\u00e9 souvent bless\u00e9. Les Dogues ont \u00e9galement fait signer \u00e0 <strong>Lisandru Olmeta<\/strong> son premier contrat professionnel, apr\u00e8s que celui-ci a refus\u00e9 la proposition mon\u00e9gasque.<\/p>\n\n\n\n<p><strong>Lorient (3)<\/strong><\/p>\n\n\n\n<p>Rarement un transfert aura fait couler autant d&rsquo;encre que celui de <strong>Benjamin Mendy<\/strong> \u00e0 Lorient. Le champion de France 2017, tout juste sorti d&rsquo;un second proc\u00e8s o\u00f9 il \u00e9tait accus\u00e9 d&rsquo;agression sexuelle et de viol, s&rsquo;est imm\u00e9diatement engag\u00e9 avec le club breton une fois le verdict rendu. Le lat\u00e9ral gauche va retrouver les pelouses pour la premi\u00e8re fois apr\u00e8s deux ann\u00e9es sans jouer. Il retrouvera <strong>Vito Mannone<\/strong>, toujours en poste comme deuxi\u00e8me gardien apr\u00e8s son d\u00e9part de la Principaut\u00e9 il y a deux ans, et <strong>Romain Faivre<\/strong>, transf\u00e9r\u00e9 \u00e0 Bournemtouh depuis Lyon, mais pr\u00eat\u00e9 dans la foul\u00e9e \u00e0 Lorient.<\/p>\n\n\n\n<p><strong>Marseille (2)<\/strong><\/p>\n\n\n\n<p>Parmi les nouveaux joueurs que l&rsquo;OM accueille dans son effectif cet \u00e9t\u00e9, deux d&rsquo;entre eux sont d&rsquo;anciens Rouge et Blanc. <strong>Geoffrey Kondogbia<\/strong>, qui a pass\u00e9 deux saisons \u00e0 Monaco (2013-2015), a d\u00e9j\u00e0 connu des d\u00e9buts difficiles avec une expulsion contre le Panathina\u00efkos en tour pr\u00e9liminaire de la Ligue des champions. <strong>Pierre-Emerick Aubameyang<\/strong> vient quant \u00e0 lui essayer de faire oublier Alexis Sanchez en attaque. Le Gabonnais, pass\u00e9 par Dortmund, Arsenal, Barcelone et Chelsea, a jou\u00e9 six mois \u00e0 l&rsquo;ASM, lorsqu&rsquo;il \u00e9tait pr\u00eat\u00e9 par l&rsquo;AC Milan (2010).<\/p>\n\n\n\n<p><strong>Metz (3)<\/strong><\/p>\n\n\n\n<p>L&rsquo;autre promu cette saison aura \u00e9galement deux anciens de la maison dans ses rangs. Le gardien rempla\u00e7ant <strong>Marc-Aur\u00e8le Caillard<\/strong> et <strong>K\u00e9vin N&rsquo;Doram<\/strong>. Le milieu de terrain, qui compte pr\u00e8s de 30 matchs avec le maillot \u00e0 la diagonale, va entamer sa cinqui\u00e8me saison du c\u00f4t\u00e9 de la Moselle. Les Messins seront coach\u00e9s par <strong>Laszlo B\u00f6l\u00f6ni<\/strong>, dont le passage sur le banc mon\u00e9gasque fut tr\u00e8s bref (<em>10 matchs en 2006<\/em>). <\/p>\n\n\n\n<p><strong>Montpellier (1)<\/strong><\/p>\n\n\n\n<p>Val\u00e8re Germain ayant rejoint l&rsquo;Australie, il ne reste plus qu&rsquo;un ancien Mon\u00e9gasque du c\u00f4t\u00e9 de l&rsquo;H\u00e9rault. <strong>Benjamin Lecomte<\/strong>, qui est retourn\u00e9 \u00e0 Montpellier en janvier dernier apr\u00e8s un an et demi en pr\u00eat en Espagne, y tiendra le poste de gardien titulaire.<\/p>\n\n\n\n<p><strong>Nantes (1)<\/strong><\/p>\n\n\n\n<p>Au tout d\u00e9but du mois d&rsquo;ao\u00fbt, le FC Nantes s&rsquo;est renforc\u00e9 en d\u00e9fense en enregistrant l&rsquo;arriv\u00e9e de <strong>Rona\u00ebl Pierre-Gabriel<\/strong>. Le lat\u00e9ral droit n&rsquo;a pas laiss\u00e9 un grand souvenir en Principaut\u00e9, m\u00eame s&rsquo;il n&rsquo;a pas \u00e9t\u00e9 \u00e9pargn\u00e9 par les blessures lors de son unique saison sur le Rocher (2018-2019).<\/p>\n\n\n\n<p><strong>Nice (2)<\/strong><\/p>\n\n\n\n<p>Deux anciens Rouge et Blanc garniront les rangs de l&rsquo;OGC Nice. L&rsquo;international fran\u00e7ais <strong>Kh\u00e9phren Thuram<\/strong>, form\u00e9 au club, entamera son cinqui\u00e8me exercice au sein du club rival de l&rsquo;AS Monaco, m\u00eame s&rsquo;il est courtis\u00e9 et n&rsquo;est pas certain de rester. Transf\u00e9r\u00e9 l&rsquo;\u00e9t\u00e9 dernier, <strong>Sofiane Diop<\/strong> (2018-2022) continuera de porter le maillot des Aiglons.<\/p>\n\n\n\n<p><strong>PSG (3)<\/strong><\/p>\n\n\n\n<p>Le myst\u00e8re autour de l&rsquo;avenir de <strong>Kylian Mbapp\u00e9<\/strong> reste entier mais il reste pour l&rsquo;heure un joueur du PSG. Le champion de France 2017 a \u00e9t\u00e9 plac\u00e9 dans le loft par sa direction cet \u00e9t\u00e9, alors que le bras de fer continue plus belle entre les deux camps. Deux autres joueurs issus de la formation mon\u00e9gasque sont encore dans les rangs parisiens : <strong>Layvin Kurzawa<\/strong>, dont le club esp\u00e8re toujours se s\u00e9parer et <strong>Abdou Diallo<\/strong>, qui \u00e9tait lui aussi dans le loft mais qui a finalement r\u00e9int\u00e9gr\u00e9 le groupe.  <\/p>\n\n\n\n<p><strong>Strasbourg (1)<\/strong><\/p>\n\n\n\n<p>Du c\u00f4t\u00e9 de Strasbourg, ce sera la m\u00eame chose que l&rsquo;an dernier avec la pr\u00e9sence de <strong>Jean-Eudes Aholou<\/strong>. Le milieu de terrain ivoirien n&rsquo;a jamais r\u00e9ussi \u00e0 l&rsquo;AS Monaco apr\u00e8s son transfert en provenance de Strasbourg en 2018, et il y a fait son retour en 2022, apr\u00e8s une saison r\u00e9ussie en pr\u00eat.<\/p>\n","protected":false},"excerpt":{"rendered":"<p>La saison 2023-2024 de Ligue 1 d\u00e9bute ce vendredi par un all\u00e9chant Nice-Lille. \u00c0 cette occasion, on retrouvera plusieurs anciens joueurs de l&rsquo;AS Monaco de part et d&rsquo;autre. Au total, ce sont 20 anciens Rouge et Blanc dont un entra\u00eeneur, qui prendront part \u00e0 ce championnat, r\u00e9partis dans neuf clubs, soit 50% des effectifs du [&#8230;]\n","protected":false},"author":2,"featured_media":0,"comment_status":"open","ping_status":"open","sticky":false,"template":"","format":"standard","meta":[],"categories":[6],"tags":[255,86,94],"yoast_head":"<!-- This site is optimized with the Yoast SEO plugin v19.8 - https:\/\/yoast.com\/wordpress\/plugins\/seo\/ -->\n<title>Qui sont les anciens Mon\u00e9gasques en Ligue 1 ? - La Diagonale<\/title>\n<meta name=\"robots\" content=\"index, follow, max-snippet:-1, max-image-preview:large, max-video-preview:-1\" \/>\n<link rel=\"canonical\" href=\"https:\/\/www.ladiagonale.net\/index.php\/2023\/08\/11\/qui-sont-les-anciens-monegasques-en-ligue-1\/\" \/>\n<meta property=\"og:locale\" content=\"fr_FR\" \/>\n<meta property=\"og:type\" content=\"article\" \/>\n<meta property=\"og:title\" content=\"Qui sont les anciens Mon\u00e9gasques en Ligue 1 ? - La Diagonale\" \/>\n<meta property=\"og:description\" content=\"La saison 2023-2024 de Ligue 1 d\u00e9bute ce vendredi par un all\u00e9chant Nice-Lille. \u00c0 cette occasion, on retrouvera plusieurs anciens joueurs de l&rsquo;AS Monaco de part et d&rsquo;autre. Au total, ce sont 20 anciens Rouge et Blanc dont un entra\u00eeneur, qui prendront part \u00e0 ce championnat, r\u00e9partis dans neuf clubs, soit 50% des effectifs du [...]\" \/>\n<meta property=\"og:url\" content=\"https:\/\/www.ladiagonale.net\/index.php\/2023\/08\/11\/qui-sont-les-anciens-monegasques-en-ligue-1\/\" \/>\n<meta property=\"og:site_name\" content=\"La Diagonale\" \/>\n<meta property=\"article:published_time\" content=\"2023-08-11T16:38:24+00:00\" \/>\n<meta property=\"article:modified_time\" content=\"2023-08-11T16:38:46+00:00\" \/>\n<meta property=\"og:image\" content=\"https:\/\/www.ladiagonale.net\/wp-content\/uploads\/2023\/08\/anciens.png\" \/>\n\t<meta property=\"og:image:width\" content=\"1160\" \/>\n\t<meta property=\"og:image:height\" content=\"650\" \/>\n\t<meta property=\"og:image:type\" content=\"image\/png\" \/>\n<meta name=\"author\" content=\"Damien Dellerba\" \/>\n<meta name=\"twitter:card\" content=\"summary_large_image\" \/>\n<meta name=\"twitter:image\" content=\"https:\/\/www.ladiagonale.net\/wp-content\/uploads\/2023\/08\/anciens.png\" \/>\n<meta name=\"twitter:label1\" content=\"\u00c9crit par\" \/>\n\t<meta name=\"twitter:data1\" content=\"Damien Dellerba\" \/>\n\t<meta name=\"twitter:label2\" content=\"Dur\u00e9e de lecture estim\u00e9e\" \/>\n\t<meta name=\"twitter:data2\" content=\"4 minutes\" \/>\n<script type=\"application\/ld+json\" class=\"yoast-schema-graph\">{\"@context\":\"https:\/\/schema.org\",\"@graph\":[{\"@type\":\"WebPage\",\"@id\":\"https:\/\/www.ladiagonale.net\/index.php\/2023\/08\/11\/qui-sont-les-anciens-monegasques-en-ligue-1\/\",\"url\":\"https:\/\/www.ladiagonale.net\/index.php\/2023\/08\/11\/qui-sont-les-anciens-monegasques-en-ligue-1\/\",\"name\":\"Qui sont les anciens Mon\u00e9gasques en Ligue 1 ? - La Diagonale\",\"isPartOf\":{\"@id\":\"https:\/\/www.ladiagonale.net\/#website\"},\"datePublished\":\"2023-08-11T16:38:24+00:00\",\"dateModified\":\"2023-08-11T16:38:46+00:00\",\"author\":{\"@id\":\"https:\/\/www.ladiagonale.net\/#\/schema\/person\/79ff1e7b0853ed01b2aa26e64ad300bf\"},\"breadcrumb\":{\"@id\":\"https:\/\/www.ladiagonale.net\/index.php\/2023\/08\/11\/qui-sont-les-anciens-monegasques-en-ligue-1\/#breadcrumb\"},\"inLanguage\":\"fr-FR\",\"potentialAction\":[{\"@type\":\"ReadAction\",\"target\":[\"https:\/\/www.ladiagonale.net\/index.php\/2023\/08\/11\/qui-sont-les-anciens-monegasques-en-ligue-1\/\"]}]},{\"@type\":\"BreadcrumbList\",\"@id\":\"https:\/\/www.ladiagonale.net\/index.php\/2023\/08\/11\/qui-sont-les-anciens-monegasques-en-ligue-1\/#breadcrumb\",\"itemListElement\":[{\"@type\":\"ListItem\",\"position\":1,\"name\":\"Accueil\",\"item\":\"https:\/\/www.ladiagonale.net\/\"},{\"@type\":\"ListItem\",\"position\":2,\"name\":\"Qui sont les anciens Mon\u00e9gasques en Ligue 1 ?\"}]},{\"@type\":\"WebSite\",\"@id\":\"https:\/\/www.ladiagonale.net\/#website\",\"url\":\"https:\/\/www.ladiagonale.net\/\",\"name\":\"La Diagonale\",\"description\":\"Le site des supporters de l&#039;AS Monaco FC\",\"potentialAction\":[{\"@type\":\"SearchAction\",\"target\":{\"@type\":\"EntryPoint\",\"urlTemplate\":\"https:\/\/www.ladiagonale.net\/?s={search_term_string}\"},\"query-input\":\"required name=search_term_string\"}],\"inLanguage\":\"fr-FR\"},{\"@type\":\"Person\",\"@id\":\"https:\/\/www.ladiagonale.net\/#\/schema\/person\/79ff1e7b0853ed01b2aa26e64ad300bf\",\"name\":\"Damien Dellerba\",\"image\":{\"@type\":\"ImageObject\",\"inLanguage\":\"fr-FR\",\"@id\":\"https:\/\/www.ladiagonale.net\/#\/schema\/person\/image\/\",\"url\":\"https:\/\/secure.gravatar.com\/avatar\/c7850e06d3ff63cdbaee88b7fc16e2f0?s=96&d=mm&r=g\",\"contentUrl\":\"https:\/\/secure.gravatar.com\/avatar\/c7850e06d3ff63cdbaee88b7fc16e2f0?s=96&d=mm&r=g\",\"caption\":\"Damien Dellerba\"},\"url\":\"https:\/\/www.ladiagonale.net\/index.php\/author\/damien\/\"}]}<\/script>\n<!-- \/ Yoast SEO plugin. -->","yoast_head_json":{"title":"Qui sont les anciens Mon\u00e9gasques en Ligue 1 ? - La Diagonale","robots":{"index":"index","follow":"follow","max-snippet":"max-snippet:-1","max-image-preview":"max-image-preview:large","max-video-preview":"max-video-preview:-1"},"canonical":"https:\/\/www.ladiagonale.net\/index.php\/2023\/08\/11\/qui-sont-les-anciens-monegasques-en-ligue-1\/","og_locale":"fr_FR","og_type":"article","og_title":"Qui sont les anciens Mon\u00e9gasques en Ligue 1 ? - La Diagonale","og_description":"La saison 2023-2024 de Ligue 1 d\u00e9bute ce vendredi par un all\u00e9chant Nice-Lille. \u00c0 cette occasion, on retrouvera plusieurs anciens joueurs de l&rsquo;AS Monaco de part et d&rsquo;autre. Au total, ce sont 20 anciens Rouge et Blanc dont un entra\u00eeneur, qui prendront part \u00e0 ce championnat, r\u00e9partis dans neuf clubs, soit 50% des effectifs du [...]","og_url":"https:\/\/www.ladiagonale.net\/index.php\/2023\/08\/11\/qui-sont-les-anciens-monegasques-en-ligue-1\/","og_site_name":"La Diagonale","article_published_time":"2023-08-11T16:38:24+00:00","article_modified_time":"2023-08-11T16:38:46+00:00","og_image":[{"width":1160,"height":650,"url":"https:\/\/www.ladiagonale.net\/wp-content\/uploads\/2023\/08\/anciens.png","type":"image\/png"}],"author":"Damien Dellerba","twitter_card":"summary_large_image","twitter_image":"https:\/\/www.ladiagonale.net\/wp-content\/uploads\/2023\/08\/anciens.png","twitter_misc":{"\u00c9crit par":"Damien Dellerba","Dur\u00e9e de lecture estim\u00e9e":"4 minutes"},"schema":{"@context":"https:\/\/schema.org","@graph":[{"@type":"WebPage","@id":"https:\/\/www.ladiagonale.net\/index.php\/2023\/08\/11\/qui-sont-les-anciens-monegasques-en-ligue-1\/","url":"https:\/\/www.ladiagonale.net\/index.php\/2023\/08\/11\/qui-sont-les-anciens-monegasques-en-ligue-1\/","name":"Qui sont les anciens Mon\u00e9gasques en Ligue 1 ? - La Diagonale","isPartOf":{"@id":"https:\/\/www.ladiagonale.net\/#website"},"datePublished":"2023-08-11T16:38:24+00:00","dateModified":"2023-08-11T16:38:46+00:00","author":{"@id":"https:\/\/www.ladiagonale.net\/#\/schema\/person\/79ff1e7b0853ed01b2aa26e64ad300bf"},"breadcrumb":{"@id":"https:\/\/www.ladiagonale.net\/index.php\/2023\/08\/11\/qui-sont-les-anciens-monegasques-en-ligue-1\/#breadcrumb"},"inLanguage":"fr-FR","potentialAction":[{"@type":"ReadAction","target":["https:\/\/www.ladiagonale.net\/index.php\/2023\/08\/11\/qui-sont-les-anciens-monegasques-en-ligue-1\/"]}]},{"@type":"BreadcrumbList","@id":"https:\/\/www.ladiagonale.net\/index.php\/2023\/08\/11\/qui-sont-les-anciens-monegasques-en-ligue-1\/#breadcrumb","itemListElement":[{"@type":"ListItem","position":1,"name":"Accueil","item":"https:\/\/www.ladiagonale.net\/"},{"@type":"ListItem","position":2,"name":"Qui sont les anciens Mon\u00e9gasques en Ligue 1 ?"}]},{"@type":"WebSite","@id":"https:\/\/www.ladiagonale.net\/#website","url":"https:\/\/www.ladiagonale.net\/","name":"La Diagonale","description":"Le site des supporters de l&#039;AS Monaco FC","potentialAction":[{"@type":"SearchAction","target":{"@type":"EntryPoint","urlTemplate":"https:\/\/www.ladiagonale.net\/?s={search_term_string}"},"query-input":"required name=search_term_string"}],"inLanguage":"fr-FR"},{"@type":"Person","@id":"https:\/\/www.ladiagonale.net\/#\/schema\/person\/79ff1e7b0853ed01b2aa26e64ad300bf","name":"Damien Dellerba","image":{"@type":"ImageObject","inLanguage":"fr-FR","@id":"https:\/\/www.ladiagonale.net\/#\/schema\/person\/image\/","url":"https:\/\/secure.gravatar.com\/avatar\/c7850e06d3ff63cdbaee88b7fc16e2f0?s=96&d=mm&r=g","contentUrl":"https:\/\/secure.gravatar.com\/avatar\/c7850e06d3ff63cdbaee88b7fc16e2f0?s=96&d=mm&r=g","caption":"Damien Dellerba"},"url":"https:\/\/www.ladiagonale.net\/index.php\/author\/damien\/"}]}},"_links":{"self":[{"href":"https:\/\/www.ladiagonale.net\/index.php\/wp-json\/wp\/v2\/posts\/14849"}],"collection":[{"href":"https:\/\/www.ladiagonale.net\/index.php\/wp-json\/wp\/v2\/posts"}],"about":[{"href":"https:\/\/www.ladiagonale.net\/index.php\/wp-json\/wp\/v2\/types\/post"}],"author":[{"embeddable":true,"href":"https:\/\/www.ladiagonale.net\/index.php\/wp-json\/wp\/v2\/users\/2"}],"replies":[{"embeddable":true,"href":"https:\/\/www.ladiagonale.net\/index.php\/wp-json\/wp\/v2\/comments?post=14849"}],"version-history":[{"count":6,"href":"https:\/\/www.ladiagonale.net\/index.php\/wp-json\/wp\/v2\/posts\/14849\/revisions"}],"predecessor-version":[{"id":14901,"href":"https:\/\/www.ladiagonale.net\/index.php\/wp-json\/wp\/v2\/posts\/14849\/revisions\/14901"}],"wp:attachment":[{"href":"https:\/\/www.ladiagonale.net\/index.php\/wp-json\/wp\/v2\/media?parent=14849"}],"wp:term":[{"taxonomy":"category","embeddable":true,"href":"https:\/\/www.ladiagonale.net\/index.php\/wp-json\/wp\/v2\/categories?post=14849"},{"taxonomy":"post_tag","embeddable":true,"href":"https:\/\/www.ladiagonale.net\/index.php\/wp-json\/wp\/v2\/tags?post=14849"}],"curies":[{"name":"wp","href":"https:\/\/api.w.org\/{rel}","templated":true}]}}