{"id":14861,"date":"2023-08-11T12:20:32","date_gmt":"2023-08-11T10:20:32","guid":{"rendered":"https:\/\/www.ladiagonale.net\/?p=14861"},"modified":"2023-08-11T12:28:38","modified_gmt":"2023-08-11T10:28:38","slug":"officiel-monaco-tient-son-nouveau-directeur-technique","status":"publish","type":"post","link":"https:\/\/www.ladiagonale.net\/index.php\/2023\/08\/11\/officiel-monaco-tient-son-nouveau-directeur-technique\/","title":{"rendered":"Officiel : Monaco tient son nouveau directeur technique"},"content":{"rendered":"\n\n\n<p>Les<a href=\"https:\/\/www.ladiagonale.net\/index.php\/2023\/08\/10\/avina-pourrait-rejoindre-monaco\/\"> informations parues dans la presse flamande<\/a> ce jeudi ont \u00e9t\u00e9 confirm\u00e9es par l&rsquo;AS Monaco. Le club de la Principaut\u00e9 a annonc\u00e9 sur son site officiel l&rsquo;arriv\u00e9e de Carlos Avina au poste de directeur technique, succ\u00e9dant ainsi \u00e0 Laurence Stewart, parti \u00e0 Chelsea en janvier dernier. Le Mexicain de 32 ans arrive en provenance du Cercle Bruges et \u00e9voluera sous la direction de Thiago Scuro, directeur du football.<\/p>\n\n\n\n<p>Apr\u00e8s Ben Lambrecht, le directeur g\u00e9n\u00e9ral du club <a href=\"https:\/\/www.ladiagonale.net\/index.php\/2022\/12\/05\/officiel-lambrecht-succede-a-de-witt\/\">arriv\u00e9 au mois de d\u00e9cembre<\/a>, il s&rsquo;agit du deuxi\u00e8me transfuge en provenance du club satellite de l&rsquo;ASM. Carlos Avina a travaill\u00e9 comme directeur sportif au sein du club belge pendant trois saisons, arriv\u00e9 en 2020 et a obtenu des r\u00e9sultats probants et en nette progression. En tant que directeur sportif, il devrait assurer la direction du recrutement.<\/p>\n","protected":false},"excerpt":{"rendered":"<p>Les informations parues dans la presse flamande ce jeudi ont \u00e9t\u00e9 confirm\u00e9es par l&rsquo;AS Monaco. Le club de la Principaut\u00e9 a annonc\u00e9 sur son site officiel l&rsquo;arriv\u00e9e de Carlos Avina au poste de directeur technique, succ\u00e9dant ainsi \u00e0 Laurence Stewart, parti \u00e0 Chelsea en janvier dernier. Le Mexicain de 32 ans arrive en provenance du [&#8230;]\n","protected":false},"author":2,"featured_media":0,"comment_status":"open","ping_status":"open","sticky":false,"template":"","format":"standard","meta":[],"categories":[4,6],"tags":[86,474,212,655,479],"yoast_head":"<!-- This site is optimized with the Yoast SEO plugin v19.8 - https:\/\/yoast.com\/wordpress\/plugins\/seo\/ -->\n<title>Officiel : Monaco tient son nouveau directeur technique - La Diagonale<\/title>\n<meta name=\"robots\" content=\"index, follow, max-snippet:-1, max-image-preview:large, max-video-preview:-1\" \/>\n<link rel=\"canonical\" href=\"https:\/\/www.ladiagonale.net\/index.php\/2023\/08\/11\/officiel-monaco-tient-son-nouveau-directeur-technique\/\" \/>\n<meta property=\"og:locale\" content=\"fr_FR\" \/>\n<meta property=\"og:type\" content=\"article\" \/>\n<meta property=\"og:title\" content=\"Officiel : Monaco tient son nouveau directeur technique - La Diagonale\" \/>\n<meta property=\"og:description\" content=\"Les informations parues dans la presse flamande ce jeudi ont \u00e9t\u00e9 confirm\u00e9es par l&rsquo;AS Monaco. Le club de la Principaut\u00e9 a annonc\u00e9 sur son site officiel l&rsquo;arriv\u00e9e de Carlos Avina au poste de directeur technique, succ\u00e9dant ainsi \u00e0 Laurence Stewart, parti \u00e0 Chelsea en janvier dernier. Le Mexicain de 32 ans arrive en provenance du [...]\" \/>\n<meta property=\"og:url\" content=\"https:\/\/www.ladiagonale.net\/index.php\/2023\/08\/11\/officiel-monaco-tient-son-nouveau-directeur-technique\/\" \/>\n<meta property=\"og:site_name\" content=\"La Diagonale\" \/>\n<meta property=\"article:published_time\" content=\"2023-08-11T10:20:32+00:00\" \/>\n<meta property=\"article:modified_time\" content=\"2023-08-11T10:28:38+00:00\" \/>\n<meta property=\"og:image\" content=\"https:\/\/www.ladiagonale.net\/wp-content\/uploads\/2023\/04\/avina.png\" \/>\n\t<meta property=\"og:image:width\" content=\"1160\" \/>\n\t<meta property=\"og:image:height\" content=\"650\" \/>\n\t<meta property=\"og:image:type\" content=\"image\/png\" \/>\n<meta name=\"author\" content=\"Damien Dellerba\" \/>\n<meta name=\"twitter:card\" content=\"summary_large_image\" \/>\n<meta name=\"twitter:image\" content=\"https:\/\/www.ladiagonale.net\/wp-content\/uploads\/2023\/04\/avina.png\" \/>\n<meta name=\"twitter:label1\" content=\"\u00c9crit par\" \/>\n\t<meta name=\"twitter:data1\" content=\"Damien Dellerba\" \/>\n\t<meta name=\"twitter:label2\" content=\"Dur\u00e9e de lecture estim\u00e9e\" \/>\n\t<meta name=\"twitter:data2\" content=\"1 minute\" \/>\n<script type=\"application\/ld+json\" class=\"yoast-schema-graph\">{\"@context\":\"https:\/\/schema.org\",\"@graph\":[{\"@type\":\"WebPage\",\"@id\":\"https:\/\/www.ladiagonale.net\/index.php\/2023\/08\/11\/officiel-monaco-tient-son-nouveau-directeur-technique\/\",\"url\":\"https:\/\/www.ladiagonale.net\/index.php\/2023\/08\/11\/officiel-monaco-tient-son-nouveau-directeur-technique\/\",\"name\":\"Officiel : Monaco tient son nouveau directeur technique - La Diagonale\",\"isPartOf\":{\"@id\":\"https:\/\/www.ladiagonale.net\/#website\"},\"datePublished\":\"2023-08-11T10:20:32+00:00\",\"dateModified\":\"2023-08-11T10:28:38+00:00\",\"author\":{\"@id\":\"https:\/\/www.ladiagonale.net\/#\/schema\/person\/79ff1e7b0853ed01b2aa26e64ad300bf\"},\"breadcrumb\":{\"@id\":\"https:\/\/www.ladiagonale.net\/index.php\/2023\/08\/11\/officiel-monaco-tient-son-nouveau-directeur-technique\/#breadcrumb\"},\"inLanguage\":\"fr-FR\",\"potentialAction\":[{\"@type\":\"ReadAction\",\"target\":[\"https:\/\/www.ladiagonale.net\/index.php\/2023\/08\/11\/officiel-monaco-tient-son-nouveau-directeur-technique\/\"]}]},{\"@type\":\"BreadcrumbList\",\"@id\":\"https:\/\/www.ladiagonale.net\/index.php\/2023\/08\/11\/officiel-monaco-tient-son-nouveau-directeur-technique\/#breadcrumb\",\"itemListElement\":[{\"@type\":\"ListItem\",\"position\":1,\"name\":\"Accueil\",\"item\":\"https:\/\/www.ladiagonale.net\/\"},{\"@type\":\"ListItem\",\"position\":2,\"name\":\"Officiel : Monaco tient son nouveau directeur technique\"}]},{\"@type\":\"WebSite\",\"@id\":\"https:\/\/www.ladiagonale.net\/#website\",\"url\":\"https:\/\/www.ladiagonale.net\/\",\"name\":\"La Diagonale\",\"description\":\"Le site des supporters de l&#039;AS Monaco FC\",\"potentialAction\":[{\"@type\":\"SearchAction\",\"target\":{\"@type\":\"EntryPoint\",\"urlTemplate\":\"https:\/\/www.ladiagonale.net\/?s={search_term_string}\"},\"query-input\":\"required name=search_term_string\"}],\"inLanguage\":\"fr-FR\"},{\"@type\":\"Person\",\"@id\":\"https:\/\/www.ladiagonale.net\/#\/schema\/person\/79ff1e7b0853ed01b2aa26e64ad300bf\",\"name\":\"Damien Dellerba\",\"image\":{\"@type\":\"ImageObject\",\"inLanguage\":\"fr-FR\",\"@id\":\"https:\/\/www.ladiagonale.net\/#\/schema\/person\/image\/\",\"url\":\"https:\/\/secure.gravatar.com\/avatar\/c7850e06d3ff63cdbaee88b7fc16e2f0?s=96&d=mm&r=g\",\"contentUrl\":\"https:\/\/secure.gravatar.com\/avatar\/c7850e06d3ff63cdbaee88b7fc16e2f0?s=96&d=mm&r=g\",\"caption\":\"Damien Dellerba\"},\"url\":\"https:\/\/www.ladiagonale.net\/index.php\/author\/damien\/\"}]}<\/script>\n<!-- \/ Yoast SEO plugin. -->","yoast_head_json":{"title":"Officiel : Monaco tient son nouveau directeur technique - La Diagonale","robots":{"index":"index","follow":"follow","max-snippet":"max-snippet:-1","max-image-preview":"max-image-preview:large","max-video-preview":"max-video-preview:-1"},"canonical":"https:\/\/www.ladiagonale.net\/index.php\/2023\/08\/11\/officiel-monaco-tient-son-nouveau-directeur-technique\/","og_locale":"fr_FR","og_type":"article","og_title":"Officiel : Monaco tient son nouveau directeur technique - La Diagonale","og_description":"Les informations parues dans la presse flamande ce jeudi ont \u00e9t\u00e9 confirm\u00e9es par l&rsquo;AS Monaco. Le club de la Principaut\u00e9 a annonc\u00e9 sur son site officiel l&rsquo;arriv\u00e9e de Carlos Avina au poste de directeur technique, succ\u00e9dant ainsi \u00e0 Laurence Stewart, parti \u00e0 Chelsea en janvier dernier. Le Mexicain de 32 ans arrive en provenance du [...]","og_url":"https:\/\/www.ladiagonale.net\/index.php\/2023\/08\/11\/officiel-monaco-tient-son-nouveau-directeur-technique\/","og_site_name":"La Diagonale","article_published_time":"2023-08-11T10:20:32+00:00","article_modified_time":"2023-08-11T10:28:38+00:00","og_image":[{"width":1160,"height":650,"url":"https:\/\/www.ladiagonale.net\/wp-content\/uploads\/2023\/04\/avina.png","type":"image\/png"}],"author":"Damien Dellerba","twitter_card":"summary_large_image","twitter_image":"https:\/\/www.ladiagonale.net\/wp-content\/uploads\/2023\/04\/avina.png","twitter_misc":{"\u00c9crit par":"Damien Dellerba","Dur\u00e9e de lecture estim\u00e9e":"1 minute"},"schema":{"@context":"https:\/\/schema.org","@graph":[{"@type":"WebPage","@id":"https:\/\/www.ladiagonale.net\/index.php\/2023\/08\/11\/officiel-monaco-tient-son-nouveau-directeur-technique\/","url":"https:\/\/www.ladiagonale.net\/index.php\/2023\/08\/11\/officiel-monaco-tient-son-nouveau-directeur-technique\/","name":"Officiel : Monaco tient son nouveau directeur technique - La Diagonale","isPartOf":{"@id":"https:\/\/www.ladiagonale.net\/#website"},"datePublished":"2023-08-11T10:20:32+00:00","dateModified":"2023-08-11T10:28:38+00:00","author":{"@id":"https:\/\/www.ladiagonale.net\/#\/schema\/person\/79ff1e7b0853ed01b2aa26e64ad300bf"},"breadcrumb":{"@id":"https:\/\/www.ladiagonale.net\/index.php\/2023\/08\/11\/officiel-monaco-tient-son-nouveau-directeur-technique\/#breadcrumb"},"inLanguage":"fr-FR","potentialAction":[{"@type":"ReadAction","target":["https:\/\/www.ladiagonale.net\/index.php\/2023\/08\/11\/officiel-monaco-tient-son-nouveau-directeur-technique\/"]}]},{"@type":"BreadcrumbList","@id":"https:\/\/www.ladiagonale.net\/index.php\/2023\/08\/11\/officiel-monaco-tient-son-nouveau-directeur-technique\/#breadcrumb","itemListElement":[{"@type":"ListItem","position":1,"name":"Accueil","item":"https:\/\/www.ladiagonale.net\/"},{"@type":"ListItem","position":2,"name":"Officiel : Monaco tient son nouveau directeur technique"}]},{"@type":"WebSite","@id":"https:\/\/www.ladiagonale.net\/#website","url":"https:\/\/www.ladiagonale.net\/","name":"La Diagonale","description":"Le site des supporters de l&#039;AS Monaco FC","potentialAction":[{"@type":"SearchAction","target":{"@type":"EntryPoint","urlTemplate":"https:\/\/www.ladiagonale.net\/?s={search_term_string}"},"query-input":"required name=search_term_string"}],"inLanguage":"fr-FR"},{"@type":"Person","@id":"https:\/\/www.ladiagonale.net\/#\/schema\/person\/79ff1e7b0853ed01b2aa26e64ad300bf","name":"Damien Dellerba","image":{"@type":"ImageObject","inLanguage":"fr-FR","@id":"https:\/\/www.ladiagonale.net\/#\/schema\/person\/image\/","url":"https:\/\/secure.gravatar.com\/avatar\/c7850e06d3ff63cdbaee88b7fc16e2f0?s=96&d=mm&r=g","contentUrl":"https:\/\/secure.gravatar.com\/avatar\/c7850e06d3ff63cdbaee88b7fc16e2f0?s=96&d=mm&r=g","caption":"Damien Dellerba"},"url":"https:\/\/www.ladiagonale.net\/index.php\/author\/damien\/"}]}},"_links":{"self":[{"href":"https:\/\/www.ladiagonale.net\/index.php\/wp-json\/wp\/v2\/posts\/14861"}],"collection":[{"href":"https:\/\/www.ladiagonale.net\/index.php\/wp-json\/wp\/v2\/posts"}],"about":[{"href":"https:\/\/www.ladiagonale.net\/index.php\/wp-json\/wp\/v2\/types\/post"}],"author":[{"embeddable":true,"href":"https:\/\/www.ladiagonale.net\/index.php\/wp-json\/wp\/v2\/users\/2"}],"replies":[{"embeddable":true,"href":"https:\/\/www.ladiagonale.net\/index.php\/wp-json\/wp\/v2\/comments?post=14861"}],"version-history":[{"count":4,"href":"https:\/\/www.ladiagonale.net\/index.php\/wp-json\/wp\/v2\/posts\/14861\/revisions"}],"predecessor-version":[{"id":14866,"href":"https:\/\/www.ladiagonale.net\/index.php\/wp-json\/wp\/v2\/posts\/14861\/revisions\/14866"}],"wp:attachment":[{"href":"https:\/\/www.ladiagonale.net\/index.php\/wp-json\/wp\/v2\/media?parent=14861"}],"wp:term":[{"taxonomy":"category","embeddable":true,"href":"https:\/\/www.ladiagonale.net\/index.php\/wp-json\/wp\/v2\/categories?post=14861"},{"taxonomy":"post_tag","embeddable":true,"href":"https:\/\/www.ladiagonale.net\/index.php\/wp-json\/wp\/v2\/tags?post=14861"}],"curies":[{"name":"wp","href":"https:\/\/api.w.org\/{rel}","templated":true}]}}