{"id":14877,"date":"2023-08-11T15:33:05","date_gmt":"2023-08-11T13:33:05","guid":{"rendered":"https:\/\/www.ladiagonale.net\/?p=14877"},"modified":"2023-08-11T18:45:05","modified_gmt":"2023-08-11T16:45:05","slug":"ben-yedder-mis-en-examen-pour-viol-tentative-de-viol-et-agression-sexuelle","status":"publish","type":"post","link":"https:\/\/www.ladiagonale.net\/index.php\/2023\/08\/11\/ben-yedder-mis-en-examen-pour-viol-tentative-de-viol-et-agression-sexuelle\/","title":{"rendered":"Ben Yedder mis en examen (Actualis\u00e9)"},"content":{"rendered":"\n\n\n<p>L&rsquo;AS Monaco risque de d\u00e9buter la saison \u00e0 Clermont sans Wissam Ben Yedder. L&rsquo;attaquant de l&rsquo;AS Monaco a \u00e9t\u00e9 mis en examen par le parquet de Nice pour \u00ab <em>viol, tentative de viol et agression sexuelle<\/em> \u00bb, selon des infirmations rapport\u00e9es par <em>Nice-Matin<\/em>. L&rsquo;adjoint au procureur de la R\u00e9publique de Nice, Jean-Philippe Navarre, a confirm\u00e9 l&rsquo;ouverture d&rsquo;une information judiciaire avec ces m\u00eames chefs d&rsquo;accusation.<\/p>\n\n\n\n<p>Le capitaine de l&rsquo;AS Monaco, qui a pass\u00e9 48 heures en garde \u00e0 vue depuis mardi et qui b\u00e9n\u00e9ficie toujours de la pr\u00e9somption d&rsquo;innocence, a \u00e9t\u00e9 plac\u00e9 sous contr\u00f4le judiciaire et une caution de 900 000 euros a \u00e9t\u00e9 demand\u00e9e \u00e0 l&rsquo;international tricolore pour sa remise en libert\u00e9. Son fr\u00e8re, \u00e9galement impliqu\u00e9, a lui aussi \u00e9t\u00e9 mis en examen et c&rsquo;est la police judiciaire de Nice qui se chargera de l&rsquo;enqu\u00eate. <\/p>\n\n\n\n<p>Cette mise en examen fait suite aux <a href=\"https:\/\/www.ladiagonale.net\/index.php\/2023\/07\/13\/ben-yedder-accuse-dagression-sexuelle-et-de-viol\/\">deux plaintes pour agression sexuelle et viol<\/a> <a href=\"https:\/\/www.ladiagonale.net\/index.php\/2023\/07\/13\/ben-yedder-accuse-dagression-sexuelle-et-de-viol\/\">d\u00e9pos\u00e9es par deux jeunes femmes de 19 et 20 ans<\/a>, \u00e0 la suite d&rsquo;une soir\u00e9e qui s&rsquo;\u00e9tait tenue \u00e0 Beausoleil le 10 juillet. Au cours de celle-ci, Ben Yedder et son fr\u00e8re leur auraient \u00ab<em> impos\u00e9 des actes sexuels<\/em> \u00bb, comme le pr\u00e9cise le parquet. D&rsquo;apr\u00e8s le quotidien azur\u00e9en, Wissam Ben Yedder conteste les faits.<\/p>\n\n\n\n<p><strong>Actualisation :<\/strong> Selon les informations de <em>Nice-Matin<\/em>, le parquet avait initialement demand\u00e9 le placement en d\u00e9tention de Ben Yedder et de son fr\u00e8re, notamment afin d&#8217;emp\u00eacher les pressions sur les victimes. Mais la juge des libert\u00e9s et de la d\u00e9tention a privil\u00e9gi\u00e9 le contr\u00f4le judiciaire accompagn\u00e9 d&rsquo;une caution \u00e9lev\u00e9e, rapporte le journal.<\/p>\n","protected":false},"excerpt":{"rendered":"<p>L&rsquo;AS Monaco risque de d\u00e9buter la saison \u00e0 Clermont sans Wissam Ben Yedder. L&rsquo;attaquant de l&rsquo;AS Monaco a \u00e9t\u00e9 mis en examen par le parquet de Nice pour \u00ab viol, tentative de viol et agression sexuelle \u00bb, selon des infirmations rapport\u00e9es par Nice-Matin. L&rsquo;adjoint au procureur de la R\u00e9publique de Nice, Jean-Philippe Navarre, a confirm\u00e9 [&#8230;]\n","protected":false},"author":2,"featured_media":11576,"comment_status":"closed","ping_status":"closed","sticky":false,"template":"","format":"standard","meta":[],"categories":[5,6],"tags":[86,401,175],"yoast_head":"<!-- This site is optimized with the Yoast SEO plugin v19.8 - https:\/\/yoast.com\/wordpress\/plugins\/seo\/ -->\n<title>Ben Yedder mis en examen (Actualis\u00e9) - La Diagonale<\/title>\n<meta name=\"robots\" content=\"index, follow, max-snippet:-1, max-image-preview:large, max-video-preview:-1\" \/>\n<link rel=\"canonical\" href=\"https:\/\/www.ladiagonale.net\/index.php\/2023\/08\/11\/ben-yedder-mis-en-examen-pour-viol-tentative-de-viol-et-agression-sexuelle\/\" \/>\n<meta property=\"og:locale\" content=\"fr_FR\" \/>\n<meta property=\"og:type\" content=\"article\" \/>\n<meta property=\"og:title\" content=\"Ben Yedder mis en examen (Actualis\u00e9) - La Diagonale\" \/>\n<meta property=\"og:description\" content=\"L&rsquo;AS Monaco risque de d\u00e9buter la saison \u00e0 Clermont sans Wissam Ben Yedder. L&rsquo;attaquant de l&rsquo;AS Monaco a \u00e9t\u00e9 mis en examen par le parquet de Nice pour \u00ab viol, tentative de viol et agression sexuelle \u00bb, selon des infirmations rapport\u00e9es par Nice-Matin. L&rsquo;adjoint au procureur de la R\u00e9publique de Nice, Jean-Philippe Navarre, a confirm\u00e9 [...]\" \/>\n<meta property=\"og:url\" content=\"https:\/\/www.ladiagonale.net\/index.php\/2023\/08\/11\/ben-yedder-mis-en-examen-pour-viol-tentative-de-viol-et-agression-sexuelle\/\" \/>\n<meta property=\"og:site_name\" content=\"La Diagonale\" \/>\n<meta property=\"article:published_time\" content=\"2023-08-11T13:33:05+00:00\" \/>\n<meta property=\"article:modified_time\" content=\"2023-08-11T16:45:05+00:00\" \/>\n<meta property=\"og:image\" content=\"https:\/\/www.ladiagonale.net\/wp-content\/uploads\/2023\/04\/ben-yedder5.png\" \/>\n\t<meta property=\"og:image:width\" content=\"1160\" \/>\n\t<meta property=\"og:image:height\" content=\"650\" \/>\n\t<meta property=\"og:image:type\" content=\"image\/png\" \/>\n<meta name=\"author\" content=\"Damien Dellerba\" \/>\n<meta name=\"twitter:card\" content=\"summary_large_image\" \/>\n<meta name=\"twitter:image\" content=\"https:\/\/www.ladiagonale.net\/wp-content\/uploads\/2023\/04\/ben-yedder5.png\" \/>\n<meta name=\"twitter:label1\" content=\"\u00c9crit par\" \/>\n\t<meta name=\"twitter:data1\" content=\"Damien Dellerba\" \/>\n\t<meta name=\"twitter:label2\" content=\"Dur\u00e9e de lecture estim\u00e9e\" \/>\n\t<meta name=\"twitter:data2\" content=\"2 minutes\" \/>\n<script type=\"application\/ld+json\" class=\"yoast-schema-graph\">{\"@context\":\"https:\/\/schema.org\",\"@graph\":[{\"@type\":\"WebPage\",\"@id\":\"https:\/\/www.ladiagonale.net\/index.php\/2023\/08\/11\/ben-yedder-mis-en-examen-pour-viol-tentative-de-viol-et-agression-sexuelle\/\",\"url\":\"https:\/\/www.ladiagonale.net\/index.php\/2023\/08\/11\/ben-yedder-mis-en-examen-pour-viol-tentative-de-viol-et-agression-sexuelle\/\",\"name\":\"Ben Yedder mis en examen (Actualis\u00e9) - La Diagonale\",\"isPartOf\":{\"@id\":\"https:\/\/www.ladiagonale.net\/#website\"},\"datePublished\":\"2023-08-11T13:33:05+00:00\",\"dateModified\":\"2023-08-11T16:45:05+00:00\",\"author\":{\"@id\":\"https:\/\/www.ladiagonale.net\/#\/schema\/person\/79ff1e7b0853ed01b2aa26e64ad300bf\"},\"breadcrumb\":{\"@id\":\"https:\/\/www.ladiagonale.net\/index.php\/2023\/08\/11\/ben-yedder-mis-en-examen-pour-viol-tentative-de-viol-et-agression-sexuelle\/#breadcrumb\"},\"inLanguage\":\"fr-FR\",\"potentialAction\":[{\"@type\":\"ReadAction\",\"target\":[\"https:\/\/www.ladiagonale.net\/index.php\/2023\/08\/11\/ben-yedder-mis-en-examen-pour-viol-tentative-de-viol-et-agression-sexuelle\/\"]}]},{\"@type\":\"BreadcrumbList\",\"@id\":\"https:\/\/www.ladiagonale.net\/index.php\/2023\/08\/11\/ben-yedder-mis-en-examen-pour-viol-tentative-de-viol-et-agression-sexuelle\/#breadcrumb\",\"itemListElement\":[{\"@type\":\"ListItem\",\"position\":1,\"name\":\"Accueil\",\"item\":\"https:\/\/www.ladiagonale.net\/\"},{\"@type\":\"ListItem\",\"position\":2,\"name\":\"Ben Yedder mis en examen (Actualis\u00e9)\"}]},{\"@type\":\"WebSite\",\"@id\":\"https:\/\/www.ladiagonale.net\/#website\",\"url\":\"https:\/\/www.ladiagonale.net\/\",\"name\":\"La Diagonale\",\"description\":\"Le site des supporters de l&#039;AS Monaco FC\",\"potentialAction\":[{\"@type\":\"SearchAction\",\"target\":{\"@type\":\"EntryPoint\",\"urlTemplate\":\"https:\/\/www.ladiagonale.net\/?s={search_term_string}\"},\"query-input\":\"required name=search_term_string\"}],\"inLanguage\":\"fr-FR\"},{\"@type\":\"Person\",\"@id\":\"https:\/\/www.ladiagonale.net\/#\/schema\/person\/79ff1e7b0853ed01b2aa26e64ad300bf\",\"name\":\"Damien Dellerba\",\"image\":{\"@type\":\"ImageObject\",\"inLanguage\":\"fr-FR\",\"@id\":\"https:\/\/www.ladiagonale.net\/#\/schema\/person\/image\/\",\"url\":\"https:\/\/secure.gravatar.com\/avatar\/c7850e06d3ff63cdbaee88b7fc16e2f0?s=96&d=mm&r=g\",\"contentUrl\":\"https:\/\/secure.gravatar.com\/avatar\/c7850e06d3ff63cdbaee88b7fc16e2f0?s=96&d=mm&r=g\",\"caption\":\"Damien Dellerba\"},\"url\":\"https:\/\/www.ladiagonale.net\/index.php\/author\/damien\/\"}]}<\/script>\n<!-- \/ Yoast SEO plugin. -->","yoast_head_json":{"title":"Ben Yedder mis en examen (Actualis\u00e9) - La Diagonale","robots":{"index":"index","follow":"follow","max-snippet":"max-snippet:-1","max-image-preview":"max-image-preview:large","max-video-preview":"max-video-preview:-1"},"canonical":"https:\/\/www.ladiagonale.net\/index.php\/2023\/08\/11\/ben-yedder-mis-en-examen-pour-viol-tentative-de-viol-et-agression-sexuelle\/","og_locale":"fr_FR","og_type":"article","og_title":"Ben Yedder mis en examen (Actualis\u00e9) - La Diagonale","og_description":"L&rsquo;AS Monaco risque de d\u00e9buter la saison \u00e0 Clermont sans Wissam Ben Yedder. L&rsquo;attaquant de l&rsquo;AS Monaco a \u00e9t\u00e9 mis en examen par le parquet de Nice pour \u00ab viol, tentative de viol et agression sexuelle \u00bb, selon des infirmations rapport\u00e9es par Nice-Matin. L&rsquo;adjoint au procureur de la R\u00e9publique de Nice, Jean-Philippe Navarre, a confirm\u00e9 [...]","og_url":"https:\/\/www.ladiagonale.net\/index.php\/2023\/08\/11\/ben-yedder-mis-en-examen-pour-viol-tentative-de-viol-et-agression-sexuelle\/","og_site_name":"La Diagonale","article_published_time":"2023-08-11T13:33:05+00:00","article_modified_time":"2023-08-11T16:45:05+00:00","og_image":[{"width":1160,"height":650,"url":"https:\/\/www.ladiagonale.net\/wp-content\/uploads\/2023\/04\/ben-yedder5.png","type":"image\/png"}],"author":"Damien Dellerba","twitter_card":"summary_large_image","twitter_image":"https:\/\/www.ladiagonale.net\/wp-content\/uploads\/2023\/04\/ben-yedder5.png","twitter_misc":{"\u00c9crit par":"Damien Dellerba","Dur\u00e9e de lecture estim\u00e9e":"2 minutes"},"schema":{"@context":"https:\/\/schema.org","@graph":[{"@type":"WebPage","@id":"https:\/\/www.ladiagonale.net\/index.php\/2023\/08\/11\/ben-yedder-mis-en-examen-pour-viol-tentative-de-viol-et-agression-sexuelle\/","url":"https:\/\/www.ladiagonale.net\/index.php\/2023\/08\/11\/ben-yedder-mis-en-examen-pour-viol-tentative-de-viol-et-agression-sexuelle\/","name":"Ben Yedder mis en examen (Actualis\u00e9) - La Diagonale","isPartOf":{"@id":"https:\/\/www.ladiagonale.net\/#website"},"datePublished":"2023-08-11T13:33:05+00:00","dateModified":"2023-08-11T16:45:05+00:00","author":{"@id":"https:\/\/www.ladiagonale.net\/#\/schema\/person\/79ff1e7b0853ed01b2aa26e64ad300bf"},"breadcrumb":{"@id":"https:\/\/www.ladiagonale.net\/index.php\/2023\/08\/11\/ben-yedder-mis-en-examen-pour-viol-tentative-de-viol-et-agression-sexuelle\/#breadcrumb"},"inLanguage":"fr-FR","potentialAction":[{"@type":"ReadAction","target":["https:\/\/www.ladiagonale.net\/index.php\/2023\/08\/11\/ben-yedder-mis-en-examen-pour-viol-tentative-de-viol-et-agression-sexuelle\/"]}]},{"@type":"BreadcrumbList","@id":"https:\/\/www.ladiagonale.net\/index.php\/2023\/08\/11\/ben-yedder-mis-en-examen-pour-viol-tentative-de-viol-et-agression-sexuelle\/#breadcrumb","itemListElement":[{"@type":"ListItem","position":1,"name":"Accueil","item":"https:\/\/www.ladiagonale.net\/"},{"@type":"ListItem","position":2,"name":"Ben Yedder mis en examen (Actualis\u00e9)"}]},{"@type":"WebSite","@id":"https:\/\/www.ladiagonale.net\/#website","url":"https:\/\/www.ladiagonale.net\/","name":"La Diagonale","description":"Le site des supporters de l&#039;AS Monaco FC","potentialAction":[{"@type":"SearchAction","target":{"@type":"EntryPoint","urlTemplate":"https:\/\/www.ladiagonale.net\/?s={search_term_string}"},"query-input":"required name=search_term_string"}],"inLanguage":"fr-FR"},{"@type":"Person","@id":"https:\/\/www.ladiagonale.net\/#\/schema\/person\/79ff1e7b0853ed01b2aa26e64ad300bf","name":"Damien Dellerba","image":{"@type":"ImageObject","inLanguage":"fr-FR","@id":"https:\/\/www.ladiagonale.net\/#\/schema\/person\/image\/","url":"https:\/\/secure.gravatar.com\/avatar\/c7850e06d3ff63cdbaee88b7fc16e2f0?s=96&d=mm&r=g","contentUrl":"https:\/\/secure.gravatar.com\/avatar\/c7850e06d3ff63cdbaee88b7fc16e2f0?s=96&d=mm&r=g","caption":"Damien Dellerba"},"url":"https:\/\/www.ladiagonale.net\/index.php\/author\/damien\/"}]}},"_links":{"self":[{"href":"https:\/\/www.ladiagonale.net\/index.php\/wp-json\/wp\/v2\/posts\/14877"}],"collection":[{"href":"https:\/\/www.ladiagonale.net\/index.php\/wp-json\/wp\/v2\/posts"}],"about":[{"href":"https:\/\/www.ladiagonale.net\/index.php\/wp-json\/wp\/v2\/types\/post"}],"author":[{"embeddable":true,"href":"https:\/\/www.ladiagonale.net\/index.php\/wp-json\/wp\/v2\/users\/2"}],"replies":[{"embeddable":true,"href":"https:\/\/www.ladiagonale.net\/index.php\/wp-json\/wp\/v2\/comments?post=14877"}],"version-history":[{"count":13,"href":"https:\/\/www.ladiagonale.net\/index.php\/wp-json\/wp\/v2\/posts\/14877\/revisions"}],"predecessor-version":[{"id":14902,"href":"https:\/\/www.ladiagonale.net\/index.php\/wp-json\/wp\/v2\/posts\/14877\/revisions\/14902"}],"wp:featuredmedia":[{"embeddable":true,"href":"https:\/\/www.ladiagonale.net\/index.php\/wp-json\/wp\/v2\/media\/11576"}],"wp:attachment":[{"href":"https:\/\/www.ladiagonale.net\/index.php\/wp-json\/wp\/v2\/media?parent=14877"}],"wp:term":[{"taxonomy":"category","embeddable":true,"href":"https:\/\/www.ladiagonale.net\/index.php\/wp-json\/wp\/v2\/categories?post=14877"},{"taxonomy":"post_tag","embeddable":true,"href":"https:\/\/www.ladiagonale.net\/index.php\/wp-json\/wp\/v2\/tags?post=14877"}],"curies":[{"name":"wp","href":"https:\/\/api.w.org\/{rel}","templated":true}]}}