{"id":14890,"date":"2023-08-11T16:59:43","date_gmt":"2023-08-11T14:59:43","guid":{"rendered":"https:\/\/www.ladiagonale.net\/?p=14890"},"modified":"2023-08-12T00:10:43","modified_gmt":"2023-08-11T22:10:43","slug":"salisu-absent-contre-clermont-ben-seghir-incertain","status":"publish","type":"post","link":"https:\/\/www.ladiagonale.net\/index.php\/2023\/08\/11\/salisu-absent-contre-clermont-ben-seghir-incertain\/","title":{"rendered":"Salisu absent contre Clermont, Ben Seghir incertain"},"content":{"rendered":"\n\n\n<p>En conf\u00e9rence de presse, Adi H\u00fctter a d&rsquo;ores et d\u00e9j\u00e0 act\u00e9 le forfait de sa nouvelle recrue, Mohammed Salisu, pour le d\u00e9placement \u00e0 Clermont : \u00ab <em>Salisu est bless\u00e9 \u00e0 l&rsquo;aine, j&rsquo;esp\u00e8re qu&rsquo;il sera de retour la semaine prochaine<\/em> \u00bb, a d\u00e9clar\u00e9 le technicien autrichien dans des propos rapport\u00e9s par <em>L&rsquo;\u00c9quipe<\/em>. Une absence qui s&rsquo;ajoute celle de longue dur\u00e9e de Breel Embolo, estim\u00e9e \u00e0 huit mois : \u00ab <em>Cela va prendre du temps<\/em> \u00bb, a indiqu\u00e9 H\u00fctter<\/p>\n\n\n\n<p>Sorti sur blessure \u00e0 la mi-temps de l&rsquo;<em>Emirates Cup<\/em> contre Arsenal, Eliesse Ben Seghir est touch\u00e9 aux ischio-jambiers et sa participation au premier match de la saison n&rsquo;est pas certaine : \u00ab <em>On esp\u00e8re qu&rsquo;il sera l\u00e0 dimanche<\/em> \u00bb, a pr\u00e9cis\u00e9 l&rsquo;entra\u00eeneur mon\u00e9gasque. Ce dernier a \u00e9galement ajout\u00e9 que Yllan Okou \u00e9tait \u00ab <em>malade<\/em> \u00bb et qu&rsquo;Edan Diop avait \u00ab <em>un probl\u00e8me \u00e0 un pied <\/em>\u00bb. H\u00fctter esp\u00e8re son retour d&rsquo;ici deux \u00e0 trois semaines<em>.<\/em><\/p>\n","protected":false},"excerpt":{"rendered":"<p>En conf\u00e9rence de presse, Adi H\u00fctter a d&rsquo;ores et d\u00e9j\u00e0 act\u00e9 le forfait de sa nouvelle recrue, Mohammed Salisu, pour le d\u00e9placement \u00e0 Clermont : \u00ab Salisu est bless\u00e9 \u00e0 l&rsquo;aine, j&rsquo;esp\u00e8re qu&rsquo;il sera de retour la semaine prochaine \u00bb, a d\u00e9clar\u00e9 le technicien autrichien dans des propos rapport\u00e9s par L&rsquo;\u00c9quipe. Une absence qui s&rsquo;ajoute [&#8230;]\n","protected":false},"author":2,"featured_media":0,"comment_status":"open","ping_status":"open","sticky":false,"template":"","format":"standard","meta":[],"categories":[4,6],"tags":[86,383,80,286,196,94,618,656],"yoast_head":"<!-- This site is optimized with the Yoast SEO plugin v19.8 - https:\/\/yoast.com\/wordpress\/plugins\/seo\/ -->\n<title>Salisu absent contre Clermont, Ben Seghir incertain - La Diagonale<\/title>\n<meta name=\"robots\" content=\"index, follow, max-snippet:-1, max-image-preview:large, max-video-preview:-1\" \/>\n<link rel=\"canonical\" href=\"https:\/\/www.ladiagonale.net\/index.php\/2023\/08\/11\/salisu-absent-contre-clermont-ben-seghir-incertain\/\" \/>\n<meta property=\"og:locale\" content=\"fr_FR\" \/>\n<meta property=\"og:type\" content=\"article\" \/>\n<meta property=\"og:title\" content=\"Salisu absent contre Clermont, Ben Seghir incertain - La Diagonale\" \/>\n<meta property=\"og:description\" content=\"En conf\u00e9rence de presse, Adi H\u00fctter a d&rsquo;ores et d\u00e9j\u00e0 act\u00e9 le forfait de sa nouvelle recrue, Mohammed Salisu, pour le d\u00e9placement \u00e0 Clermont : \u00ab Salisu est bless\u00e9 \u00e0 l&rsquo;aine, j&rsquo;esp\u00e8re qu&rsquo;il sera de retour la semaine prochaine \u00bb, a d\u00e9clar\u00e9 le technicien autrichien dans des propos rapport\u00e9s par L&rsquo;\u00c9quipe. Une absence qui s&rsquo;ajoute [...]\" \/>\n<meta property=\"og:url\" content=\"https:\/\/www.ladiagonale.net\/index.php\/2023\/08\/11\/salisu-absent-contre-clermont-ben-seghir-incertain\/\" \/>\n<meta property=\"og:site_name\" content=\"La Diagonale\" \/>\n<meta property=\"article:published_time\" content=\"2023-08-11T14:59:43+00:00\" \/>\n<meta property=\"article:modified_time\" content=\"2023-08-11T22:10:43+00:00\" \/>\n<meta property=\"og:image\" content=\"https:\/\/www.ladiagonale.net\/wp-content\/uploads\/2023\/08\/salisu2-1.png\" \/>\n\t<meta property=\"og:image:width\" content=\"1160\" \/>\n\t<meta property=\"og:image:height\" content=\"650\" \/>\n\t<meta property=\"og:image:type\" content=\"image\/png\" \/>\n<meta name=\"author\" content=\"Damien Dellerba\" \/>\n<meta name=\"twitter:card\" content=\"summary_large_image\" \/>\n<meta name=\"twitter:image\" content=\"https:\/\/www.ladiagonale.net\/wp-content\/uploads\/2023\/08\/salisu2-1.png\" \/>\n<meta name=\"twitter:label1\" content=\"\u00c9crit par\" \/>\n\t<meta name=\"twitter:data1\" content=\"Damien Dellerba\" \/>\n\t<meta name=\"twitter:label2\" content=\"Dur\u00e9e de lecture estim\u00e9e\" \/>\n\t<meta name=\"twitter:data2\" content=\"1 minute\" \/>\n<script type=\"application\/ld+json\" class=\"yoast-schema-graph\">{\"@context\":\"https:\/\/schema.org\",\"@graph\":[{\"@type\":\"WebPage\",\"@id\":\"https:\/\/www.ladiagonale.net\/index.php\/2023\/08\/11\/salisu-absent-contre-clermont-ben-seghir-incertain\/\",\"url\":\"https:\/\/www.ladiagonale.net\/index.php\/2023\/08\/11\/salisu-absent-contre-clermont-ben-seghir-incertain\/\",\"name\":\"Salisu absent contre Clermont, Ben Seghir incertain - La Diagonale\",\"isPartOf\":{\"@id\":\"https:\/\/www.ladiagonale.net\/#website\"},\"datePublished\":\"2023-08-11T14:59:43+00:00\",\"dateModified\":\"2023-08-11T22:10:43+00:00\",\"author\":{\"@id\":\"https:\/\/www.ladiagonale.net\/#\/schema\/person\/79ff1e7b0853ed01b2aa26e64ad300bf\"},\"breadcrumb\":{\"@id\":\"https:\/\/www.ladiagonale.net\/index.php\/2023\/08\/11\/salisu-absent-contre-clermont-ben-seghir-incertain\/#breadcrumb\"},\"inLanguage\":\"fr-FR\",\"potentialAction\":[{\"@type\":\"ReadAction\",\"target\":[\"https:\/\/www.ladiagonale.net\/index.php\/2023\/08\/11\/salisu-absent-contre-clermont-ben-seghir-incertain\/\"]}]},{\"@type\":\"BreadcrumbList\",\"@id\":\"https:\/\/www.ladiagonale.net\/index.php\/2023\/08\/11\/salisu-absent-contre-clermont-ben-seghir-incertain\/#breadcrumb\",\"itemListElement\":[{\"@type\":\"ListItem\",\"position\":1,\"name\":\"Accueil\",\"item\":\"https:\/\/www.ladiagonale.net\/\"},{\"@type\":\"ListItem\",\"position\":2,\"name\":\"Salisu absent contre Clermont, Ben Seghir incertain\"}]},{\"@type\":\"WebSite\",\"@id\":\"https:\/\/www.ladiagonale.net\/#website\",\"url\":\"https:\/\/www.ladiagonale.net\/\",\"name\":\"La Diagonale\",\"description\":\"Le site des supporters de l&#039;AS Monaco FC\",\"potentialAction\":[{\"@type\":\"SearchAction\",\"target\":{\"@type\":\"EntryPoint\",\"urlTemplate\":\"https:\/\/www.ladiagonale.net\/?s={search_term_string}\"},\"query-input\":\"required name=search_term_string\"}],\"inLanguage\":\"fr-FR\"},{\"@type\":\"Person\",\"@id\":\"https:\/\/www.ladiagonale.net\/#\/schema\/person\/79ff1e7b0853ed01b2aa26e64ad300bf\",\"name\":\"Damien Dellerba\",\"image\":{\"@type\":\"ImageObject\",\"inLanguage\":\"fr-FR\",\"@id\":\"https:\/\/www.ladiagonale.net\/#\/schema\/person\/image\/\",\"url\":\"https:\/\/secure.gravatar.com\/avatar\/c7850e06d3ff63cdbaee88b7fc16e2f0?s=96&d=mm&r=g\",\"contentUrl\":\"https:\/\/secure.gravatar.com\/avatar\/c7850e06d3ff63cdbaee88b7fc16e2f0?s=96&d=mm&r=g\",\"caption\":\"Damien Dellerba\"},\"url\":\"https:\/\/www.ladiagonale.net\/index.php\/author\/damien\/\"}]}<\/script>\n<!-- \/ Yoast SEO plugin. -->","yoast_head_json":{"title":"Salisu absent contre Clermont, Ben Seghir incertain - La Diagonale","robots":{"index":"index","follow":"follow","max-snippet":"max-snippet:-1","max-image-preview":"max-image-preview:large","max-video-preview":"max-video-preview:-1"},"canonical":"https:\/\/www.ladiagonale.net\/index.php\/2023\/08\/11\/salisu-absent-contre-clermont-ben-seghir-incertain\/","og_locale":"fr_FR","og_type":"article","og_title":"Salisu absent contre Clermont, Ben Seghir incertain - La Diagonale","og_description":"En conf\u00e9rence de presse, Adi H\u00fctter a d&rsquo;ores et d\u00e9j\u00e0 act\u00e9 le forfait de sa nouvelle recrue, Mohammed Salisu, pour le d\u00e9placement \u00e0 Clermont : \u00ab Salisu est bless\u00e9 \u00e0 l&rsquo;aine, j&rsquo;esp\u00e8re qu&rsquo;il sera de retour la semaine prochaine \u00bb, a d\u00e9clar\u00e9 le technicien autrichien dans des propos rapport\u00e9s par L&rsquo;\u00c9quipe. Une absence qui s&rsquo;ajoute [...]","og_url":"https:\/\/www.ladiagonale.net\/index.php\/2023\/08\/11\/salisu-absent-contre-clermont-ben-seghir-incertain\/","og_site_name":"La Diagonale","article_published_time":"2023-08-11T14:59:43+00:00","article_modified_time":"2023-08-11T22:10:43+00:00","og_image":[{"width":1160,"height":650,"url":"https:\/\/www.ladiagonale.net\/wp-content\/uploads\/2023\/08\/salisu2-1.png","type":"image\/png"}],"author":"Damien Dellerba","twitter_card":"summary_large_image","twitter_image":"https:\/\/www.ladiagonale.net\/wp-content\/uploads\/2023\/08\/salisu2-1.png","twitter_misc":{"\u00c9crit par":"Damien Dellerba","Dur\u00e9e de lecture estim\u00e9e":"1 minute"},"schema":{"@context":"https:\/\/schema.org","@graph":[{"@type":"WebPage","@id":"https:\/\/www.ladiagonale.net\/index.php\/2023\/08\/11\/salisu-absent-contre-clermont-ben-seghir-incertain\/","url":"https:\/\/www.ladiagonale.net\/index.php\/2023\/08\/11\/salisu-absent-contre-clermont-ben-seghir-incertain\/","name":"Salisu absent contre Clermont, Ben Seghir incertain - La Diagonale","isPartOf":{"@id":"https:\/\/www.ladiagonale.net\/#website"},"datePublished":"2023-08-11T14:59:43+00:00","dateModified":"2023-08-11T22:10:43+00:00","author":{"@id":"https:\/\/www.ladiagonale.net\/#\/schema\/person\/79ff1e7b0853ed01b2aa26e64ad300bf"},"breadcrumb":{"@id":"https:\/\/www.ladiagonale.net\/index.php\/2023\/08\/11\/salisu-absent-contre-clermont-ben-seghir-incertain\/#breadcrumb"},"inLanguage":"fr-FR","potentialAction":[{"@type":"ReadAction","target":["https:\/\/www.ladiagonale.net\/index.php\/2023\/08\/11\/salisu-absent-contre-clermont-ben-seghir-incertain\/"]}]},{"@type":"BreadcrumbList","@id":"https:\/\/www.ladiagonale.net\/index.php\/2023\/08\/11\/salisu-absent-contre-clermont-ben-seghir-incertain\/#breadcrumb","itemListElement":[{"@type":"ListItem","position":1,"name":"Accueil","item":"https:\/\/www.ladiagonale.net\/"},{"@type":"ListItem","position":2,"name":"Salisu absent contre Clermont, Ben Seghir incertain"}]},{"@type":"WebSite","@id":"https:\/\/www.ladiagonale.net\/#website","url":"https:\/\/www.ladiagonale.net\/","name":"La Diagonale","description":"Le site des supporters de l&#039;AS Monaco FC","potentialAction":[{"@type":"SearchAction","target":{"@type":"EntryPoint","urlTemplate":"https:\/\/www.ladiagonale.net\/?s={search_term_string}"},"query-input":"required name=search_term_string"}],"inLanguage":"fr-FR"},{"@type":"Person","@id":"https:\/\/www.ladiagonale.net\/#\/schema\/person\/79ff1e7b0853ed01b2aa26e64ad300bf","name":"Damien Dellerba","image":{"@type":"ImageObject","inLanguage":"fr-FR","@id":"https:\/\/www.ladiagonale.net\/#\/schema\/person\/image\/","url":"https:\/\/secure.gravatar.com\/avatar\/c7850e06d3ff63cdbaee88b7fc16e2f0?s=96&d=mm&r=g","contentUrl":"https:\/\/secure.gravatar.com\/avatar\/c7850e06d3ff63cdbaee88b7fc16e2f0?s=96&d=mm&r=g","caption":"Damien Dellerba"},"url":"https:\/\/www.ladiagonale.net\/index.php\/author\/damien\/"}]}},"_links":{"self":[{"href":"https:\/\/www.ladiagonale.net\/index.php\/wp-json\/wp\/v2\/posts\/14890"}],"collection":[{"href":"https:\/\/www.ladiagonale.net\/index.php\/wp-json\/wp\/v2\/posts"}],"about":[{"href":"https:\/\/www.ladiagonale.net\/index.php\/wp-json\/wp\/v2\/types\/post"}],"author":[{"embeddable":true,"href":"https:\/\/www.ladiagonale.net\/index.php\/wp-json\/wp\/v2\/users\/2"}],"replies":[{"embeddable":true,"href":"https:\/\/www.ladiagonale.net\/index.php\/wp-json\/wp\/v2\/comments?post=14890"}],"version-history":[{"count":5,"href":"https:\/\/www.ladiagonale.net\/index.php\/wp-json\/wp\/v2\/posts\/14890\/revisions"}],"predecessor-version":[{"id":14920,"href":"https:\/\/www.ladiagonale.net\/index.php\/wp-json\/wp\/v2\/posts\/14890\/revisions\/14920"}],"wp:attachment":[{"href":"https:\/\/www.ladiagonale.net\/index.php\/wp-json\/wp\/v2\/media?parent=14890"}],"wp:term":[{"taxonomy":"category","embeddable":true,"href":"https:\/\/www.ladiagonale.net\/index.php\/wp-json\/wp\/v2\/categories?post=14890"},{"taxonomy":"post_tag","embeddable":true,"href":"https:\/\/www.ladiagonale.net\/index.php\/wp-json\/wp\/v2\/tags?post=14890"}],"curies":[{"name":"wp","href":"https:\/\/api.w.org\/{rel}","templated":true}]}}