{"id":14903,"date":"2023-08-11T21:49:29","date_gmt":"2023-08-11T19:49:29","guid":{"rendered":"https:\/\/www.ladiagonale.net\/?p=14903"},"modified":"2023-08-11T21:49:45","modified_gmt":"2023-08-11T19:49:45","slug":"embolo-a-ete-opere","status":"publish","type":"post","link":"https:\/\/www.ladiagonale.net\/index.php\/2023\/08\/11\/embolo-a-ete-opere\/","title":{"rendered":"Embolo a \u00e9t\u00e9 op\u00e9r\u00e9"},"content":{"rendered":"\n\n\n<p>C&rsquo;est d\u00e9sormais un long chemin qui s&rsquo;ouvre devant Breel Embolo avec le d\u00e9but de sa convalescence et de sa r\u00e9\u00e9ducation. L&rsquo;attaquant de l&rsquo;AS Monaco, victime \u00e0 l&rsquo;entra\u00eenement lundi d&rsquo;une rupture du ligament crois\u00e9 ant\u00e9rieur du genou droit, a \u00e9t\u00e9 op\u00e9r\u00e9 \u00e0 Lyon ce vendredi, rapporte <em>Nice-Matin<\/em>. Le quotidien azur\u00e9en pr\u00e9cise que l&rsquo;intervention a \u00e9t\u00e9 effectu\u00e9e par le docteur Bertrand Sonnery-Cottet \u00e0 l&rsquo;H\u00f4pital priv\u00e9 Jean-Mermoz.<\/p>\n\n\n\n<p>En marge de la rencontre face au Bayern Munich, l&rsquo;entra\u00eeneur de l&rsquo;AS Monaco Adi H\u00fctter avait <a href=\"https:\/\/www.ladiagonale.net\/index.php\/2023\/08\/08\/huit-mois-sans-embolo-un-remplacant-recherche-par-monaco\/\">estim\u00e9 l&rsquo;indisponibilit\u00e9 de Breel Embolo \u00e0 environ huit mois<\/a>, contraignant le club de la Principaut\u00e9 \u00e0 devoir se passer de lui pour la quasi-totalit\u00e9 de la saison. Si le secteur offensif ne semblait pas \u00eatre une priorit\u00e9 sur ce mercato estival, la blessure d&rsquo;Embolo ainsi que <a href=\"https:\/\/www.ladiagonale.net\/index.php\/2023\/08\/11\/ben-yedder-mis-en-examen-pour-viol-tentative-de-viol-et-agression-sexuelle\/\">la mise en examen de Wissam Ben Yedder<\/a> ont chang\u00e9 la donne. <a href=\"https:\/\/www.ladiagonale.net\/index.php\/2023\/08\/09\/un-accord-de-principe-avec-balogun\/\">Folarin Balogun<\/a> et <a href=\"https:\/\/www.ladiagonale.net\/index.php\/2023\/08\/10\/monaco-se-serait-aligne-sur-loffre-de-chelsea-pour-washington\/\">Deivid Washington<\/a> seraient les deux pistes les plus chaudes pour l&rsquo;instant.<\/p>\n","protected":false},"excerpt":{"rendered":"<p>C&rsquo;est d\u00e9sormais un long chemin qui s&rsquo;ouvre devant Breel Embolo avec le d\u00e9but de sa convalescence et de sa r\u00e9\u00e9ducation. L&rsquo;attaquant de l&rsquo;AS Monaco, victime \u00e0 l&rsquo;entra\u00eenement lundi d&rsquo;une rupture du ligament crois\u00e9 ant\u00e9rieur du genou droit, a \u00e9t\u00e9 op\u00e9r\u00e9 \u00e0 Lyon ce vendredi, rapporte Nice-Matin. Le quotidien azur\u00e9en pr\u00e9cise que l&rsquo;intervention a \u00e9t\u00e9 effectu\u00e9e [&#8230;]\n","protected":false},"author":2,"featured_media":0,"comment_status":"open","ping_status":"open","sticky":false,"template":"","format":"standard","meta":[],"categories":[4,6],"tags":[86,161,196],"yoast_head":"<!-- This site is optimized with the Yoast SEO plugin v19.8 - https:\/\/yoast.com\/wordpress\/plugins\/seo\/ -->\n<title>Embolo a \u00e9t\u00e9 op\u00e9r\u00e9 - La Diagonale<\/title>\n<meta name=\"robots\" content=\"index, follow, max-snippet:-1, max-image-preview:large, max-video-preview:-1\" \/>\n<link rel=\"canonical\" href=\"https:\/\/www.ladiagonale.net\/index.php\/2023\/08\/11\/embolo-a-ete-opere\/\" \/>\n<meta property=\"og:locale\" content=\"fr_FR\" \/>\n<meta property=\"og:type\" content=\"article\" \/>\n<meta property=\"og:title\" content=\"Embolo a \u00e9t\u00e9 op\u00e9r\u00e9 - La Diagonale\" \/>\n<meta property=\"og:description\" content=\"C&rsquo;est d\u00e9sormais un long chemin qui s&rsquo;ouvre devant Breel Embolo avec le d\u00e9but de sa convalescence et de sa r\u00e9\u00e9ducation. L&rsquo;attaquant de l&rsquo;AS Monaco, victime \u00e0 l&rsquo;entra\u00eenement lundi d&rsquo;une rupture du ligament crois\u00e9 ant\u00e9rieur du genou droit, a \u00e9t\u00e9 op\u00e9r\u00e9 \u00e0 Lyon ce vendredi, rapporte Nice-Matin. Le quotidien azur\u00e9en pr\u00e9cise que l&rsquo;intervention a \u00e9t\u00e9 effectu\u00e9e [...]\" \/>\n<meta property=\"og:url\" content=\"https:\/\/www.ladiagonale.net\/index.php\/2023\/08\/11\/embolo-a-ete-opere\/\" \/>\n<meta property=\"og:site_name\" content=\"La Diagonale\" \/>\n<meta property=\"article:published_time\" content=\"2023-08-11T19:49:29+00:00\" \/>\n<meta property=\"article:modified_time\" content=\"2023-08-11T19:49:45+00:00\" \/>\n<meta property=\"og:image\" content=\"https:\/\/www.ladiagonale.net\/wp-content\/uploads\/2023\/01\/embolo.png\" \/>\n\t<meta property=\"og:image:width\" content=\"1160\" \/>\n\t<meta property=\"og:image:height\" content=\"650\" \/>\n\t<meta property=\"og:image:type\" content=\"image\/png\" \/>\n<meta name=\"author\" content=\"Damien Dellerba\" \/>\n<meta name=\"twitter:card\" content=\"summary_large_image\" \/>\n<meta name=\"twitter:image\" content=\"https:\/\/www.ladiagonale.net\/wp-content\/uploads\/2023\/01\/embolo.png\" \/>\n<meta name=\"twitter:label1\" content=\"\u00c9crit par\" \/>\n\t<meta name=\"twitter:data1\" content=\"Damien Dellerba\" \/>\n\t<meta name=\"twitter:label2\" content=\"Dur\u00e9e de lecture estim\u00e9e\" \/>\n\t<meta name=\"twitter:data2\" content=\"1 minute\" \/>\n<script type=\"application\/ld+json\" class=\"yoast-schema-graph\">{\"@context\":\"https:\/\/schema.org\",\"@graph\":[{\"@type\":\"WebPage\",\"@id\":\"https:\/\/www.ladiagonale.net\/index.php\/2023\/08\/11\/embolo-a-ete-opere\/\",\"url\":\"https:\/\/www.ladiagonale.net\/index.php\/2023\/08\/11\/embolo-a-ete-opere\/\",\"name\":\"Embolo a \u00e9t\u00e9 op\u00e9r\u00e9 - La Diagonale\",\"isPartOf\":{\"@id\":\"https:\/\/www.ladiagonale.net\/#website\"},\"datePublished\":\"2023-08-11T19:49:29+00:00\",\"dateModified\":\"2023-08-11T19:49:45+00:00\",\"author\":{\"@id\":\"https:\/\/www.ladiagonale.net\/#\/schema\/person\/79ff1e7b0853ed01b2aa26e64ad300bf\"},\"breadcrumb\":{\"@id\":\"https:\/\/www.ladiagonale.net\/index.php\/2023\/08\/11\/embolo-a-ete-opere\/#breadcrumb\"},\"inLanguage\":\"fr-FR\",\"potentialAction\":[{\"@type\":\"ReadAction\",\"target\":[\"https:\/\/www.ladiagonale.net\/index.php\/2023\/08\/11\/embolo-a-ete-opere\/\"]}]},{\"@type\":\"BreadcrumbList\",\"@id\":\"https:\/\/www.ladiagonale.net\/index.php\/2023\/08\/11\/embolo-a-ete-opere\/#breadcrumb\",\"itemListElement\":[{\"@type\":\"ListItem\",\"position\":1,\"name\":\"Accueil\",\"item\":\"https:\/\/www.ladiagonale.net\/\"},{\"@type\":\"ListItem\",\"position\":2,\"name\":\"Embolo a \u00e9t\u00e9 op\u00e9r\u00e9\"}]},{\"@type\":\"WebSite\",\"@id\":\"https:\/\/www.ladiagonale.net\/#website\",\"url\":\"https:\/\/www.ladiagonale.net\/\",\"name\":\"La Diagonale\",\"description\":\"Le site des supporters de l&#039;AS Monaco FC\",\"potentialAction\":[{\"@type\":\"SearchAction\",\"target\":{\"@type\":\"EntryPoint\",\"urlTemplate\":\"https:\/\/www.ladiagonale.net\/?s={search_term_string}\"},\"query-input\":\"required name=search_term_string\"}],\"inLanguage\":\"fr-FR\"},{\"@type\":\"Person\",\"@id\":\"https:\/\/www.ladiagonale.net\/#\/schema\/person\/79ff1e7b0853ed01b2aa26e64ad300bf\",\"name\":\"Damien Dellerba\",\"image\":{\"@type\":\"ImageObject\",\"inLanguage\":\"fr-FR\",\"@id\":\"https:\/\/www.ladiagonale.net\/#\/schema\/person\/image\/\",\"url\":\"https:\/\/secure.gravatar.com\/avatar\/c7850e06d3ff63cdbaee88b7fc16e2f0?s=96&d=mm&r=g\",\"contentUrl\":\"https:\/\/secure.gravatar.com\/avatar\/c7850e06d3ff63cdbaee88b7fc16e2f0?s=96&d=mm&r=g\",\"caption\":\"Damien Dellerba\"},\"url\":\"https:\/\/www.ladiagonale.net\/index.php\/author\/damien\/\"}]}<\/script>\n<!-- \/ Yoast SEO plugin. -->","yoast_head_json":{"title":"Embolo a \u00e9t\u00e9 op\u00e9r\u00e9 - La Diagonale","robots":{"index":"index","follow":"follow","max-snippet":"max-snippet:-1","max-image-preview":"max-image-preview:large","max-video-preview":"max-video-preview:-1"},"canonical":"https:\/\/www.ladiagonale.net\/index.php\/2023\/08\/11\/embolo-a-ete-opere\/","og_locale":"fr_FR","og_type":"article","og_title":"Embolo a \u00e9t\u00e9 op\u00e9r\u00e9 - La Diagonale","og_description":"C&rsquo;est d\u00e9sormais un long chemin qui s&rsquo;ouvre devant Breel Embolo avec le d\u00e9but de sa convalescence et de sa r\u00e9\u00e9ducation. L&rsquo;attaquant de l&rsquo;AS Monaco, victime \u00e0 l&rsquo;entra\u00eenement lundi d&rsquo;une rupture du ligament crois\u00e9 ant\u00e9rieur du genou droit, a \u00e9t\u00e9 op\u00e9r\u00e9 \u00e0 Lyon ce vendredi, rapporte Nice-Matin. Le quotidien azur\u00e9en pr\u00e9cise que l&rsquo;intervention a \u00e9t\u00e9 effectu\u00e9e [...]","og_url":"https:\/\/www.ladiagonale.net\/index.php\/2023\/08\/11\/embolo-a-ete-opere\/","og_site_name":"La Diagonale","article_published_time":"2023-08-11T19:49:29+00:00","article_modified_time":"2023-08-11T19:49:45+00:00","og_image":[{"width":1160,"height":650,"url":"https:\/\/www.ladiagonale.net\/wp-content\/uploads\/2023\/01\/embolo.png","type":"image\/png"}],"author":"Damien Dellerba","twitter_card":"summary_large_image","twitter_image":"https:\/\/www.ladiagonale.net\/wp-content\/uploads\/2023\/01\/embolo.png","twitter_misc":{"\u00c9crit par":"Damien Dellerba","Dur\u00e9e de lecture estim\u00e9e":"1 minute"},"schema":{"@context":"https:\/\/schema.org","@graph":[{"@type":"WebPage","@id":"https:\/\/www.ladiagonale.net\/index.php\/2023\/08\/11\/embolo-a-ete-opere\/","url":"https:\/\/www.ladiagonale.net\/index.php\/2023\/08\/11\/embolo-a-ete-opere\/","name":"Embolo a \u00e9t\u00e9 op\u00e9r\u00e9 - La Diagonale","isPartOf":{"@id":"https:\/\/www.ladiagonale.net\/#website"},"datePublished":"2023-08-11T19:49:29+00:00","dateModified":"2023-08-11T19:49:45+00:00","author":{"@id":"https:\/\/www.ladiagonale.net\/#\/schema\/person\/79ff1e7b0853ed01b2aa26e64ad300bf"},"breadcrumb":{"@id":"https:\/\/www.ladiagonale.net\/index.php\/2023\/08\/11\/embolo-a-ete-opere\/#breadcrumb"},"inLanguage":"fr-FR","potentialAction":[{"@type":"ReadAction","target":["https:\/\/www.ladiagonale.net\/index.php\/2023\/08\/11\/embolo-a-ete-opere\/"]}]},{"@type":"BreadcrumbList","@id":"https:\/\/www.ladiagonale.net\/index.php\/2023\/08\/11\/embolo-a-ete-opere\/#breadcrumb","itemListElement":[{"@type":"ListItem","position":1,"name":"Accueil","item":"https:\/\/www.ladiagonale.net\/"},{"@type":"ListItem","position":2,"name":"Embolo a \u00e9t\u00e9 op\u00e9r\u00e9"}]},{"@type":"WebSite","@id":"https:\/\/www.ladiagonale.net\/#website","url":"https:\/\/www.ladiagonale.net\/","name":"La Diagonale","description":"Le site des supporters de l&#039;AS Monaco FC","potentialAction":[{"@type":"SearchAction","target":{"@type":"EntryPoint","urlTemplate":"https:\/\/www.ladiagonale.net\/?s={search_term_string}"},"query-input":"required name=search_term_string"}],"inLanguage":"fr-FR"},{"@type":"Person","@id":"https:\/\/www.ladiagonale.net\/#\/schema\/person\/79ff1e7b0853ed01b2aa26e64ad300bf","name":"Damien Dellerba","image":{"@type":"ImageObject","inLanguage":"fr-FR","@id":"https:\/\/www.ladiagonale.net\/#\/schema\/person\/image\/","url":"https:\/\/secure.gravatar.com\/avatar\/c7850e06d3ff63cdbaee88b7fc16e2f0?s=96&d=mm&r=g","contentUrl":"https:\/\/secure.gravatar.com\/avatar\/c7850e06d3ff63cdbaee88b7fc16e2f0?s=96&d=mm&r=g","caption":"Damien Dellerba"},"url":"https:\/\/www.ladiagonale.net\/index.php\/author\/damien\/"}]}},"_links":{"self":[{"href":"https:\/\/www.ladiagonale.net\/index.php\/wp-json\/wp\/v2\/posts\/14903"}],"collection":[{"href":"https:\/\/www.ladiagonale.net\/index.php\/wp-json\/wp\/v2\/posts"}],"about":[{"href":"https:\/\/www.ladiagonale.net\/index.php\/wp-json\/wp\/v2\/types\/post"}],"author":[{"embeddable":true,"href":"https:\/\/www.ladiagonale.net\/index.php\/wp-json\/wp\/v2\/users\/2"}],"replies":[{"embeddable":true,"href":"https:\/\/www.ladiagonale.net\/index.php\/wp-json\/wp\/v2\/comments?post=14903"}],"version-history":[{"count":3,"href":"https:\/\/www.ladiagonale.net\/index.php\/wp-json\/wp\/v2\/posts\/14903\/revisions"}],"predecessor-version":[{"id":14908,"href":"https:\/\/www.ladiagonale.net\/index.php\/wp-json\/wp\/v2\/posts\/14903\/revisions\/14908"}],"wp:attachment":[{"href":"https:\/\/www.ladiagonale.net\/index.php\/wp-json\/wp\/v2\/media?parent=14903"}],"wp:term":[{"taxonomy":"category","embeddable":true,"href":"https:\/\/www.ladiagonale.net\/index.php\/wp-json\/wp\/v2\/categories?post=14903"},{"taxonomy":"post_tag","embeddable":true,"href":"https:\/\/www.ladiagonale.net\/index.php\/wp-json\/wp\/v2\/tags?post=14903"}],"curies":[{"name":"wp","href":"https:\/\/api.w.org\/{rel}","templated":true}]}}