{"id":14905,"date":"2023-08-11T20:54:26","date_gmt":"2023-08-11T18:54:26","guid":{"rendered":"https:\/\/www.ladiagonale.net\/?p=14905"},"modified":"2023-08-11T20:54:30","modified_gmt":"2023-08-11T18:54:30","slug":"ben-yedder-pourrait-faire-le-deplacement-a-clermont","status":"publish","type":"post","link":"https:\/\/www.ladiagonale.net\/index.php\/2023\/08\/11\/ben-yedder-pourrait-faire-le-deplacement-a-clermont\/","title":{"rendered":"Ben Yedder pourrait faire le d\u00e9placement \u00e0 Clermont"},"content":{"rendered":"\n\n\n<p>L&rsquo;AS Monaco est actuellement secou\u00e9e par l&rsquo;affaire qui concerne Wissam Ben Yedder. Ce vendredi, elle a pris une tournure plus grave, avec <a href=\"https:\/\/www.ladiagonale.net\/index.php\/2023\/08\/11\/ben-yedder-mis-en-examen-pour-viol-tentative-de-viol-et-agression-sexuelle\/\">la mise en examen de l&rsquo;attaquant de l&rsquo;AS Monaco<\/a> pour \u00ab <em>viol, tentative de viol et agression sexuelle<\/em> \u00bb. Malgr\u00e9 ce d\u00e9veloppement, <em>Nice-Matin<\/em> rapporte que l&rsquo;international tricolore devrait \u00eatre du voyage en Auvergne dimanche (15h), pour la 1<sup>re<\/sup> journ\u00e9e de Ligue 1 contre Clermont.<\/p>\n\n\n\n<p>Avant que la proc\u00e9dure de mise en examen de Ben Yedder ne soit r\u00e9v\u00e9l\u00e9e, Adi H\u00fctter avait indiqu\u00e9 en conf\u00e9rence de presse qu&rsquo;il comptait titulariser Ben Yedder avec le brassard de capitaine pour le match face \u00e0 Clermont. De son c\u00f4t\u00e9, le club de la Principaut\u00e9, s&rsquo;est refus\u00e9 \u00e0 communiquer : \u00ab <em>L\u2019AS Monaco a pris connaissance des informations publi\u00e9es au sujet de Wissam Ben Yedder. L\u2019affaire \u00e9tant soumise \u00e0 une proc\u00e9dure judiciaire, le club n\u2019est pas en mesure de faire de commentaire<\/em> \u00bb, a rapport\u00e9 <em>Nice-Matin<\/em>.<\/p>\n\n\n\n<p>Il y a un mois, deux plaintes pour agression sexuelle et viol avaient \u00e9t\u00e9 d\u00e9pos\u00e9es \u00e0 l&rsquo;encontre de l&rsquo;attaquant mon\u00e9gasque et de son fr\u00e8re, \u00e0 la suite d&rsquo;une soir\u00e9e qui s&rsquo;\u00e9tait d\u00e9roul\u00e9 \u00e0 Beausoleil, le 10 juillet au soir. Ben Yedder, qui reste pour l&rsquo;heure pr\u00e9sum\u00e9 innocent, a \u00e9t\u00e9 entendu au cours d&rsquo;une garde \u00e0 vue de 48 heures depuis mardi et a ni\u00e9 les accusations qui p\u00e8sent contre lui. <\/p>\n","protected":false},"excerpt":{"rendered":"<p>L&rsquo;AS Monaco est actuellement secou\u00e9e par l&rsquo;affaire qui concerne Wissam Ben Yedder. Ce vendredi, elle a pris une tournure plus grave, avec la mise en examen de l&rsquo;attaquant de l&rsquo;AS Monaco pour \u00ab viol, tentative de viol et agression sexuelle \u00bb. Malgr\u00e9 ce d\u00e9veloppement, Nice-Matin rapporte que l&rsquo;international tricolore devrait \u00eatre du voyage en Auvergne [&#8230;]\n","protected":false},"author":2,"featured_media":0,"comment_status":"open","ping_status":"open","sticky":false,"template":"","format":"standard","meta":[],"categories":[6],"tags":[86,383,401,94,175],"yoast_head":"<!-- This site is optimized with the Yoast SEO plugin v19.8 - https:\/\/yoast.com\/wordpress\/plugins\/seo\/ -->\n<title>Ben Yedder pourrait faire le d\u00e9placement \u00e0 Clermont - La Diagonale<\/title>\n<meta name=\"robots\" content=\"index, follow, max-snippet:-1, max-image-preview:large, max-video-preview:-1\" \/>\n<link rel=\"canonical\" href=\"https:\/\/www.ladiagonale.net\/index.php\/2023\/08\/11\/ben-yedder-pourrait-faire-le-deplacement-a-clermont\/\" \/>\n<meta property=\"og:locale\" content=\"fr_FR\" \/>\n<meta property=\"og:type\" content=\"article\" \/>\n<meta property=\"og:title\" content=\"Ben Yedder pourrait faire le d\u00e9placement \u00e0 Clermont - La Diagonale\" \/>\n<meta property=\"og:description\" content=\"L&rsquo;AS Monaco est actuellement secou\u00e9e par l&rsquo;affaire qui concerne Wissam Ben Yedder. Ce vendredi, elle a pris une tournure plus grave, avec la mise en examen de l&rsquo;attaquant de l&rsquo;AS Monaco pour \u00ab viol, tentative de viol et agression sexuelle \u00bb. Malgr\u00e9 ce d\u00e9veloppement, Nice-Matin rapporte que l&rsquo;international tricolore devrait \u00eatre du voyage en Auvergne [...]\" \/>\n<meta property=\"og:url\" content=\"https:\/\/www.ladiagonale.net\/index.php\/2023\/08\/11\/ben-yedder-pourrait-faire-le-deplacement-a-clermont\/\" \/>\n<meta property=\"og:site_name\" content=\"La Diagonale\" \/>\n<meta property=\"article:published_time\" content=\"2023-08-11T18:54:26+00:00\" \/>\n<meta property=\"article:modified_time\" content=\"2023-08-11T18:54:30+00:00\" \/>\n<meta property=\"og:image\" content=\"https:\/\/www.ladiagonale.net\/wp-content\/uploads\/2023\/04\/ben-yedder5.png\" \/>\n\t<meta property=\"og:image:width\" content=\"1160\" \/>\n\t<meta property=\"og:image:height\" content=\"650\" \/>\n\t<meta property=\"og:image:type\" content=\"image\/png\" \/>\n<meta name=\"author\" content=\"Damien Dellerba\" \/>\n<meta name=\"twitter:card\" content=\"summary_large_image\" \/>\n<meta name=\"twitter:image\" content=\"https:\/\/www.ladiagonale.net\/wp-content\/uploads\/2023\/04\/ben-yedder5.png\" \/>\n<meta name=\"twitter:label1\" content=\"\u00c9crit par\" \/>\n\t<meta name=\"twitter:data1\" content=\"Damien Dellerba\" \/>\n\t<meta name=\"twitter:label2\" content=\"Dur\u00e9e de lecture estim\u00e9e\" \/>\n\t<meta name=\"twitter:data2\" content=\"2 minutes\" \/>\n<script type=\"application\/ld+json\" class=\"yoast-schema-graph\">{\"@context\":\"https:\/\/schema.org\",\"@graph\":[{\"@type\":\"WebPage\",\"@id\":\"https:\/\/www.ladiagonale.net\/index.php\/2023\/08\/11\/ben-yedder-pourrait-faire-le-deplacement-a-clermont\/\",\"url\":\"https:\/\/www.ladiagonale.net\/index.php\/2023\/08\/11\/ben-yedder-pourrait-faire-le-deplacement-a-clermont\/\",\"name\":\"Ben Yedder pourrait faire le d\u00e9placement \u00e0 Clermont - La Diagonale\",\"isPartOf\":{\"@id\":\"https:\/\/www.ladiagonale.net\/#website\"},\"datePublished\":\"2023-08-11T18:54:26+00:00\",\"dateModified\":\"2023-08-11T18:54:30+00:00\",\"author\":{\"@id\":\"https:\/\/www.ladiagonale.net\/#\/schema\/person\/79ff1e7b0853ed01b2aa26e64ad300bf\"},\"breadcrumb\":{\"@id\":\"https:\/\/www.ladiagonale.net\/index.php\/2023\/08\/11\/ben-yedder-pourrait-faire-le-deplacement-a-clermont\/#breadcrumb\"},\"inLanguage\":\"fr-FR\",\"potentialAction\":[{\"@type\":\"ReadAction\",\"target\":[\"https:\/\/www.ladiagonale.net\/index.php\/2023\/08\/11\/ben-yedder-pourrait-faire-le-deplacement-a-clermont\/\"]}]},{\"@type\":\"BreadcrumbList\",\"@id\":\"https:\/\/www.ladiagonale.net\/index.php\/2023\/08\/11\/ben-yedder-pourrait-faire-le-deplacement-a-clermont\/#breadcrumb\",\"itemListElement\":[{\"@type\":\"ListItem\",\"position\":1,\"name\":\"Accueil\",\"item\":\"https:\/\/www.ladiagonale.net\/\"},{\"@type\":\"ListItem\",\"position\":2,\"name\":\"Ben Yedder pourrait faire le d\u00e9placement \u00e0 Clermont\"}]},{\"@type\":\"WebSite\",\"@id\":\"https:\/\/www.ladiagonale.net\/#website\",\"url\":\"https:\/\/www.ladiagonale.net\/\",\"name\":\"La Diagonale\",\"description\":\"Le site des supporters de l&#039;AS Monaco FC\",\"potentialAction\":[{\"@type\":\"SearchAction\",\"target\":{\"@type\":\"EntryPoint\",\"urlTemplate\":\"https:\/\/www.ladiagonale.net\/?s={search_term_string}\"},\"query-input\":\"required name=search_term_string\"}],\"inLanguage\":\"fr-FR\"},{\"@type\":\"Person\",\"@id\":\"https:\/\/www.ladiagonale.net\/#\/schema\/person\/79ff1e7b0853ed01b2aa26e64ad300bf\",\"name\":\"Damien Dellerba\",\"image\":{\"@type\":\"ImageObject\",\"inLanguage\":\"fr-FR\",\"@id\":\"https:\/\/www.ladiagonale.net\/#\/schema\/person\/image\/\",\"url\":\"https:\/\/secure.gravatar.com\/avatar\/c7850e06d3ff63cdbaee88b7fc16e2f0?s=96&d=mm&r=g\",\"contentUrl\":\"https:\/\/secure.gravatar.com\/avatar\/c7850e06d3ff63cdbaee88b7fc16e2f0?s=96&d=mm&r=g\",\"caption\":\"Damien Dellerba\"},\"url\":\"https:\/\/www.ladiagonale.net\/index.php\/author\/damien\/\"}]}<\/script>\n<!-- \/ Yoast SEO plugin. -->","yoast_head_json":{"title":"Ben Yedder pourrait faire le d\u00e9placement \u00e0 Clermont - La Diagonale","robots":{"index":"index","follow":"follow","max-snippet":"max-snippet:-1","max-image-preview":"max-image-preview:large","max-video-preview":"max-video-preview:-1"},"canonical":"https:\/\/www.ladiagonale.net\/index.php\/2023\/08\/11\/ben-yedder-pourrait-faire-le-deplacement-a-clermont\/","og_locale":"fr_FR","og_type":"article","og_title":"Ben Yedder pourrait faire le d\u00e9placement \u00e0 Clermont - La Diagonale","og_description":"L&rsquo;AS Monaco est actuellement secou\u00e9e par l&rsquo;affaire qui concerne Wissam Ben Yedder. Ce vendredi, elle a pris une tournure plus grave, avec la mise en examen de l&rsquo;attaquant de l&rsquo;AS Monaco pour \u00ab viol, tentative de viol et agression sexuelle \u00bb. Malgr\u00e9 ce d\u00e9veloppement, Nice-Matin rapporte que l&rsquo;international tricolore devrait \u00eatre du voyage en Auvergne [...]","og_url":"https:\/\/www.ladiagonale.net\/index.php\/2023\/08\/11\/ben-yedder-pourrait-faire-le-deplacement-a-clermont\/","og_site_name":"La Diagonale","article_published_time":"2023-08-11T18:54:26+00:00","article_modified_time":"2023-08-11T18:54:30+00:00","og_image":[{"width":1160,"height":650,"url":"https:\/\/www.ladiagonale.net\/wp-content\/uploads\/2023\/04\/ben-yedder5.png","type":"image\/png"}],"author":"Damien Dellerba","twitter_card":"summary_large_image","twitter_image":"https:\/\/www.ladiagonale.net\/wp-content\/uploads\/2023\/04\/ben-yedder5.png","twitter_misc":{"\u00c9crit par":"Damien Dellerba","Dur\u00e9e de lecture estim\u00e9e":"2 minutes"},"schema":{"@context":"https:\/\/schema.org","@graph":[{"@type":"WebPage","@id":"https:\/\/www.ladiagonale.net\/index.php\/2023\/08\/11\/ben-yedder-pourrait-faire-le-deplacement-a-clermont\/","url":"https:\/\/www.ladiagonale.net\/index.php\/2023\/08\/11\/ben-yedder-pourrait-faire-le-deplacement-a-clermont\/","name":"Ben Yedder pourrait faire le d\u00e9placement \u00e0 Clermont - La Diagonale","isPartOf":{"@id":"https:\/\/www.ladiagonale.net\/#website"},"datePublished":"2023-08-11T18:54:26+00:00","dateModified":"2023-08-11T18:54:30+00:00","author":{"@id":"https:\/\/www.ladiagonale.net\/#\/schema\/person\/79ff1e7b0853ed01b2aa26e64ad300bf"},"breadcrumb":{"@id":"https:\/\/www.ladiagonale.net\/index.php\/2023\/08\/11\/ben-yedder-pourrait-faire-le-deplacement-a-clermont\/#breadcrumb"},"inLanguage":"fr-FR","potentialAction":[{"@type":"ReadAction","target":["https:\/\/www.ladiagonale.net\/index.php\/2023\/08\/11\/ben-yedder-pourrait-faire-le-deplacement-a-clermont\/"]}]},{"@type":"BreadcrumbList","@id":"https:\/\/www.ladiagonale.net\/index.php\/2023\/08\/11\/ben-yedder-pourrait-faire-le-deplacement-a-clermont\/#breadcrumb","itemListElement":[{"@type":"ListItem","position":1,"name":"Accueil","item":"https:\/\/www.ladiagonale.net\/"},{"@type":"ListItem","position":2,"name":"Ben Yedder pourrait faire le d\u00e9placement \u00e0 Clermont"}]},{"@type":"WebSite","@id":"https:\/\/www.ladiagonale.net\/#website","url":"https:\/\/www.ladiagonale.net\/","name":"La Diagonale","description":"Le site des supporters de l&#039;AS Monaco FC","potentialAction":[{"@type":"SearchAction","target":{"@type":"EntryPoint","urlTemplate":"https:\/\/www.ladiagonale.net\/?s={search_term_string}"},"query-input":"required name=search_term_string"}],"inLanguage":"fr-FR"},{"@type":"Person","@id":"https:\/\/www.ladiagonale.net\/#\/schema\/person\/79ff1e7b0853ed01b2aa26e64ad300bf","name":"Damien Dellerba","image":{"@type":"ImageObject","inLanguage":"fr-FR","@id":"https:\/\/www.ladiagonale.net\/#\/schema\/person\/image\/","url":"https:\/\/secure.gravatar.com\/avatar\/c7850e06d3ff63cdbaee88b7fc16e2f0?s=96&d=mm&r=g","contentUrl":"https:\/\/secure.gravatar.com\/avatar\/c7850e06d3ff63cdbaee88b7fc16e2f0?s=96&d=mm&r=g","caption":"Damien Dellerba"},"url":"https:\/\/www.ladiagonale.net\/index.php\/author\/damien\/"}]}},"_links":{"self":[{"href":"https:\/\/www.ladiagonale.net\/index.php\/wp-json\/wp\/v2\/posts\/14905"}],"collection":[{"href":"https:\/\/www.ladiagonale.net\/index.php\/wp-json\/wp\/v2\/posts"}],"about":[{"href":"https:\/\/www.ladiagonale.net\/index.php\/wp-json\/wp\/v2\/types\/post"}],"author":[{"embeddable":true,"href":"https:\/\/www.ladiagonale.net\/index.php\/wp-json\/wp\/v2\/users\/2"}],"replies":[{"embeddable":true,"href":"https:\/\/www.ladiagonale.net\/index.php\/wp-json\/wp\/v2\/comments?post=14905"}],"version-history":[{"count":1,"href":"https:\/\/www.ladiagonale.net\/index.php\/wp-json\/wp\/v2\/posts\/14905\/revisions"}],"predecessor-version":[{"id":14906,"href":"https:\/\/www.ladiagonale.net\/index.php\/wp-json\/wp\/v2\/posts\/14905\/revisions\/14906"}],"wp:attachment":[{"href":"https:\/\/www.ladiagonale.net\/index.php\/wp-json\/wp\/v2\/media?parent=14905"}],"wp:term":[{"taxonomy":"category","embeddable":true,"href":"https:\/\/www.ladiagonale.net\/index.php\/wp-json\/wp\/v2\/categories?post=14905"},{"taxonomy":"post_tag","embeddable":true,"href":"https:\/\/www.ladiagonale.net\/index.php\/wp-json\/wp\/v2\/tags?post=14905"}],"curies":[{"name":"wp","href":"https:\/\/api.w.org\/{rel}","templated":true}]}}