{"id":14909,"date":"2023-08-11T23:22:27","date_gmt":"2023-08-11T21:22:27","guid":{"rendered":"https:\/\/www.ladiagonale.net\/?p=14909"},"modified":"2023-08-12T17:29:48","modified_gmt":"2023-08-12T15:29:48","slug":"kohn-une-bonne-alchimie","status":"publish","type":"post","link":"https:\/\/www.ladiagonale.net\/index.php\/2023\/08\/11\/kohn-une-bonne-alchimie\/","title":{"rendered":"K\u00f6hn : \u00ab\u00a0Une bonne alchimie\u00a0\u00bb"},"content":{"rendered":"\n\n\n<p>Cet \u00e9t\u00e9, l\u2019AS Monaco a referm\u00e9 la page Alexander N\u00fcbel et a d\u00e9cid\u00e9 d\u2019engager Philipp K\u00f6hn pour garder ses buts. Le portier suisse, pr\u00e9sent\u00e9 officiellement devant la presse ce vendredi, ne veut pas se focaliser sur les errements de son pr\u00e9d\u00e9cesseur car il sait que les attentes sont grandes autour de lui : \u00ab <em>Je ne regarde pas le pass\u00e9, je suis l\u00e0 pour me montrer performant et je pense avoir montr\u00e9 ce que je peux faire et ce que je peux apporter \u00e0 l\u2019\u00e9quipe. J\u2019ai h\u00e2te de d\u00e9buter le championnat dimanche. Je pense que nous avons une bonne \u00e9quipe, avec de la qualit\u00e9 et une bonne alchimie et je suis tr\u00e8s excit\u00e9 en pensant \u00e0 l\u2019avenir.<\/em> \u00bb<\/p>\n\n\n\n<p>Le portier suisse, qui a fait partie de la d\u00e9l\u00e9gation suisse lors de la derni\u00e8re Coupe du monde, m\u00eame s\u2019il n\u2019a pas jou\u00e9, esp\u00e8re poursuivre sa progression avec Monaco : \u00ab <em>Je souhaite passer un cap suppl\u00e9mentaire dans ma carri\u00e8re. La saison derni\u00e8re a \u00e9t\u00e9 tr\u00e8s bonne pour moi et lorsque j\u2019ai eu l\u2019opportunit\u00e9 de rejoindre l\u2019AS Monaco, je me suis dit que c\u2019\u00e9tait un grand club avec une grande histoire. J\u2019ai envie de progresser encore davantage, afin d\u2019aider l\u2019\u00e9quipe \u00e0 atteindre son objectif, l\u2019Europe, qui est aussi le mien.<\/em>&nbsp;\u00bb<\/p>\n\n\n\n<p>Sans trop de surprises, K\u00f6hn est attendu pour \u00eatre le gardien titulaire mais il esp\u00e8re avoir une atmosph\u00e8re comp\u00e9titive au sein du club pour pouvoir tirer les b\u00e9n\u00e9fices d&rsquo;une concurrence saine : \u00ab&nbsp;<em>Je m\u2019attends \u00e0 avoir de la concurrence, c\u2019est ainsi que \u00e7a doit \u00eatre. Tous les gardiens ici ont beaucoup de qualit\u00e9s et j\u2019aime avoir de la concurrence, c\u2019est pour cela que nous jouons au football, surtout au poste de gardien, o\u00f9 il n\u2019y a qu\u2019une seule place. Je veux avoir de la comp\u00e9tition aux entra\u00eenements mais je veux aussi jouer. Je suis l\u00e0 aussi pour rendre la vie difficile aux autres gardiens.<\/em>&nbsp;\u00bb<\/p>\n\n\n\n<p>S\u2019il a d\u00e9j\u00e0 expliqu\u00e9 \u00eatre inspir\u00e9 par Neuer, ou m\u00eame par Hugo Lloris, l\u2019ancien portier de Salzbourg a aussi expliqu\u00e9 en quoi son propre style pouvait influer sur l\u2019\u00e9quipe : \u00ab <em>Par rapport au style de l\u2019\u00e9quipe, nous jouons avec un pressing haut, donc je dois rester align\u00e9 pour attaquer les ballons qui viennent en profondeur et parfois jouer avec le ballon. J\u2019ai des qualit\u00e9s pour jouer au pied et pour lire le jeu, et j\u2019esp\u00e8re aussi faire quelques arr\u00eats.<\/em>&nbsp;\u00bb<\/p>\n","protected":false},"excerpt":{"rendered":"<p>Cet \u00e9t\u00e9, l\u2019AS Monaco a referm\u00e9 la page Alexander N\u00fcbel et a d\u00e9cid\u00e9 d\u2019engager Philipp K\u00f6hn pour garder ses buts. Le portier suisse, pr\u00e9sent\u00e9 officiellement devant la presse ce vendredi, ne veut pas se focaliser sur les errements de son pr\u00e9d\u00e9cesseur car il sait que les attentes sont grandes autour de lui : \u00ab Je [&#8230;]\n","protected":false},"author":2,"featured_media":0,"comment_status":"open","ping_status":"open","sticky":false,"template":"","format":"standard","meta":[],"categories":[6],"tags":[86,615],"yoast_head":"<!-- This site is optimized with the Yoast SEO plugin v19.8 - https:\/\/yoast.com\/wordpress\/plugins\/seo\/ -->\n<title>K\u00f6hn : \u00ab\u00a0Une bonne alchimie\u00a0\u00bb - La Diagonale<\/title>\n<meta name=\"robots\" content=\"index, follow, max-snippet:-1, max-image-preview:large, max-video-preview:-1\" \/>\n<link rel=\"canonical\" href=\"https:\/\/www.ladiagonale.net\/index.php\/2023\/08\/11\/kohn-une-bonne-alchimie\/\" \/>\n<meta property=\"og:locale\" content=\"fr_FR\" \/>\n<meta property=\"og:type\" content=\"article\" \/>\n<meta property=\"og:title\" content=\"K\u00f6hn : \u00ab\u00a0Une bonne alchimie\u00a0\u00bb - La Diagonale\" \/>\n<meta property=\"og:description\" content=\"Cet \u00e9t\u00e9, l\u2019AS Monaco a referm\u00e9 la page Alexander N\u00fcbel et a d\u00e9cid\u00e9 d\u2019engager Philipp K\u00f6hn pour garder ses buts. Le portier suisse, pr\u00e9sent\u00e9 officiellement devant la presse ce vendredi, ne veut pas se focaliser sur les errements de son pr\u00e9d\u00e9cesseur car il sait que les attentes sont grandes autour de lui : \u00ab Je [...]\" \/>\n<meta property=\"og:url\" content=\"https:\/\/www.ladiagonale.net\/index.php\/2023\/08\/11\/kohn-une-bonne-alchimie\/\" \/>\n<meta property=\"og:site_name\" content=\"La Diagonale\" \/>\n<meta property=\"article:published_time\" content=\"2023-08-11T21:22:27+00:00\" \/>\n<meta property=\"article:modified_time\" content=\"2023-08-12T15:29:48+00:00\" \/>\n<meta property=\"og:image\" content=\"https:\/\/www.ladiagonale.net\/wp-content\/uploads\/2023\/08\/kohn2.png\" \/>\n\t<meta property=\"og:image:width\" content=\"1160\" \/>\n\t<meta property=\"og:image:height\" content=\"650\" \/>\n\t<meta property=\"og:image:type\" content=\"image\/png\" \/>\n<meta name=\"author\" content=\"Damien Dellerba\" \/>\n<meta name=\"twitter:card\" content=\"summary_large_image\" \/>\n<meta name=\"twitter:image\" content=\"https:\/\/www.ladiagonale.net\/wp-content\/uploads\/2023\/08\/kohn2.png\" \/>\n<meta name=\"twitter:label1\" content=\"\u00c9crit par\" \/>\n\t<meta name=\"twitter:data1\" content=\"Damien Dellerba\" \/>\n\t<meta name=\"twitter:label2\" content=\"Dur\u00e9e de lecture estim\u00e9e\" \/>\n\t<meta name=\"twitter:data2\" content=\"2 minutes\" \/>\n<script type=\"application\/ld+json\" class=\"yoast-schema-graph\">{\"@context\":\"https:\/\/schema.org\",\"@graph\":[{\"@type\":\"WebPage\",\"@id\":\"https:\/\/www.ladiagonale.net\/index.php\/2023\/08\/11\/kohn-une-bonne-alchimie\/\",\"url\":\"https:\/\/www.ladiagonale.net\/index.php\/2023\/08\/11\/kohn-une-bonne-alchimie\/\",\"name\":\"K\u00f6hn : \u00ab\u00a0Une bonne alchimie\u00a0\u00bb - La Diagonale\",\"isPartOf\":{\"@id\":\"https:\/\/www.ladiagonale.net\/#website\"},\"datePublished\":\"2023-08-11T21:22:27+00:00\",\"dateModified\":\"2023-08-12T15:29:48+00:00\",\"author\":{\"@id\":\"https:\/\/www.ladiagonale.net\/#\/schema\/person\/79ff1e7b0853ed01b2aa26e64ad300bf\"},\"breadcrumb\":{\"@id\":\"https:\/\/www.ladiagonale.net\/index.php\/2023\/08\/11\/kohn-une-bonne-alchimie\/#breadcrumb\"},\"inLanguage\":\"fr-FR\",\"potentialAction\":[{\"@type\":\"ReadAction\",\"target\":[\"https:\/\/www.ladiagonale.net\/index.php\/2023\/08\/11\/kohn-une-bonne-alchimie\/\"]}]},{\"@type\":\"BreadcrumbList\",\"@id\":\"https:\/\/www.ladiagonale.net\/index.php\/2023\/08\/11\/kohn-une-bonne-alchimie\/#breadcrumb\",\"itemListElement\":[{\"@type\":\"ListItem\",\"position\":1,\"name\":\"Accueil\",\"item\":\"https:\/\/www.ladiagonale.net\/\"},{\"@type\":\"ListItem\",\"position\":2,\"name\":\"K\u00f6hn : \u00ab\u00a0Une bonne alchimie\u00a0\u00bb\"}]},{\"@type\":\"WebSite\",\"@id\":\"https:\/\/www.ladiagonale.net\/#website\",\"url\":\"https:\/\/www.ladiagonale.net\/\",\"name\":\"La Diagonale\",\"description\":\"Le site des supporters de l&#039;AS Monaco FC\",\"potentialAction\":[{\"@type\":\"SearchAction\",\"target\":{\"@type\":\"EntryPoint\",\"urlTemplate\":\"https:\/\/www.ladiagonale.net\/?s={search_term_string}\"},\"query-input\":\"required name=search_term_string\"}],\"inLanguage\":\"fr-FR\"},{\"@type\":\"Person\",\"@id\":\"https:\/\/www.ladiagonale.net\/#\/schema\/person\/79ff1e7b0853ed01b2aa26e64ad300bf\",\"name\":\"Damien Dellerba\",\"image\":{\"@type\":\"ImageObject\",\"inLanguage\":\"fr-FR\",\"@id\":\"https:\/\/www.ladiagonale.net\/#\/schema\/person\/image\/\",\"url\":\"https:\/\/secure.gravatar.com\/avatar\/c7850e06d3ff63cdbaee88b7fc16e2f0?s=96&d=mm&r=g\",\"contentUrl\":\"https:\/\/secure.gravatar.com\/avatar\/c7850e06d3ff63cdbaee88b7fc16e2f0?s=96&d=mm&r=g\",\"caption\":\"Damien Dellerba\"},\"url\":\"https:\/\/www.ladiagonale.net\/index.php\/author\/damien\/\"}]}<\/script>\n<!-- \/ Yoast SEO plugin. -->","yoast_head_json":{"title":"K\u00f6hn : \u00ab\u00a0Une bonne alchimie\u00a0\u00bb - La Diagonale","robots":{"index":"index","follow":"follow","max-snippet":"max-snippet:-1","max-image-preview":"max-image-preview:large","max-video-preview":"max-video-preview:-1"},"canonical":"https:\/\/www.ladiagonale.net\/index.php\/2023\/08\/11\/kohn-une-bonne-alchimie\/","og_locale":"fr_FR","og_type":"article","og_title":"K\u00f6hn : \u00ab\u00a0Une bonne alchimie\u00a0\u00bb - La Diagonale","og_description":"Cet \u00e9t\u00e9, l\u2019AS Monaco a referm\u00e9 la page Alexander N\u00fcbel et a d\u00e9cid\u00e9 d\u2019engager Philipp K\u00f6hn pour garder ses buts. Le portier suisse, pr\u00e9sent\u00e9 officiellement devant la presse ce vendredi, ne veut pas se focaliser sur les errements de son pr\u00e9d\u00e9cesseur car il sait que les attentes sont grandes autour de lui : \u00ab Je [...]","og_url":"https:\/\/www.ladiagonale.net\/index.php\/2023\/08\/11\/kohn-une-bonne-alchimie\/","og_site_name":"La Diagonale","article_published_time":"2023-08-11T21:22:27+00:00","article_modified_time":"2023-08-12T15:29:48+00:00","og_image":[{"width":1160,"height":650,"url":"https:\/\/www.ladiagonale.net\/wp-content\/uploads\/2023\/08\/kohn2.png","type":"image\/png"}],"author":"Damien Dellerba","twitter_card":"summary_large_image","twitter_image":"https:\/\/www.ladiagonale.net\/wp-content\/uploads\/2023\/08\/kohn2.png","twitter_misc":{"\u00c9crit par":"Damien Dellerba","Dur\u00e9e de lecture estim\u00e9e":"2 minutes"},"schema":{"@context":"https:\/\/schema.org","@graph":[{"@type":"WebPage","@id":"https:\/\/www.ladiagonale.net\/index.php\/2023\/08\/11\/kohn-une-bonne-alchimie\/","url":"https:\/\/www.ladiagonale.net\/index.php\/2023\/08\/11\/kohn-une-bonne-alchimie\/","name":"K\u00f6hn : \u00ab\u00a0Une bonne alchimie\u00a0\u00bb - La Diagonale","isPartOf":{"@id":"https:\/\/www.ladiagonale.net\/#website"},"datePublished":"2023-08-11T21:22:27+00:00","dateModified":"2023-08-12T15:29:48+00:00","author":{"@id":"https:\/\/www.ladiagonale.net\/#\/schema\/person\/79ff1e7b0853ed01b2aa26e64ad300bf"},"breadcrumb":{"@id":"https:\/\/www.ladiagonale.net\/index.php\/2023\/08\/11\/kohn-une-bonne-alchimie\/#breadcrumb"},"inLanguage":"fr-FR","potentialAction":[{"@type":"ReadAction","target":["https:\/\/www.ladiagonale.net\/index.php\/2023\/08\/11\/kohn-une-bonne-alchimie\/"]}]},{"@type":"BreadcrumbList","@id":"https:\/\/www.ladiagonale.net\/index.php\/2023\/08\/11\/kohn-une-bonne-alchimie\/#breadcrumb","itemListElement":[{"@type":"ListItem","position":1,"name":"Accueil","item":"https:\/\/www.ladiagonale.net\/"},{"@type":"ListItem","position":2,"name":"K\u00f6hn : \u00ab\u00a0Une bonne alchimie\u00a0\u00bb"}]},{"@type":"WebSite","@id":"https:\/\/www.ladiagonale.net\/#website","url":"https:\/\/www.ladiagonale.net\/","name":"La Diagonale","description":"Le site des supporters de l&#039;AS Monaco FC","potentialAction":[{"@type":"SearchAction","target":{"@type":"EntryPoint","urlTemplate":"https:\/\/www.ladiagonale.net\/?s={search_term_string}"},"query-input":"required name=search_term_string"}],"inLanguage":"fr-FR"},{"@type":"Person","@id":"https:\/\/www.ladiagonale.net\/#\/schema\/person\/79ff1e7b0853ed01b2aa26e64ad300bf","name":"Damien Dellerba","image":{"@type":"ImageObject","inLanguage":"fr-FR","@id":"https:\/\/www.ladiagonale.net\/#\/schema\/person\/image\/","url":"https:\/\/secure.gravatar.com\/avatar\/c7850e06d3ff63cdbaee88b7fc16e2f0?s=96&d=mm&r=g","contentUrl":"https:\/\/secure.gravatar.com\/avatar\/c7850e06d3ff63cdbaee88b7fc16e2f0?s=96&d=mm&r=g","caption":"Damien Dellerba"},"url":"https:\/\/www.ladiagonale.net\/index.php\/author\/damien\/"}]}},"_links":{"self":[{"href":"https:\/\/www.ladiagonale.net\/index.php\/wp-json\/wp\/v2\/posts\/14909"}],"collection":[{"href":"https:\/\/www.ladiagonale.net\/index.php\/wp-json\/wp\/v2\/posts"}],"about":[{"href":"https:\/\/www.ladiagonale.net\/index.php\/wp-json\/wp\/v2\/types\/post"}],"author":[{"embeddable":true,"href":"https:\/\/www.ladiagonale.net\/index.php\/wp-json\/wp\/v2\/users\/2"}],"replies":[{"embeddable":true,"href":"https:\/\/www.ladiagonale.net\/index.php\/wp-json\/wp\/v2\/comments?post=14909"}],"version-history":[{"count":2,"href":"https:\/\/www.ladiagonale.net\/index.php\/wp-json\/wp\/v2\/posts\/14909\/revisions"}],"predecessor-version":[{"id":14951,"href":"https:\/\/www.ladiagonale.net\/index.php\/wp-json\/wp\/v2\/posts\/14909\/revisions\/14951"}],"wp:attachment":[{"href":"https:\/\/www.ladiagonale.net\/index.php\/wp-json\/wp\/v2\/media?parent=14909"}],"wp:term":[{"taxonomy":"category","embeddable":true,"href":"https:\/\/www.ladiagonale.net\/index.php\/wp-json\/wp\/v2\/categories?post=14909"},{"taxonomy":"post_tag","embeddable":true,"href":"https:\/\/www.ladiagonale.net\/index.php\/wp-json\/wp\/v2\/tags?post=14909"}],"curies":[{"name":"wp","href":"https:\/\/api.w.org\/{rel}","templated":true}]}}