{"id":14911,"date":"2023-08-11T23:34:40","date_gmt":"2023-08-11T21:34:40","guid":{"rendered":"https:\/\/www.ladiagonale.net\/?p=14911"},"modified":"2023-08-11T23:34:44","modified_gmt":"2023-08-11T21:34:44","slug":"salisu-retrouver-lequipe-le-plus-vite-possible","status":"publish","type":"post","link":"https:\/\/www.ladiagonale.net\/index.php\/2023\/08\/11\/salisu-retrouver-lequipe-le-plus-vite-possible\/","title":{"rendered":"Salisu : \u00ab\u00a0Retrouver l\u2019\u00e9quipe le plus vite possible\u00a0\u00bb"},"content":{"rendered":"\n\n\n<p>Pr\u00e9sent\u00e9 en m\u00eame temps que Philipp K\u00f6hn aux m\u00e9dias, Mohammed Salisu sait d\u00e9j\u00e0 <a href=\"https:\/\/www.ladiagonale.net\/index.php\/2023\/08\/11\/salisu-absent-contre-clermont-ben-seghir-incertain\/\">qu\u2019il ne pourra pas prendre au premier match de la saison contre Clermont<\/a> ce dimanche (15h). Mais le d\u00e9fenseur ghan\u00e9en veut profiter de ce temps en plus pour se pr\u00e9parer au mieux physiquement : \u00ab\u00a0<em>C\u2019est vrai que je n\u2019ai pas jou\u00e9 depuis quelques mois, mais j\u2019ai fait la pr\u00e9paration avec Southampton et j\u2019ai particip\u00e9 \u00e0 deux matchs. La saison sera longue et le plus important est de ne pas se blesser \u00e0 nouveau. Actuellement je m\u2019entra\u00eene dur \u00e0 la salle de gym pour \u00eatre pr\u00eat et tenir sur la dur\u00e9e sur le terrain. J\u2019esp\u00e8re retrouver l\u2019\u00e9quipe le plus vite possible.<\/em>\u00a0\u00bb<\/p>\n\n\n\n<p>Le d\u00e9fenseur central sort d\u2019une saison difficile, qui a vu Southampton \u00eatre rel\u00e9gu\u00e9 en <em>Championship<\/em>. Pour Salisu, il s\u2019agit d\u00e9sormais de tourner cette page d\u00e9licate et de prendre un nouveau d\u00e9part, dans un nouveau club o\u00f9 il esp\u00e8re pouvoir donner sa pleine mesure : \u00ab\u00a0<em>La saison derni\u00e8re \u00e9tait dure, mais le plus important c\u2019est d\u2019apprendre \u00e0 g\u00e9rer tout cela. C\u2019est un nouveau club et un nouveau chapitre pour moi et j\u2019ai besoin de me concentrer sur ce projet. Nous avons une tr\u00e8s jeune mais bonne \u00e9quipe et je veux pouvoir en faire davantage.<\/em>\u00a0\u00bb<\/p>\n\n\n\n<p>Salisu devrait \u00e9voluer en tant qu\u2019axial gauche dans la d\u00e9fense \u00e0 trois d\u2019Adi H\u00fctter, mais l\u2019ancien joueur de Southampton ne se tracasse pas de savoir o\u00f9 il \u00e9voluera, car il se sent aussi \u00e0 l\u2019aise dans l\u2019axe et dans une d\u00e9fense \u00e0 quatre : \u00ab\u00a0<em>Cela m\u2019est \u00e9gal de jouer \u00e0 deux ou trois d\u00e9fenseurs centraux. Je joue souvent du c\u00f4t\u00e9 gauche, c\u2019\u00e9tait le cas avec mon ancien club. Mais je me sens \u00e0 l\u2019aise aussi dans l\u2019axe, donc \u00e7a m\u2019est \u00e9gal de jouer \u00e0 l\u2019un ou l\u2019autre poste.<\/em>\u00a0\u00bb<\/p>\n","protected":false},"excerpt":{"rendered":"<p>Pr\u00e9sent\u00e9 en m\u00eame temps que Philipp K\u00f6hn aux m\u00e9dias, Mohammed Salisu sait d\u00e9j\u00e0 qu\u2019il ne pourra pas prendre au premier match de la saison contre Clermont ce dimanche (15h). Mais le d\u00e9fenseur ghan\u00e9en veut profiter de ce temps en plus pour se pr\u00e9parer au mieux physiquement : \u00ab\u00a0C\u2019est vrai que je n\u2019ai pas jou\u00e9 depuis [&#8230;]\n","protected":false},"author":2,"featured_media":0,"comment_status":"open","ping_status":"open","sticky":false,"template":"","format":"standard","meta":[],"categories":[6],"tags":[86,618],"yoast_head":"<!-- This site is optimized with the Yoast SEO plugin v19.8 - https:\/\/yoast.com\/wordpress\/plugins\/seo\/ -->\n<title>Salisu : \u00ab\u00a0Retrouver l\u2019\u00e9quipe le plus vite possible\u00a0\u00bb - La Diagonale<\/title>\n<meta name=\"robots\" content=\"index, follow, max-snippet:-1, max-image-preview:large, max-video-preview:-1\" \/>\n<link rel=\"canonical\" href=\"https:\/\/www.ladiagonale.net\/index.php\/2023\/08\/11\/salisu-retrouver-lequipe-le-plus-vite-possible\/\" \/>\n<meta property=\"og:locale\" content=\"fr_FR\" \/>\n<meta property=\"og:type\" content=\"article\" \/>\n<meta property=\"og:title\" content=\"Salisu : \u00ab\u00a0Retrouver l\u2019\u00e9quipe le plus vite possible\u00a0\u00bb - La Diagonale\" \/>\n<meta property=\"og:description\" content=\"Pr\u00e9sent\u00e9 en m\u00eame temps que Philipp K\u00f6hn aux m\u00e9dias, Mohammed Salisu sait d\u00e9j\u00e0 qu\u2019il ne pourra pas prendre au premier match de la saison contre Clermont ce dimanche (15h). Mais le d\u00e9fenseur ghan\u00e9en veut profiter de ce temps en plus pour se pr\u00e9parer au mieux physiquement : \u00ab\u00a0C\u2019est vrai que je n\u2019ai pas jou\u00e9 depuis [...]\" \/>\n<meta property=\"og:url\" content=\"https:\/\/www.ladiagonale.net\/index.php\/2023\/08\/11\/salisu-retrouver-lequipe-le-plus-vite-possible\/\" \/>\n<meta property=\"og:site_name\" content=\"La Diagonale\" \/>\n<meta property=\"article:published_time\" content=\"2023-08-11T21:34:40+00:00\" \/>\n<meta property=\"article:modified_time\" content=\"2023-08-11T21:34:44+00:00\" \/>\n<meta property=\"og:image\" content=\"https:\/\/www.ladiagonale.net\/wp-content\/uploads\/2023\/08\/salisu-conf.png\" \/>\n\t<meta property=\"og:image:width\" content=\"1160\" \/>\n\t<meta property=\"og:image:height\" content=\"650\" \/>\n\t<meta property=\"og:image:type\" content=\"image\/png\" \/>\n<meta name=\"author\" content=\"Damien Dellerba\" \/>\n<meta name=\"twitter:card\" content=\"summary_large_image\" \/>\n<meta name=\"twitter:image\" content=\"https:\/\/www.ladiagonale.net\/wp-content\/uploads\/2023\/08\/salisu-conf.png\" \/>\n<meta name=\"twitter:label1\" content=\"\u00c9crit par\" \/>\n\t<meta name=\"twitter:data1\" content=\"Damien Dellerba\" \/>\n\t<meta name=\"twitter:label2\" content=\"Dur\u00e9e de lecture estim\u00e9e\" \/>\n\t<meta name=\"twitter:data2\" content=\"2 minutes\" \/>\n<script type=\"application\/ld+json\" class=\"yoast-schema-graph\">{\"@context\":\"https:\/\/schema.org\",\"@graph\":[{\"@type\":\"WebPage\",\"@id\":\"https:\/\/www.ladiagonale.net\/index.php\/2023\/08\/11\/salisu-retrouver-lequipe-le-plus-vite-possible\/\",\"url\":\"https:\/\/www.ladiagonale.net\/index.php\/2023\/08\/11\/salisu-retrouver-lequipe-le-plus-vite-possible\/\",\"name\":\"Salisu : \u00ab\u00a0Retrouver l\u2019\u00e9quipe le plus vite possible\u00a0\u00bb - La Diagonale\",\"isPartOf\":{\"@id\":\"https:\/\/www.ladiagonale.net\/#website\"},\"datePublished\":\"2023-08-11T21:34:40+00:00\",\"dateModified\":\"2023-08-11T21:34:44+00:00\",\"author\":{\"@id\":\"https:\/\/www.ladiagonale.net\/#\/schema\/person\/79ff1e7b0853ed01b2aa26e64ad300bf\"},\"breadcrumb\":{\"@id\":\"https:\/\/www.ladiagonale.net\/index.php\/2023\/08\/11\/salisu-retrouver-lequipe-le-plus-vite-possible\/#breadcrumb\"},\"inLanguage\":\"fr-FR\",\"potentialAction\":[{\"@type\":\"ReadAction\",\"target\":[\"https:\/\/www.ladiagonale.net\/index.php\/2023\/08\/11\/salisu-retrouver-lequipe-le-plus-vite-possible\/\"]}]},{\"@type\":\"BreadcrumbList\",\"@id\":\"https:\/\/www.ladiagonale.net\/index.php\/2023\/08\/11\/salisu-retrouver-lequipe-le-plus-vite-possible\/#breadcrumb\",\"itemListElement\":[{\"@type\":\"ListItem\",\"position\":1,\"name\":\"Accueil\",\"item\":\"https:\/\/www.ladiagonale.net\/\"},{\"@type\":\"ListItem\",\"position\":2,\"name\":\"Salisu : \u00ab\u00a0Retrouver l\u2019\u00e9quipe le plus vite possible\u00a0\u00bb\"}]},{\"@type\":\"WebSite\",\"@id\":\"https:\/\/www.ladiagonale.net\/#website\",\"url\":\"https:\/\/www.ladiagonale.net\/\",\"name\":\"La Diagonale\",\"description\":\"Le site des supporters de l&#039;AS Monaco FC\",\"potentialAction\":[{\"@type\":\"SearchAction\",\"target\":{\"@type\":\"EntryPoint\",\"urlTemplate\":\"https:\/\/www.ladiagonale.net\/?s={search_term_string}\"},\"query-input\":\"required name=search_term_string\"}],\"inLanguage\":\"fr-FR\"},{\"@type\":\"Person\",\"@id\":\"https:\/\/www.ladiagonale.net\/#\/schema\/person\/79ff1e7b0853ed01b2aa26e64ad300bf\",\"name\":\"Damien Dellerba\",\"image\":{\"@type\":\"ImageObject\",\"inLanguage\":\"fr-FR\",\"@id\":\"https:\/\/www.ladiagonale.net\/#\/schema\/person\/image\/\",\"url\":\"https:\/\/secure.gravatar.com\/avatar\/c7850e06d3ff63cdbaee88b7fc16e2f0?s=96&d=mm&r=g\",\"contentUrl\":\"https:\/\/secure.gravatar.com\/avatar\/c7850e06d3ff63cdbaee88b7fc16e2f0?s=96&d=mm&r=g\",\"caption\":\"Damien Dellerba\"},\"url\":\"https:\/\/www.ladiagonale.net\/index.php\/author\/damien\/\"}]}<\/script>\n<!-- \/ Yoast SEO plugin. -->","yoast_head_json":{"title":"Salisu : \u00ab\u00a0Retrouver l\u2019\u00e9quipe le plus vite possible\u00a0\u00bb - La Diagonale","robots":{"index":"index","follow":"follow","max-snippet":"max-snippet:-1","max-image-preview":"max-image-preview:large","max-video-preview":"max-video-preview:-1"},"canonical":"https:\/\/www.ladiagonale.net\/index.php\/2023\/08\/11\/salisu-retrouver-lequipe-le-plus-vite-possible\/","og_locale":"fr_FR","og_type":"article","og_title":"Salisu : \u00ab\u00a0Retrouver l\u2019\u00e9quipe le plus vite possible\u00a0\u00bb - La Diagonale","og_description":"Pr\u00e9sent\u00e9 en m\u00eame temps que Philipp K\u00f6hn aux m\u00e9dias, Mohammed Salisu sait d\u00e9j\u00e0 qu\u2019il ne pourra pas prendre au premier match de la saison contre Clermont ce dimanche (15h). Mais le d\u00e9fenseur ghan\u00e9en veut profiter de ce temps en plus pour se pr\u00e9parer au mieux physiquement : \u00ab\u00a0C\u2019est vrai que je n\u2019ai pas jou\u00e9 depuis [...]","og_url":"https:\/\/www.ladiagonale.net\/index.php\/2023\/08\/11\/salisu-retrouver-lequipe-le-plus-vite-possible\/","og_site_name":"La Diagonale","article_published_time":"2023-08-11T21:34:40+00:00","article_modified_time":"2023-08-11T21:34:44+00:00","og_image":[{"width":1160,"height":650,"url":"https:\/\/www.ladiagonale.net\/wp-content\/uploads\/2023\/08\/salisu-conf.png","type":"image\/png"}],"author":"Damien Dellerba","twitter_card":"summary_large_image","twitter_image":"https:\/\/www.ladiagonale.net\/wp-content\/uploads\/2023\/08\/salisu-conf.png","twitter_misc":{"\u00c9crit par":"Damien Dellerba","Dur\u00e9e de lecture estim\u00e9e":"2 minutes"},"schema":{"@context":"https:\/\/schema.org","@graph":[{"@type":"WebPage","@id":"https:\/\/www.ladiagonale.net\/index.php\/2023\/08\/11\/salisu-retrouver-lequipe-le-plus-vite-possible\/","url":"https:\/\/www.ladiagonale.net\/index.php\/2023\/08\/11\/salisu-retrouver-lequipe-le-plus-vite-possible\/","name":"Salisu : \u00ab\u00a0Retrouver l\u2019\u00e9quipe le plus vite possible\u00a0\u00bb - La Diagonale","isPartOf":{"@id":"https:\/\/www.ladiagonale.net\/#website"},"datePublished":"2023-08-11T21:34:40+00:00","dateModified":"2023-08-11T21:34:44+00:00","author":{"@id":"https:\/\/www.ladiagonale.net\/#\/schema\/person\/79ff1e7b0853ed01b2aa26e64ad300bf"},"breadcrumb":{"@id":"https:\/\/www.ladiagonale.net\/index.php\/2023\/08\/11\/salisu-retrouver-lequipe-le-plus-vite-possible\/#breadcrumb"},"inLanguage":"fr-FR","potentialAction":[{"@type":"ReadAction","target":["https:\/\/www.ladiagonale.net\/index.php\/2023\/08\/11\/salisu-retrouver-lequipe-le-plus-vite-possible\/"]}]},{"@type":"BreadcrumbList","@id":"https:\/\/www.ladiagonale.net\/index.php\/2023\/08\/11\/salisu-retrouver-lequipe-le-plus-vite-possible\/#breadcrumb","itemListElement":[{"@type":"ListItem","position":1,"name":"Accueil","item":"https:\/\/www.ladiagonale.net\/"},{"@type":"ListItem","position":2,"name":"Salisu : \u00ab\u00a0Retrouver l\u2019\u00e9quipe le plus vite possible\u00a0\u00bb"}]},{"@type":"WebSite","@id":"https:\/\/www.ladiagonale.net\/#website","url":"https:\/\/www.ladiagonale.net\/","name":"La Diagonale","description":"Le site des supporters de l&#039;AS Monaco FC","potentialAction":[{"@type":"SearchAction","target":{"@type":"EntryPoint","urlTemplate":"https:\/\/www.ladiagonale.net\/?s={search_term_string}"},"query-input":"required name=search_term_string"}],"inLanguage":"fr-FR"},{"@type":"Person","@id":"https:\/\/www.ladiagonale.net\/#\/schema\/person\/79ff1e7b0853ed01b2aa26e64ad300bf","name":"Damien Dellerba","image":{"@type":"ImageObject","inLanguage":"fr-FR","@id":"https:\/\/www.ladiagonale.net\/#\/schema\/person\/image\/","url":"https:\/\/secure.gravatar.com\/avatar\/c7850e06d3ff63cdbaee88b7fc16e2f0?s=96&d=mm&r=g","contentUrl":"https:\/\/secure.gravatar.com\/avatar\/c7850e06d3ff63cdbaee88b7fc16e2f0?s=96&d=mm&r=g","caption":"Damien Dellerba"},"url":"https:\/\/www.ladiagonale.net\/index.php\/author\/damien\/"}]}},"_links":{"self":[{"href":"https:\/\/www.ladiagonale.net\/index.php\/wp-json\/wp\/v2\/posts\/14911"}],"collection":[{"href":"https:\/\/www.ladiagonale.net\/index.php\/wp-json\/wp\/v2\/posts"}],"about":[{"href":"https:\/\/www.ladiagonale.net\/index.php\/wp-json\/wp\/v2\/types\/post"}],"author":[{"embeddable":true,"href":"https:\/\/www.ladiagonale.net\/index.php\/wp-json\/wp\/v2\/users\/2"}],"replies":[{"embeddable":true,"href":"https:\/\/www.ladiagonale.net\/index.php\/wp-json\/wp\/v2\/comments?post=14911"}],"version-history":[{"count":1,"href":"https:\/\/www.ladiagonale.net\/index.php\/wp-json\/wp\/v2\/posts\/14911\/revisions"}],"predecessor-version":[{"id":14913,"href":"https:\/\/www.ladiagonale.net\/index.php\/wp-json\/wp\/v2\/posts\/14911\/revisions\/14913"}],"wp:attachment":[{"href":"https:\/\/www.ladiagonale.net\/index.php\/wp-json\/wp\/v2\/media?parent=14911"}],"wp:term":[{"taxonomy":"category","embeddable":true,"href":"https:\/\/www.ladiagonale.net\/index.php\/wp-json\/wp\/v2\/categories?post=14911"},{"taxonomy":"post_tag","embeddable":true,"href":"https:\/\/www.ladiagonale.net\/index.php\/wp-json\/wp\/v2\/tags?post=14911"}],"curies":[{"name":"wp","href":"https:\/\/api.w.org\/{rel}","templated":true}]}}