{"id":14914,"date":"2023-08-13T08:58:00","date_gmt":"2023-08-13T06:58:00","guid":{"rendered":"https:\/\/www.ladiagonale.net\/?p=14914"},"modified":"2023-08-13T05:29:56","modified_gmt":"2023-08-13T03:29:56","slug":"du-neuf-avec-du-vieux","status":"publish","type":"post","link":"https:\/\/www.ladiagonale.net\/index.php\/2023\/08\/13\/du-neuf-avec-du-vieux\/","title":{"rendered":"Du neuf avec du vieux ?"},"content":{"rendered":"\n\n\n<p><strong>On avait quitt\u00e9 les Mon\u00e9gasques le 3 juin sur une d\u00e9faite contre Toulouse (1-2), la cinqui\u00e8me en sept rencontres et celle de trop pour l&rsquo;AS Monaco, qui s&rsquo;\u00e9tait empress\u00e9e de licencier Philippe Clement le lendemain. Un premier d\u00e9part qui devait annoncer le d\u00e9but des grandes man\u0153uvres estivales. Plus de deux mois apr\u00e8s, le club de la Principaut\u00e9 reprend le chemin de la Ligue 1 ce dimanche (15h) contre Clermont. En ayant vraiment chang\u00e9 ?<\/strong><\/p>\n\n\n\n<p>La saison 2023-2024 a certainement \u00e9t\u00e9 envisag\u00e9e comme celle de la rupture, surtout apr\u00e8s avoir failli \u00e0 tous ses objectifs. Apr\u00e8s trois saisons, le directeur sportif Paul Mitchell a d\u00e9cid\u00e9 de quitter le club et de laisser sa place, quelques mois apr\u00e8s le d\u00e9part du directeur technique Laurence Stewart. Si ces deux d\u00e9parts ne sont en apparence pas li\u00e9s, ils sont surtout le marqueur de la perte des deux hommes forts du secteur sportif au sein de l&rsquo;ASM. Alors, pour cette nouvelle saison qui d\u00e9bute, l&rsquo;ASM a d\u00fb faire peau neuve, ou presque. Dans ses bureaux, sur son banc, mais pas compl\u00e8tement sur le terrain. \u00c0 la direction sportive, c&rsquo;est Thiago Scuro qui a \u00e9t\u00e9 choisi par Mitchell pour lui succ\u00e9der. Le Br\u00e9silien vient lui aussi de la galaxie Red Bull et a d\u00e9j\u00e0 indiqu\u00e9 vouloir se placer dans la continuit\u00e9 de son pr\u00e9d\u00e9cesseur. Et puis Paul Mitchell n&rsquo;est pas encore totalement parti, puisqu&rsquo;il continue d&rsquo;\u00e9pauler Scuro afin de faciliter la transition.<\/p>\n\n\n\n<p>C&rsquo;est donc finalement une r\u00e9volution douce qui s&rsquo;est op\u00e9r\u00e9e sur le Rocher, sans perte ni fracas et sans grands bouleversements. Sur le banc, c&rsquo;est d\u00e9sormais le technicien autrichien Adi H\u00fctter qui aura la charge de mener son \u00e9quipe vers le podium de la Ligue 1 et la Ligue des champions. Le style pr\u00f4n\u00e9 par l&rsquo;ancien entra\u00eeneur du RB Salzbourg et du Borussia M\u00f6nchengladbach est parfaitement compatible avec celui qu&rsquo;a toujours voulu mettre en place Mitchell et que Scuro continuera d&rsquo;exiger. Un style fait d&rsquo;intensit\u00e9, de sprints et de pressing haut. Il ne diff\u00e8re pas beaucoup de celui de son pr\u00e9d\u00e9cesseur, Philippe Clement, mais le vestiaire avait surtout besoin d&rsquo;un autre discours que celui du Belge, qui avait fini par s&rsquo;\u00e9roder apr\u00e8s les nombreux revers subis pendant un an et demi. H\u00fctter a d\u00e9j\u00e0 commenc\u00e9 \u00e0 imprimer sa patte et ramen\u00e9 un peu de calme mais c&rsquo;est le terrain et la comp\u00e9tition qui livreront leur verdict.<\/p>\n\n\n\n<p class=\"has-white-color has-text-color has-background\" style=\"background-color:#303030\"><a href=\"https:\/\/www.ladiagonale.net\/index.php\/2023\/08\/12\/clermont-mise-sur-la-stabilite\/\">L&rsquo;adversaire : Clermont mise sur la stabilit\u00e9<\/a><\/p>\n\n\n\n<p>Le vestiaire, en revanche, n&rsquo;a pas \u00e9t\u00e9 remani\u00e9 en profondeur \u00e0 la mi-ao\u00fbt. Pour certains joueurs, comme Axel Disasi parti \u00e0 Chelsea, la fin de saison derni\u00e8re annon\u00e7ait tout de la fin de cycle et devait montrer la voie \u00e0 un n\u00e9cessaire renouvellement d&rsquo;une partie de l&rsquo;effectif. Annonc\u00e9 partant depuis plusieurs mois, Youssouf Fofana d\u00e9butera la saison en Rouge et Blanc, faute de propositions concr\u00e8tes et d&rsquo;une situation qui ne s&rsquo;est pas encore d\u00e9cant\u00e9e. D&rsquo;autres joueurs, comme Volland et Ben Yedder, seront en fin de contrat l&rsquo;\u00e9t\u00e9 prochain et leur avenir est des plus incertains. Surtout le second, dont l&rsquo;affaire judiciaire r\u00e9v\u00e9l\u00e9e il y a un mois et qui lui vaut d\u00e9sormais d&rsquo;\u00eatre mis en examen, a fortement secou\u00e9 le club. Et pour ne rien arranger, Monaco devra se passer d&rsquo;Embolo pour la saison.<\/p>\n\n\n\n<p>\u00c0 Clermont, Monaco n&rsquo;am\u00e8nera qu&rsquo;une seule recrue dans son groupe, le gardien Philipp K\u00f6hn, qui aura pour mission de faire oublier rapidement Alexander N\u00fcbel. L&rsquo;autre recrue du mercato mon\u00e9gasque, Mohammed Salisu, est bless\u00e9e et c&rsquo;est une d\u00e9fense \u00e0 trois tr\u00e8s inexp\u00e9riment\u00e9e avec Matsima et Magagassa qui sera align\u00e9, et dont le seul \u00e9l\u00e9ment avec de la bouteille sera Maripan. Denis Zakaria devrait s&rsquo;engager \u00e0 l&rsquo;ASM dans les prochains jours et d&rsquo;autres mouvements, dans le sens des d\u00e9parts comme des arriv\u00e9es, sont attendus et esp\u00e9r\u00e9s. Surtout en attaque et en d\u00e9fense, o\u00f9 il y a encore des manques. Mais le temps presse et il faudra d\u00e9sormais faire vite, car Monaco s&rsquo;appr\u00eate \u00e0 entrer dans l&rsquo;ar\u00e8ne avec une \u00e9quipe qui n&rsquo;a quasiment pas chang\u00e9 depuis la saison derni\u00e8re. Sauf si les retouches apport\u00e9es \u00e7\u00e0 et l\u00e0 sont suffisantes pour lui insuffler une nouvelle dynamique. On peut, \u00e0 tout le moins, nourrir quelques doutes \u00e0 ce sujet.<\/p>\n\n\n\n<p class=\"has-white-color has-text-color has-background\" style=\"background-color:#303030\"><a href=\"https:\/\/www.ladiagonale.net\/index.php\/2023\/08\/12\/jamais-deux-sans-trois-a-clermont\/\">L&rsquo;historique : Jamais deux sans trois \u00e0 Clermont ?<\/a><\/p>\n\n\n\n<h4>Le groupe mon\u00e9gasque<\/h4>\n\n\n\n<ul><li><strong>Gardiens :<\/strong> K\u00f6hn, Lienard, Majecki.<\/li><li><strong>D\u00e9fenseurs :<\/strong> Aguilar, C. Henrique, Jakobs, Maripan, Matsima, Vanderson<\/li><li><strong>Milieux :<\/strong> Akliouche, Camara, Diatta, Fofana, Golovin, Lemarechal, Magassa, Matazo, Minamino.<\/li><li><strong>Attaquants :<\/strong> Ben Yedder, Boadu, Volland.<\/li><\/ul>\n\n\n\n<p><em>Absents :<\/em> Embolo (bless\u00e9), Diop (g\u00eane), Ben Seghir, Salisu (r\u00e9athl\u00e9tisation), G. Martins (reprise), Okou (malade).<\/p>\n\n\n\n<p class=\"has-white-color has-text-color has-background\" style=\"background-color:#303030\"><a href=\"https:\/\/www.ladiagonale.net\/index.php\/2023\/08\/12\/le-groupe-clermontois-caufriez-et-rashani-absents\/\">Le groupe clermontois<\/a><\/p>\n","protected":false},"excerpt":{"rendered":"<p>On avait quitt\u00e9 les Mon\u00e9gasques le 3 juin sur une d\u00e9faite contre Toulouse (1-2), la cinqui\u00e8me en sept rencontres et celle de trop pour l&rsquo;AS Monaco, qui s&rsquo;\u00e9tait empress\u00e9e de licencier Philippe Clement le lendemain. Un premier d\u00e9part qui devait annoncer le d\u00e9but des grandes man\u0153uvres estivales. Plus de deux mois apr\u00e8s, le club de [&#8230;]\n","protected":false},"author":2,"featured_media":14979,"comment_status":"open","ping_status":"open","sticky":false,"template":"","format":"standard","meta":[],"categories":[5,6],"tags":[86,383,94],"yoast_head":"<!-- This site is optimized with the Yoast SEO plugin v19.8 - https:\/\/yoast.com\/wordpress\/plugins\/seo\/ -->\n<title>Du neuf avec du vieux ? - La Diagonale<\/title>\n<meta name=\"robots\" content=\"index, follow, max-snippet:-1, max-image-preview:large, max-video-preview:-1\" \/>\n<link rel=\"canonical\" href=\"https:\/\/www.ladiagonale.net\/index.php\/2023\/08\/13\/du-neuf-avec-du-vieux\/\" \/>\n<meta property=\"og:locale\" content=\"fr_FR\" \/>\n<meta property=\"og:type\" content=\"article\" \/>\n<meta property=\"og:title\" content=\"Du neuf avec du vieux ? - La Diagonale\" \/>\n<meta property=\"og:description\" content=\"On avait quitt\u00e9 les Mon\u00e9gasques le 3 juin sur une d\u00e9faite contre Toulouse (1-2), la cinqui\u00e8me en sept rencontres et celle de trop pour l&rsquo;AS Monaco, qui s&rsquo;\u00e9tait empress\u00e9e de licencier Philippe Clement le lendemain. Un premier d\u00e9part qui devait annoncer le d\u00e9but des grandes man\u0153uvres estivales. Plus de deux mois apr\u00e8s, le club de [...]\" \/>\n<meta property=\"og:url\" content=\"https:\/\/www.ladiagonale.net\/index.php\/2023\/08\/13\/du-neuf-avec-du-vieux\/\" \/>\n<meta property=\"og:site_name\" content=\"La Diagonale\" \/>\n<meta property=\"article:published_time\" content=\"2023-08-13T06:58:00+00:00\" \/>\n<meta property=\"article:modified_time\" content=\"2023-08-13T03:29:56+00:00\" \/>\n<meta property=\"og:image\" content=\"https:\/\/www.ladiagonale.net\/wp-content\/uploads\/2023\/08\/fofana.png\" \/>\n\t<meta property=\"og:image:width\" content=\"1160\" \/>\n\t<meta property=\"og:image:height\" content=\"650\" \/>\n\t<meta property=\"og:image:type\" content=\"image\/png\" \/>\n<meta name=\"author\" content=\"Damien Dellerba\" \/>\n<meta name=\"twitter:card\" content=\"summary_large_image\" \/>\n<meta name=\"twitter:image\" content=\"https:\/\/www.ladiagonale.net\/wp-content\/uploads\/2023\/08\/fofana.png\" \/>\n<meta name=\"twitter:label1\" content=\"\u00c9crit par\" \/>\n\t<meta name=\"twitter:data1\" content=\"Damien Dellerba\" \/>\n\t<meta name=\"twitter:label2\" content=\"Dur\u00e9e de lecture estim\u00e9e\" \/>\n\t<meta name=\"twitter:data2\" content=\"4 minutes\" \/>\n<script type=\"application\/ld+json\" class=\"yoast-schema-graph\">{\"@context\":\"https:\/\/schema.org\",\"@graph\":[{\"@type\":\"WebPage\",\"@id\":\"https:\/\/www.ladiagonale.net\/index.php\/2023\/08\/13\/du-neuf-avec-du-vieux\/\",\"url\":\"https:\/\/www.ladiagonale.net\/index.php\/2023\/08\/13\/du-neuf-avec-du-vieux\/\",\"name\":\"Du neuf avec du vieux ? - La Diagonale\",\"isPartOf\":{\"@id\":\"https:\/\/www.ladiagonale.net\/#website\"},\"datePublished\":\"2023-08-13T06:58:00+00:00\",\"dateModified\":\"2023-08-13T03:29:56+00:00\",\"author\":{\"@id\":\"https:\/\/www.ladiagonale.net\/#\/schema\/person\/79ff1e7b0853ed01b2aa26e64ad300bf\"},\"breadcrumb\":{\"@id\":\"https:\/\/www.ladiagonale.net\/index.php\/2023\/08\/13\/du-neuf-avec-du-vieux\/#breadcrumb\"},\"inLanguage\":\"fr-FR\",\"potentialAction\":[{\"@type\":\"ReadAction\",\"target\":[\"https:\/\/www.ladiagonale.net\/index.php\/2023\/08\/13\/du-neuf-avec-du-vieux\/\"]}]},{\"@type\":\"BreadcrumbList\",\"@id\":\"https:\/\/www.ladiagonale.net\/index.php\/2023\/08\/13\/du-neuf-avec-du-vieux\/#breadcrumb\",\"itemListElement\":[{\"@type\":\"ListItem\",\"position\":1,\"name\":\"Accueil\",\"item\":\"https:\/\/www.ladiagonale.net\/\"},{\"@type\":\"ListItem\",\"position\":2,\"name\":\"Du neuf avec du vieux ?\"}]},{\"@type\":\"WebSite\",\"@id\":\"https:\/\/www.ladiagonale.net\/#website\",\"url\":\"https:\/\/www.ladiagonale.net\/\",\"name\":\"La Diagonale\",\"description\":\"Le site des supporters de l&#039;AS Monaco FC\",\"potentialAction\":[{\"@type\":\"SearchAction\",\"target\":{\"@type\":\"EntryPoint\",\"urlTemplate\":\"https:\/\/www.ladiagonale.net\/?s={search_term_string}\"},\"query-input\":\"required name=search_term_string\"}],\"inLanguage\":\"fr-FR\"},{\"@type\":\"Person\",\"@id\":\"https:\/\/www.ladiagonale.net\/#\/schema\/person\/79ff1e7b0853ed01b2aa26e64ad300bf\",\"name\":\"Damien Dellerba\",\"image\":{\"@type\":\"ImageObject\",\"inLanguage\":\"fr-FR\",\"@id\":\"https:\/\/www.ladiagonale.net\/#\/schema\/person\/image\/\",\"url\":\"https:\/\/secure.gravatar.com\/avatar\/c7850e06d3ff63cdbaee88b7fc16e2f0?s=96&d=mm&r=g\",\"contentUrl\":\"https:\/\/secure.gravatar.com\/avatar\/c7850e06d3ff63cdbaee88b7fc16e2f0?s=96&d=mm&r=g\",\"caption\":\"Damien Dellerba\"},\"url\":\"https:\/\/www.ladiagonale.net\/index.php\/author\/damien\/\"}]}<\/script>\n<!-- \/ Yoast SEO plugin. -->","yoast_head_json":{"title":"Du neuf avec du vieux ? - La Diagonale","robots":{"index":"index","follow":"follow","max-snippet":"max-snippet:-1","max-image-preview":"max-image-preview:large","max-video-preview":"max-video-preview:-1"},"canonical":"https:\/\/www.ladiagonale.net\/index.php\/2023\/08\/13\/du-neuf-avec-du-vieux\/","og_locale":"fr_FR","og_type":"article","og_title":"Du neuf avec du vieux ? - La Diagonale","og_description":"On avait quitt\u00e9 les Mon\u00e9gasques le 3 juin sur une d\u00e9faite contre Toulouse (1-2), la cinqui\u00e8me en sept rencontres et celle de trop pour l&rsquo;AS Monaco, qui s&rsquo;\u00e9tait empress\u00e9e de licencier Philippe Clement le lendemain. Un premier d\u00e9part qui devait annoncer le d\u00e9but des grandes man\u0153uvres estivales. Plus de deux mois apr\u00e8s, le club de [...]","og_url":"https:\/\/www.ladiagonale.net\/index.php\/2023\/08\/13\/du-neuf-avec-du-vieux\/","og_site_name":"La Diagonale","article_published_time":"2023-08-13T06:58:00+00:00","article_modified_time":"2023-08-13T03:29:56+00:00","og_image":[{"width":1160,"height":650,"url":"https:\/\/www.ladiagonale.net\/wp-content\/uploads\/2023\/08\/fofana.png","type":"image\/png"}],"author":"Damien Dellerba","twitter_card":"summary_large_image","twitter_image":"https:\/\/www.ladiagonale.net\/wp-content\/uploads\/2023\/08\/fofana.png","twitter_misc":{"\u00c9crit par":"Damien Dellerba","Dur\u00e9e de lecture estim\u00e9e":"4 minutes"},"schema":{"@context":"https:\/\/schema.org","@graph":[{"@type":"WebPage","@id":"https:\/\/www.ladiagonale.net\/index.php\/2023\/08\/13\/du-neuf-avec-du-vieux\/","url":"https:\/\/www.ladiagonale.net\/index.php\/2023\/08\/13\/du-neuf-avec-du-vieux\/","name":"Du neuf avec du vieux ? - La Diagonale","isPartOf":{"@id":"https:\/\/www.ladiagonale.net\/#website"},"datePublished":"2023-08-13T06:58:00+00:00","dateModified":"2023-08-13T03:29:56+00:00","author":{"@id":"https:\/\/www.ladiagonale.net\/#\/schema\/person\/79ff1e7b0853ed01b2aa26e64ad300bf"},"breadcrumb":{"@id":"https:\/\/www.ladiagonale.net\/index.php\/2023\/08\/13\/du-neuf-avec-du-vieux\/#breadcrumb"},"inLanguage":"fr-FR","potentialAction":[{"@type":"ReadAction","target":["https:\/\/www.ladiagonale.net\/index.php\/2023\/08\/13\/du-neuf-avec-du-vieux\/"]}]},{"@type":"BreadcrumbList","@id":"https:\/\/www.ladiagonale.net\/index.php\/2023\/08\/13\/du-neuf-avec-du-vieux\/#breadcrumb","itemListElement":[{"@type":"ListItem","position":1,"name":"Accueil","item":"https:\/\/www.ladiagonale.net\/"},{"@type":"ListItem","position":2,"name":"Du neuf avec du vieux ?"}]},{"@type":"WebSite","@id":"https:\/\/www.ladiagonale.net\/#website","url":"https:\/\/www.ladiagonale.net\/","name":"La Diagonale","description":"Le site des supporters de l&#039;AS Monaco FC","potentialAction":[{"@type":"SearchAction","target":{"@type":"EntryPoint","urlTemplate":"https:\/\/www.ladiagonale.net\/?s={search_term_string}"},"query-input":"required name=search_term_string"}],"inLanguage":"fr-FR"},{"@type":"Person","@id":"https:\/\/www.ladiagonale.net\/#\/schema\/person\/79ff1e7b0853ed01b2aa26e64ad300bf","name":"Damien Dellerba","image":{"@type":"ImageObject","inLanguage":"fr-FR","@id":"https:\/\/www.ladiagonale.net\/#\/schema\/person\/image\/","url":"https:\/\/secure.gravatar.com\/avatar\/c7850e06d3ff63cdbaee88b7fc16e2f0?s=96&d=mm&r=g","contentUrl":"https:\/\/secure.gravatar.com\/avatar\/c7850e06d3ff63cdbaee88b7fc16e2f0?s=96&d=mm&r=g","caption":"Damien Dellerba"},"url":"https:\/\/www.ladiagonale.net\/index.php\/author\/damien\/"}]}},"_links":{"self":[{"href":"https:\/\/www.ladiagonale.net\/index.php\/wp-json\/wp\/v2\/posts\/14914"}],"collection":[{"href":"https:\/\/www.ladiagonale.net\/index.php\/wp-json\/wp\/v2\/posts"}],"about":[{"href":"https:\/\/www.ladiagonale.net\/index.php\/wp-json\/wp\/v2\/types\/post"}],"author":[{"embeddable":true,"href":"https:\/\/www.ladiagonale.net\/index.php\/wp-json\/wp\/v2\/users\/2"}],"replies":[{"embeddable":true,"href":"https:\/\/www.ladiagonale.net\/index.php\/wp-json\/wp\/v2\/comments?post=14914"}],"version-history":[{"count":11,"href":"https:\/\/www.ladiagonale.net\/index.php\/wp-json\/wp\/v2\/posts\/14914\/revisions"}],"predecessor-version":[{"id":14989,"href":"https:\/\/www.ladiagonale.net\/index.php\/wp-json\/wp\/v2\/posts\/14914\/revisions\/14989"}],"wp:featuredmedia":[{"embeddable":true,"href":"https:\/\/www.ladiagonale.net\/index.php\/wp-json\/wp\/v2\/media\/14979"}],"wp:attachment":[{"href":"https:\/\/www.ladiagonale.net\/index.php\/wp-json\/wp\/v2\/media?parent=14914"}],"wp:term":[{"taxonomy":"category","embeddable":true,"href":"https:\/\/www.ladiagonale.net\/index.php\/wp-json\/wp\/v2\/categories?post=14914"},{"taxonomy":"post_tag","embeddable":true,"href":"https:\/\/www.ladiagonale.net\/index.php\/wp-json\/wp\/v2\/tags?post=14914"}],"curies":[{"name":"wp","href":"https:\/\/api.w.org\/{rel}","templated":true}]}}