{"id":14929,"date":"2023-08-12T08:55:00","date_gmt":"2023-08-12T06:55:00","guid":{"rendered":"https:\/\/www.ladiagonale.net\/?p=14929"},"modified":"2023-08-12T04:11:22","modified_gmt":"2023-08-12T02:11:22","slug":"scuro-nous-devons-voir-grand","status":"publish","type":"post","link":"https:\/\/www.ladiagonale.net\/index.php\/2023\/08\/12\/scuro-nous-devons-voir-grand\/","title":{"rendered":"Scuro : \u00ab\u00a0Nous devons voir grand\u00a0\u00bb"},"content":{"rendered":"\n\n\n<p>Ce vendredi, l\u2019AS Monaco a pr\u00e9sent\u00e9 ses deux nouvelles recrues, Mohammed Salisu et Philipp K\u00f6hn. Les deux joueurs \u00e9taient accompagn\u00e9s par Thiago Scuro, le directeur du football, qui a \u00e9galement r\u00e9pondu aux questions de la presse. Le Br\u00e9silien a surtout \u00e9voqu\u00e9 le mercato et a \u00e9galement tenu un discours ambitieux, alors que Monaco cherche \u00e0 retrouver l\u2019Europe : \u00ab&nbsp;<em>L\u2019objectif est immense, <\/em>a confi\u00e9 Scuro.<em> Nous devons ramener Monaco en Europe et en phase de groupes de la Ligue des champions. Pour l\u2019atteindre, nous devons voir grand et travailler dur.<\/em>&nbsp;\u00bb<\/p>\n\n\n\n<p>Le successeur de Paul Mitchell a confi\u00e9 que lui et son \u00e9quipe travaillaient d\u2019arrache-pied pour construire l\u2019\u00e9quipe : \u00ab\u00a0<em>Nous travaillons sur d\u2019autres profils avec l\u2019objectif d\u2019\u00e9quilibrer l\u2019\u00e9quipe. Chaque semaine, nous devons nous adapter aux besoins du coach, \u00e0 ses id\u00e9es et \u00e0 son style de jeu<\/em>,<em> et nous esp\u00e9rons ajouter tr\u00e8s bient\u00f4t un nouveau joueur \u00e0 cette \u00e9quipe, qui nous donnera de nouvelles solutions et \u00e9l\u00e8vera notre niveau global pour cette saison.<\/em>\u00a0\u00bb L\u2019id\u00e9e \u00e9tant aussi de donner plus d&rsquo;options \u00e0 H\u00fctter :\u00a0\u00ab\u00a0<em>Nous devons apporter des solutions suppl\u00e9mentaires au coach pour atteindre nos objectifs. C\u2019est aussi une question d\u2019\u00e9quilibre, d\u2019avoir une \u00e9quipe forte et pas seulement onze joueurs, avec de la concurrence en interne.<\/em>\u00a0\u00bb<\/p>\n\n\n\n<h3>Des recrues \u00e0 venir en d\u00e9fense<\/h3>\n\n\n\n<p>Mais Scuro ne s\u2019attendaient sans doute pas \u00e0 devoir \u00e9galement travailler dans l\u2019urgence pour trouver un nouvel attaquant, alors que <a href=\"https:\/\/www.ladiagonale.net\/index.php\/2023\/08\/11\/embolo-a-ete-opere\/\">Breel Embolo est bless\u00e9 pour huit mois<\/a> et que <a href=\"https:\/\/www.ladiagonale.net\/index.php\/2023\/08\/11\/ben-yedder-pourrait-faire-le-deplacement-a-clermont\/\">Ben Yedder se trouve dans l\u2019\u0153il du cyclone<\/a> : \u00ab\u00a0<em>Le poste d\u2019attaquant est une piste que nous explorons. Nous \u00e9tudions plusieurs options. La blessure de Breel Embolo est une tr\u00e8s mauvaise nouvelle car il \u00e9tait tr\u00e8s motiv\u00e9 pendant l\u2019intersaison. Nous travaillons dur au club, et plus particuli\u00e8rement le staff m\u00e9dical, pour qu\u2019il traverse cette p\u00e9riode de la meilleure des fa\u00e7ons et qu\u2019il revienne dans de bonnes conditions. Le plus important est qu\u2019il reste fort mentalement, car c\u2019est toujours un moment tr\u00e8s dur pour un joueur, alors que les attentes sont \u00e9lev\u00e9es \u00e0 cette p\u00e9riode de l\u2019ann\u00e9e.<\/em>\u00a0\u00bb<\/p>\n\n\n\n<p>Si l\u2019attaque est devenue un chantier, la d\u00e9fense reste la priorit\u00e9. Salisu est arriv\u00e9 mais est bless\u00e9 et Monaco devrait se pr\u00e9senter avec une d\u00e9fense axiale compos\u00e9e de Maripan, Matsima et Magassa. Le Br\u00e9silien reconna\u00eet que ce n\u2019est pas suffisant \u00e0 ce jour pour atteindre les objectifs fix\u00e9s par le pr\u00e9sident : \u00ab&nbsp;<em>Avoir une ligne de trois d\u00e9fenseurs centraux change nos besoins et cela nous a fait revoir nos priorit\u00e9s. Chrislain Matsima et Soungoutou Magassa ont montr\u00e9 de bonnes choses pendant l\u2019intersaison et cela montre la qualit\u00e9 de notre formation et de nos jeunes joueurs, mais nos objectifs sont grands et nous devons recruter des joueurs \u00e0 ce poste pour pouvoir \u00e9voluer au plus haut niveau cette saison.<\/em>&nbsp;\u00bb<\/p>\n\n\n\n<p>Quoi qu\u2019il en soit, qu\u2019il s\u2019agisse de d\u00e9parts ou d\u2019arriv\u00e9es, cela va encore bouger sur le Rocher d\u2019ici le 31 ao\u00fbt : \u00ab&nbsp;<em>Le march\u00e9 est toujours ouvert et les choses sont toujours en mouvement. Dans les semaines qui arrivent et jusqu\u2019au 31 ao\u00fbt, il sera normal de voir des joueurs partir et d\u2019autres arriver. Nous devons trouver le bon \u00e9quilibre par rapport aux ambitions que nous avons cette saison.&nbsp;\u00bb <\/em>Les joueurs en fin de contrat pourront aussi \u00eatre concern\u00e9s : <em>\u00ab&nbsp;Certains sont dans leur derni\u00e8re ann\u00e9e de contrat. Jusqu\u2019\u00e0 la fin de cette fen\u00eatre des transferts, nous allons travailler sur diff\u00e9rentes possibilit\u00e9s et au moment opportun, nous discuterons avec les joueurs pour lesquels le club \u00e0 un projet pour le futur.<\/em>&nbsp;\u00bb<\/p>\n","protected":false},"excerpt":{"rendered":"<p>Ce vendredi, l\u2019AS Monaco a pr\u00e9sent\u00e9 ses deux nouvelles recrues, Mohammed Salisu et Philipp K\u00f6hn. Les deux joueurs \u00e9taient accompagn\u00e9s par Thiago Scuro, le directeur du football, qui a \u00e9galement r\u00e9pondu aux questions de la presse. Le Br\u00e9silien a surtout \u00e9voqu\u00e9 le mercato et a \u00e9galement tenu un discours ambitieux, alors que Monaco cherche \u00e0 [&#8230;]\n","protected":false},"author":2,"featured_media":0,"comment_status":"open","ping_status":"open","sticky":false,"template":"","format":"standard","meta":[],"categories":[6],"tags":[86,111,479,110],"yoast_head":"<!-- This site is optimized with the Yoast SEO plugin v19.8 - https:\/\/yoast.com\/wordpress\/plugins\/seo\/ -->\n<title>Scuro : \u00ab\u00a0Nous devons voir grand\u00a0\u00bb - La Diagonale<\/title>\n<meta name=\"robots\" content=\"index, follow, max-snippet:-1, max-image-preview:large, max-video-preview:-1\" \/>\n<link rel=\"canonical\" href=\"https:\/\/www.ladiagonale.net\/index.php\/2023\/08\/12\/scuro-nous-devons-voir-grand\/\" \/>\n<meta property=\"og:locale\" content=\"fr_FR\" \/>\n<meta property=\"og:type\" content=\"article\" \/>\n<meta property=\"og:title\" content=\"Scuro : \u00ab\u00a0Nous devons voir grand\u00a0\u00bb - La Diagonale\" \/>\n<meta property=\"og:description\" content=\"Ce vendredi, l\u2019AS Monaco a pr\u00e9sent\u00e9 ses deux nouvelles recrues, Mohammed Salisu et Philipp K\u00f6hn. Les deux joueurs \u00e9taient accompagn\u00e9s par Thiago Scuro, le directeur du football, qui a \u00e9galement r\u00e9pondu aux questions de la presse. Le Br\u00e9silien a surtout \u00e9voqu\u00e9 le mercato et a \u00e9galement tenu un discours ambitieux, alors que Monaco cherche \u00e0 [...]\" \/>\n<meta property=\"og:url\" content=\"https:\/\/www.ladiagonale.net\/index.php\/2023\/08\/12\/scuro-nous-devons-voir-grand\/\" \/>\n<meta property=\"og:site_name\" content=\"La Diagonale\" \/>\n<meta property=\"article:published_time\" content=\"2023-08-12T06:55:00+00:00\" \/>\n<meta property=\"article:modified_time\" content=\"2023-08-12T02:11:22+00:00\" \/>\n<meta property=\"og:image\" content=\"https:\/\/www.ladiagonale.net\/wp-content\/uploads\/2023\/07\/scuro.png\" \/>\n\t<meta property=\"og:image:width\" content=\"1160\" \/>\n\t<meta property=\"og:image:height\" content=\"650\" \/>\n\t<meta property=\"og:image:type\" content=\"image\/png\" \/>\n<meta name=\"author\" content=\"Damien Dellerba\" \/>\n<meta name=\"twitter:card\" content=\"summary_large_image\" \/>\n<meta name=\"twitter:image\" content=\"https:\/\/www.ladiagonale.net\/wp-content\/uploads\/2023\/07\/scuro.png\" \/>\n<meta name=\"twitter:label1\" content=\"\u00c9crit par\" \/>\n\t<meta name=\"twitter:data1\" content=\"Damien Dellerba\" \/>\n\t<meta name=\"twitter:label2\" content=\"Dur\u00e9e de lecture estim\u00e9e\" \/>\n\t<meta name=\"twitter:data2\" content=\"3 minutes\" \/>\n<script type=\"application\/ld+json\" class=\"yoast-schema-graph\">{\"@context\":\"https:\/\/schema.org\",\"@graph\":[{\"@type\":\"WebPage\",\"@id\":\"https:\/\/www.ladiagonale.net\/index.php\/2023\/08\/12\/scuro-nous-devons-voir-grand\/\",\"url\":\"https:\/\/www.ladiagonale.net\/index.php\/2023\/08\/12\/scuro-nous-devons-voir-grand\/\",\"name\":\"Scuro : \u00ab\u00a0Nous devons voir grand\u00a0\u00bb - La Diagonale\",\"isPartOf\":{\"@id\":\"https:\/\/www.ladiagonale.net\/#website\"},\"datePublished\":\"2023-08-12T06:55:00+00:00\",\"dateModified\":\"2023-08-12T02:11:22+00:00\",\"author\":{\"@id\":\"https:\/\/www.ladiagonale.net\/#\/schema\/person\/79ff1e7b0853ed01b2aa26e64ad300bf\"},\"breadcrumb\":{\"@id\":\"https:\/\/www.ladiagonale.net\/index.php\/2023\/08\/12\/scuro-nous-devons-voir-grand\/#breadcrumb\"},\"inLanguage\":\"fr-FR\",\"potentialAction\":[{\"@type\":\"ReadAction\",\"target\":[\"https:\/\/www.ladiagonale.net\/index.php\/2023\/08\/12\/scuro-nous-devons-voir-grand\/\"]}]},{\"@type\":\"BreadcrumbList\",\"@id\":\"https:\/\/www.ladiagonale.net\/index.php\/2023\/08\/12\/scuro-nous-devons-voir-grand\/#breadcrumb\",\"itemListElement\":[{\"@type\":\"ListItem\",\"position\":1,\"name\":\"Accueil\",\"item\":\"https:\/\/www.ladiagonale.net\/\"},{\"@type\":\"ListItem\",\"position\":2,\"name\":\"Scuro : \u00ab\u00a0Nous devons voir grand\u00a0\u00bb\"}]},{\"@type\":\"WebSite\",\"@id\":\"https:\/\/www.ladiagonale.net\/#website\",\"url\":\"https:\/\/www.ladiagonale.net\/\",\"name\":\"La Diagonale\",\"description\":\"Le site des supporters de l&#039;AS Monaco FC\",\"potentialAction\":[{\"@type\":\"SearchAction\",\"target\":{\"@type\":\"EntryPoint\",\"urlTemplate\":\"https:\/\/www.ladiagonale.net\/?s={search_term_string}\"},\"query-input\":\"required name=search_term_string\"}],\"inLanguage\":\"fr-FR\"},{\"@type\":\"Person\",\"@id\":\"https:\/\/www.ladiagonale.net\/#\/schema\/person\/79ff1e7b0853ed01b2aa26e64ad300bf\",\"name\":\"Damien Dellerba\",\"image\":{\"@type\":\"ImageObject\",\"inLanguage\":\"fr-FR\",\"@id\":\"https:\/\/www.ladiagonale.net\/#\/schema\/person\/image\/\",\"url\":\"https:\/\/secure.gravatar.com\/avatar\/c7850e06d3ff63cdbaee88b7fc16e2f0?s=96&d=mm&r=g\",\"contentUrl\":\"https:\/\/secure.gravatar.com\/avatar\/c7850e06d3ff63cdbaee88b7fc16e2f0?s=96&d=mm&r=g\",\"caption\":\"Damien Dellerba\"},\"url\":\"https:\/\/www.ladiagonale.net\/index.php\/author\/damien\/\"}]}<\/script>\n<!-- \/ Yoast SEO plugin. -->","yoast_head_json":{"title":"Scuro : \u00ab\u00a0Nous devons voir grand\u00a0\u00bb - La Diagonale","robots":{"index":"index","follow":"follow","max-snippet":"max-snippet:-1","max-image-preview":"max-image-preview:large","max-video-preview":"max-video-preview:-1"},"canonical":"https:\/\/www.ladiagonale.net\/index.php\/2023\/08\/12\/scuro-nous-devons-voir-grand\/","og_locale":"fr_FR","og_type":"article","og_title":"Scuro : \u00ab\u00a0Nous devons voir grand\u00a0\u00bb - La Diagonale","og_description":"Ce vendredi, l\u2019AS Monaco a pr\u00e9sent\u00e9 ses deux nouvelles recrues, Mohammed Salisu et Philipp K\u00f6hn. Les deux joueurs \u00e9taient accompagn\u00e9s par Thiago Scuro, le directeur du football, qui a \u00e9galement r\u00e9pondu aux questions de la presse. Le Br\u00e9silien a surtout \u00e9voqu\u00e9 le mercato et a \u00e9galement tenu un discours ambitieux, alors que Monaco cherche \u00e0 [...]","og_url":"https:\/\/www.ladiagonale.net\/index.php\/2023\/08\/12\/scuro-nous-devons-voir-grand\/","og_site_name":"La Diagonale","article_published_time":"2023-08-12T06:55:00+00:00","article_modified_time":"2023-08-12T02:11:22+00:00","og_image":[{"width":1160,"height":650,"url":"https:\/\/www.ladiagonale.net\/wp-content\/uploads\/2023\/07\/scuro.png","type":"image\/png"}],"author":"Damien Dellerba","twitter_card":"summary_large_image","twitter_image":"https:\/\/www.ladiagonale.net\/wp-content\/uploads\/2023\/07\/scuro.png","twitter_misc":{"\u00c9crit par":"Damien Dellerba","Dur\u00e9e de lecture estim\u00e9e":"3 minutes"},"schema":{"@context":"https:\/\/schema.org","@graph":[{"@type":"WebPage","@id":"https:\/\/www.ladiagonale.net\/index.php\/2023\/08\/12\/scuro-nous-devons-voir-grand\/","url":"https:\/\/www.ladiagonale.net\/index.php\/2023\/08\/12\/scuro-nous-devons-voir-grand\/","name":"Scuro : \u00ab\u00a0Nous devons voir grand\u00a0\u00bb - La Diagonale","isPartOf":{"@id":"https:\/\/www.ladiagonale.net\/#website"},"datePublished":"2023-08-12T06:55:00+00:00","dateModified":"2023-08-12T02:11:22+00:00","author":{"@id":"https:\/\/www.ladiagonale.net\/#\/schema\/person\/79ff1e7b0853ed01b2aa26e64ad300bf"},"breadcrumb":{"@id":"https:\/\/www.ladiagonale.net\/index.php\/2023\/08\/12\/scuro-nous-devons-voir-grand\/#breadcrumb"},"inLanguage":"fr-FR","potentialAction":[{"@type":"ReadAction","target":["https:\/\/www.ladiagonale.net\/index.php\/2023\/08\/12\/scuro-nous-devons-voir-grand\/"]}]},{"@type":"BreadcrumbList","@id":"https:\/\/www.ladiagonale.net\/index.php\/2023\/08\/12\/scuro-nous-devons-voir-grand\/#breadcrumb","itemListElement":[{"@type":"ListItem","position":1,"name":"Accueil","item":"https:\/\/www.ladiagonale.net\/"},{"@type":"ListItem","position":2,"name":"Scuro : \u00ab\u00a0Nous devons voir grand\u00a0\u00bb"}]},{"@type":"WebSite","@id":"https:\/\/www.ladiagonale.net\/#website","url":"https:\/\/www.ladiagonale.net\/","name":"La Diagonale","description":"Le site des supporters de l&#039;AS Monaco FC","potentialAction":[{"@type":"SearchAction","target":{"@type":"EntryPoint","urlTemplate":"https:\/\/www.ladiagonale.net\/?s={search_term_string}"},"query-input":"required name=search_term_string"}],"inLanguage":"fr-FR"},{"@type":"Person","@id":"https:\/\/www.ladiagonale.net\/#\/schema\/person\/79ff1e7b0853ed01b2aa26e64ad300bf","name":"Damien Dellerba","image":{"@type":"ImageObject","inLanguage":"fr-FR","@id":"https:\/\/www.ladiagonale.net\/#\/schema\/person\/image\/","url":"https:\/\/secure.gravatar.com\/avatar\/c7850e06d3ff63cdbaee88b7fc16e2f0?s=96&d=mm&r=g","contentUrl":"https:\/\/secure.gravatar.com\/avatar\/c7850e06d3ff63cdbaee88b7fc16e2f0?s=96&d=mm&r=g","caption":"Damien Dellerba"},"url":"https:\/\/www.ladiagonale.net\/index.php\/author\/damien\/"}]}},"_links":{"self":[{"href":"https:\/\/www.ladiagonale.net\/index.php\/wp-json\/wp\/v2\/posts\/14929"}],"collection":[{"href":"https:\/\/www.ladiagonale.net\/index.php\/wp-json\/wp\/v2\/posts"}],"about":[{"href":"https:\/\/www.ladiagonale.net\/index.php\/wp-json\/wp\/v2\/types\/post"}],"author":[{"embeddable":true,"href":"https:\/\/www.ladiagonale.net\/index.php\/wp-json\/wp\/v2\/users\/2"}],"replies":[{"embeddable":true,"href":"https:\/\/www.ladiagonale.net\/index.php\/wp-json\/wp\/v2\/comments?post=14929"}],"version-history":[{"count":3,"href":"https:\/\/www.ladiagonale.net\/index.php\/wp-json\/wp\/v2\/posts\/14929\/revisions"}],"predecessor-version":[{"id":14933,"href":"https:\/\/www.ladiagonale.net\/index.php\/wp-json\/wp\/v2\/posts\/14929\/revisions\/14933"}],"wp:attachment":[{"href":"https:\/\/www.ladiagonale.net\/index.php\/wp-json\/wp\/v2\/media?parent=14929"}],"wp:term":[{"taxonomy":"category","embeddable":true,"href":"https:\/\/www.ladiagonale.net\/index.php\/wp-json\/wp\/v2\/categories?post=14929"},{"taxonomy":"post_tag","embeddable":true,"href":"https:\/\/www.ladiagonale.net\/index.php\/wp-json\/wp\/v2\/tags?post=14929"}],"curies":[{"name":"wp","href":"https:\/\/api.w.org\/{rel}","templated":true}]}}