{"id":14934,"date":"2023-08-12T11:06:05","date_gmt":"2023-08-12T09:06:05","guid":{"rendered":"https:\/\/www.ladiagonale.net\/?p=14934"},"modified":"2023-08-12T11:06:07","modified_gmt":"2023-08-12T09:06:07","slug":"gastien-monaco-ne-sera-pas-loin-du-titre","status":"publish","type":"post","link":"https:\/\/www.ladiagonale.net\/index.php\/2023\/08\/12\/gastien-monaco-ne-sera-pas-loin-du-titre\/","title":{"rendered":"Gastien : \u00ab\u00a0Monaco ne sera pas loin du titre\u00a0\u00bb"},"content":{"rendered":"\n\n\n<p>Pour sa premi\u00e8re rencontre de la saison, l&rsquo;AS Monaco va affronter Clermont. Dimanche (15h), les Auvergnats savent qu&rsquo;ils affronteront une \u00e9quipe taill\u00e9e pour le haut du tableau et l&rsquo;entra\u00eeneur clermontois Pascal Gastien pense m\u00eame que Monaco peut \u00eatre un candidat au titre : \u00ab <em>Vu les matches amicaux jou\u00e9s par Monaco, je pense qu\u2019ils sont pr\u00eats. Et je pense qu\u2019ils seront dans les cinq premiers \u00e0 coup s\u00fbr \u00e0 la fin de l\u2019ann\u00e9e. Je pense qu\u2019ils ne seront pas loin du titre cette ann\u00e9e donc on va jouer tout de suite un gros morceau. (&#8230;) Contre Arsenal et le Bayern Munich, c\u2019\u00e9tait bon, voire tr\u00e8s bon.<\/em> \u00bb<\/p>\n\n\n\n<p>Le milieu de terrain Maxime Gonalons est aussi convaincu que Monaco sera pr\u00eat pour sa reprise : \u00ab\u00a0<em>\u00c7a va \u00eatre un tr\u00e8s bon test pour nous. C\u2019est une \u00e9quipe qui a beaucoup d\u2019exp\u00e9rience avec des joueurs pour la plupart internationaux. Il va falloir \u00eatre vigilants et faire attention \u00e0 chaque d\u00e9tail. Sur nos pertes de balle, parce qu\u2019ils ont des atouts offensifs qui ne vont pas nous laisser grand-chose et que face \u00e0 ce genre d\u2019\u00e9quipe, les erreurs se paient cash. (&#8230;) On a regard\u00e9 leurs matchs de pr\u00e9paration, ils ont affront\u00e9 des adversaires europ\u00e9ens. Il va falloir \u00eatre pr\u00eat, car eux, ils vont l\u2019\u00eatre<\/em>. \u00a0\u00bb<\/p>\n","protected":false},"excerpt":{"rendered":"<p>Pour sa premi\u00e8re rencontre de la saison, l&rsquo;AS Monaco va affronter Clermont. Dimanche (15h), les Auvergnats savent qu&rsquo;ils affronteront une \u00e9quipe taill\u00e9e pour le haut du tableau et l&rsquo;entra\u00eeneur clermontois Pascal Gastien pense m\u00eame que Monaco peut \u00eatre un candidat au titre : \u00ab Vu les matches amicaux jou\u00e9s par Monaco, je pense qu\u2019ils sont [&#8230;]\n","protected":false},"author":2,"featured_media":0,"comment_status":"open","ping_status":"open","sticky":false,"template":"","format":"standard","meta":[],"categories":[6],"tags":[86,658,383,94,657,398],"yoast_head":"<!-- This site is optimized with the Yoast SEO plugin v19.8 - https:\/\/yoast.com\/wordpress\/plugins\/seo\/ -->\n<title>Gastien : \u00ab\u00a0Monaco ne sera pas loin du titre\u00a0\u00bb - La Diagonale<\/title>\n<meta name=\"robots\" content=\"index, follow, max-snippet:-1, max-image-preview:large, max-video-preview:-1\" \/>\n<link rel=\"canonical\" href=\"https:\/\/www.ladiagonale.net\/index.php\/2023\/08\/12\/gastien-monaco-ne-sera-pas-loin-du-titre\/\" \/>\n<meta property=\"og:locale\" content=\"fr_FR\" \/>\n<meta property=\"og:type\" content=\"article\" \/>\n<meta property=\"og:title\" content=\"Gastien : \u00ab\u00a0Monaco ne sera pas loin du titre\u00a0\u00bb - La Diagonale\" \/>\n<meta property=\"og:description\" content=\"Pour sa premi\u00e8re rencontre de la saison, l&rsquo;AS Monaco va affronter Clermont. Dimanche (15h), les Auvergnats savent qu&rsquo;ils affronteront une \u00e9quipe taill\u00e9e pour le haut du tableau et l&rsquo;entra\u00eeneur clermontois Pascal Gastien pense m\u00eame que Monaco peut \u00eatre un candidat au titre : \u00ab Vu les matches amicaux jou\u00e9s par Monaco, je pense qu\u2019ils sont [...]\" \/>\n<meta property=\"og:url\" content=\"https:\/\/www.ladiagonale.net\/index.php\/2023\/08\/12\/gastien-monaco-ne-sera-pas-loin-du-titre\/\" \/>\n<meta property=\"og:site_name\" content=\"La Diagonale\" \/>\n<meta property=\"article:published_time\" content=\"2023-08-12T09:06:05+00:00\" \/>\n<meta property=\"article:modified_time\" content=\"2023-08-12T09:06:07+00:00\" \/>\n<meta property=\"og:image\" content=\"https:\/\/www.ladiagonale.net\/wp-content\/uploads\/2023\/02\/gastien.png\" \/>\n\t<meta property=\"og:image:width\" content=\"1160\" \/>\n\t<meta property=\"og:image:height\" content=\"650\" \/>\n\t<meta property=\"og:image:type\" content=\"image\/png\" \/>\n<meta name=\"author\" content=\"Damien Dellerba\" \/>\n<meta name=\"twitter:card\" content=\"summary_large_image\" \/>\n<meta name=\"twitter:image\" content=\"https:\/\/www.ladiagonale.net\/wp-content\/uploads\/2023\/02\/gastien.png\" \/>\n<meta name=\"twitter:label1\" content=\"\u00c9crit par\" \/>\n\t<meta name=\"twitter:data1\" content=\"Damien Dellerba\" \/>\n\t<meta name=\"twitter:label2\" content=\"Dur\u00e9e de lecture estim\u00e9e\" \/>\n\t<meta name=\"twitter:data2\" content=\"2 minutes\" \/>\n<script type=\"application\/ld+json\" class=\"yoast-schema-graph\">{\"@context\":\"https:\/\/schema.org\",\"@graph\":[{\"@type\":\"WebPage\",\"@id\":\"https:\/\/www.ladiagonale.net\/index.php\/2023\/08\/12\/gastien-monaco-ne-sera-pas-loin-du-titre\/\",\"url\":\"https:\/\/www.ladiagonale.net\/index.php\/2023\/08\/12\/gastien-monaco-ne-sera-pas-loin-du-titre\/\",\"name\":\"Gastien : \u00ab\u00a0Monaco ne sera pas loin du titre\u00a0\u00bb - La Diagonale\",\"isPartOf\":{\"@id\":\"https:\/\/www.ladiagonale.net\/#website\"},\"datePublished\":\"2023-08-12T09:06:05+00:00\",\"dateModified\":\"2023-08-12T09:06:07+00:00\",\"author\":{\"@id\":\"https:\/\/www.ladiagonale.net\/#\/schema\/person\/79ff1e7b0853ed01b2aa26e64ad300bf\"},\"breadcrumb\":{\"@id\":\"https:\/\/www.ladiagonale.net\/index.php\/2023\/08\/12\/gastien-monaco-ne-sera-pas-loin-du-titre\/#breadcrumb\"},\"inLanguage\":\"fr-FR\",\"potentialAction\":[{\"@type\":\"ReadAction\",\"target\":[\"https:\/\/www.ladiagonale.net\/index.php\/2023\/08\/12\/gastien-monaco-ne-sera-pas-loin-du-titre\/\"]}]},{\"@type\":\"BreadcrumbList\",\"@id\":\"https:\/\/www.ladiagonale.net\/index.php\/2023\/08\/12\/gastien-monaco-ne-sera-pas-loin-du-titre\/#breadcrumb\",\"itemListElement\":[{\"@type\":\"ListItem\",\"position\":1,\"name\":\"Accueil\",\"item\":\"https:\/\/www.ladiagonale.net\/\"},{\"@type\":\"ListItem\",\"position\":2,\"name\":\"Gastien : \u00ab\u00a0Monaco ne sera pas loin du titre\u00a0\u00bb\"}]},{\"@type\":\"WebSite\",\"@id\":\"https:\/\/www.ladiagonale.net\/#website\",\"url\":\"https:\/\/www.ladiagonale.net\/\",\"name\":\"La Diagonale\",\"description\":\"Le site des supporters de l&#039;AS Monaco FC\",\"potentialAction\":[{\"@type\":\"SearchAction\",\"target\":{\"@type\":\"EntryPoint\",\"urlTemplate\":\"https:\/\/www.ladiagonale.net\/?s={search_term_string}\"},\"query-input\":\"required name=search_term_string\"}],\"inLanguage\":\"fr-FR\"},{\"@type\":\"Person\",\"@id\":\"https:\/\/www.ladiagonale.net\/#\/schema\/person\/79ff1e7b0853ed01b2aa26e64ad300bf\",\"name\":\"Damien Dellerba\",\"image\":{\"@type\":\"ImageObject\",\"inLanguage\":\"fr-FR\",\"@id\":\"https:\/\/www.ladiagonale.net\/#\/schema\/person\/image\/\",\"url\":\"https:\/\/secure.gravatar.com\/avatar\/c7850e06d3ff63cdbaee88b7fc16e2f0?s=96&d=mm&r=g\",\"contentUrl\":\"https:\/\/secure.gravatar.com\/avatar\/c7850e06d3ff63cdbaee88b7fc16e2f0?s=96&d=mm&r=g\",\"caption\":\"Damien Dellerba\"},\"url\":\"https:\/\/www.ladiagonale.net\/index.php\/author\/damien\/\"}]}<\/script>\n<!-- \/ Yoast SEO plugin. -->","yoast_head_json":{"title":"Gastien : \u00ab\u00a0Monaco ne sera pas loin du titre\u00a0\u00bb - La Diagonale","robots":{"index":"index","follow":"follow","max-snippet":"max-snippet:-1","max-image-preview":"max-image-preview:large","max-video-preview":"max-video-preview:-1"},"canonical":"https:\/\/www.ladiagonale.net\/index.php\/2023\/08\/12\/gastien-monaco-ne-sera-pas-loin-du-titre\/","og_locale":"fr_FR","og_type":"article","og_title":"Gastien : \u00ab\u00a0Monaco ne sera pas loin du titre\u00a0\u00bb - La Diagonale","og_description":"Pour sa premi\u00e8re rencontre de la saison, l&rsquo;AS Monaco va affronter Clermont. Dimanche (15h), les Auvergnats savent qu&rsquo;ils affronteront une \u00e9quipe taill\u00e9e pour le haut du tableau et l&rsquo;entra\u00eeneur clermontois Pascal Gastien pense m\u00eame que Monaco peut \u00eatre un candidat au titre : \u00ab Vu les matches amicaux jou\u00e9s par Monaco, je pense qu\u2019ils sont [...]","og_url":"https:\/\/www.ladiagonale.net\/index.php\/2023\/08\/12\/gastien-monaco-ne-sera-pas-loin-du-titre\/","og_site_name":"La Diagonale","article_published_time":"2023-08-12T09:06:05+00:00","article_modified_time":"2023-08-12T09:06:07+00:00","og_image":[{"width":1160,"height":650,"url":"https:\/\/www.ladiagonale.net\/wp-content\/uploads\/2023\/02\/gastien.png","type":"image\/png"}],"author":"Damien Dellerba","twitter_card":"summary_large_image","twitter_image":"https:\/\/www.ladiagonale.net\/wp-content\/uploads\/2023\/02\/gastien.png","twitter_misc":{"\u00c9crit par":"Damien Dellerba","Dur\u00e9e de lecture estim\u00e9e":"2 minutes"},"schema":{"@context":"https:\/\/schema.org","@graph":[{"@type":"WebPage","@id":"https:\/\/www.ladiagonale.net\/index.php\/2023\/08\/12\/gastien-monaco-ne-sera-pas-loin-du-titre\/","url":"https:\/\/www.ladiagonale.net\/index.php\/2023\/08\/12\/gastien-monaco-ne-sera-pas-loin-du-titre\/","name":"Gastien : \u00ab\u00a0Monaco ne sera pas loin du titre\u00a0\u00bb - La Diagonale","isPartOf":{"@id":"https:\/\/www.ladiagonale.net\/#website"},"datePublished":"2023-08-12T09:06:05+00:00","dateModified":"2023-08-12T09:06:07+00:00","author":{"@id":"https:\/\/www.ladiagonale.net\/#\/schema\/person\/79ff1e7b0853ed01b2aa26e64ad300bf"},"breadcrumb":{"@id":"https:\/\/www.ladiagonale.net\/index.php\/2023\/08\/12\/gastien-monaco-ne-sera-pas-loin-du-titre\/#breadcrumb"},"inLanguage":"fr-FR","potentialAction":[{"@type":"ReadAction","target":["https:\/\/www.ladiagonale.net\/index.php\/2023\/08\/12\/gastien-monaco-ne-sera-pas-loin-du-titre\/"]}]},{"@type":"BreadcrumbList","@id":"https:\/\/www.ladiagonale.net\/index.php\/2023\/08\/12\/gastien-monaco-ne-sera-pas-loin-du-titre\/#breadcrumb","itemListElement":[{"@type":"ListItem","position":1,"name":"Accueil","item":"https:\/\/www.ladiagonale.net\/"},{"@type":"ListItem","position":2,"name":"Gastien : \u00ab\u00a0Monaco ne sera pas loin du titre\u00a0\u00bb"}]},{"@type":"WebSite","@id":"https:\/\/www.ladiagonale.net\/#website","url":"https:\/\/www.ladiagonale.net\/","name":"La Diagonale","description":"Le site des supporters de l&#039;AS Monaco FC","potentialAction":[{"@type":"SearchAction","target":{"@type":"EntryPoint","urlTemplate":"https:\/\/www.ladiagonale.net\/?s={search_term_string}"},"query-input":"required name=search_term_string"}],"inLanguage":"fr-FR"},{"@type":"Person","@id":"https:\/\/www.ladiagonale.net\/#\/schema\/person\/79ff1e7b0853ed01b2aa26e64ad300bf","name":"Damien Dellerba","image":{"@type":"ImageObject","inLanguage":"fr-FR","@id":"https:\/\/www.ladiagonale.net\/#\/schema\/person\/image\/","url":"https:\/\/secure.gravatar.com\/avatar\/c7850e06d3ff63cdbaee88b7fc16e2f0?s=96&d=mm&r=g","contentUrl":"https:\/\/secure.gravatar.com\/avatar\/c7850e06d3ff63cdbaee88b7fc16e2f0?s=96&d=mm&r=g","caption":"Damien Dellerba"},"url":"https:\/\/www.ladiagonale.net\/index.php\/author\/damien\/"}]}},"_links":{"self":[{"href":"https:\/\/www.ladiagonale.net\/index.php\/wp-json\/wp\/v2\/posts\/14934"}],"collection":[{"href":"https:\/\/www.ladiagonale.net\/index.php\/wp-json\/wp\/v2\/posts"}],"about":[{"href":"https:\/\/www.ladiagonale.net\/index.php\/wp-json\/wp\/v2\/types\/post"}],"author":[{"embeddable":true,"href":"https:\/\/www.ladiagonale.net\/index.php\/wp-json\/wp\/v2\/users\/2"}],"replies":[{"embeddable":true,"href":"https:\/\/www.ladiagonale.net\/index.php\/wp-json\/wp\/v2\/comments?post=14934"}],"version-history":[{"count":3,"href":"https:\/\/www.ladiagonale.net\/index.php\/wp-json\/wp\/v2\/posts\/14934\/revisions"}],"predecessor-version":[{"id":14937,"href":"https:\/\/www.ladiagonale.net\/index.php\/wp-json\/wp\/v2\/posts\/14934\/revisions\/14937"}],"wp:attachment":[{"href":"https:\/\/www.ladiagonale.net\/index.php\/wp-json\/wp\/v2\/media?parent=14934"}],"wp:term":[{"taxonomy":"category","embeddable":true,"href":"https:\/\/www.ladiagonale.net\/index.php\/wp-json\/wp\/v2\/categories?post=14934"},{"taxonomy":"post_tag","embeddable":true,"href":"https:\/\/www.ladiagonale.net\/index.php\/wp-json\/wp\/v2\/tags?post=14934"}],"curies":[{"name":"wp","href":"https:\/\/api.w.org\/{rel}","templated":true}]}}