{"id":14944,"date":"2023-08-12T14:05:28","date_gmt":"2023-08-12T12:05:28","guid":{"rendered":"https:\/\/www.ladiagonale.net\/?p=14944"},"modified":"2023-08-12T14:13:37","modified_gmt":"2023-08-12T12:13:37","slug":"jamais-deux-sans-trois-a-clermont","status":"publish","type":"post","link":"https:\/\/www.ladiagonale.net\/index.php\/2023\/08\/12\/jamais-deux-sans-trois-a-clermont\/","title":{"rendered":"Jamais deux sans trois \u00e0 Clermont ?"},"content":{"rendered":"\n<p>Seulement deux rencontres de Ligue 1 se sont disput\u00e9es au stade Gabriel-Montpied entre Clermont et Monaco, et c&rsquo;\u00e9tait lors des deux derni\u00e8res saisons. \u00c0 chaque fois, Monaco est revenu de son d\u00e9placement en Auvergne avec les trois points. Il y a deux ans, les Rouge et Blanc s\u2019\u00e9taient impos\u00e9s (3-1) et ils ont r\u00e9cidiv\u00e9 la saison derni\u00e8re en n&rsquo;encaissant pas de buts (2-0).<\/p>\n\n\n\n<p>Les hommes de Philippe Clement, qui \u00e9taient alors dans leur meilleure forme au d\u00e9but du mois de f\u00e9vrier, avait livr\u00e9 une prestation solide et convaincante pour signer un septi\u00e8me match sans d\u00e9faite en championnat. Ils avaient acquis leur succ\u00e8s en moins d&rsquo;un quart d&rsquo;heure, gr\u00e2ce \u00e0 des r\u00e9alisations de Guillermo Maripan de Breel Embolo. Les Clermontois avaient \u00e9t\u00e9 r\u00e9duits en impuissance.<\/p>\n\n\n\n<figure class=\"wp-block-embed is-type-video is-provider-youtube wp-block-embed-youtube wp-embed-aspect-16-9 wp-has-aspect-ratio\"><div class=\"wp-block-embed__wrapper\">\n<iframe loading=\"lazy\" title=\"Clermont Foot 0-2 AS Monaco - Ligue 1 - 22e journ\u00e9e\" width=\"1020\" height=\"574\" src=\"https:\/\/www.youtube.com\/embed\/-cT5K6nKVjk?feature=oembed\" frameborder=\"0\" allow=\"accelerometer; autoplay; clipboard-write; encrypted-media; gyroscope; picture-in-picture; web-share\" allowfullscreen><\/iframe>\n<\/div><\/figure>\n\n\n\n<h3>Les deux derni\u00e8res confrontations en Ligue 1 au stade Gabriel-Montpied<\/h3>\n\n\n\n<figure class=\"wp-block-table is-style-stripes\"><table><tbody><tr><td class=\"has-text-align-center\" data-align=\"center\">Saison 2022-2023<\/td><td class=\"has-text-align-center\" data-align=\"center\">J22<\/td><td class=\"has-text-align-right\" data-align=\"right\">Clermont<\/td><td class=\"has-text-align-center\" data-align=\"center\">0-2<\/td><td><strong>Monaco<\/strong><\/td><td class=\"has-text-align-center\" data-align=\"center\">\ud83d\udfe2<\/td><\/tr><tr><td class=\"has-text-align-center\" data-align=\"center\">Saison 2021-2022<\/td><td class=\"has-text-align-center\" data-align=\"center\">J8<\/td><td class=\"has-text-align-right\" data-align=\"right\">Clermont<\/td><td class=\"has-text-align-center\" data-align=\"center\">1-3<\/td><td><strong>Monaco<\/strong><\/td><td class=\"has-text-align-center\" data-align=\"center\">\ud83d\udfe2<\/td><\/tr><\/tbody><\/table><\/figure>\n","protected":false},"excerpt":{"rendered":"<p>Seulement deux rencontres de Ligue 1 se sont disput\u00e9es au stade Gabriel-Montpied entre Clermont et Monaco, et c&rsquo;\u00e9tait lors des deux derni\u00e8res saisons. \u00c0 chaque fois, Monaco est revenu de son d\u00e9placement en Auvergne avec les trois points. Il y a deux ans, les Rouge et Blanc s\u2019\u00e9taient impos\u00e9s (3-1) et ils ont r\u00e9cidiv\u00e9 la [&#8230;]\n","protected":false},"author":2,"featured_media":0,"comment_status":"open","ping_status":"open","sticky":false,"template":"","format":"standard","meta":[],"categories":[6],"tags":[86,383,261,609,94],"yoast_head":"<!-- This site is optimized with the Yoast SEO plugin v19.8 - https:\/\/yoast.com\/wordpress\/plugins\/seo\/ -->\n<title>Jamais deux sans trois \u00e0 Clermont ? - La Diagonale<\/title>\n<meta name=\"robots\" content=\"index, follow, max-snippet:-1, max-image-preview:large, max-video-preview:-1\" \/>\n<link rel=\"canonical\" href=\"https:\/\/www.ladiagonale.net\/index.php\/2023\/08\/12\/jamais-deux-sans-trois-a-clermont\/\" \/>\n<meta property=\"og:locale\" content=\"fr_FR\" \/>\n<meta property=\"og:type\" content=\"article\" \/>\n<meta property=\"og:title\" content=\"Jamais deux sans trois \u00e0 Clermont ? - La Diagonale\" \/>\n<meta property=\"og:description\" content=\"Seulement deux rencontres de Ligue 1 se sont disput\u00e9es au stade Gabriel-Montpied entre Clermont et Monaco, et c&rsquo;\u00e9tait lors des deux derni\u00e8res saisons. \u00c0 chaque fois, Monaco est revenu de son d\u00e9placement en Auvergne avec les trois points. Il y a deux ans, les Rouge et Blanc s\u2019\u00e9taient impos\u00e9s (3-1) et ils ont r\u00e9cidiv\u00e9 la [...]\" \/>\n<meta property=\"og:url\" content=\"https:\/\/www.ladiagonale.net\/index.php\/2023\/08\/12\/jamais-deux-sans-trois-a-clermont\/\" \/>\n<meta property=\"og:site_name\" content=\"La Diagonale\" \/>\n<meta property=\"article:published_time\" content=\"2023-08-12T12:05:28+00:00\" \/>\n<meta property=\"article:modified_time\" content=\"2023-08-12T12:13:37+00:00\" \/>\n<meta property=\"og:image\" content=\"https:\/\/www.ladiagonale.net\/wp-content\/uploads\/2023\/04\/Maripan.png\" \/>\n\t<meta property=\"og:image:width\" content=\"1160\" \/>\n\t<meta property=\"og:image:height\" content=\"650\" \/>\n\t<meta property=\"og:image:type\" content=\"image\/png\" \/>\n<meta name=\"author\" content=\"Damien Dellerba\" \/>\n<meta name=\"twitter:card\" content=\"summary_large_image\" \/>\n<meta name=\"twitter:image\" content=\"https:\/\/www.ladiagonale.net\/wp-content\/uploads\/2023\/04\/Maripan.png\" \/>\n<meta name=\"twitter:label1\" content=\"\u00c9crit par\" \/>\n\t<meta name=\"twitter:data1\" content=\"Damien Dellerba\" \/>\n\t<meta name=\"twitter:label2\" content=\"Dur\u00e9e de lecture estim\u00e9e\" \/>\n\t<meta name=\"twitter:data2\" content=\"1 minute\" \/>\n<script type=\"application\/ld+json\" class=\"yoast-schema-graph\">{\"@context\":\"https:\/\/schema.org\",\"@graph\":[{\"@type\":\"WebPage\",\"@id\":\"https:\/\/www.ladiagonale.net\/index.php\/2023\/08\/12\/jamais-deux-sans-trois-a-clermont\/\",\"url\":\"https:\/\/www.ladiagonale.net\/index.php\/2023\/08\/12\/jamais-deux-sans-trois-a-clermont\/\",\"name\":\"Jamais deux sans trois \u00e0 Clermont ? - La Diagonale\",\"isPartOf\":{\"@id\":\"https:\/\/www.ladiagonale.net\/#website\"},\"datePublished\":\"2023-08-12T12:05:28+00:00\",\"dateModified\":\"2023-08-12T12:13:37+00:00\",\"author\":{\"@id\":\"https:\/\/www.ladiagonale.net\/#\/schema\/person\/79ff1e7b0853ed01b2aa26e64ad300bf\"},\"breadcrumb\":{\"@id\":\"https:\/\/www.ladiagonale.net\/index.php\/2023\/08\/12\/jamais-deux-sans-trois-a-clermont\/#breadcrumb\"},\"inLanguage\":\"fr-FR\",\"potentialAction\":[{\"@type\":\"ReadAction\",\"target\":[\"https:\/\/www.ladiagonale.net\/index.php\/2023\/08\/12\/jamais-deux-sans-trois-a-clermont\/\"]}]},{\"@type\":\"BreadcrumbList\",\"@id\":\"https:\/\/www.ladiagonale.net\/index.php\/2023\/08\/12\/jamais-deux-sans-trois-a-clermont\/#breadcrumb\",\"itemListElement\":[{\"@type\":\"ListItem\",\"position\":1,\"name\":\"Accueil\",\"item\":\"https:\/\/www.ladiagonale.net\/\"},{\"@type\":\"ListItem\",\"position\":2,\"name\":\"Jamais deux sans trois \u00e0 Clermont ?\"}]},{\"@type\":\"WebSite\",\"@id\":\"https:\/\/www.ladiagonale.net\/#website\",\"url\":\"https:\/\/www.ladiagonale.net\/\",\"name\":\"La Diagonale\",\"description\":\"Le site des supporters de l&#039;AS Monaco FC\",\"potentialAction\":[{\"@type\":\"SearchAction\",\"target\":{\"@type\":\"EntryPoint\",\"urlTemplate\":\"https:\/\/www.ladiagonale.net\/?s={search_term_string}\"},\"query-input\":\"required name=search_term_string\"}],\"inLanguage\":\"fr-FR\"},{\"@type\":\"Person\",\"@id\":\"https:\/\/www.ladiagonale.net\/#\/schema\/person\/79ff1e7b0853ed01b2aa26e64ad300bf\",\"name\":\"Damien Dellerba\",\"image\":{\"@type\":\"ImageObject\",\"inLanguage\":\"fr-FR\",\"@id\":\"https:\/\/www.ladiagonale.net\/#\/schema\/person\/image\/\",\"url\":\"https:\/\/secure.gravatar.com\/avatar\/c7850e06d3ff63cdbaee88b7fc16e2f0?s=96&d=mm&r=g\",\"contentUrl\":\"https:\/\/secure.gravatar.com\/avatar\/c7850e06d3ff63cdbaee88b7fc16e2f0?s=96&d=mm&r=g\",\"caption\":\"Damien Dellerba\"},\"url\":\"https:\/\/www.ladiagonale.net\/index.php\/author\/damien\/\"}]}<\/script>\n<!-- \/ Yoast SEO plugin. -->","yoast_head_json":{"title":"Jamais deux sans trois \u00e0 Clermont ? - La Diagonale","robots":{"index":"index","follow":"follow","max-snippet":"max-snippet:-1","max-image-preview":"max-image-preview:large","max-video-preview":"max-video-preview:-1"},"canonical":"https:\/\/www.ladiagonale.net\/index.php\/2023\/08\/12\/jamais-deux-sans-trois-a-clermont\/","og_locale":"fr_FR","og_type":"article","og_title":"Jamais deux sans trois \u00e0 Clermont ? - La Diagonale","og_description":"Seulement deux rencontres de Ligue 1 se sont disput\u00e9es au stade Gabriel-Montpied entre Clermont et Monaco, et c&rsquo;\u00e9tait lors des deux derni\u00e8res saisons. \u00c0 chaque fois, Monaco est revenu de son d\u00e9placement en Auvergne avec les trois points. Il y a deux ans, les Rouge et Blanc s\u2019\u00e9taient impos\u00e9s (3-1) et ils ont r\u00e9cidiv\u00e9 la [...]","og_url":"https:\/\/www.ladiagonale.net\/index.php\/2023\/08\/12\/jamais-deux-sans-trois-a-clermont\/","og_site_name":"La Diagonale","article_published_time":"2023-08-12T12:05:28+00:00","article_modified_time":"2023-08-12T12:13:37+00:00","og_image":[{"width":1160,"height":650,"url":"https:\/\/www.ladiagonale.net\/wp-content\/uploads\/2023\/04\/Maripan.png","type":"image\/png"}],"author":"Damien Dellerba","twitter_card":"summary_large_image","twitter_image":"https:\/\/www.ladiagonale.net\/wp-content\/uploads\/2023\/04\/Maripan.png","twitter_misc":{"\u00c9crit par":"Damien Dellerba","Dur\u00e9e de lecture estim\u00e9e":"1 minute"},"schema":{"@context":"https:\/\/schema.org","@graph":[{"@type":"WebPage","@id":"https:\/\/www.ladiagonale.net\/index.php\/2023\/08\/12\/jamais-deux-sans-trois-a-clermont\/","url":"https:\/\/www.ladiagonale.net\/index.php\/2023\/08\/12\/jamais-deux-sans-trois-a-clermont\/","name":"Jamais deux sans trois \u00e0 Clermont ? - La Diagonale","isPartOf":{"@id":"https:\/\/www.ladiagonale.net\/#website"},"datePublished":"2023-08-12T12:05:28+00:00","dateModified":"2023-08-12T12:13:37+00:00","author":{"@id":"https:\/\/www.ladiagonale.net\/#\/schema\/person\/79ff1e7b0853ed01b2aa26e64ad300bf"},"breadcrumb":{"@id":"https:\/\/www.ladiagonale.net\/index.php\/2023\/08\/12\/jamais-deux-sans-trois-a-clermont\/#breadcrumb"},"inLanguage":"fr-FR","potentialAction":[{"@type":"ReadAction","target":["https:\/\/www.ladiagonale.net\/index.php\/2023\/08\/12\/jamais-deux-sans-trois-a-clermont\/"]}]},{"@type":"BreadcrumbList","@id":"https:\/\/www.ladiagonale.net\/index.php\/2023\/08\/12\/jamais-deux-sans-trois-a-clermont\/#breadcrumb","itemListElement":[{"@type":"ListItem","position":1,"name":"Accueil","item":"https:\/\/www.ladiagonale.net\/"},{"@type":"ListItem","position":2,"name":"Jamais deux sans trois \u00e0 Clermont ?"}]},{"@type":"WebSite","@id":"https:\/\/www.ladiagonale.net\/#website","url":"https:\/\/www.ladiagonale.net\/","name":"La Diagonale","description":"Le site des supporters de l&#039;AS Monaco FC","potentialAction":[{"@type":"SearchAction","target":{"@type":"EntryPoint","urlTemplate":"https:\/\/www.ladiagonale.net\/?s={search_term_string}"},"query-input":"required name=search_term_string"}],"inLanguage":"fr-FR"},{"@type":"Person","@id":"https:\/\/www.ladiagonale.net\/#\/schema\/person\/79ff1e7b0853ed01b2aa26e64ad300bf","name":"Damien Dellerba","image":{"@type":"ImageObject","inLanguage":"fr-FR","@id":"https:\/\/www.ladiagonale.net\/#\/schema\/person\/image\/","url":"https:\/\/secure.gravatar.com\/avatar\/c7850e06d3ff63cdbaee88b7fc16e2f0?s=96&d=mm&r=g","contentUrl":"https:\/\/secure.gravatar.com\/avatar\/c7850e06d3ff63cdbaee88b7fc16e2f0?s=96&d=mm&r=g","caption":"Damien Dellerba"},"url":"https:\/\/www.ladiagonale.net\/index.php\/author\/damien\/"}]}},"_links":{"self":[{"href":"https:\/\/www.ladiagonale.net\/index.php\/wp-json\/wp\/v2\/posts\/14944"}],"collection":[{"href":"https:\/\/www.ladiagonale.net\/index.php\/wp-json\/wp\/v2\/posts"}],"about":[{"href":"https:\/\/www.ladiagonale.net\/index.php\/wp-json\/wp\/v2\/types\/post"}],"author":[{"embeddable":true,"href":"https:\/\/www.ladiagonale.net\/index.php\/wp-json\/wp\/v2\/users\/2"}],"replies":[{"embeddable":true,"href":"https:\/\/www.ladiagonale.net\/index.php\/wp-json\/wp\/v2\/comments?post=14944"}],"version-history":[{"count":1,"href":"https:\/\/www.ladiagonale.net\/index.php\/wp-json\/wp\/v2\/posts\/14944\/revisions"}],"predecessor-version":[{"id":14945,"href":"https:\/\/www.ladiagonale.net\/index.php\/wp-json\/wp\/v2\/posts\/14944\/revisions\/14945"}],"wp:attachment":[{"href":"https:\/\/www.ladiagonale.net\/index.php\/wp-json\/wp\/v2\/media?parent=14944"}],"wp:term":[{"taxonomy":"category","embeddable":true,"href":"https:\/\/www.ladiagonale.net\/index.php\/wp-json\/wp\/v2\/categories?post=14944"},{"taxonomy":"post_tag","embeddable":true,"href":"https:\/\/www.ladiagonale.net\/index.php\/wp-json\/wp\/v2\/tags?post=14944"}],"curies":[{"name":"wp","href":"https:\/\/api.w.org\/{rel}","templated":true}]}}