{"id":14990,"date":"2023-08-13T11:44:16","date_gmt":"2023-08-13T09:44:16","guid":{"rendered":"https:\/\/www.ladiagonale.net\/?p=14990"},"modified":"2023-08-13T11:44:20","modified_gmt":"2023-08-13T09:44:20","slug":"les-compositions-selon-la-presse-minamino-ou-akliouche-pour-debuter","status":"publish","type":"post","link":"https:\/\/www.ladiagonale.net\/index.php\/2023\/08\/13\/les-compositions-selon-la-presse-minamino-ou-akliouche-pour-debuter\/","title":{"rendered":"Les compositions selon la presse : Minamino ou Akliouche pour d\u00e9buter ?"},"content":{"rendered":"\n\n\n<p>La composition mon\u00e9gasque ne devrait pas constituer une trop grande surprise cet apr\u00e8s-midi \u00e0 Clermont (15h). Adi H\u00fctter devrait reconduire le 3-4-2-1 vu lors des matchs amicaux et une d\u00e9fense \u00e0 trois compos\u00e9e de Matsima, Maripan et Magassa. <\/p>\n\n\n\n<p>Devant la presse, l&rsquo;entra\u00eeneur autrichien avait indiqu\u00e9 que Ben Yedder serait titulaire et capitaine. M\u00eame si la d\u00e9claration pr\u00e9c\u00e9dait l&rsquo;annonce de la mise en examen de l&rsquo;attaquant, la pr\u00e9sence dans le groupe de Ben Yedder peut laisser penser qu&rsquo;H\u00fctter ne compte pas modifier ses plans.<\/p>\n\n\n\n<p>Derri\u00e8re l&rsquo;attaquant de pointe, deux postes sont \u00e0 pourvoir. L&rsquo;un d&rsquo;eux devrait revenir \u00e0 Aleksandr Golovin, le second sera probablement disput\u00e9 entre Takumi Minamino et Maghnes Akliouche, en raison de l&rsquo;absence de Ben Seghir.<\/p>\n\n\n\n<p><strong>Le onze mon\u00e9gasque selon <em>Nice-Matin<\/em> (3-4-2-1) :<\/strong> K\u00f6hn &#8211; Matsima, Maripan, Magassa &#8211; Vanderson, Fofana, Camara, C. Henrique &#8211; Minamino, Golovin &#8211; Ben Yedder (cap.).<\/p>\n\n\n\n<p><strong>Le onze mon\u00e9gasque selon <em>L&rsquo;\u00c9quipe<\/em> (3-4-2-1) :<\/strong> K\u00f6hn &#8211; Matsima, Maripan, Magassa &#8211; Vanderson, Fofana, Camara, C. Henrique &#8211; Akliouche, Golovin &#8211; Ben Yedder (cap.).<\/p>\n\n\n\n<p>Pascal Gastien travaille \u00e9galement avec un 3-4-2-1 depuis la saison derni\u00e8re. En attaque, Andric serait finalement pr\u00e9f\u00e9r\u00e9 \u00e0 Kyei.<\/p>\n\n\n\n<p><strong>Le onze clermontois selon <em>Nice-Matin<\/em> et <em>L&rsquo;\u00c9quipe <\/em>(3-4-2-1) :<\/strong> Diaw &#8211; Seidu, Wieteska, Pelmard &#8211; Zeffane, Gastien, Gonalons (cap.), Borges &#8211; Cham, Allevinah &#8211; Andric<\/p>\n","protected":false},"excerpt":{"rendered":"<p>La composition mon\u00e9gasque ne devrait pas constituer une trop grande surprise cet apr\u00e8s-midi \u00e0 Clermont (15h). Adi H\u00fctter devrait reconduire le 3-4-2-1 vu lors des matchs amicaux et une d\u00e9fense \u00e0 trois compos\u00e9e de Matsima, Maripan et Magassa. Devant la presse, l&rsquo;entra\u00eeneur autrichien avait indiqu\u00e9 que Ben Yedder serait titulaire et capitaine. M\u00eame si la [&#8230;]\n","protected":false},"author":2,"featured_media":0,"comment_status":"open","ping_status":"open","sticky":false,"template":"","format":"standard","meta":[],"categories":[6],"tags":[86,383,94],"yoast_head":"<!-- This site is optimized with the Yoast SEO plugin v19.8 - https:\/\/yoast.com\/wordpress\/plugins\/seo\/ -->\n<title>Les compositions selon la presse : Minamino ou Akliouche pour d\u00e9buter ? - La Diagonale<\/title>\n<meta name=\"robots\" content=\"index, follow, max-snippet:-1, max-image-preview:large, max-video-preview:-1\" \/>\n<link rel=\"canonical\" href=\"https:\/\/www.ladiagonale.net\/index.php\/2023\/08\/13\/les-compositions-selon-la-presse-minamino-ou-akliouche-pour-debuter\/\" \/>\n<meta property=\"og:locale\" content=\"fr_FR\" \/>\n<meta property=\"og:type\" content=\"article\" \/>\n<meta property=\"og:title\" content=\"Les compositions selon la presse : Minamino ou Akliouche pour d\u00e9buter ? - La Diagonale\" \/>\n<meta property=\"og:description\" content=\"La composition mon\u00e9gasque ne devrait pas constituer une trop grande surprise cet apr\u00e8s-midi \u00e0 Clermont (15h). Adi H\u00fctter devrait reconduire le 3-4-2-1 vu lors des matchs amicaux et une d\u00e9fense \u00e0 trois compos\u00e9e de Matsima, Maripan et Magassa. Devant la presse, l&rsquo;entra\u00eeneur autrichien avait indiqu\u00e9 que Ben Yedder serait titulaire et capitaine. M\u00eame si la [...]\" \/>\n<meta property=\"og:url\" content=\"https:\/\/www.ladiagonale.net\/index.php\/2023\/08\/13\/les-compositions-selon-la-presse-minamino-ou-akliouche-pour-debuter\/\" \/>\n<meta property=\"og:site_name\" content=\"La Diagonale\" \/>\n<meta property=\"article:published_time\" content=\"2023-08-13T09:44:16+00:00\" \/>\n<meta property=\"article:modified_time\" content=\"2023-08-13T09:44:20+00:00\" \/>\n<meta property=\"og:image\" content=\"https:\/\/www.ladiagonale.net\/wp-content\/uploads\/2023\/08\/minamino2.png\" \/>\n\t<meta property=\"og:image:width\" content=\"1160\" \/>\n\t<meta property=\"og:image:height\" content=\"650\" \/>\n\t<meta property=\"og:image:type\" content=\"image\/png\" \/>\n<meta name=\"author\" content=\"Damien Dellerba\" \/>\n<meta name=\"twitter:card\" content=\"summary_large_image\" \/>\n<meta name=\"twitter:image\" content=\"https:\/\/www.ladiagonale.net\/wp-content\/uploads\/2023\/08\/minamino2.png\" \/>\n<meta name=\"twitter:label1\" content=\"\u00c9crit par\" \/>\n\t<meta name=\"twitter:data1\" content=\"Damien Dellerba\" \/>\n\t<meta name=\"twitter:label2\" content=\"Dur\u00e9e de lecture estim\u00e9e\" \/>\n\t<meta name=\"twitter:data2\" content=\"2 minutes\" \/>\n<script type=\"application\/ld+json\" class=\"yoast-schema-graph\">{\"@context\":\"https:\/\/schema.org\",\"@graph\":[{\"@type\":\"WebPage\",\"@id\":\"https:\/\/www.ladiagonale.net\/index.php\/2023\/08\/13\/les-compositions-selon-la-presse-minamino-ou-akliouche-pour-debuter\/\",\"url\":\"https:\/\/www.ladiagonale.net\/index.php\/2023\/08\/13\/les-compositions-selon-la-presse-minamino-ou-akliouche-pour-debuter\/\",\"name\":\"Les compositions selon la presse : Minamino ou Akliouche pour d\u00e9buter ? - La Diagonale\",\"isPartOf\":{\"@id\":\"https:\/\/www.ladiagonale.net\/#website\"},\"datePublished\":\"2023-08-13T09:44:16+00:00\",\"dateModified\":\"2023-08-13T09:44:20+00:00\",\"author\":{\"@id\":\"https:\/\/www.ladiagonale.net\/#\/schema\/person\/79ff1e7b0853ed01b2aa26e64ad300bf\"},\"breadcrumb\":{\"@id\":\"https:\/\/www.ladiagonale.net\/index.php\/2023\/08\/13\/les-compositions-selon-la-presse-minamino-ou-akliouche-pour-debuter\/#breadcrumb\"},\"inLanguage\":\"fr-FR\",\"potentialAction\":[{\"@type\":\"ReadAction\",\"target\":[\"https:\/\/www.ladiagonale.net\/index.php\/2023\/08\/13\/les-compositions-selon-la-presse-minamino-ou-akliouche-pour-debuter\/\"]}]},{\"@type\":\"BreadcrumbList\",\"@id\":\"https:\/\/www.ladiagonale.net\/index.php\/2023\/08\/13\/les-compositions-selon-la-presse-minamino-ou-akliouche-pour-debuter\/#breadcrumb\",\"itemListElement\":[{\"@type\":\"ListItem\",\"position\":1,\"name\":\"Accueil\",\"item\":\"https:\/\/www.ladiagonale.net\/\"},{\"@type\":\"ListItem\",\"position\":2,\"name\":\"Les compositions selon la presse : Minamino ou Akliouche pour d\u00e9buter ?\"}]},{\"@type\":\"WebSite\",\"@id\":\"https:\/\/www.ladiagonale.net\/#website\",\"url\":\"https:\/\/www.ladiagonale.net\/\",\"name\":\"La Diagonale\",\"description\":\"Le site des supporters de l&#039;AS Monaco FC\",\"potentialAction\":[{\"@type\":\"SearchAction\",\"target\":{\"@type\":\"EntryPoint\",\"urlTemplate\":\"https:\/\/www.ladiagonale.net\/?s={search_term_string}\"},\"query-input\":\"required name=search_term_string\"}],\"inLanguage\":\"fr-FR\"},{\"@type\":\"Person\",\"@id\":\"https:\/\/www.ladiagonale.net\/#\/schema\/person\/79ff1e7b0853ed01b2aa26e64ad300bf\",\"name\":\"Damien Dellerba\",\"image\":{\"@type\":\"ImageObject\",\"inLanguage\":\"fr-FR\",\"@id\":\"https:\/\/www.ladiagonale.net\/#\/schema\/person\/image\/\",\"url\":\"https:\/\/secure.gravatar.com\/avatar\/c7850e06d3ff63cdbaee88b7fc16e2f0?s=96&d=mm&r=g\",\"contentUrl\":\"https:\/\/secure.gravatar.com\/avatar\/c7850e06d3ff63cdbaee88b7fc16e2f0?s=96&d=mm&r=g\",\"caption\":\"Damien Dellerba\"},\"url\":\"https:\/\/www.ladiagonale.net\/index.php\/author\/damien\/\"}]}<\/script>\n<!-- \/ Yoast SEO plugin. -->","yoast_head_json":{"title":"Les compositions selon la presse : Minamino ou Akliouche pour d\u00e9buter ? - La Diagonale","robots":{"index":"index","follow":"follow","max-snippet":"max-snippet:-1","max-image-preview":"max-image-preview:large","max-video-preview":"max-video-preview:-1"},"canonical":"https:\/\/www.ladiagonale.net\/index.php\/2023\/08\/13\/les-compositions-selon-la-presse-minamino-ou-akliouche-pour-debuter\/","og_locale":"fr_FR","og_type":"article","og_title":"Les compositions selon la presse : Minamino ou Akliouche pour d\u00e9buter ? - La Diagonale","og_description":"La composition mon\u00e9gasque ne devrait pas constituer une trop grande surprise cet apr\u00e8s-midi \u00e0 Clermont (15h). Adi H\u00fctter devrait reconduire le 3-4-2-1 vu lors des matchs amicaux et une d\u00e9fense \u00e0 trois compos\u00e9e de Matsima, Maripan et Magassa. Devant la presse, l&rsquo;entra\u00eeneur autrichien avait indiqu\u00e9 que Ben Yedder serait titulaire et capitaine. M\u00eame si la [...]","og_url":"https:\/\/www.ladiagonale.net\/index.php\/2023\/08\/13\/les-compositions-selon-la-presse-minamino-ou-akliouche-pour-debuter\/","og_site_name":"La Diagonale","article_published_time":"2023-08-13T09:44:16+00:00","article_modified_time":"2023-08-13T09:44:20+00:00","og_image":[{"width":1160,"height":650,"url":"https:\/\/www.ladiagonale.net\/wp-content\/uploads\/2023\/08\/minamino2.png","type":"image\/png"}],"author":"Damien Dellerba","twitter_card":"summary_large_image","twitter_image":"https:\/\/www.ladiagonale.net\/wp-content\/uploads\/2023\/08\/minamino2.png","twitter_misc":{"\u00c9crit par":"Damien Dellerba","Dur\u00e9e de lecture estim\u00e9e":"2 minutes"},"schema":{"@context":"https:\/\/schema.org","@graph":[{"@type":"WebPage","@id":"https:\/\/www.ladiagonale.net\/index.php\/2023\/08\/13\/les-compositions-selon-la-presse-minamino-ou-akliouche-pour-debuter\/","url":"https:\/\/www.ladiagonale.net\/index.php\/2023\/08\/13\/les-compositions-selon-la-presse-minamino-ou-akliouche-pour-debuter\/","name":"Les compositions selon la presse : Minamino ou Akliouche pour d\u00e9buter ? - La Diagonale","isPartOf":{"@id":"https:\/\/www.ladiagonale.net\/#website"},"datePublished":"2023-08-13T09:44:16+00:00","dateModified":"2023-08-13T09:44:20+00:00","author":{"@id":"https:\/\/www.ladiagonale.net\/#\/schema\/person\/79ff1e7b0853ed01b2aa26e64ad300bf"},"breadcrumb":{"@id":"https:\/\/www.ladiagonale.net\/index.php\/2023\/08\/13\/les-compositions-selon-la-presse-minamino-ou-akliouche-pour-debuter\/#breadcrumb"},"inLanguage":"fr-FR","potentialAction":[{"@type":"ReadAction","target":["https:\/\/www.ladiagonale.net\/index.php\/2023\/08\/13\/les-compositions-selon-la-presse-minamino-ou-akliouche-pour-debuter\/"]}]},{"@type":"BreadcrumbList","@id":"https:\/\/www.ladiagonale.net\/index.php\/2023\/08\/13\/les-compositions-selon-la-presse-minamino-ou-akliouche-pour-debuter\/#breadcrumb","itemListElement":[{"@type":"ListItem","position":1,"name":"Accueil","item":"https:\/\/www.ladiagonale.net\/"},{"@type":"ListItem","position":2,"name":"Les compositions selon la presse : Minamino ou Akliouche pour d\u00e9buter ?"}]},{"@type":"WebSite","@id":"https:\/\/www.ladiagonale.net\/#website","url":"https:\/\/www.ladiagonale.net\/","name":"La Diagonale","description":"Le site des supporters de l&#039;AS Monaco FC","potentialAction":[{"@type":"SearchAction","target":{"@type":"EntryPoint","urlTemplate":"https:\/\/www.ladiagonale.net\/?s={search_term_string}"},"query-input":"required name=search_term_string"}],"inLanguage":"fr-FR"},{"@type":"Person","@id":"https:\/\/www.ladiagonale.net\/#\/schema\/person\/79ff1e7b0853ed01b2aa26e64ad300bf","name":"Damien Dellerba","image":{"@type":"ImageObject","inLanguage":"fr-FR","@id":"https:\/\/www.ladiagonale.net\/#\/schema\/person\/image\/","url":"https:\/\/secure.gravatar.com\/avatar\/c7850e06d3ff63cdbaee88b7fc16e2f0?s=96&d=mm&r=g","contentUrl":"https:\/\/secure.gravatar.com\/avatar\/c7850e06d3ff63cdbaee88b7fc16e2f0?s=96&d=mm&r=g","caption":"Damien Dellerba"},"url":"https:\/\/www.ladiagonale.net\/index.php\/author\/damien\/"}]}},"_links":{"self":[{"href":"https:\/\/www.ladiagonale.net\/index.php\/wp-json\/wp\/v2\/posts\/14990"}],"collection":[{"href":"https:\/\/www.ladiagonale.net\/index.php\/wp-json\/wp\/v2\/posts"}],"about":[{"href":"https:\/\/www.ladiagonale.net\/index.php\/wp-json\/wp\/v2\/types\/post"}],"author":[{"embeddable":true,"href":"https:\/\/www.ladiagonale.net\/index.php\/wp-json\/wp\/v2\/users\/2"}],"replies":[{"embeddable":true,"href":"https:\/\/www.ladiagonale.net\/index.php\/wp-json\/wp\/v2\/comments?post=14990"}],"version-history":[{"count":1,"href":"https:\/\/www.ladiagonale.net\/index.php\/wp-json\/wp\/v2\/posts\/14990\/revisions"}],"predecessor-version":[{"id":14991,"href":"https:\/\/www.ladiagonale.net\/index.php\/wp-json\/wp\/v2\/posts\/14990\/revisions\/14991"}],"wp:attachment":[{"href":"https:\/\/www.ladiagonale.net\/index.php\/wp-json\/wp\/v2\/media?parent=14990"}],"wp:term":[{"taxonomy":"category","embeddable":true,"href":"https:\/\/www.ladiagonale.net\/index.php\/wp-json\/wp\/v2\/categories?post=14990"},{"taxonomy":"post_tag","embeddable":true,"href":"https:\/\/www.ladiagonale.net\/index.php\/wp-json\/wp\/v2\/tags?post=14990"}],"curies":[{"name":"wp","href":"https:\/\/api.w.org\/{rel}","templated":true}]}}