{"id":14994,"date":"2023-08-13T12:21:03","date_gmt":"2023-08-13T10:21:03","guid":{"rendered":"https:\/\/www.ladiagonale.net\/?p=14994"},"modified":"2023-08-13T12:42:19","modified_gmt":"2023-08-13T10:42:19","slug":"embolo-une-blessure-tres-dure-a-accepter","status":"publish","type":"post","link":"https:\/\/www.ladiagonale.net\/index.php\/2023\/08\/13\/embolo-une-blessure-tres-dure-a-accepter\/","title":{"rendered":"Embolo : \u00abUne blessure tr\u00e8s dure \u00e0 accepter\u00bb"},"content":{"rendered":"\n\n\n<p>En d\u00e9but de semaine, Breel Embolo a \u00e9t\u00e9 victime d&rsquo;une rupture du ligament crois\u00e9 ant\u00e9rieur du genou droit. Un v\u00e9ritable coup dur pour l&rsquo;attaquant qui venait \u00e0 peine de revenir d&rsquo;une entorse au m\u00eame genou et qui n&rsquo;avait pas pu prendre part au moindre match amical. L&rsquo;international suisse a \u00e9t\u00e9 op\u00e9r\u00e9 ce vendredi \u00e0 l&rsquo;h\u00f4pital priv\u00e9 Jean-Mermoz de Lyon et c&rsquo;est d\u00e9sormais une longue convalescence, estim\u00e9e \u00e0 huit mois, qui l&rsquo;attend.<\/p>\n\n\n\n<p>Le buteur de l&rsquo;AS Monaco s&rsquo;est exprim\u00e9 sur son compte <em>Instagram<\/em> \u00e0 la suite de son op\u00e9ration : \u00ab <em>Merci \u00e0 tous pour vos messages de soutien. Merci \u00e9galement \u00e0 mes co\u00e9quipiers ainsi qu&rsquo;au club de Monaco et au staff qui ont tout mis en place pour moi ces derniers jours. Cette blessure est tr\u00e8s dure \u00e0 accepter apr\u00e8s ces derniers mois, mais c&rsquo;est une \u00e9preuve de plus \u00e0 surmonter et \u00e7a fait partie de la vie d&rsquo;un footballeur.<\/em> \u00bb<\/p>\n\n\n\n<blockquote class=\"instagram-media\" data-instgrm-captioned=\"\" data-instgrm-permalink=\"https:\/\/www.instagram.com\/p\/Cv2uz1tosTA\/?utm_source=ig_embed&amp;utm_campaign=loading\" data-instgrm-version=\"14\" style=\" background:#FFF; border:0; border-radius:3px; box-shadow:0 0 1px 0 rgba(0,0,0,0.5),0 1px 10px 0 rgba(0,0,0,0.15); margin: 1px; max-width:540px; min-width:326px; padding:0; width:99.375%; width:-webkit-calc(100% - 2px); width:calc(100% - 2px);\"><div style=\"padding:16px;\"> <a href=\"https:\/\/www.instagram.com\/p\/Cv2uz1tosTA\/?utm_source=ig_embed&amp;utm_campaign=loading\" style=\" background:#FFFFFF; line-height:0; padding:0 0; text-align:center; text-decoration:none; width:100%;\" target=\"_blank\" rel=\"noopener\"> <div style=\" display: flex; flex-direction: row; align-items: center;\"> <div style=\"background-color: #F4F4F4; border-radius: 50%; flex-grow: 0; height: 40px; margin-right: 14px; width: 40px;\"><\/div> <div style=\"display: flex; flex-direction: column; flex-grow: 1; justify-content: center;\"> <div style=\" background-color: #F4F4F4; border-radius: 4px; flex-grow: 0; height: 14px; margin-bottom: 6px; width: 100px;\"><\/div> <div style=\" background-color: #F4F4F4; border-radius: 4px; flex-grow: 0; height: 14px; width: 60px;\"><\/div><\/div><\/div><div style=\"padding: 19% 0;\"><\/div> <div style=\"display:block; height:50px; margin:0 auto 12px; width:50px;\"><svg width=\"50px\" height=\"50px\" viewBox=\"0 0 60 60\" version=\"1.1\" xmlns=\"https:\/\/www.w3.org\/2000\/svg\" xmlns:xlink=\"https:\/\/www.w3.org\/1999\/xlink\"><g stroke=\"none\" stroke-width=\"1\" fill=\"none\" fill-rule=\"evenodd\"><g transform=\"translate(-511.000000, -20.000000)\" fill=\"#000000\"><g><path d=\"M556.869,30.41 C554.814,30.41 553.148,32.076 553.148,34.131 C553.148,36.186 554.814,37.852 556.869,37.852 C558.924,37.852 560.59,36.186 560.59,34.131 C560.59,32.076 558.924,30.41 556.869,30.41 M541,60.657 C535.114,60.657 530.342,55.887 530.342,50 C530.342,44.114 535.114,39.342 541,39.342 C546.887,39.342 551.658,44.114 551.658,50 C551.658,55.887 546.887,60.657 541,60.657 M541,33.886 C532.1,33.886 524.886,41.1 524.886,50 C524.886,58.899 532.1,66.113 541,66.113 C549.9,66.113 557.115,58.899 557.115,50 C557.115,41.1 549.9,33.886 541,33.886 M565.378,62.101 C565.244,65.022 564.756,66.606 564.346,67.663 C563.803,69.06 563.154,70.057 562.106,71.106 C561.058,72.155 560.06,72.803 558.662,73.347 C557.607,73.757 556.021,74.244 553.102,74.378 C549.944,74.521 548.997,74.552 541,74.552 C533.003,74.552 532.056,74.521 528.898,74.378 C525.979,74.244 524.393,73.757 523.338,73.347 C521.94,72.803 520.942,72.155 519.894,71.106 C518.846,70.057 518.197,69.06 517.654,67.663 C517.244,66.606 516.755,65.022 516.623,62.101 C516.479,58.943 516.448,57.996 516.448,50 C516.448,42.003 516.479,41.056 516.623,37.899 C516.755,34.978 517.244,33.391 517.654,32.338 C518.197,30.938 518.846,29.942 519.894,28.894 C520.942,27.846 521.94,27.196 523.338,26.654 C524.393,26.244 525.979,25.756 528.898,25.623 C532.057,25.479 533.004,25.448 541,25.448 C548.997,25.448 549.943,25.479 553.102,25.623 C556.021,25.756 557.607,26.244 558.662,26.654 C560.06,27.196 561.058,27.846 562.106,28.894 C563.154,29.942 563.803,30.938 564.346,32.338 C564.756,33.391 565.244,34.978 565.378,37.899 C565.522,41.056 565.552,42.003 565.552,50 C565.552,57.996 565.522,58.943 565.378,62.101 M570.82,37.631 C570.674,34.438 570.167,32.258 569.425,30.349 C568.659,28.377 567.633,26.702 565.965,25.035 C564.297,23.368 562.623,22.342 560.652,21.575 C558.743,20.834 556.562,20.326 553.369,20.18 C550.169,20.033 549.148,20 541,20 C532.853,20 531.831,20.033 528.631,20.18 C525.438,20.326 523.257,20.834 521.349,21.575 C519.376,22.342 517.703,23.368 516.035,25.035 C514.368,26.702 513.342,28.377 512.574,30.349 C511.834,32.258 511.326,34.438 511.181,37.631 C511.035,40.831 511,41.851 511,50 C511,58.147 511.035,59.17 511.181,62.369 C511.326,65.562 511.834,67.743 512.574,69.651 C513.342,71.625 514.368,73.296 516.035,74.965 C517.703,76.634 519.376,77.658 521.349,78.425 C523.257,79.167 525.438,79.673 528.631,79.82 C531.831,79.965 532.853,80.001 541,80.001 C549.148,80.001 550.169,79.965 553.369,79.82 C556.562,79.673 558.743,79.167 560.652,78.425 C562.623,77.658 564.297,76.634 565.965,74.965 C567.633,73.296 568.659,71.625 569.425,69.651 C570.167,67.743 570.674,65.562 570.82,62.369 C570.966,59.17 571,58.147 571,50 C571,41.851 570.966,40.831 570.82,37.631\"><\/path><\/g><\/g><\/g><\/svg><\/div><div style=\"padding-top: 8px;\"> <div style=\" color:#3897f0; font-family:Arial,sans-serif; font-size:14px; font-style:normal; font-weight:550; line-height:18px;\">Voir cette publication sur Instagram<\/div><\/div><div style=\"padding: 12.5% 0;\"><\/div> <div style=\"display: flex; flex-direction: row; margin-bottom: 14px; align-items: center;\"><div> <div style=\"background-color: #F4F4F4; border-radius: 50%; height: 12.5px; width: 12.5px; transform: translateX(0px) translateY(7px);\"><\/div> <div style=\"background-color: #F4F4F4; height: 12.5px; transform: rotate(-45deg) translateX(3px) translateY(1px); width: 12.5px; flex-grow: 0; margin-right: 14px; margin-left: 2px;\"><\/div> <div style=\"background-color: #F4F4F4; border-radius: 50%; height: 12.5px; width: 12.5px; transform: translateX(9px) translateY(-18px);\"><\/div><\/div><div style=\"margin-left: 8px;\"> <div style=\" background-color: #F4F4F4; border-radius: 50%; flex-grow: 0; height: 20px; width: 20px;\"><\/div> <div style=\" width: 0; height: 0; border-top: 2px solid transparent; border-left: 6px solid #f4f4f4; border-bottom: 2px solid transparent; transform: translateX(16px) translateY(-4px) rotate(30deg)\"><\/div><\/div><div style=\"margin-left: auto;\"> <div style=\" width: 0px; border-top: 8px solid #F4F4F4; border-right: 8px solid transparent; transform: translateY(16px);\"><\/div> <div style=\" background-color: #F4F4F4; flex-grow: 0; height: 12px; width: 16px; transform: translateY(-4px);\"><\/div> <div style=\" width: 0; height: 0; border-top: 8px solid #F4F4F4; border-left: 8px solid transparent; transform: translateY(-4px) translateX(8px);\"><\/div><\/div><\/div> <div style=\"display: flex; flex-direction: column; flex-grow: 1; justify-content: center; margin-bottom: 24px;\"> <div style=\" background-color: #F4F4F4; border-radius: 4px; flex-grow: 0; height: 14px; margin-bottom: 6px; width: 224px;\"><\/div> <div style=\" background-color: #F4F4F4; border-radius: 4px; flex-grow: 0; height: 14px; width: 144px;\"><\/div><\/div><\/a><p style=\" color:#c9c8cd; font-family:Arial,sans-serif; font-size:14px; line-height:17px; margin-bottom:0; margin-top:8px; overflow:hidden; padding:8px 0 7px; text-align:center; text-overflow:ellipsis; white-space:nowrap;\"><a href=\"https:\/\/www.instagram.com\/p\/Cv2uz1tosTA\/?utm_source=ig_embed&amp;utm_campaign=loading\" style=\" color:#c9c8cd; font-family:Arial,sans-serif; font-size:14px; font-style:normal; font-weight:normal; line-height:17px; text-decoration:none;\" target=\"_blank\" rel=\"noopener\">Une publication partag\u00e9e par Breel Donald Embolo (@breelembolo97)<\/a><\/p><\/div><\/blockquote> <script async=\"\" src=\"\/\/www.instagram.com\/embed.js\"><\/script>\n\n\n\n<p>Embolo a \u00e9galement eu un mot pour l&rsquo;\u00e9quipe m\u00e9dicale qui s&rsquo;est occup\u00e9e de lui et a souhait\u00e9 quelques mots d&rsquo;encouragements \u00e0 ses co\u00e9quipiers : \u00ab <em>L&rsquo;op\u00e9ration s&rsquo;est bien d\u00e9roul\u00e9e, gr\u00e2ce au tr\u00e8s bon travail du Dr. Sonnery-Cottet et ses \u00e9quipes. Maintenant \u00e0 moi de me mettre au boulot pour revenir au plus vite, dans la meilleure des formes. Bonne chance \u00e0 mes co\u00e9quipiers en \u00e9quipe nationale et en club pour cette nouvelle saison, j&rsquo;ai d\u00e9j\u00e0 h\u00e2te de vous retrouver.<\/em> \u00bb<\/p>\n\n\n\n<p>Ceux-ci \u00e9taient d&rsquo;ailleurs nombreux \u00e0 commenter la publication de l&rsquo;attaquant de la <em>Nati<\/em>, tels que Caio Henrique, Maghnes Akliouche ou encore Guillermo Maripan. Denis Zakaria, qui devrait s&rsquo;engager avec Monaco dans les prochains jours a \u00e9galement r\u00e9pondu<\/p>\n\n\n\n<figure class=\"wp-block-image size-full\"><img loading=\"lazy\" width=\"496\" height=\"67\" src=\"https:\/\/www.ladiagonale.net\/wp-content\/uploads\/2023\/08\/Capture-de\u0301cran-2023-08-13-a\u0300-12.17.14.png\" alt=\"\" class=\"wp-image-14997\" srcset=\"https:\/\/www.ladiagonale.net\/wp-content\/uploads\/2023\/08\/Capture-de\u0301cran-2023-08-13-a\u0300-12.17.14.png 496w, https:\/\/www.ladiagonale.net\/wp-content\/uploads\/2023\/08\/Capture-de\u0301cran-2023-08-13-a\u0300-12.17.14-300x41.png 300w, https:\/\/www.ladiagonale.net\/wp-content\/uploads\/2023\/08\/Capture-de\u0301cran-2023-08-13-a\u0300-12.17.14-128x17.png 128w, https:\/\/www.ladiagonale.net\/wp-content\/uploads\/2023\/08\/Capture-de\u0301cran-2023-08-13-a\u0300-12.17.14-32x4.png 32w\" sizes=\"(max-width: 496px) 100vw, 496px\" \/><\/figure>\n\n\n\n<figure class=\"wp-block-image size-full\"><img loading=\"lazy\" width=\"502\" height=\"209\" src=\"https:\/\/www.ladiagonale.net\/wp-content\/uploads\/2023\/08\/Capture-de\u0301cran-2023-08-13-a\u0300-12.16.46.png\" alt=\"\" class=\"wp-image-14995\" srcset=\"https:\/\/www.ladiagonale.net\/wp-content\/uploads\/2023\/08\/Capture-de\u0301cran-2023-08-13-a\u0300-12.16.46.png 502w, https:\/\/www.ladiagonale.net\/wp-content\/uploads\/2023\/08\/Capture-de\u0301cran-2023-08-13-a\u0300-12.16.46-300x125.png 300w, https:\/\/www.ladiagonale.net\/wp-content\/uploads\/2023\/08\/Capture-de\u0301cran-2023-08-13-a\u0300-12.16.46-128x53.png 128w, https:\/\/www.ladiagonale.net\/wp-content\/uploads\/2023\/08\/Capture-de\u0301cran-2023-08-13-a\u0300-12.16.46-32x13.png 32w\" sizes=\"(max-width: 502px) 100vw, 502px\" \/><\/figure>\n","protected":false},"excerpt":{"rendered":"<p>En d\u00e9but de semaine, Breel Embolo a \u00e9t\u00e9 victime d&rsquo;une rupture du ligament crois\u00e9 ant\u00e9rieur du genou droit. Un v\u00e9ritable coup dur pour l&rsquo;attaquant qui venait \u00e0 peine de revenir d&rsquo;une entorse au m\u00eame genou et qui n&rsquo;avait pas pu prendre part au moindre match amical. L&rsquo;international suisse a \u00e9t\u00e9 op\u00e9r\u00e9 ce vendredi \u00e0 l&rsquo;h\u00f4pital [&#8230;]\n","protected":false},"author":2,"featured_media":0,"comment_status":"open","ping_status":"open","sticky":false,"template":"","format":"standard","meta":[],"categories":[6],"tags":[86,161,196],"yoast_head":"<!-- This site is optimized with the Yoast SEO plugin v19.8 - https:\/\/yoast.com\/wordpress\/plugins\/seo\/ -->\n<title>Embolo : \u00abUne blessure tr\u00e8s dure \u00e0 accepter\u00bb - La Diagonale<\/title>\n<meta name=\"robots\" content=\"index, follow, max-snippet:-1, max-image-preview:large, max-video-preview:-1\" \/>\n<link rel=\"canonical\" href=\"https:\/\/www.ladiagonale.net\/index.php\/2023\/08\/13\/embolo-une-blessure-tres-dure-a-accepter\/\" \/>\n<meta property=\"og:locale\" content=\"fr_FR\" \/>\n<meta property=\"og:type\" content=\"article\" \/>\n<meta property=\"og:title\" content=\"Embolo : \u00abUne blessure tr\u00e8s dure \u00e0 accepter\u00bb - La Diagonale\" \/>\n<meta property=\"og:description\" content=\"En d\u00e9but de semaine, Breel Embolo a \u00e9t\u00e9 victime d&rsquo;une rupture du ligament crois\u00e9 ant\u00e9rieur du genou droit. Un v\u00e9ritable coup dur pour l&rsquo;attaquant qui venait \u00e0 peine de revenir d&rsquo;une entorse au m\u00eame genou et qui n&rsquo;avait pas pu prendre part au moindre match amical. L&rsquo;international suisse a \u00e9t\u00e9 op\u00e9r\u00e9 ce vendredi \u00e0 l&rsquo;h\u00f4pital [...]\" \/>\n<meta property=\"og:url\" content=\"https:\/\/www.ladiagonale.net\/index.php\/2023\/08\/13\/embolo-une-blessure-tres-dure-a-accepter\/\" \/>\n<meta property=\"og:site_name\" content=\"La Diagonale\" \/>\n<meta property=\"article:published_time\" content=\"2023-08-13T10:21:03+00:00\" \/>\n<meta property=\"article:modified_time\" content=\"2023-08-13T10:42:19+00:00\" \/>\n<meta property=\"og:image\" content=\"https:\/\/www.ladiagonale.net\/wp-content\/uploads\/2023\/01\/embolo.png\" \/>\n\t<meta property=\"og:image:width\" content=\"1160\" \/>\n\t<meta property=\"og:image:height\" content=\"650\" \/>\n\t<meta property=\"og:image:type\" content=\"image\/png\" \/>\n<meta name=\"author\" content=\"Damien Dellerba\" \/>\n<meta name=\"twitter:card\" content=\"summary_large_image\" \/>\n<meta name=\"twitter:image\" content=\"https:\/\/www.ladiagonale.net\/wp-content\/uploads\/2023\/01\/embolo.png\" \/>\n<meta name=\"twitter:label1\" content=\"\u00c9crit par\" \/>\n\t<meta name=\"twitter:data1\" content=\"Damien Dellerba\" \/>\n\t<meta name=\"twitter:label2\" content=\"Dur\u00e9e de lecture estim\u00e9e\" \/>\n\t<meta name=\"twitter:data2\" content=\"2 minutes\" \/>\n<script type=\"application\/ld+json\" class=\"yoast-schema-graph\">{\"@context\":\"https:\/\/schema.org\",\"@graph\":[{\"@type\":\"WebPage\",\"@id\":\"https:\/\/www.ladiagonale.net\/index.php\/2023\/08\/13\/embolo-une-blessure-tres-dure-a-accepter\/\",\"url\":\"https:\/\/www.ladiagonale.net\/index.php\/2023\/08\/13\/embolo-une-blessure-tres-dure-a-accepter\/\",\"name\":\"Embolo : \u00abUne blessure tr\u00e8s dure \u00e0 accepter\u00bb - La Diagonale\",\"isPartOf\":{\"@id\":\"https:\/\/www.ladiagonale.net\/#website\"},\"datePublished\":\"2023-08-13T10:21:03+00:00\",\"dateModified\":\"2023-08-13T10:42:19+00:00\",\"author\":{\"@id\":\"https:\/\/www.ladiagonale.net\/#\/schema\/person\/79ff1e7b0853ed01b2aa26e64ad300bf\"},\"breadcrumb\":{\"@id\":\"https:\/\/www.ladiagonale.net\/index.php\/2023\/08\/13\/embolo-une-blessure-tres-dure-a-accepter\/#breadcrumb\"},\"inLanguage\":\"fr-FR\",\"potentialAction\":[{\"@type\":\"ReadAction\",\"target\":[\"https:\/\/www.ladiagonale.net\/index.php\/2023\/08\/13\/embolo-une-blessure-tres-dure-a-accepter\/\"]}]},{\"@type\":\"BreadcrumbList\",\"@id\":\"https:\/\/www.ladiagonale.net\/index.php\/2023\/08\/13\/embolo-une-blessure-tres-dure-a-accepter\/#breadcrumb\",\"itemListElement\":[{\"@type\":\"ListItem\",\"position\":1,\"name\":\"Accueil\",\"item\":\"https:\/\/www.ladiagonale.net\/\"},{\"@type\":\"ListItem\",\"position\":2,\"name\":\"Embolo : \u00abUne blessure tr\u00e8s dure \u00e0 accepter\u00bb\"}]},{\"@type\":\"WebSite\",\"@id\":\"https:\/\/www.ladiagonale.net\/#website\",\"url\":\"https:\/\/www.ladiagonale.net\/\",\"name\":\"La Diagonale\",\"description\":\"Le site des supporters de l&#039;AS Monaco FC\",\"potentialAction\":[{\"@type\":\"SearchAction\",\"target\":{\"@type\":\"EntryPoint\",\"urlTemplate\":\"https:\/\/www.ladiagonale.net\/?s={search_term_string}\"},\"query-input\":\"required name=search_term_string\"}],\"inLanguage\":\"fr-FR\"},{\"@type\":\"Person\",\"@id\":\"https:\/\/www.ladiagonale.net\/#\/schema\/person\/79ff1e7b0853ed01b2aa26e64ad300bf\",\"name\":\"Damien Dellerba\",\"image\":{\"@type\":\"ImageObject\",\"inLanguage\":\"fr-FR\",\"@id\":\"https:\/\/www.ladiagonale.net\/#\/schema\/person\/image\/\",\"url\":\"https:\/\/secure.gravatar.com\/avatar\/c7850e06d3ff63cdbaee88b7fc16e2f0?s=96&d=mm&r=g\",\"contentUrl\":\"https:\/\/secure.gravatar.com\/avatar\/c7850e06d3ff63cdbaee88b7fc16e2f0?s=96&d=mm&r=g\",\"caption\":\"Damien Dellerba\"},\"url\":\"https:\/\/www.ladiagonale.net\/index.php\/author\/damien\/\"}]}<\/script>\n<!-- \/ Yoast SEO plugin. -->","yoast_head_json":{"title":"Embolo : \u00abUne blessure tr\u00e8s dure \u00e0 accepter\u00bb - La Diagonale","robots":{"index":"index","follow":"follow","max-snippet":"max-snippet:-1","max-image-preview":"max-image-preview:large","max-video-preview":"max-video-preview:-1"},"canonical":"https:\/\/www.ladiagonale.net\/index.php\/2023\/08\/13\/embolo-une-blessure-tres-dure-a-accepter\/","og_locale":"fr_FR","og_type":"article","og_title":"Embolo : \u00abUne blessure tr\u00e8s dure \u00e0 accepter\u00bb - La Diagonale","og_description":"En d\u00e9but de semaine, Breel Embolo a \u00e9t\u00e9 victime d&rsquo;une rupture du ligament crois\u00e9 ant\u00e9rieur du genou droit. Un v\u00e9ritable coup dur pour l&rsquo;attaquant qui venait \u00e0 peine de revenir d&rsquo;une entorse au m\u00eame genou et qui n&rsquo;avait pas pu prendre part au moindre match amical. L&rsquo;international suisse a \u00e9t\u00e9 op\u00e9r\u00e9 ce vendredi \u00e0 l&rsquo;h\u00f4pital [...]","og_url":"https:\/\/www.ladiagonale.net\/index.php\/2023\/08\/13\/embolo-une-blessure-tres-dure-a-accepter\/","og_site_name":"La Diagonale","article_published_time":"2023-08-13T10:21:03+00:00","article_modified_time":"2023-08-13T10:42:19+00:00","og_image":[{"width":1160,"height":650,"url":"https:\/\/www.ladiagonale.net\/wp-content\/uploads\/2023\/01\/embolo.png","type":"image\/png"}],"author":"Damien Dellerba","twitter_card":"summary_large_image","twitter_image":"https:\/\/www.ladiagonale.net\/wp-content\/uploads\/2023\/01\/embolo.png","twitter_misc":{"\u00c9crit par":"Damien Dellerba","Dur\u00e9e de lecture estim\u00e9e":"2 minutes"},"schema":{"@context":"https:\/\/schema.org","@graph":[{"@type":"WebPage","@id":"https:\/\/www.ladiagonale.net\/index.php\/2023\/08\/13\/embolo-une-blessure-tres-dure-a-accepter\/","url":"https:\/\/www.ladiagonale.net\/index.php\/2023\/08\/13\/embolo-une-blessure-tres-dure-a-accepter\/","name":"Embolo : \u00abUne blessure tr\u00e8s dure \u00e0 accepter\u00bb - La Diagonale","isPartOf":{"@id":"https:\/\/www.ladiagonale.net\/#website"},"datePublished":"2023-08-13T10:21:03+00:00","dateModified":"2023-08-13T10:42:19+00:00","author":{"@id":"https:\/\/www.ladiagonale.net\/#\/schema\/person\/79ff1e7b0853ed01b2aa26e64ad300bf"},"breadcrumb":{"@id":"https:\/\/www.ladiagonale.net\/index.php\/2023\/08\/13\/embolo-une-blessure-tres-dure-a-accepter\/#breadcrumb"},"inLanguage":"fr-FR","potentialAction":[{"@type":"ReadAction","target":["https:\/\/www.ladiagonale.net\/index.php\/2023\/08\/13\/embolo-une-blessure-tres-dure-a-accepter\/"]}]},{"@type":"BreadcrumbList","@id":"https:\/\/www.ladiagonale.net\/index.php\/2023\/08\/13\/embolo-une-blessure-tres-dure-a-accepter\/#breadcrumb","itemListElement":[{"@type":"ListItem","position":1,"name":"Accueil","item":"https:\/\/www.ladiagonale.net\/"},{"@type":"ListItem","position":2,"name":"Embolo : \u00abUne blessure tr\u00e8s dure \u00e0 accepter\u00bb"}]},{"@type":"WebSite","@id":"https:\/\/www.ladiagonale.net\/#website","url":"https:\/\/www.ladiagonale.net\/","name":"La Diagonale","description":"Le site des supporters de l&#039;AS Monaco FC","potentialAction":[{"@type":"SearchAction","target":{"@type":"EntryPoint","urlTemplate":"https:\/\/www.ladiagonale.net\/?s={search_term_string}"},"query-input":"required name=search_term_string"}],"inLanguage":"fr-FR"},{"@type":"Person","@id":"https:\/\/www.ladiagonale.net\/#\/schema\/person\/79ff1e7b0853ed01b2aa26e64ad300bf","name":"Damien Dellerba","image":{"@type":"ImageObject","inLanguage":"fr-FR","@id":"https:\/\/www.ladiagonale.net\/#\/schema\/person\/image\/","url":"https:\/\/secure.gravatar.com\/avatar\/c7850e06d3ff63cdbaee88b7fc16e2f0?s=96&d=mm&r=g","contentUrl":"https:\/\/secure.gravatar.com\/avatar\/c7850e06d3ff63cdbaee88b7fc16e2f0?s=96&d=mm&r=g","caption":"Damien Dellerba"},"url":"https:\/\/www.ladiagonale.net\/index.php\/author\/damien\/"}]}},"_links":{"self":[{"href":"https:\/\/www.ladiagonale.net\/index.php\/wp-json\/wp\/v2\/posts\/14994"}],"collection":[{"href":"https:\/\/www.ladiagonale.net\/index.php\/wp-json\/wp\/v2\/posts"}],"about":[{"href":"https:\/\/www.ladiagonale.net\/index.php\/wp-json\/wp\/v2\/types\/post"}],"author":[{"embeddable":true,"href":"https:\/\/www.ladiagonale.net\/index.php\/wp-json\/wp\/v2\/users\/2"}],"replies":[{"embeddable":true,"href":"https:\/\/www.ladiagonale.net\/index.php\/wp-json\/wp\/v2\/comments?post=14994"}],"version-history":[{"count":3,"href":"https:\/\/www.ladiagonale.net\/index.php\/wp-json\/wp\/v2\/posts\/14994\/revisions"}],"predecessor-version":[{"id":15003,"href":"https:\/\/www.ladiagonale.net\/index.php\/wp-json\/wp\/v2\/posts\/14994\/revisions\/15003"}],"wp:attachment":[{"href":"https:\/\/www.ladiagonale.net\/index.php\/wp-json\/wp\/v2\/media?parent=14994"}],"wp:term":[{"taxonomy":"category","embeddable":true,"href":"https:\/\/www.ladiagonale.net\/index.php\/wp-json\/wp\/v2\/categories?post=14994"},{"taxonomy":"post_tag","embeddable":true,"href":"https:\/\/www.ladiagonale.net\/index.php\/wp-json\/wp\/v2\/tags?post=14994"}],"curies":[{"name":"wp","href":"https:\/\/api.w.org\/{rel}","templated":true}]}}