{"id":15000,"date":"2023-08-13T12:50:08","date_gmt":"2023-08-13T10:50:08","guid":{"rendered":"https:\/\/www.ladiagonale.net\/?p=15000"},"modified":"2023-08-13T12:50:33","modified_gmt":"2023-08-13T10:50:33","slug":"der-zakarian-a-appele-aguilar-qui-voudrait-revenir-a-montpellier","status":"publish","type":"post","link":"https:\/\/www.ladiagonale.net\/index.php\/2023\/08\/13\/der-zakarian-a-appele-aguilar-qui-voudrait-revenir-a-montpellier\/","title":{"rendered":"Der Zakarian a appel\u00e9 Aguilar, qui voudrait revenir \u00e0 Montpellier"},"content":{"rendered":"\n\n\n<p>Ruben Aguilar ne sera peut-\u00eatre plus un joueur de l&rsquo;AS Monaco cette saison. Le lat\u00e9ral droit pourrait faire son retour \u00e0 Montpellier, o\u00f9 il est d\u00e9sir\u00e9 par l&rsquo;entra\u00eeneur du club h\u00e9raultais, Michel Der Zakarian, mais aussi par Benjamin Lecomte, son ancien co\u00e9quipier sur le Rocher, justement revenu \u00e0 la Paillade cet hiver. Et d&rsquo;apr\u00e8s <em>France Bleu<\/em>, le souhait serait \u00e9galement partag\u00e9 par le joueur de 30 ans, sous contrat avec l&rsquo;AS Monaco jusqu&rsquo;en 2025.<\/p>\n\n\n\n<p>En conf\u00e9rence de presse ce vendredi, Der Zakarian a indiqu\u00e9 avoir eu Aguilar au t\u00e9l\u00e9phone m\u00eame s&rsquo;il n&rsquo;est pas encore certain de la faisabilit\u00e9 de l&rsquo;op\u00e9ration, avec deux joueurs d\u00e9j\u00e0 pr\u00e9sents pour occuper le poste de d\u00e9fenseur droit : \u00ab <em>C\u2019est un joueur qui nous pla\u00eet mais s\u2019il vient il va y avoir embouteillage. Le petit Enzo (Tchato) a prolong\u00e9, Falaye (Sacko), sous contrat, a fait une belle fin de saison. Il faudrait que l&rsquo;un des deux parte<\/em>. \u00bb<\/p>\n","protected":false},"excerpt":{"rendered":"<p>Ruben Aguilar ne sera peut-\u00eatre plus un joueur de l&rsquo;AS Monaco cette saison. Le lat\u00e9ral droit pourrait faire son retour \u00e0 Montpellier, o\u00f9 il est d\u00e9sir\u00e9 par l&rsquo;entra\u00eeneur du club h\u00e9raultais, Michel Der Zakarian, mais aussi par Benjamin Lecomte, son ancien co\u00e9quipier sur le Rocher, justement revenu \u00e0 la Paillade cet hiver. Et d&rsquo;apr\u00e8s France [&#8230;]\n","protected":false},"author":2,"featured_media":0,"comment_status":"open","ping_status":"open","sticky":false,"template":"","format":"standard","meta":[],"categories":[6],"tags":[86,371,111,521,663,180,110],"yoast_head":"<!-- This site is optimized with the Yoast SEO plugin v19.8 - https:\/\/yoast.com\/wordpress\/plugins\/seo\/ -->\n<title>Der Zakarian a appel\u00e9 Aguilar, qui voudrait revenir \u00e0 Montpellier - La Diagonale<\/title>\n<meta name=\"robots\" content=\"index, follow, max-snippet:-1, max-image-preview:large, max-video-preview:-1\" \/>\n<link rel=\"canonical\" href=\"https:\/\/www.ladiagonale.net\/index.php\/2023\/08\/13\/der-zakarian-a-appele-aguilar-qui-voudrait-revenir-a-montpellier\/\" \/>\n<meta property=\"og:locale\" content=\"fr_FR\" \/>\n<meta property=\"og:type\" content=\"article\" \/>\n<meta property=\"og:title\" content=\"Der Zakarian a appel\u00e9 Aguilar, qui voudrait revenir \u00e0 Montpellier - La Diagonale\" \/>\n<meta property=\"og:description\" content=\"Ruben Aguilar ne sera peut-\u00eatre plus un joueur de l&rsquo;AS Monaco cette saison. Le lat\u00e9ral droit pourrait faire son retour \u00e0 Montpellier, o\u00f9 il est d\u00e9sir\u00e9 par l&rsquo;entra\u00eeneur du club h\u00e9raultais, Michel Der Zakarian, mais aussi par Benjamin Lecomte, son ancien co\u00e9quipier sur le Rocher, justement revenu \u00e0 la Paillade cet hiver. Et d&rsquo;apr\u00e8s France [...]\" \/>\n<meta property=\"og:url\" content=\"https:\/\/www.ladiagonale.net\/index.php\/2023\/08\/13\/der-zakarian-a-appele-aguilar-qui-voudrait-revenir-a-montpellier\/\" \/>\n<meta property=\"og:site_name\" content=\"La Diagonale\" \/>\n<meta property=\"article:published_time\" content=\"2023-08-13T10:50:08+00:00\" \/>\n<meta property=\"article:modified_time\" content=\"2023-08-13T10:50:33+00:00\" \/>\n<meta property=\"og:image\" content=\"https:\/\/www.ladiagonale.net\/wp-content\/uploads\/2022\/11\/aguilar.png\" \/>\n\t<meta property=\"og:image:width\" content=\"1160\" \/>\n\t<meta property=\"og:image:height\" content=\"650\" \/>\n\t<meta property=\"og:image:type\" content=\"image\/png\" \/>\n<meta name=\"author\" content=\"Damien Dellerba\" \/>\n<meta name=\"twitter:card\" content=\"summary_large_image\" \/>\n<meta name=\"twitter:image\" content=\"https:\/\/www.ladiagonale.net\/wp-content\/uploads\/2022\/11\/aguilar.png\" \/>\n<meta name=\"twitter:label1\" content=\"\u00c9crit par\" \/>\n\t<meta name=\"twitter:data1\" content=\"Damien Dellerba\" \/>\n\t<meta name=\"twitter:label2\" content=\"Dur\u00e9e de lecture estim\u00e9e\" \/>\n\t<meta name=\"twitter:data2\" content=\"1 minute\" \/>\n<script type=\"application\/ld+json\" class=\"yoast-schema-graph\">{\"@context\":\"https:\/\/schema.org\",\"@graph\":[{\"@type\":\"WebPage\",\"@id\":\"https:\/\/www.ladiagonale.net\/index.php\/2023\/08\/13\/der-zakarian-a-appele-aguilar-qui-voudrait-revenir-a-montpellier\/\",\"url\":\"https:\/\/www.ladiagonale.net\/index.php\/2023\/08\/13\/der-zakarian-a-appele-aguilar-qui-voudrait-revenir-a-montpellier\/\",\"name\":\"Der Zakarian a appel\u00e9 Aguilar, qui voudrait revenir \u00e0 Montpellier - La Diagonale\",\"isPartOf\":{\"@id\":\"https:\/\/www.ladiagonale.net\/#website\"},\"datePublished\":\"2023-08-13T10:50:08+00:00\",\"dateModified\":\"2023-08-13T10:50:33+00:00\",\"author\":{\"@id\":\"https:\/\/www.ladiagonale.net\/#\/schema\/person\/79ff1e7b0853ed01b2aa26e64ad300bf\"},\"breadcrumb\":{\"@id\":\"https:\/\/www.ladiagonale.net\/index.php\/2023\/08\/13\/der-zakarian-a-appele-aguilar-qui-voudrait-revenir-a-montpellier\/#breadcrumb\"},\"inLanguage\":\"fr-FR\",\"potentialAction\":[{\"@type\":\"ReadAction\",\"target\":[\"https:\/\/www.ladiagonale.net\/index.php\/2023\/08\/13\/der-zakarian-a-appele-aguilar-qui-voudrait-revenir-a-montpellier\/\"]}]},{\"@type\":\"BreadcrumbList\",\"@id\":\"https:\/\/www.ladiagonale.net\/index.php\/2023\/08\/13\/der-zakarian-a-appele-aguilar-qui-voudrait-revenir-a-montpellier\/#breadcrumb\",\"itemListElement\":[{\"@type\":\"ListItem\",\"position\":1,\"name\":\"Accueil\",\"item\":\"https:\/\/www.ladiagonale.net\/\"},{\"@type\":\"ListItem\",\"position\":2,\"name\":\"Der Zakarian a appel\u00e9 Aguilar, qui voudrait revenir \u00e0 Montpellier\"}]},{\"@type\":\"WebSite\",\"@id\":\"https:\/\/www.ladiagonale.net\/#website\",\"url\":\"https:\/\/www.ladiagonale.net\/\",\"name\":\"La Diagonale\",\"description\":\"Le site des supporters de l&#039;AS Monaco FC\",\"potentialAction\":[{\"@type\":\"SearchAction\",\"target\":{\"@type\":\"EntryPoint\",\"urlTemplate\":\"https:\/\/www.ladiagonale.net\/?s={search_term_string}\"},\"query-input\":\"required name=search_term_string\"}],\"inLanguage\":\"fr-FR\"},{\"@type\":\"Person\",\"@id\":\"https:\/\/www.ladiagonale.net\/#\/schema\/person\/79ff1e7b0853ed01b2aa26e64ad300bf\",\"name\":\"Damien Dellerba\",\"image\":{\"@type\":\"ImageObject\",\"inLanguage\":\"fr-FR\",\"@id\":\"https:\/\/www.ladiagonale.net\/#\/schema\/person\/image\/\",\"url\":\"https:\/\/secure.gravatar.com\/avatar\/c7850e06d3ff63cdbaee88b7fc16e2f0?s=96&d=mm&r=g\",\"contentUrl\":\"https:\/\/secure.gravatar.com\/avatar\/c7850e06d3ff63cdbaee88b7fc16e2f0?s=96&d=mm&r=g\",\"caption\":\"Damien Dellerba\"},\"url\":\"https:\/\/www.ladiagonale.net\/index.php\/author\/damien\/\"}]}<\/script>\n<!-- \/ Yoast SEO plugin. -->","yoast_head_json":{"title":"Der Zakarian a appel\u00e9 Aguilar, qui voudrait revenir \u00e0 Montpellier - La Diagonale","robots":{"index":"index","follow":"follow","max-snippet":"max-snippet:-1","max-image-preview":"max-image-preview:large","max-video-preview":"max-video-preview:-1"},"canonical":"https:\/\/www.ladiagonale.net\/index.php\/2023\/08\/13\/der-zakarian-a-appele-aguilar-qui-voudrait-revenir-a-montpellier\/","og_locale":"fr_FR","og_type":"article","og_title":"Der Zakarian a appel\u00e9 Aguilar, qui voudrait revenir \u00e0 Montpellier - La Diagonale","og_description":"Ruben Aguilar ne sera peut-\u00eatre plus un joueur de l&rsquo;AS Monaco cette saison. Le lat\u00e9ral droit pourrait faire son retour \u00e0 Montpellier, o\u00f9 il est d\u00e9sir\u00e9 par l&rsquo;entra\u00eeneur du club h\u00e9raultais, Michel Der Zakarian, mais aussi par Benjamin Lecomte, son ancien co\u00e9quipier sur le Rocher, justement revenu \u00e0 la Paillade cet hiver. Et d&rsquo;apr\u00e8s France [...]","og_url":"https:\/\/www.ladiagonale.net\/index.php\/2023\/08\/13\/der-zakarian-a-appele-aguilar-qui-voudrait-revenir-a-montpellier\/","og_site_name":"La Diagonale","article_published_time":"2023-08-13T10:50:08+00:00","article_modified_time":"2023-08-13T10:50:33+00:00","og_image":[{"width":1160,"height":650,"url":"https:\/\/www.ladiagonale.net\/wp-content\/uploads\/2022\/11\/aguilar.png","type":"image\/png"}],"author":"Damien Dellerba","twitter_card":"summary_large_image","twitter_image":"https:\/\/www.ladiagonale.net\/wp-content\/uploads\/2022\/11\/aguilar.png","twitter_misc":{"\u00c9crit par":"Damien Dellerba","Dur\u00e9e de lecture estim\u00e9e":"1 minute"},"schema":{"@context":"https:\/\/schema.org","@graph":[{"@type":"WebPage","@id":"https:\/\/www.ladiagonale.net\/index.php\/2023\/08\/13\/der-zakarian-a-appele-aguilar-qui-voudrait-revenir-a-montpellier\/","url":"https:\/\/www.ladiagonale.net\/index.php\/2023\/08\/13\/der-zakarian-a-appele-aguilar-qui-voudrait-revenir-a-montpellier\/","name":"Der Zakarian a appel\u00e9 Aguilar, qui voudrait revenir \u00e0 Montpellier - La Diagonale","isPartOf":{"@id":"https:\/\/www.ladiagonale.net\/#website"},"datePublished":"2023-08-13T10:50:08+00:00","dateModified":"2023-08-13T10:50:33+00:00","author":{"@id":"https:\/\/www.ladiagonale.net\/#\/schema\/person\/79ff1e7b0853ed01b2aa26e64ad300bf"},"breadcrumb":{"@id":"https:\/\/www.ladiagonale.net\/index.php\/2023\/08\/13\/der-zakarian-a-appele-aguilar-qui-voudrait-revenir-a-montpellier\/#breadcrumb"},"inLanguage":"fr-FR","potentialAction":[{"@type":"ReadAction","target":["https:\/\/www.ladiagonale.net\/index.php\/2023\/08\/13\/der-zakarian-a-appele-aguilar-qui-voudrait-revenir-a-montpellier\/"]}]},{"@type":"BreadcrumbList","@id":"https:\/\/www.ladiagonale.net\/index.php\/2023\/08\/13\/der-zakarian-a-appele-aguilar-qui-voudrait-revenir-a-montpellier\/#breadcrumb","itemListElement":[{"@type":"ListItem","position":1,"name":"Accueil","item":"https:\/\/www.ladiagonale.net\/"},{"@type":"ListItem","position":2,"name":"Der Zakarian a appel\u00e9 Aguilar, qui voudrait revenir \u00e0 Montpellier"}]},{"@type":"WebSite","@id":"https:\/\/www.ladiagonale.net\/#website","url":"https:\/\/www.ladiagonale.net\/","name":"La Diagonale","description":"Le site des supporters de l&#039;AS Monaco FC","potentialAction":[{"@type":"SearchAction","target":{"@type":"EntryPoint","urlTemplate":"https:\/\/www.ladiagonale.net\/?s={search_term_string}"},"query-input":"required name=search_term_string"}],"inLanguage":"fr-FR"},{"@type":"Person","@id":"https:\/\/www.ladiagonale.net\/#\/schema\/person\/79ff1e7b0853ed01b2aa26e64ad300bf","name":"Damien Dellerba","image":{"@type":"ImageObject","inLanguage":"fr-FR","@id":"https:\/\/www.ladiagonale.net\/#\/schema\/person\/image\/","url":"https:\/\/secure.gravatar.com\/avatar\/c7850e06d3ff63cdbaee88b7fc16e2f0?s=96&d=mm&r=g","contentUrl":"https:\/\/secure.gravatar.com\/avatar\/c7850e06d3ff63cdbaee88b7fc16e2f0?s=96&d=mm&r=g","caption":"Damien Dellerba"},"url":"https:\/\/www.ladiagonale.net\/index.php\/author\/damien\/"}]}},"_links":{"self":[{"href":"https:\/\/www.ladiagonale.net\/index.php\/wp-json\/wp\/v2\/posts\/15000"}],"collection":[{"href":"https:\/\/www.ladiagonale.net\/index.php\/wp-json\/wp\/v2\/posts"}],"about":[{"href":"https:\/\/www.ladiagonale.net\/index.php\/wp-json\/wp\/v2\/types\/post"}],"author":[{"embeddable":true,"href":"https:\/\/www.ladiagonale.net\/index.php\/wp-json\/wp\/v2\/users\/2"}],"replies":[{"embeddable":true,"href":"https:\/\/www.ladiagonale.net\/index.php\/wp-json\/wp\/v2\/comments?post=15000"}],"version-history":[{"count":2,"href":"https:\/\/www.ladiagonale.net\/index.php\/wp-json\/wp\/v2\/posts\/15000\/revisions"}],"predecessor-version":[{"id":15005,"href":"https:\/\/www.ladiagonale.net\/index.php\/wp-json\/wp\/v2\/posts\/15000\/revisions\/15005"}],"wp:attachment":[{"href":"https:\/\/www.ladiagonale.net\/index.php\/wp-json\/wp\/v2\/media?parent=15000"}],"wp:term":[{"taxonomy":"category","embeddable":true,"href":"https:\/\/www.ladiagonale.net\/index.php\/wp-json\/wp\/v2\/categories?post=15000"},{"taxonomy":"post_tag","embeddable":true,"href":"https:\/\/www.ladiagonale.net\/index.php\/wp-json\/wp\/v2\/tags?post=15000"}],"curies":[{"name":"wp","href":"https:\/\/api.w.org\/{rel}","templated":true}]}}