{"id":15105,"date":"2023-08-14T20:45:17","date_gmt":"2023-08-14T18:45:17","guid":{"rendered":"https:\/\/www.ladiagonale.net\/?p=15105"},"modified":"2023-08-14T21:06:41","modified_gmt":"2023-08-14T19:06:41","slug":"officiel-zakaria-signe-a-monaco","status":"publish","type":"post","link":"https:\/\/www.ladiagonale.net\/index.php\/2023\/08\/14\/officiel-zakaria-signe-a-monaco\/","title":{"rendered":"Officiel : Zakaria signe \u00e0 Monaco"},"content":{"rendered":"\n\n\n<p>L&rsquo;AS Monaco a annonc\u00e9 la signature de Denis Zakaria, en provenance de la Juventus. Le milieu de terrain suisse s&rsquo;engage en faveur du club de la Principaut\u00e9 pour les cinq prochaines saisons, jusqu&rsquo;en juin 2028. Pour pouvoir obtenir la signature du milieu de terrain de 26 ans, l&rsquo;ASM a d\u00e9bours\u00e9 20 millions d&rsquo;euros, payable en quatre fois, <a href=\"file:\/\/\/Users\/damiendellerba\/Downloads\/2023_08_14_Comunicato%20Stampa%20Zakaria%20ita.pdf\">selon des modalit\u00e9s pr\u00e9cis\u00e9es par un communiqu\u00e9 du club turinois.<\/a> Il s&rsquo;agit du troisi\u00e8me joueur suisse \u00e0 rejoindre l&rsquo;effectif, apr\u00e8s Breel Embolo et Philipp K\u00f6hn. <\/p>\n\n\n\n<p>International confirm\u00e9 (49 s\u00e9lections), Zakaria est en qu\u00eate de relance apr\u00e8s un passage express en Italie (15 matches entre janvier et juin 2022) et un pr\u00eat peu concluant \u00e0 Chelsea la saison derni\u00e8re (11 matches). Le milieu de terrain conna\u00eet d\u00e9j\u00e0 Adi H\u00fctter, apr\u00e8s un passage aux Young Boys (2015-2017) et \u00e0 M\u00f6nchengladbach (juillet 2021 \u00e0 janvier 2022). Le technicien autrichien <a href=\"https:\/\/www.ladiagonale.net\/index.php\/2023\/08\/11\/hutter-valide-le-recrutement-de-zakaria\/\">avait valid\u00e9 le recrutement<\/a> du milieu helv\u00e8te, qui va r\u00e9cup\u00e9rer le num\u00e9ro 6 d&rsquo;Axel Disasi.<\/p>\n\n\n<div class=\"wp-block-image\">\n<figure class=\"aligncenter size-full\"><img loading=\"lazy\" width=\"642\" height=\"709\" src=\"https:\/\/www.ladiagonale.net\/wp-content\/uploads\/2023\/08\/F3g4Fg_WMAEGAWw.jpg\" alt=\"\" class=\"wp-image-15120\" srcset=\"https:\/\/www.ladiagonale.net\/wp-content\/uploads\/2023\/08\/F3g4Fg_WMAEGAWw.jpg 642w, https:\/\/www.ladiagonale.net\/wp-content\/uploads\/2023\/08\/F3g4Fg_WMAEGAWw-272x300.jpg 272w, https:\/\/www.ladiagonale.net\/wp-content\/uploads\/2023\/08\/F3g4Fg_WMAEGAWw-116x128.jpg 116w, https:\/\/www.ladiagonale.net\/wp-content\/uploads\/2023\/08\/F3g4Fg_WMAEGAWw-29x32.jpg 29w\" sizes=\"(max-width: 642px) 100vw, 642px\" \/><figcaption>Photo : Fabrizio Romano<\/figcaption><\/figure><\/div>","protected":false},"excerpt":{"rendered":"<p>L&rsquo;AS Monaco a annonc\u00e9 la signature de Denis Zakaria, en provenance de la Juventus. Le milieu de terrain suisse s&rsquo;engage en faveur du club de la Principaut\u00e9 pour les cinq prochaines saisons, jusqu&rsquo;en juin 2028. Pour pouvoir obtenir la signature du milieu de terrain de 26 ans, l&rsquo;ASM a d\u00e9bours\u00e9 20 millions d&rsquo;euros, payable en [&#8230;]\n","protected":false},"author":2,"featured_media":0,"comment_status":"open","ping_status":"open","sticky":false,"template":"","format":"standard","meta":[],"categories":[4,6],"tags":[86,631,632,111,110],"yoast_head":"<!-- This site is optimized with the Yoast SEO plugin v19.8 - https:\/\/yoast.com\/wordpress\/plugins\/seo\/ -->\n<title>Officiel : Zakaria signe \u00e0 Monaco - La Diagonale<\/title>\n<meta name=\"robots\" content=\"index, follow, max-snippet:-1, max-image-preview:large, max-video-preview:-1\" \/>\n<link rel=\"canonical\" href=\"https:\/\/www.ladiagonale.net\/index.php\/2023\/08\/14\/officiel-zakaria-signe-a-monaco\/\" \/>\n<meta property=\"og:locale\" content=\"fr_FR\" \/>\n<meta property=\"og:type\" content=\"article\" \/>\n<meta property=\"og:title\" content=\"Officiel : Zakaria signe \u00e0 Monaco - La Diagonale\" \/>\n<meta property=\"og:description\" content=\"L&rsquo;AS Monaco a annonc\u00e9 la signature de Denis Zakaria, en provenance de la Juventus. Le milieu de terrain suisse s&rsquo;engage en faveur du club de la Principaut\u00e9 pour les cinq prochaines saisons, jusqu&rsquo;en juin 2028. Pour pouvoir obtenir la signature du milieu de terrain de 26 ans, l&rsquo;ASM a d\u00e9bours\u00e9 20 millions d&rsquo;euros, payable en [...]\" \/>\n<meta property=\"og:url\" content=\"https:\/\/www.ladiagonale.net\/index.php\/2023\/08\/14\/officiel-zakaria-signe-a-monaco\/\" \/>\n<meta property=\"og:site_name\" content=\"La Diagonale\" \/>\n<meta property=\"article:published_time\" content=\"2023-08-14T18:45:17+00:00\" \/>\n<meta property=\"article:modified_time\" content=\"2023-08-14T19:06:41+00:00\" \/>\n<meta property=\"og:image\" content=\"https:\/\/www.ladiagonale.net\/wp-content\/uploads\/2023\/08\/zakaria.png\" \/>\n\t<meta property=\"og:image:width\" content=\"1160\" \/>\n\t<meta property=\"og:image:height\" content=\"650\" \/>\n\t<meta property=\"og:image:type\" content=\"image\/png\" \/>\n<meta name=\"author\" content=\"Damien Dellerba\" \/>\n<meta name=\"twitter:card\" content=\"summary_large_image\" \/>\n<meta name=\"twitter:image\" content=\"https:\/\/www.ladiagonale.net\/wp-content\/uploads\/2023\/08\/zakaria.png\" \/>\n<meta name=\"twitter:label1\" content=\"\u00c9crit par\" \/>\n\t<meta name=\"twitter:data1\" content=\"Damien Dellerba\" \/>\n\t<meta name=\"twitter:label2\" content=\"Dur\u00e9e de lecture estim\u00e9e\" \/>\n\t<meta name=\"twitter:data2\" content=\"2 minutes\" \/>\n<script type=\"application\/ld+json\" class=\"yoast-schema-graph\">{\"@context\":\"https:\/\/schema.org\",\"@graph\":[{\"@type\":\"WebPage\",\"@id\":\"https:\/\/www.ladiagonale.net\/index.php\/2023\/08\/14\/officiel-zakaria-signe-a-monaco\/\",\"url\":\"https:\/\/www.ladiagonale.net\/index.php\/2023\/08\/14\/officiel-zakaria-signe-a-monaco\/\",\"name\":\"Officiel : Zakaria signe \u00e0 Monaco - La Diagonale\",\"isPartOf\":{\"@id\":\"https:\/\/www.ladiagonale.net\/#website\"},\"datePublished\":\"2023-08-14T18:45:17+00:00\",\"dateModified\":\"2023-08-14T19:06:41+00:00\",\"author\":{\"@id\":\"https:\/\/www.ladiagonale.net\/#\/schema\/person\/79ff1e7b0853ed01b2aa26e64ad300bf\"},\"breadcrumb\":{\"@id\":\"https:\/\/www.ladiagonale.net\/index.php\/2023\/08\/14\/officiel-zakaria-signe-a-monaco\/#breadcrumb\"},\"inLanguage\":\"fr-FR\",\"potentialAction\":[{\"@type\":\"ReadAction\",\"target\":[\"https:\/\/www.ladiagonale.net\/index.php\/2023\/08\/14\/officiel-zakaria-signe-a-monaco\/\"]}]},{\"@type\":\"BreadcrumbList\",\"@id\":\"https:\/\/www.ladiagonale.net\/index.php\/2023\/08\/14\/officiel-zakaria-signe-a-monaco\/#breadcrumb\",\"itemListElement\":[{\"@type\":\"ListItem\",\"position\":1,\"name\":\"Accueil\",\"item\":\"https:\/\/www.ladiagonale.net\/\"},{\"@type\":\"ListItem\",\"position\":2,\"name\":\"Officiel : Zakaria signe \u00e0 Monaco\"}]},{\"@type\":\"WebSite\",\"@id\":\"https:\/\/www.ladiagonale.net\/#website\",\"url\":\"https:\/\/www.ladiagonale.net\/\",\"name\":\"La Diagonale\",\"description\":\"Le site des supporters de l&#039;AS Monaco FC\",\"potentialAction\":[{\"@type\":\"SearchAction\",\"target\":{\"@type\":\"EntryPoint\",\"urlTemplate\":\"https:\/\/www.ladiagonale.net\/?s={search_term_string}\"},\"query-input\":\"required name=search_term_string\"}],\"inLanguage\":\"fr-FR\"},{\"@type\":\"Person\",\"@id\":\"https:\/\/www.ladiagonale.net\/#\/schema\/person\/79ff1e7b0853ed01b2aa26e64ad300bf\",\"name\":\"Damien Dellerba\",\"image\":{\"@type\":\"ImageObject\",\"inLanguage\":\"fr-FR\",\"@id\":\"https:\/\/www.ladiagonale.net\/#\/schema\/person\/image\/\",\"url\":\"https:\/\/secure.gravatar.com\/avatar\/c7850e06d3ff63cdbaee88b7fc16e2f0?s=96&d=mm&r=g\",\"contentUrl\":\"https:\/\/secure.gravatar.com\/avatar\/c7850e06d3ff63cdbaee88b7fc16e2f0?s=96&d=mm&r=g\",\"caption\":\"Damien Dellerba\"},\"url\":\"https:\/\/www.ladiagonale.net\/index.php\/author\/damien\/\"}]}<\/script>\n<!-- \/ Yoast SEO plugin. -->","yoast_head_json":{"title":"Officiel : Zakaria signe \u00e0 Monaco - La Diagonale","robots":{"index":"index","follow":"follow","max-snippet":"max-snippet:-1","max-image-preview":"max-image-preview:large","max-video-preview":"max-video-preview:-1"},"canonical":"https:\/\/www.ladiagonale.net\/index.php\/2023\/08\/14\/officiel-zakaria-signe-a-monaco\/","og_locale":"fr_FR","og_type":"article","og_title":"Officiel : Zakaria signe \u00e0 Monaco - La Diagonale","og_description":"L&rsquo;AS Monaco a annonc\u00e9 la signature de Denis Zakaria, en provenance de la Juventus. Le milieu de terrain suisse s&rsquo;engage en faveur du club de la Principaut\u00e9 pour les cinq prochaines saisons, jusqu&rsquo;en juin 2028. Pour pouvoir obtenir la signature du milieu de terrain de 26 ans, l&rsquo;ASM a d\u00e9bours\u00e9 20 millions d&rsquo;euros, payable en [...]","og_url":"https:\/\/www.ladiagonale.net\/index.php\/2023\/08\/14\/officiel-zakaria-signe-a-monaco\/","og_site_name":"La Diagonale","article_published_time":"2023-08-14T18:45:17+00:00","article_modified_time":"2023-08-14T19:06:41+00:00","og_image":[{"width":1160,"height":650,"url":"https:\/\/www.ladiagonale.net\/wp-content\/uploads\/2023\/08\/zakaria.png","type":"image\/png"}],"author":"Damien Dellerba","twitter_card":"summary_large_image","twitter_image":"https:\/\/www.ladiagonale.net\/wp-content\/uploads\/2023\/08\/zakaria.png","twitter_misc":{"\u00c9crit par":"Damien Dellerba","Dur\u00e9e de lecture estim\u00e9e":"2 minutes"},"schema":{"@context":"https:\/\/schema.org","@graph":[{"@type":"WebPage","@id":"https:\/\/www.ladiagonale.net\/index.php\/2023\/08\/14\/officiel-zakaria-signe-a-monaco\/","url":"https:\/\/www.ladiagonale.net\/index.php\/2023\/08\/14\/officiel-zakaria-signe-a-monaco\/","name":"Officiel : Zakaria signe \u00e0 Monaco - La Diagonale","isPartOf":{"@id":"https:\/\/www.ladiagonale.net\/#website"},"datePublished":"2023-08-14T18:45:17+00:00","dateModified":"2023-08-14T19:06:41+00:00","author":{"@id":"https:\/\/www.ladiagonale.net\/#\/schema\/person\/79ff1e7b0853ed01b2aa26e64ad300bf"},"breadcrumb":{"@id":"https:\/\/www.ladiagonale.net\/index.php\/2023\/08\/14\/officiel-zakaria-signe-a-monaco\/#breadcrumb"},"inLanguage":"fr-FR","potentialAction":[{"@type":"ReadAction","target":["https:\/\/www.ladiagonale.net\/index.php\/2023\/08\/14\/officiel-zakaria-signe-a-monaco\/"]}]},{"@type":"BreadcrumbList","@id":"https:\/\/www.ladiagonale.net\/index.php\/2023\/08\/14\/officiel-zakaria-signe-a-monaco\/#breadcrumb","itemListElement":[{"@type":"ListItem","position":1,"name":"Accueil","item":"https:\/\/www.ladiagonale.net\/"},{"@type":"ListItem","position":2,"name":"Officiel : Zakaria signe \u00e0 Monaco"}]},{"@type":"WebSite","@id":"https:\/\/www.ladiagonale.net\/#website","url":"https:\/\/www.ladiagonale.net\/","name":"La Diagonale","description":"Le site des supporters de l&#039;AS Monaco FC","potentialAction":[{"@type":"SearchAction","target":{"@type":"EntryPoint","urlTemplate":"https:\/\/www.ladiagonale.net\/?s={search_term_string}"},"query-input":"required name=search_term_string"}],"inLanguage":"fr-FR"},{"@type":"Person","@id":"https:\/\/www.ladiagonale.net\/#\/schema\/person\/79ff1e7b0853ed01b2aa26e64ad300bf","name":"Damien Dellerba","image":{"@type":"ImageObject","inLanguage":"fr-FR","@id":"https:\/\/www.ladiagonale.net\/#\/schema\/person\/image\/","url":"https:\/\/secure.gravatar.com\/avatar\/c7850e06d3ff63cdbaee88b7fc16e2f0?s=96&d=mm&r=g","contentUrl":"https:\/\/secure.gravatar.com\/avatar\/c7850e06d3ff63cdbaee88b7fc16e2f0?s=96&d=mm&r=g","caption":"Damien Dellerba"},"url":"https:\/\/www.ladiagonale.net\/index.php\/author\/damien\/"}]}},"_links":{"self":[{"href":"https:\/\/www.ladiagonale.net\/index.php\/wp-json\/wp\/v2\/posts\/15105"}],"collection":[{"href":"https:\/\/www.ladiagonale.net\/index.php\/wp-json\/wp\/v2\/posts"}],"about":[{"href":"https:\/\/www.ladiagonale.net\/index.php\/wp-json\/wp\/v2\/types\/post"}],"author":[{"embeddable":true,"href":"https:\/\/www.ladiagonale.net\/index.php\/wp-json\/wp\/v2\/users\/2"}],"replies":[{"embeddable":true,"href":"https:\/\/www.ladiagonale.net\/index.php\/wp-json\/wp\/v2\/comments?post=15105"}],"version-history":[{"count":11,"href":"https:\/\/www.ladiagonale.net\/index.php\/wp-json\/wp\/v2\/posts\/15105\/revisions"}],"predecessor-version":[{"id":15122,"href":"https:\/\/www.ladiagonale.net\/index.php\/wp-json\/wp\/v2\/posts\/15105\/revisions\/15122"}],"wp:attachment":[{"href":"https:\/\/www.ladiagonale.net\/index.php\/wp-json\/wp\/v2\/media?parent=15105"}],"wp:term":[{"taxonomy":"category","embeddable":true,"href":"https:\/\/www.ladiagonale.net\/index.php\/wp-json\/wp\/v2\/categories?post=15105"},{"taxonomy":"post_tag","embeddable":true,"href":"https:\/\/www.ladiagonale.net\/index.php\/wp-json\/wp\/v2\/tags?post=15105"}],"curies":[{"name":"wp","href":"https:\/\/api.w.org\/{rel}","templated":true}]}}