{"id":15124,"date":"2023-08-15T11:53:27","date_gmt":"2023-08-15T09:53:27","guid":{"rendered":"https:\/\/www.ladiagonale.net\/?p=15124"},"modified":"2023-08-15T13:28:48","modified_gmt":"2023-08-15T11:28:48","slug":"une-premiere-offre-pour-singo","status":"publish","type":"post","link":"https:\/\/www.ladiagonale.net\/index.php\/2023\/08\/15\/une-premiere-offre-pour-singo\/","title":{"rendered":"Une premi\u00e8re offre pour Singo ?"},"content":{"rendered":"\n\n\n<p>Ce mardi, le journaliste italien Alfredo Pedulla a fait \u00e9tat d&rsquo;un possible int\u00e9r\u00eat de l&rsquo;AS Monaco pour Wilfried Singo, le lat\u00e9ral droit du Torino. Dans son \u00e9dition du jour, le quotidien transalpin <em>La Stampa<\/em> a \u00e9galement relay\u00e9 ces rumeurs et a indiqu\u00e9 que le club de la Principaut\u00e9 aurait d\u00e9j\u00e0 m\u00eame transmis une premi\u00e8re offre au <em>Toro<\/em>. Celle-ci serait \u00e9valu\u00e9e \u00e0 16 millions d&rsquo;euros, alors que l&rsquo;Ivoirien de 22 ans est en fin de contrat en juin 2024.<\/p>\n\n\n\n<p>L&rsquo;Atalanta est aussi sur les rangs et aurait une longueur d&rsquo;avance dans le dossier avec une proposition de 7 millions d&rsquo;euros plus un \u00e9change avec Brandon Soppy. L&rsquo;offre aurait toutefois pris un peu de plomb dans l&rsquo;aile depuis que Soppy aurait indiqu\u00e9 qu&rsquo;il privil\u00e9giait un d\u00e9part \u00e0 l&rsquo;\u00e9tranger.<\/p>\n\n\n\n<p>Singo a fait ses d\u00e9buts avec le Torino en 2019 et a pris part \u00e0 109 rencontres en quatre saisons. La saison derni\u00e8re, l&rsquo;international ivoirien (7 s\u00e9lections) a disput\u00e9 35 matchs avec le club turinois. Si Monaco est d\u00e9j\u00e0 pourvu au poste de lat\u00e9ral droit ou de piston droit avec Vanderson, qui a sorti une <a href=\"https:\/\/www.ladiagonale.net\/index.php\/2023\/08\/13\/les-notes-vanderson-des-larmes-a-la-joie\/\">tr\u00e8s bonne prestation contre Clermont<\/a> dimanche, elle pourrait voir <a href=\"https:\/\/www.ladiagonale.net\/index.php\/2023\/08\/13\/der-zakarian-a-appele-aguilar-qui-voudrait-revenir-a-montpellier\/\">Ruben Aguilar quitter le Rocher<\/a>. <\/p>\n","protected":false},"excerpt":{"rendered":"<p>Ce mardi, le journaliste italien Alfredo Pedulla a fait \u00e9tat d&rsquo;un possible int\u00e9r\u00eat de l&rsquo;AS Monaco pour Wilfried Singo, le lat\u00e9ral droit du Torino. Dans son \u00e9dition du jour, le quotidien transalpin La Stampa a \u00e9galement relay\u00e9 ces rumeurs et a indiqu\u00e9 que le club de la Principaut\u00e9 aurait d\u00e9j\u00e0 m\u00eame transmis une premi\u00e8re offre [&#8230;]\n","protected":false},"author":2,"featured_media":0,"comment_status":"open","ping_status":"open","sticky":false,"template":"","format":"standard","meta":[],"categories":[6],"tags":[86,111,160,110,665],"yoast_head":"<!-- This site is optimized with the Yoast SEO plugin v19.8 - https:\/\/yoast.com\/wordpress\/plugins\/seo\/ -->\n<title>Une premi\u00e8re offre pour Singo ? - La Diagonale<\/title>\n<meta name=\"robots\" content=\"index, follow, max-snippet:-1, max-image-preview:large, max-video-preview:-1\" \/>\n<link rel=\"canonical\" href=\"https:\/\/www.ladiagonale.net\/index.php\/2023\/08\/15\/une-premiere-offre-pour-singo\/\" \/>\n<meta property=\"og:locale\" content=\"fr_FR\" \/>\n<meta property=\"og:type\" content=\"article\" \/>\n<meta property=\"og:title\" content=\"Une premi\u00e8re offre pour Singo ? - La Diagonale\" \/>\n<meta property=\"og:description\" content=\"Ce mardi, le journaliste italien Alfredo Pedulla a fait \u00e9tat d&rsquo;un possible int\u00e9r\u00eat de l&rsquo;AS Monaco pour Wilfried Singo, le lat\u00e9ral droit du Torino. Dans son \u00e9dition du jour, le quotidien transalpin La Stampa a \u00e9galement relay\u00e9 ces rumeurs et a indiqu\u00e9 que le club de la Principaut\u00e9 aurait d\u00e9j\u00e0 m\u00eame transmis une premi\u00e8re offre [...]\" \/>\n<meta property=\"og:url\" content=\"https:\/\/www.ladiagonale.net\/index.php\/2023\/08\/15\/une-premiere-offre-pour-singo\/\" \/>\n<meta property=\"og:site_name\" content=\"La Diagonale\" \/>\n<meta property=\"article:published_time\" content=\"2023-08-15T09:53:27+00:00\" \/>\n<meta property=\"article:modified_time\" content=\"2023-08-15T11:28:48+00:00\" \/>\n<meta property=\"og:image\" content=\"https:\/\/www.ladiagonale.net\/wp-content\/uploads\/2023\/08\/singo.png\" \/>\n\t<meta property=\"og:image:width\" content=\"1160\" \/>\n\t<meta property=\"og:image:height\" content=\"650\" \/>\n\t<meta property=\"og:image:type\" content=\"image\/png\" \/>\n<meta name=\"author\" content=\"Damien Dellerba\" \/>\n<meta name=\"twitter:card\" content=\"summary_large_image\" \/>\n<meta name=\"twitter:image\" content=\"https:\/\/www.ladiagonale.net\/wp-content\/uploads\/2023\/08\/singo.png\" \/>\n<meta name=\"twitter:label1\" content=\"\u00c9crit par\" \/>\n\t<meta name=\"twitter:data1\" content=\"Damien Dellerba\" \/>\n\t<meta name=\"twitter:label2\" content=\"Dur\u00e9e de lecture estim\u00e9e\" \/>\n\t<meta name=\"twitter:data2\" content=\"1 minute\" \/>\n<script type=\"application\/ld+json\" class=\"yoast-schema-graph\">{\"@context\":\"https:\/\/schema.org\",\"@graph\":[{\"@type\":\"WebPage\",\"@id\":\"https:\/\/www.ladiagonale.net\/index.php\/2023\/08\/15\/une-premiere-offre-pour-singo\/\",\"url\":\"https:\/\/www.ladiagonale.net\/index.php\/2023\/08\/15\/une-premiere-offre-pour-singo\/\",\"name\":\"Une premi\u00e8re offre pour Singo ? - La Diagonale\",\"isPartOf\":{\"@id\":\"https:\/\/www.ladiagonale.net\/#website\"},\"datePublished\":\"2023-08-15T09:53:27+00:00\",\"dateModified\":\"2023-08-15T11:28:48+00:00\",\"author\":{\"@id\":\"https:\/\/www.ladiagonale.net\/#\/schema\/person\/79ff1e7b0853ed01b2aa26e64ad300bf\"},\"breadcrumb\":{\"@id\":\"https:\/\/www.ladiagonale.net\/index.php\/2023\/08\/15\/une-premiere-offre-pour-singo\/#breadcrumb\"},\"inLanguage\":\"fr-FR\",\"potentialAction\":[{\"@type\":\"ReadAction\",\"target\":[\"https:\/\/www.ladiagonale.net\/index.php\/2023\/08\/15\/une-premiere-offre-pour-singo\/\"]}]},{\"@type\":\"BreadcrumbList\",\"@id\":\"https:\/\/www.ladiagonale.net\/index.php\/2023\/08\/15\/une-premiere-offre-pour-singo\/#breadcrumb\",\"itemListElement\":[{\"@type\":\"ListItem\",\"position\":1,\"name\":\"Accueil\",\"item\":\"https:\/\/www.ladiagonale.net\/\"},{\"@type\":\"ListItem\",\"position\":2,\"name\":\"Une premi\u00e8re offre pour Singo ?\"}]},{\"@type\":\"WebSite\",\"@id\":\"https:\/\/www.ladiagonale.net\/#website\",\"url\":\"https:\/\/www.ladiagonale.net\/\",\"name\":\"La Diagonale\",\"description\":\"Le site des supporters de l&#039;AS Monaco FC\",\"potentialAction\":[{\"@type\":\"SearchAction\",\"target\":{\"@type\":\"EntryPoint\",\"urlTemplate\":\"https:\/\/www.ladiagonale.net\/?s={search_term_string}\"},\"query-input\":\"required name=search_term_string\"}],\"inLanguage\":\"fr-FR\"},{\"@type\":\"Person\",\"@id\":\"https:\/\/www.ladiagonale.net\/#\/schema\/person\/79ff1e7b0853ed01b2aa26e64ad300bf\",\"name\":\"Damien Dellerba\",\"image\":{\"@type\":\"ImageObject\",\"inLanguage\":\"fr-FR\",\"@id\":\"https:\/\/www.ladiagonale.net\/#\/schema\/person\/image\/\",\"url\":\"https:\/\/secure.gravatar.com\/avatar\/c7850e06d3ff63cdbaee88b7fc16e2f0?s=96&d=mm&r=g\",\"contentUrl\":\"https:\/\/secure.gravatar.com\/avatar\/c7850e06d3ff63cdbaee88b7fc16e2f0?s=96&d=mm&r=g\",\"caption\":\"Damien Dellerba\"},\"url\":\"https:\/\/www.ladiagonale.net\/index.php\/author\/damien\/\"}]}<\/script>\n<!-- \/ Yoast SEO plugin. -->","yoast_head_json":{"title":"Une premi\u00e8re offre pour Singo ? - La Diagonale","robots":{"index":"index","follow":"follow","max-snippet":"max-snippet:-1","max-image-preview":"max-image-preview:large","max-video-preview":"max-video-preview:-1"},"canonical":"https:\/\/www.ladiagonale.net\/index.php\/2023\/08\/15\/une-premiere-offre-pour-singo\/","og_locale":"fr_FR","og_type":"article","og_title":"Une premi\u00e8re offre pour Singo ? - La Diagonale","og_description":"Ce mardi, le journaliste italien Alfredo Pedulla a fait \u00e9tat d&rsquo;un possible int\u00e9r\u00eat de l&rsquo;AS Monaco pour Wilfried Singo, le lat\u00e9ral droit du Torino. Dans son \u00e9dition du jour, le quotidien transalpin La Stampa a \u00e9galement relay\u00e9 ces rumeurs et a indiqu\u00e9 que le club de la Principaut\u00e9 aurait d\u00e9j\u00e0 m\u00eame transmis une premi\u00e8re offre [...]","og_url":"https:\/\/www.ladiagonale.net\/index.php\/2023\/08\/15\/une-premiere-offre-pour-singo\/","og_site_name":"La Diagonale","article_published_time":"2023-08-15T09:53:27+00:00","article_modified_time":"2023-08-15T11:28:48+00:00","og_image":[{"width":1160,"height":650,"url":"https:\/\/www.ladiagonale.net\/wp-content\/uploads\/2023\/08\/singo.png","type":"image\/png"}],"author":"Damien Dellerba","twitter_card":"summary_large_image","twitter_image":"https:\/\/www.ladiagonale.net\/wp-content\/uploads\/2023\/08\/singo.png","twitter_misc":{"\u00c9crit par":"Damien Dellerba","Dur\u00e9e de lecture estim\u00e9e":"1 minute"},"schema":{"@context":"https:\/\/schema.org","@graph":[{"@type":"WebPage","@id":"https:\/\/www.ladiagonale.net\/index.php\/2023\/08\/15\/une-premiere-offre-pour-singo\/","url":"https:\/\/www.ladiagonale.net\/index.php\/2023\/08\/15\/une-premiere-offre-pour-singo\/","name":"Une premi\u00e8re offre pour Singo ? - La Diagonale","isPartOf":{"@id":"https:\/\/www.ladiagonale.net\/#website"},"datePublished":"2023-08-15T09:53:27+00:00","dateModified":"2023-08-15T11:28:48+00:00","author":{"@id":"https:\/\/www.ladiagonale.net\/#\/schema\/person\/79ff1e7b0853ed01b2aa26e64ad300bf"},"breadcrumb":{"@id":"https:\/\/www.ladiagonale.net\/index.php\/2023\/08\/15\/une-premiere-offre-pour-singo\/#breadcrumb"},"inLanguage":"fr-FR","potentialAction":[{"@type":"ReadAction","target":["https:\/\/www.ladiagonale.net\/index.php\/2023\/08\/15\/une-premiere-offre-pour-singo\/"]}]},{"@type":"BreadcrumbList","@id":"https:\/\/www.ladiagonale.net\/index.php\/2023\/08\/15\/une-premiere-offre-pour-singo\/#breadcrumb","itemListElement":[{"@type":"ListItem","position":1,"name":"Accueil","item":"https:\/\/www.ladiagonale.net\/"},{"@type":"ListItem","position":2,"name":"Une premi\u00e8re offre pour Singo ?"}]},{"@type":"WebSite","@id":"https:\/\/www.ladiagonale.net\/#website","url":"https:\/\/www.ladiagonale.net\/","name":"La Diagonale","description":"Le site des supporters de l&#039;AS Monaco FC","potentialAction":[{"@type":"SearchAction","target":{"@type":"EntryPoint","urlTemplate":"https:\/\/www.ladiagonale.net\/?s={search_term_string}"},"query-input":"required name=search_term_string"}],"inLanguage":"fr-FR"},{"@type":"Person","@id":"https:\/\/www.ladiagonale.net\/#\/schema\/person\/79ff1e7b0853ed01b2aa26e64ad300bf","name":"Damien Dellerba","image":{"@type":"ImageObject","inLanguage":"fr-FR","@id":"https:\/\/www.ladiagonale.net\/#\/schema\/person\/image\/","url":"https:\/\/secure.gravatar.com\/avatar\/c7850e06d3ff63cdbaee88b7fc16e2f0?s=96&d=mm&r=g","contentUrl":"https:\/\/secure.gravatar.com\/avatar\/c7850e06d3ff63cdbaee88b7fc16e2f0?s=96&d=mm&r=g","caption":"Damien Dellerba"},"url":"https:\/\/www.ladiagonale.net\/index.php\/author\/damien\/"}]}},"_links":{"self":[{"href":"https:\/\/www.ladiagonale.net\/index.php\/wp-json\/wp\/v2\/posts\/15124"}],"collection":[{"href":"https:\/\/www.ladiagonale.net\/index.php\/wp-json\/wp\/v2\/posts"}],"about":[{"href":"https:\/\/www.ladiagonale.net\/index.php\/wp-json\/wp\/v2\/types\/post"}],"author":[{"embeddable":true,"href":"https:\/\/www.ladiagonale.net\/index.php\/wp-json\/wp\/v2\/users\/2"}],"replies":[{"embeddable":true,"href":"https:\/\/www.ladiagonale.net\/index.php\/wp-json\/wp\/v2\/comments?post=15124"}],"version-history":[{"count":5,"href":"https:\/\/www.ladiagonale.net\/index.php\/wp-json\/wp\/v2\/posts\/15124\/revisions"}],"predecessor-version":[{"id":15136,"href":"https:\/\/www.ladiagonale.net\/index.php\/wp-json\/wp\/v2\/posts\/15124\/revisions\/15136"}],"wp:attachment":[{"href":"https:\/\/www.ladiagonale.net\/index.php\/wp-json\/wp\/v2\/media?parent=15124"}],"wp:term":[{"taxonomy":"category","embeddable":true,"href":"https:\/\/www.ladiagonale.net\/index.php\/wp-json\/wp\/v2\/categories?post=15124"},{"taxonomy":"post_tag","embeddable":true,"href":"https:\/\/www.ladiagonale.net\/index.php\/wp-json\/wp\/v2\/tags?post=15124"}],"curies":[{"name":"wp","href":"https:\/\/api.w.org\/{rel}","templated":true}]}}