{"id":15130,"date":"2023-08-15T17:06:44","date_gmt":"2023-08-15T15:06:44","guid":{"rendered":"https:\/\/www.ladiagonale.net\/?p=15130"},"modified":"2023-08-15T17:06:47","modified_gmt":"2023-08-15T15:06:47","slug":"linteret-pour-hazard-dementi-par-nice-matin","status":"publish","type":"post","link":"https:\/\/www.ladiagonale.net\/index.php\/2023\/08\/15\/linteret-pour-hazard-dementi-par-nice-matin\/","title":{"rendered":"L&rsquo;int\u00e9r\u00eat pour Hazard d\u00e9menti par Nice-Matin"},"content":{"rendered":"\n\n\n<p>Il y a quelques jours, <em>Foot Mercato<\/em> avait avanc\u00e9 <a href=\"https:\/\/www.ladiagonale.net\/index.php\/2023\/08\/12\/des-discussions-avec-hazard\/\">un int\u00e9r\u00eat de l&rsquo;AS Monaco pour Thorgan Hazard<\/a>, le fr\u00e8re cadet d&rsquo;Eden Hazard, et qui \u00e9volue actuellement au Borussia Dortmund, o\u00f9 il lui reste un an de contrat. Des discussions aurait \u00e9t\u00e9 meme \u00e9t\u00e9 entam\u00e9e, comme l&rsquo;avait ajout\u00e9 le journaliste belge Sacha Tavolier. Mais selon Nice-Matin, il n&rsquo;en serait rien et Hazard ne serait \u00ab\u00a0<em>pas\u00a0une piste explor\u00e9e par l&rsquo;ASM<\/em> \u00bb. <\/p>\n\n\n\n<p>L&rsquo;international belge, qui peut \u00e9voluer comme milieu offensif ou comme piston, ne semble donc pas \u00eatre ce que cherche le club de la Principaut\u00e9, qui, apr\u00e8s avoir fait venir Denis Zakaria, se concentre surtout pour trouver un d\u00e9fenseur central suppl\u00e9mentaire et un autre attaquant.<\/p>\n","protected":false},"excerpt":{"rendered":"<p>Il y a quelques jours, Foot Mercato avait avanc\u00e9 un int\u00e9r\u00eat de l&rsquo;AS Monaco pour Thorgan Hazard, le fr\u00e8re cadet d&rsquo;Eden Hazard, et qui \u00e9volue actuellement au Borussia Dortmund, o\u00f9 il lui reste un an de contrat. Des discussions aurait \u00e9t\u00e9 meme \u00e9t\u00e9 entam\u00e9e, comme l&rsquo;avait ajout\u00e9 le journaliste belge Sacha Tavolier. Mais selon Nice-Matin, [&#8230;]\n","protected":false},"author":2,"featured_media":0,"comment_status":"open","ping_status":"open","sticky":false,"template":"","format":"standard","meta":[],"categories":[6],"tags":[86,111,661,110],"yoast_head":"<!-- This site is optimized with the Yoast SEO plugin v19.8 - https:\/\/yoast.com\/wordpress\/plugins\/seo\/ -->\n<title>L&#039;int\u00e9r\u00eat pour Hazard d\u00e9menti par Nice-Matin - La Diagonale<\/title>\n<meta name=\"robots\" content=\"index, follow, max-snippet:-1, max-image-preview:large, max-video-preview:-1\" \/>\n<link rel=\"canonical\" href=\"https:\/\/www.ladiagonale.net\/index.php\/2023\/08\/15\/linteret-pour-hazard-dementi-par-nice-matin\/\" \/>\n<meta property=\"og:locale\" content=\"fr_FR\" \/>\n<meta property=\"og:type\" content=\"article\" \/>\n<meta property=\"og:title\" content=\"L&#039;int\u00e9r\u00eat pour Hazard d\u00e9menti par Nice-Matin - La Diagonale\" \/>\n<meta property=\"og:description\" content=\"Il y a quelques jours, Foot Mercato avait avanc\u00e9 un int\u00e9r\u00eat de l&rsquo;AS Monaco pour Thorgan Hazard, le fr\u00e8re cadet d&rsquo;Eden Hazard, et qui \u00e9volue actuellement au Borussia Dortmund, o\u00f9 il lui reste un an de contrat. Des discussions aurait \u00e9t\u00e9 meme \u00e9t\u00e9 entam\u00e9e, comme l&rsquo;avait ajout\u00e9 le journaliste belge Sacha Tavolier. Mais selon Nice-Matin, [...]\" \/>\n<meta property=\"og:url\" content=\"https:\/\/www.ladiagonale.net\/index.php\/2023\/08\/15\/linteret-pour-hazard-dementi-par-nice-matin\/\" \/>\n<meta property=\"og:site_name\" content=\"La Diagonale\" \/>\n<meta property=\"article:published_time\" content=\"2023-08-15T15:06:44+00:00\" \/>\n<meta property=\"article:modified_time\" content=\"2023-08-15T15:06:47+00:00\" \/>\n<meta property=\"og:image\" content=\"https:\/\/www.ladiagonale.net\/wp-content\/uploads\/2023\/08\/hazard.png\" \/>\n\t<meta property=\"og:image:width\" content=\"1160\" \/>\n\t<meta property=\"og:image:height\" content=\"650\" \/>\n\t<meta property=\"og:image:type\" content=\"image\/png\" \/>\n<meta name=\"author\" content=\"Damien Dellerba\" \/>\n<meta name=\"twitter:card\" content=\"summary_large_image\" \/>\n<meta name=\"twitter:image\" content=\"https:\/\/www.ladiagonale.net\/wp-content\/uploads\/2023\/08\/hazard.png\" \/>\n<meta name=\"twitter:label1\" content=\"\u00c9crit par\" \/>\n\t<meta name=\"twitter:data1\" content=\"Damien Dellerba\" \/>\n\t<meta name=\"twitter:label2\" content=\"Dur\u00e9e de lecture estim\u00e9e\" \/>\n\t<meta name=\"twitter:data2\" content=\"1 minute\" \/>\n<script type=\"application\/ld+json\" class=\"yoast-schema-graph\">{\"@context\":\"https:\/\/schema.org\",\"@graph\":[{\"@type\":\"WebPage\",\"@id\":\"https:\/\/www.ladiagonale.net\/index.php\/2023\/08\/15\/linteret-pour-hazard-dementi-par-nice-matin\/\",\"url\":\"https:\/\/www.ladiagonale.net\/index.php\/2023\/08\/15\/linteret-pour-hazard-dementi-par-nice-matin\/\",\"name\":\"L'int\u00e9r\u00eat pour Hazard d\u00e9menti par Nice-Matin - La Diagonale\",\"isPartOf\":{\"@id\":\"https:\/\/www.ladiagonale.net\/#website\"},\"datePublished\":\"2023-08-15T15:06:44+00:00\",\"dateModified\":\"2023-08-15T15:06:47+00:00\",\"author\":{\"@id\":\"https:\/\/www.ladiagonale.net\/#\/schema\/person\/79ff1e7b0853ed01b2aa26e64ad300bf\"},\"breadcrumb\":{\"@id\":\"https:\/\/www.ladiagonale.net\/index.php\/2023\/08\/15\/linteret-pour-hazard-dementi-par-nice-matin\/#breadcrumb\"},\"inLanguage\":\"fr-FR\",\"potentialAction\":[{\"@type\":\"ReadAction\",\"target\":[\"https:\/\/www.ladiagonale.net\/index.php\/2023\/08\/15\/linteret-pour-hazard-dementi-par-nice-matin\/\"]}]},{\"@type\":\"BreadcrumbList\",\"@id\":\"https:\/\/www.ladiagonale.net\/index.php\/2023\/08\/15\/linteret-pour-hazard-dementi-par-nice-matin\/#breadcrumb\",\"itemListElement\":[{\"@type\":\"ListItem\",\"position\":1,\"name\":\"Accueil\",\"item\":\"https:\/\/www.ladiagonale.net\/\"},{\"@type\":\"ListItem\",\"position\":2,\"name\":\"L&rsquo;int\u00e9r\u00eat pour Hazard d\u00e9menti par Nice-Matin\"}]},{\"@type\":\"WebSite\",\"@id\":\"https:\/\/www.ladiagonale.net\/#website\",\"url\":\"https:\/\/www.ladiagonale.net\/\",\"name\":\"La Diagonale\",\"description\":\"Le site des supporters de l&#039;AS Monaco FC\",\"potentialAction\":[{\"@type\":\"SearchAction\",\"target\":{\"@type\":\"EntryPoint\",\"urlTemplate\":\"https:\/\/www.ladiagonale.net\/?s={search_term_string}\"},\"query-input\":\"required name=search_term_string\"}],\"inLanguage\":\"fr-FR\"},{\"@type\":\"Person\",\"@id\":\"https:\/\/www.ladiagonale.net\/#\/schema\/person\/79ff1e7b0853ed01b2aa26e64ad300bf\",\"name\":\"Damien Dellerba\",\"image\":{\"@type\":\"ImageObject\",\"inLanguage\":\"fr-FR\",\"@id\":\"https:\/\/www.ladiagonale.net\/#\/schema\/person\/image\/\",\"url\":\"https:\/\/secure.gravatar.com\/avatar\/c7850e06d3ff63cdbaee88b7fc16e2f0?s=96&d=mm&r=g\",\"contentUrl\":\"https:\/\/secure.gravatar.com\/avatar\/c7850e06d3ff63cdbaee88b7fc16e2f0?s=96&d=mm&r=g\",\"caption\":\"Damien Dellerba\"},\"url\":\"https:\/\/www.ladiagonale.net\/index.php\/author\/damien\/\"}]}<\/script>\n<!-- \/ Yoast SEO plugin. -->","yoast_head_json":{"title":"L'int\u00e9r\u00eat pour Hazard d\u00e9menti par Nice-Matin - La Diagonale","robots":{"index":"index","follow":"follow","max-snippet":"max-snippet:-1","max-image-preview":"max-image-preview:large","max-video-preview":"max-video-preview:-1"},"canonical":"https:\/\/www.ladiagonale.net\/index.php\/2023\/08\/15\/linteret-pour-hazard-dementi-par-nice-matin\/","og_locale":"fr_FR","og_type":"article","og_title":"L'int\u00e9r\u00eat pour Hazard d\u00e9menti par Nice-Matin - La Diagonale","og_description":"Il y a quelques jours, Foot Mercato avait avanc\u00e9 un int\u00e9r\u00eat de l&rsquo;AS Monaco pour Thorgan Hazard, le fr\u00e8re cadet d&rsquo;Eden Hazard, et qui \u00e9volue actuellement au Borussia Dortmund, o\u00f9 il lui reste un an de contrat. Des discussions aurait \u00e9t\u00e9 meme \u00e9t\u00e9 entam\u00e9e, comme l&rsquo;avait ajout\u00e9 le journaliste belge Sacha Tavolier. Mais selon Nice-Matin, [...]","og_url":"https:\/\/www.ladiagonale.net\/index.php\/2023\/08\/15\/linteret-pour-hazard-dementi-par-nice-matin\/","og_site_name":"La Diagonale","article_published_time":"2023-08-15T15:06:44+00:00","article_modified_time":"2023-08-15T15:06:47+00:00","og_image":[{"width":1160,"height":650,"url":"https:\/\/www.ladiagonale.net\/wp-content\/uploads\/2023\/08\/hazard.png","type":"image\/png"}],"author":"Damien Dellerba","twitter_card":"summary_large_image","twitter_image":"https:\/\/www.ladiagonale.net\/wp-content\/uploads\/2023\/08\/hazard.png","twitter_misc":{"\u00c9crit par":"Damien Dellerba","Dur\u00e9e de lecture estim\u00e9e":"1 minute"},"schema":{"@context":"https:\/\/schema.org","@graph":[{"@type":"WebPage","@id":"https:\/\/www.ladiagonale.net\/index.php\/2023\/08\/15\/linteret-pour-hazard-dementi-par-nice-matin\/","url":"https:\/\/www.ladiagonale.net\/index.php\/2023\/08\/15\/linteret-pour-hazard-dementi-par-nice-matin\/","name":"L'int\u00e9r\u00eat pour Hazard d\u00e9menti par Nice-Matin - La Diagonale","isPartOf":{"@id":"https:\/\/www.ladiagonale.net\/#website"},"datePublished":"2023-08-15T15:06:44+00:00","dateModified":"2023-08-15T15:06:47+00:00","author":{"@id":"https:\/\/www.ladiagonale.net\/#\/schema\/person\/79ff1e7b0853ed01b2aa26e64ad300bf"},"breadcrumb":{"@id":"https:\/\/www.ladiagonale.net\/index.php\/2023\/08\/15\/linteret-pour-hazard-dementi-par-nice-matin\/#breadcrumb"},"inLanguage":"fr-FR","potentialAction":[{"@type":"ReadAction","target":["https:\/\/www.ladiagonale.net\/index.php\/2023\/08\/15\/linteret-pour-hazard-dementi-par-nice-matin\/"]}]},{"@type":"BreadcrumbList","@id":"https:\/\/www.ladiagonale.net\/index.php\/2023\/08\/15\/linteret-pour-hazard-dementi-par-nice-matin\/#breadcrumb","itemListElement":[{"@type":"ListItem","position":1,"name":"Accueil","item":"https:\/\/www.ladiagonale.net\/"},{"@type":"ListItem","position":2,"name":"L&rsquo;int\u00e9r\u00eat pour Hazard d\u00e9menti par Nice-Matin"}]},{"@type":"WebSite","@id":"https:\/\/www.ladiagonale.net\/#website","url":"https:\/\/www.ladiagonale.net\/","name":"La Diagonale","description":"Le site des supporters de l&#039;AS Monaco FC","potentialAction":[{"@type":"SearchAction","target":{"@type":"EntryPoint","urlTemplate":"https:\/\/www.ladiagonale.net\/?s={search_term_string}"},"query-input":"required name=search_term_string"}],"inLanguage":"fr-FR"},{"@type":"Person","@id":"https:\/\/www.ladiagonale.net\/#\/schema\/person\/79ff1e7b0853ed01b2aa26e64ad300bf","name":"Damien Dellerba","image":{"@type":"ImageObject","inLanguage":"fr-FR","@id":"https:\/\/www.ladiagonale.net\/#\/schema\/person\/image\/","url":"https:\/\/secure.gravatar.com\/avatar\/c7850e06d3ff63cdbaee88b7fc16e2f0?s=96&d=mm&r=g","contentUrl":"https:\/\/secure.gravatar.com\/avatar\/c7850e06d3ff63cdbaee88b7fc16e2f0?s=96&d=mm&r=g","caption":"Damien Dellerba"},"url":"https:\/\/www.ladiagonale.net\/index.php\/author\/damien\/"}]}},"_links":{"self":[{"href":"https:\/\/www.ladiagonale.net\/index.php\/wp-json\/wp\/v2\/posts\/15130"}],"collection":[{"href":"https:\/\/www.ladiagonale.net\/index.php\/wp-json\/wp\/v2\/posts"}],"about":[{"href":"https:\/\/www.ladiagonale.net\/index.php\/wp-json\/wp\/v2\/types\/post"}],"author":[{"embeddable":true,"href":"https:\/\/www.ladiagonale.net\/index.php\/wp-json\/wp\/v2\/users\/2"}],"replies":[{"embeddable":true,"href":"https:\/\/www.ladiagonale.net\/index.php\/wp-json\/wp\/v2\/comments?post=15130"}],"version-history":[{"count":2,"href":"https:\/\/www.ladiagonale.net\/index.php\/wp-json\/wp\/v2\/posts\/15130\/revisions"}],"predecessor-version":[{"id":15137,"href":"https:\/\/www.ladiagonale.net\/index.php\/wp-json\/wp\/v2\/posts\/15130\/revisions\/15137"}],"wp:attachment":[{"href":"https:\/\/www.ladiagonale.net\/index.php\/wp-json\/wp\/v2\/media?parent=15130"}],"wp:term":[{"taxonomy":"category","embeddable":true,"href":"https:\/\/www.ladiagonale.net\/index.php\/wp-json\/wp\/v2\/categories?post=15130"},{"taxonomy":"post_tag","embeddable":true,"href":"https:\/\/www.ladiagonale.net\/index.php\/wp-json\/wp\/v2\/tags?post=15130"}],"curies":[{"name":"wp","href":"https:\/\/api.w.org\/{rel}","templated":true}]}}