{"id":15141,"date":"2023-08-15T19:05:44","date_gmt":"2023-08-15T17:05:44","guid":{"rendered":"https:\/\/www.ladiagonale.net\/?p=15141"},"modified":"2023-08-15T19:05:48","modified_gmt":"2023-08-15T17:05:48","slug":"trois-joueurs-de-lacademy-en-selection","status":"publish","type":"post","link":"https:\/\/www.ladiagonale.net\/index.php\/2023\/08\/15\/trois-joueurs-de-lacademy-en-selection\/","title":{"rendered":"Trois joueurs de l&rsquo;Academy en s\u00e9lection"},"content":{"rendered":"\n\n\n<p>La comp\u00e9tition n&rsquo;a pas encore repris pour les \u00e9quipes de l&rsquo;Academy mais plusieurs jeunes pousses as\u00e9mistes ont \u00e9t\u00e9 convoqu\u00e9es avec les s\u00e9lections de jeunes de l&rsquo;\u00e9quipe de France. Nick Mokabakila et Pape Cabral, qui \u00e9voluaient avec les U17 de l&rsquo;AS Monaco l&rsquo;an dernier et avec les U16 tricolores, vont monter d&rsquo;une cat\u00e9gorie. Jos\u00e9 Alcocer, qui suit la g\u00e9n\u00e9ration 2007 en prenant la t\u00eate des U17, a convoqu\u00e9 les deux joueurs pour un stage \u00e0 Clairefontaine, entre le 21 et le 24 ao\u00fbt.<\/p>\n\n\n\n<p>Au menu, il y aura un match face \u00e0 l&rsquo;\u00e9quipe U19 de QRM le 23 ao\u00fbt puis un second contre les U16 fran\u00e7ais le lendemain. Dans cette derni\u00e8re s\u00e9lection, \u00e9galement convoqu\u00e9e pour un stage aux m\u00eames dates, on trouvera un autre Mon\u00e9gasque, Massiremba Drame, qui a rejoint l&rsquo;Academy cet \u00e9t\u00e9. Avant d&rsquo;affronter leurs a\u00een\u00e9s, l&rsquo;\u00e9quipe de Lionel Rouxel jouera la veille contre les U17 de QRM.<\/p>\n","protected":false},"excerpt":{"rendered":"<p>La comp\u00e9tition n&rsquo;a pas encore repris pour les \u00e9quipes de l&rsquo;Academy mais plusieurs jeunes pousses as\u00e9mistes ont \u00e9t\u00e9 convoqu\u00e9es avec les s\u00e9lections de jeunes de l&rsquo;\u00e9quipe de France. Nick Mokabakila et Pape Cabral, qui \u00e9voluaient avec les U17 de l&rsquo;AS Monaco l&rsquo;an dernier et avec les U16 tricolores, vont monter d&rsquo;une cat\u00e9gorie. Jos\u00e9 Alcocer, qui [&#8230;]\n","protected":false},"author":2,"featured_media":0,"comment_status":"open","ping_status":"open","sticky":false,"template":"","format":"standard","meta":[],"categories":[6],"tags":[76,86,281,93,668,325,268,116],"yoast_head":"<!-- This site is optimized with the Yoast SEO plugin v19.8 - https:\/\/yoast.com\/wordpress\/plugins\/seo\/ -->\n<title>Trois joueurs de l&#039;Academy en s\u00e9lection - La Diagonale<\/title>\n<meta name=\"robots\" content=\"index, follow, max-snippet:-1, max-image-preview:large, max-video-preview:-1\" \/>\n<link rel=\"canonical\" href=\"https:\/\/www.ladiagonale.net\/index.php\/2023\/08\/15\/trois-joueurs-de-lacademy-en-selection\/\" \/>\n<meta property=\"og:locale\" content=\"fr_FR\" \/>\n<meta property=\"og:type\" content=\"article\" \/>\n<meta property=\"og:title\" content=\"Trois joueurs de l&#039;Academy en s\u00e9lection - La Diagonale\" \/>\n<meta property=\"og:description\" content=\"La comp\u00e9tition n&rsquo;a pas encore repris pour les \u00e9quipes de l&rsquo;Academy mais plusieurs jeunes pousses as\u00e9mistes ont \u00e9t\u00e9 convoqu\u00e9es avec les s\u00e9lections de jeunes de l&rsquo;\u00e9quipe de France. Nick Mokabakila et Pape Cabral, qui \u00e9voluaient avec les U17 de l&rsquo;AS Monaco l&rsquo;an dernier et avec les U16 tricolores, vont monter d&rsquo;une cat\u00e9gorie. Jos\u00e9 Alcocer, qui [...]\" \/>\n<meta property=\"og:url\" content=\"https:\/\/www.ladiagonale.net\/index.php\/2023\/08\/15\/trois-joueurs-de-lacademy-en-selection\/\" \/>\n<meta property=\"og:site_name\" content=\"La Diagonale\" \/>\n<meta property=\"article:published_time\" content=\"2023-08-15T17:05:44+00:00\" \/>\n<meta property=\"article:modified_time\" content=\"2023-08-15T17:05:48+00:00\" \/>\n<meta property=\"og:image\" content=\"https:\/\/www.ladiagonale.net\/wp-content\/uploads\/2023\/05\/cabral-france.png\" \/>\n\t<meta property=\"og:image:width\" content=\"1160\" \/>\n\t<meta property=\"og:image:height\" content=\"650\" \/>\n\t<meta property=\"og:image:type\" content=\"image\/png\" \/>\n<meta name=\"author\" content=\"Damien Dellerba\" \/>\n<meta name=\"twitter:card\" content=\"summary_large_image\" \/>\n<meta name=\"twitter:image\" content=\"https:\/\/www.ladiagonale.net\/wp-content\/uploads\/2023\/05\/cabral-france.png\" \/>\n<meta name=\"twitter:label1\" content=\"\u00c9crit par\" \/>\n\t<meta name=\"twitter:data1\" content=\"Damien Dellerba\" \/>\n\t<meta name=\"twitter:label2\" content=\"Dur\u00e9e de lecture estim\u00e9e\" \/>\n\t<meta name=\"twitter:data2\" content=\"1 minute\" \/>\n<script type=\"application\/ld+json\" class=\"yoast-schema-graph\">{\"@context\":\"https:\/\/schema.org\",\"@graph\":[{\"@type\":\"WebPage\",\"@id\":\"https:\/\/www.ladiagonale.net\/index.php\/2023\/08\/15\/trois-joueurs-de-lacademy-en-selection\/\",\"url\":\"https:\/\/www.ladiagonale.net\/index.php\/2023\/08\/15\/trois-joueurs-de-lacademy-en-selection\/\",\"name\":\"Trois joueurs de l'Academy en s\u00e9lection - La Diagonale\",\"isPartOf\":{\"@id\":\"https:\/\/www.ladiagonale.net\/#website\"},\"datePublished\":\"2023-08-15T17:05:44+00:00\",\"dateModified\":\"2023-08-15T17:05:48+00:00\",\"author\":{\"@id\":\"https:\/\/www.ladiagonale.net\/#\/schema\/person\/79ff1e7b0853ed01b2aa26e64ad300bf\"},\"breadcrumb\":{\"@id\":\"https:\/\/www.ladiagonale.net\/index.php\/2023\/08\/15\/trois-joueurs-de-lacademy-en-selection\/#breadcrumb\"},\"inLanguage\":\"fr-FR\",\"potentialAction\":[{\"@type\":\"ReadAction\",\"target\":[\"https:\/\/www.ladiagonale.net\/index.php\/2023\/08\/15\/trois-joueurs-de-lacademy-en-selection\/\"]}]},{\"@type\":\"BreadcrumbList\",\"@id\":\"https:\/\/www.ladiagonale.net\/index.php\/2023\/08\/15\/trois-joueurs-de-lacademy-en-selection\/#breadcrumb\",\"itemListElement\":[{\"@type\":\"ListItem\",\"position\":1,\"name\":\"Accueil\",\"item\":\"https:\/\/www.ladiagonale.net\/\"},{\"@type\":\"ListItem\",\"position\":2,\"name\":\"Trois joueurs de l&rsquo;Academy en s\u00e9lection\"}]},{\"@type\":\"WebSite\",\"@id\":\"https:\/\/www.ladiagonale.net\/#website\",\"url\":\"https:\/\/www.ladiagonale.net\/\",\"name\":\"La Diagonale\",\"description\":\"Le site des supporters de l&#039;AS Monaco FC\",\"potentialAction\":[{\"@type\":\"SearchAction\",\"target\":{\"@type\":\"EntryPoint\",\"urlTemplate\":\"https:\/\/www.ladiagonale.net\/?s={search_term_string}\"},\"query-input\":\"required name=search_term_string\"}],\"inLanguage\":\"fr-FR\"},{\"@type\":\"Person\",\"@id\":\"https:\/\/www.ladiagonale.net\/#\/schema\/person\/79ff1e7b0853ed01b2aa26e64ad300bf\",\"name\":\"Damien Dellerba\",\"image\":{\"@type\":\"ImageObject\",\"inLanguage\":\"fr-FR\",\"@id\":\"https:\/\/www.ladiagonale.net\/#\/schema\/person\/image\/\",\"url\":\"https:\/\/secure.gravatar.com\/avatar\/c7850e06d3ff63cdbaee88b7fc16e2f0?s=96&d=mm&r=g\",\"contentUrl\":\"https:\/\/secure.gravatar.com\/avatar\/c7850e06d3ff63cdbaee88b7fc16e2f0?s=96&d=mm&r=g\",\"caption\":\"Damien Dellerba\"},\"url\":\"https:\/\/www.ladiagonale.net\/index.php\/author\/damien\/\"}]}<\/script>\n<!-- \/ Yoast SEO plugin. -->","yoast_head_json":{"title":"Trois joueurs de l'Academy en s\u00e9lection - La Diagonale","robots":{"index":"index","follow":"follow","max-snippet":"max-snippet:-1","max-image-preview":"max-image-preview:large","max-video-preview":"max-video-preview:-1"},"canonical":"https:\/\/www.ladiagonale.net\/index.php\/2023\/08\/15\/trois-joueurs-de-lacademy-en-selection\/","og_locale":"fr_FR","og_type":"article","og_title":"Trois joueurs de l'Academy en s\u00e9lection - La Diagonale","og_description":"La comp\u00e9tition n&rsquo;a pas encore repris pour les \u00e9quipes de l&rsquo;Academy mais plusieurs jeunes pousses as\u00e9mistes ont \u00e9t\u00e9 convoqu\u00e9es avec les s\u00e9lections de jeunes de l&rsquo;\u00e9quipe de France. Nick Mokabakila et Pape Cabral, qui \u00e9voluaient avec les U17 de l&rsquo;AS Monaco l&rsquo;an dernier et avec les U16 tricolores, vont monter d&rsquo;une cat\u00e9gorie. Jos\u00e9 Alcocer, qui [...]","og_url":"https:\/\/www.ladiagonale.net\/index.php\/2023\/08\/15\/trois-joueurs-de-lacademy-en-selection\/","og_site_name":"La Diagonale","article_published_time":"2023-08-15T17:05:44+00:00","article_modified_time":"2023-08-15T17:05:48+00:00","og_image":[{"width":1160,"height":650,"url":"https:\/\/www.ladiagonale.net\/wp-content\/uploads\/2023\/05\/cabral-france.png","type":"image\/png"}],"author":"Damien Dellerba","twitter_card":"summary_large_image","twitter_image":"https:\/\/www.ladiagonale.net\/wp-content\/uploads\/2023\/05\/cabral-france.png","twitter_misc":{"\u00c9crit par":"Damien Dellerba","Dur\u00e9e de lecture estim\u00e9e":"1 minute"},"schema":{"@context":"https:\/\/schema.org","@graph":[{"@type":"WebPage","@id":"https:\/\/www.ladiagonale.net\/index.php\/2023\/08\/15\/trois-joueurs-de-lacademy-en-selection\/","url":"https:\/\/www.ladiagonale.net\/index.php\/2023\/08\/15\/trois-joueurs-de-lacademy-en-selection\/","name":"Trois joueurs de l'Academy en s\u00e9lection - La Diagonale","isPartOf":{"@id":"https:\/\/www.ladiagonale.net\/#website"},"datePublished":"2023-08-15T17:05:44+00:00","dateModified":"2023-08-15T17:05:48+00:00","author":{"@id":"https:\/\/www.ladiagonale.net\/#\/schema\/person\/79ff1e7b0853ed01b2aa26e64ad300bf"},"breadcrumb":{"@id":"https:\/\/www.ladiagonale.net\/index.php\/2023\/08\/15\/trois-joueurs-de-lacademy-en-selection\/#breadcrumb"},"inLanguage":"fr-FR","potentialAction":[{"@type":"ReadAction","target":["https:\/\/www.ladiagonale.net\/index.php\/2023\/08\/15\/trois-joueurs-de-lacademy-en-selection\/"]}]},{"@type":"BreadcrumbList","@id":"https:\/\/www.ladiagonale.net\/index.php\/2023\/08\/15\/trois-joueurs-de-lacademy-en-selection\/#breadcrumb","itemListElement":[{"@type":"ListItem","position":1,"name":"Accueil","item":"https:\/\/www.ladiagonale.net\/"},{"@type":"ListItem","position":2,"name":"Trois joueurs de l&rsquo;Academy en s\u00e9lection"}]},{"@type":"WebSite","@id":"https:\/\/www.ladiagonale.net\/#website","url":"https:\/\/www.ladiagonale.net\/","name":"La Diagonale","description":"Le site des supporters de l&#039;AS Monaco FC","potentialAction":[{"@type":"SearchAction","target":{"@type":"EntryPoint","urlTemplate":"https:\/\/www.ladiagonale.net\/?s={search_term_string}"},"query-input":"required name=search_term_string"}],"inLanguage":"fr-FR"},{"@type":"Person","@id":"https:\/\/www.ladiagonale.net\/#\/schema\/person\/79ff1e7b0853ed01b2aa26e64ad300bf","name":"Damien Dellerba","image":{"@type":"ImageObject","inLanguage":"fr-FR","@id":"https:\/\/www.ladiagonale.net\/#\/schema\/person\/image\/","url":"https:\/\/secure.gravatar.com\/avatar\/c7850e06d3ff63cdbaee88b7fc16e2f0?s=96&d=mm&r=g","contentUrl":"https:\/\/secure.gravatar.com\/avatar\/c7850e06d3ff63cdbaee88b7fc16e2f0?s=96&d=mm&r=g","caption":"Damien Dellerba"},"url":"https:\/\/www.ladiagonale.net\/index.php\/author\/damien\/"}]}},"_links":{"self":[{"href":"https:\/\/www.ladiagonale.net\/index.php\/wp-json\/wp\/v2\/posts\/15141"}],"collection":[{"href":"https:\/\/www.ladiagonale.net\/index.php\/wp-json\/wp\/v2\/posts"}],"about":[{"href":"https:\/\/www.ladiagonale.net\/index.php\/wp-json\/wp\/v2\/types\/post"}],"author":[{"embeddable":true,"href":"https:\/\/www.ladiagonale.net\/index.php\/wp-json\/wp\/v2\/users\/2"}],"replies":[{"embeddable":true,"href":"https:\/\/www.ladiagonale.net\/index.php\/wp-json\/wp\/v2\/comments?post=15141"}],"version-history":[{"count":1,"href":"https:\/\/www.ladiagonale.net\/index.php\/wp-json\/wp\/v2\/posts\/15141\/revisions"}],"predecessor-version":[{"id":15142,"href":"https:\/\/www.ladiagonale.net\/index.php\/wp-json\/wp\/v2\/posts\/15141\/revisions\/15142"}],"wp:attachment":[{"href":"https:\/\/www.ladiagonale.net\/index.php\/wp-json\/wp\/v2\/media?parent=15141"}],"wp:term":[{"taxonomy":"category","embeddable":true,"href":"https:\/\/www.ladiagonale.net\/index.php\/wp-json\/wp\/v2\/categories?post=15141"},{"taxonomy":"post_tag","embeddable":true,"href":"https:\/\/www.ladiagonale.net\/index.php\/wp-json\/wp\/v2\/tags?post=15141"}],"curies":[{"name":"wp","href":"https:\/\/api.w.org\/{rel}","templated":true}]}}