{"id":15143,"date":"2023-08-15T21:54:28","date_gmt":"2023-08-15T19:54:28","guid":{"rendered":"https:\/\/www.ladiagonale.net\/?p=15143"},"modified":"2023-08-16T12:52:47","modified_gmt":"2023-08-16T10:52:47","slug":"volland-serait-en-partance-pour-lunion-berlin-actualise","status":"publish","type":"post","link":"https:\/\/www.ladiagonale.net\/index.php\/2023\/08\/15\/volland-serait-en-partance-pour-lunion-berlin-actualise\/","title":{"rendered":"Volland serait en partance pour l&rsquo;Union Berlin (Actualis\u00e9)"},"content":{"rendered":"\n\n\n<p>Non utilis\u00e9 \u00e0 Clermont (4-2) dimanche, Kr\u00e9pin Diatta lui \u00e9tant notamment pr\u00e9f\u00e9r\u00e9 pour entrer comme attaquant de soutien, Kevin Volland ne devrait plus porter le maillot de l&rsquo;AS Monaco. Sauf retournement de situation, l&rsquo;Allemand de 31 ans va rejoindre l&rsquo;Union Berlin, <a href=\"https:\/\/www.ladiagonale.net\/index.php\/2023\/07\/15\/des-discussions-entre-volland-et-lunion-berlin\/\">qui le convoitait depuis juillet.<\/a><\/p>\n\n\n\n<p>Selon <em>L&rsquo;\u00c9quipe<\/em> et <em>Sky Sport<\/em>, l&rsquo;ASM et le quatri\u00e8me de la derni\u00e8re Bundesliga, qualifi\u00e9 en Ligue des champions, ont trouv\u00e9 un accord pour le transfert de Volland, qui n&rsquo;a plus qu&rsquo;un an de contrat en Principaut\u00e9. Le montant de l&rsquo;indemnit\u00e9 serait de 4 millions d&rsquo;euros, plus 1,5 million de bonus.<\/p>\n\n\n\n<p>Arriv\u00e9 en 2020 de Leverkusen pour 11 millions d&rsquo;euros, l&rsquo;international allemand va quitter Monaco apr\u00e8s avoir disput\u00e9 115 rencontres en rouge et blanc. Meilleur complice de Wissam Ben Yedder en attaque, il a inscrit 39 buts toutes comp\u00e9titions confondues, avec \u00e9galement 24 passes d\u00e9cisives.<\/p>\n\n\n\n<p><strong>Actualisation :<\/strong> Le d\u00e9part de Volland se pr\u00e9ciserait, puisque Sky Sport annonce une visite m\u00e9dicale pr\u00e9vue jeudi pour l&rsquo;attaquant as\u00e9miste. Il devrait parapher un contrat de trois ans \u00e0 l&rsquo;issue de celle-ci.<\/p>\n","protected":false},"excerpt":{"rendered":"<p>Non utilis\u00e9 \u00e0 Clermont (4-2) dimanche, Kr\u00e9pin Diatta lui \u00e9tant notamment pr\u00e9f\u00e9r\u00e9 pour entrer comme attaquant de soutien, Kevin Volland ne devrait plus porter le maillot de l&rsquo;AS Monaco. Sauf retournement de situation, l&rsquo;Allemand de 31 ans va rejoindre l&rsquo;Union Berlin, qui le convoitait depuis juillet. Selon L&rsquo;\u00c9quipe et Sky Sport, l&rsquo;ASM et le quatri\u00e8me [&#8230;]\n","protected":false},"author":2,"featured_media":0,"comment_status":"open","ping_status":"open","sticky":false,"template":"","format":"standard","meta":[],"categories":[6],"tags":[86,179,111,110,620],"yoast_head":"<!-- This site is optimized with the Yoast SEO plugin v19.8 - https:\/\/yoast.com\/wordpress\/plugins\/seo\/ -->\n<title>Volland serait en partance pour l&#039;Union Berlin (Actualis\u00e9) - La Diagonale<\/title>\n<meta name=\"robots\" content=\"index, follow, max-snippet:-1, max-image-preview:large, max-video-preview:-1\" \/>\n<link rel=\"canonical\" href=\"https:\/\/www.ladiagonale.net\/index.php\/2023\/08\/15\/volland-serait-en-partance-pour-lunion-berlin-actualise\/\" \/>\n<meta property=\"og:locale\" content=\"fr_FR\" \/>\n<meta property=\"og:type\" content=\"article\" \/>\n<meta property=\"og:title\" content=\"Volland serait en partance pour l&#039;Union Berlin (Actualis\u00e9) - La Diagonale\" \/>\n<meta property=\"og:description\" content=\"Non utilis\u00e9 \u00e0 Clermont (4-2) dimanche, Kr\u00e9pin Diatta lui \u00e9tant notamment pr\u00e9f\u00e9r\u00e9 pour entrer comme attaquant de soutien, Kevin Volland ne devrait plus porter le maillot de l&rsquo;AS Monaco. Sauf retournement de situation, l&rsquo;Allemand de 31 ans va rejoindre l&rsquo;Union Berlin, qui le convoitait depuis juillet. Selon L&rsquo;\u00c9quipe et Sky Sport, l&rsquo;ASM et le quatri\u00e8me [...]\" \/>\n<meta property=\"og:url\" content=\"https:\/\/www.ladiagonale.net\/index.php\/2023\/08\/15\/volland-serait-en-partance-pour-lunion-berlin-actualise\/\" \/>\n<meta property=\"og:site_name\" content=\"La Diagonale\" \/>\n<meta property=\"article:published_time\" content=\"2023-08-15T19:54:28+00:00\" \/>\n<meta property=\"article:modified_time\" content=\"2023-08-16T10:52:47+00:00\" \/>\n<meta property=\"og:image\" content=\"https:\/\/www.ladiagonale.net\/wp-content\/uploads\/2023\/07\/volland-leeds.png\" \/>\n\t<meta property=\"og:image:width\" content=\"1160\" \/>\n\t<meta property=\"og:image:height\" content=\"650\" \/>\n\t<meta property=\"og:image:type\" content=\"image\/png\" \/>\n<meta name=\"author\" content=\"Damien Dellerba\" \/>\n<meta name=\"twitter:card\" content=\"summary_large_image\" \/>\n<meta name=\"twitter:image\" content=\"https:\/\/www.ladiagonale.net\/wp-content\/uploads\/2023\/07\/volland-leeds.png\" \/>\n<meta name=\"twitter:label1\" content=\"\u00c9crit par\" \/>\n\t<meta name=\"twitter:data1\" content=\"Damien Dellerba\" \/>\n\t<meta name=\"twitter:label2\" content=\"Dur\u00e9e de lecture estim\u00e9e\" \/>\n\t<meta name=\"twitter:data2\" content=\"1 minute\" \/>\n<script type=\"application\/ld+json\" class=\"yoast-schema-graph\">{\"@context\":\"https:\/\/schema.org\",\"@graph\":[{\"@type\":\"WebPage\",\"@id\":\"https:\/\/www.ladiagonale.net\/index.php\/2023\/08\/15\/volland-serait-en-partance-pour-lunion-berlin-actualise\/\",\"url\":\"https:\/\/www.ladiagonale.net\/index.php\/2023\/08\/15\/volland-serait-en-partance-pour-lunion-berlin-actualise\/\",\"name\":\"Volland serait en partance pour l'Union Berlin (Actualis\u00e9) - La Diagonale\",\"isPartOf\":{\"@id\":\"https:\/\/www.ladiagonale.net\/#website\"},\"datePublished\":\"2023-08-15T19:54:28+00:00\",\"dateModified\":\"2023-08-16T10:52:47+00:00\",\"author\":{\"@id\":\"https:\/\/www.ladiagonale.net\/#\/schema\/person\/79ff1e7b0853ed01b2aa26e64ad300bf\"},\"breadcrumb\":{\"@id\":\"https:\/\/www.ladiagonale.net\/index.php\/2023\/08\/15\/volland-serait-en-partance-pour-lunion-berlin-actualise\/#breadcrumb\"},\"inLanguage\":\"fr-FR\",\"potentialAction\":[{\"@type\":\"ReadAction\",\"target\":[\"https:\/\/www.ladiagonale.net\/index.php\/2023\/08\/15\/volland-serait-en-partance-pour-lunion-berlin-actualise\/\"]}]},{\"@type\":\"BreadcrumbList\",\"@id\":\"https:\/\/www.ladiagonale.net\/index.php\/2023\/08\/15\/volland-serait-en-partance-pour-lunion-berlin-actualise\/#breadcrumb\",\"itemListElement\":[{\"@type\":\"ListItem\",\"position\":1,\"name\":\"Accueil\",\"item\":\"https:\/\/www.ladiagonale.net\/\"},{\"@type\":\"ListItem\",\"position\":2,\"name\":\"Volland serait en partance pour l&rsquo;Union Berlin (Actualis\u00e9)\"}]},{\"@type\":\"WebSite\",\"@id\":\"https:\/\/www.ladiagonale.net\/#website\",\"url\":\"https:\/\/www.ladiagonale.net\/\",\"name\":\"La Diagonale\",\"description\":\"Le site des supporters de l&#039;AS Monaco FC\",\"potentialAction\":[{\"@type\":\"SearchAction\",\"target\":{\"@type\":\"EntryPoint\",\"urlTemplate\":\"https:\/\/www.ladiagonale.net\/?s={search_term_string}\"},\"query-input\":\"required name=search_term_string\"}],\"inLanguage\":\"fr-FR\"},{\"@type\":\"Person\",\"@id\":\"https:\/\/www.ladiagonale.net\/#\/schema\/person\/79ff1e7b0853ed01b2aa26e64ad300bf\",\"name\":\"Damien Dellerba\",\"image\":{\"@type\":\"ImageObject\",\"inLanguage\":\"fr-FR\",\"@id\":\"https:\/\/www.ladiagonale.net\/#\/schema\/person\/image\/\",\"url\":\"https:\/\/secure.gravatar.com\/avatar\/c7850e06d3ff63cdbaee88b7fc16e2f0?s=96&d=mm&r=g\",\"contentUrl\":\"https:\/\/secure.gravatar.com\/avatar\/c7850e06d3ff63cdbaee88b7fc16e2f0?s=96&d=mm&r=g\",\"caption\":\"Damien Dellerba\"},\"url\":\"https:\/\/www.ladiagonale.net\/index.php\/author\/damien\/\"}]}<\/script>\n<!-- \/ Yoast SEO plugin. -->","yoast_head_json":{"title":"Volland serait en partance pour l'Union Berlin (Actualis\u00e9) - La Diagonale","robots":{"index":"index","follow":"follow","max-snippet":"max-snippet:-1","max-image-preview":"max-image-preview:large","max-video-preview":"max-video-preview:-1"},"canonical":"https:\/\/www.ladiagonale.net\/index.php\/2023\/08\/15\/volland-serait-en-partance-pour-lunion-berlin-actualise\/","og_locale":"fr_FR","og_type":"article","og_title":"Volland serait en partance pour l'Union Berlin (Actualis\u00e9) - La Diagonale","og_description":"Non utilis\u00e9 \u00e0 Clermont (4-2) dimanche, Kr\u00e9pin Diatta lui \u00e9tant notamment pr\u00e9f\u00e9r\u00e9 pour entrer comme attaquant de soutien, Kevin Volland ne devrait plus porter le maillot de l&rsquo;AS Monaco. Sauf retournement de situation, l&rsquo;Allemand de 31 ans va rejoindre l&rsquo;Union Berlin, qui le convoitait depuis juillet. Selon L&rsquo;\u00c9quipe et Sky Sport, l&rsquo;ASM et le quatri\u00e8me [...]","og_url":"https:\/\/www.ladiagonale.net\/index.php\/2023\/08\/15\/volland-serait-en-partance-pour-lunion-berlin-actualise\/","og_site_name":"La Diagonale","article_published_time":"2023-08-15T19:54:28+00:00","article_modified_time":"2023-08-16T10:52:47+00:00","og_image":[{"width":1160,"height":650,"url":"https:\/\/www.ladiagonale.net\/wp-content\/uploads\/2023\/07\/volland-leeds.png","type":"image\/png"}],"author":"Damien Dellerba","twitter_card":"summary_large_image","twitter_image":"https:\/\/www.ladiagonale.net\/wp-content\/uploads\/2023\/07\/volland-leeds.png","twitter_misc":{"\u00c9crit par":"Damien Dellerba","Dur\u00e9e de lecture estim\u00e9e":"1 minute"},"schema":{"@context":"https:\/\/schema.org","@graph":[{"@type":"WebPage","@id":"https:\/\/www.ladiagonale.net\/index.php\/2023\/08\/15\/volland-serait-en-partance-pour-lunion-berlin-actualise\/","url":"https:\/\/www.ladiagonale.net\/index.php\/2023\/08\/15\/volland-serait-en-partance-pour-lunion-berlin-actualise\/","name":"Volland serait en partance pour l'Union Berlin (Actualis\u00e9) - La Diagonale","isPartOf":{"@id":"https:\/\/www.ladiagonale.net\/#website"},"datePublished":"2023-08-15T19:54:28+00:00","dateModified":"2023-08-16T10:52:47+00:00","author":{"@id":"https:\/\/www.ladiagonale.net\/#\/schema\/person\/79ff1e7b0853ed01b2aa26e64ad300bf"},"breadcrumb":{"@id":"https:\/\/www.ladiagonale.net\/index.php\/2023\/08\/15\/volland-serait-en-partance-pour-lunion-berlin-actualise\/#breadcrumb"},"inLanguage":"fr-FR","potentialAction":[{"@type":"ReadAction","target":["https:\/\/www.ladiagonale.net\/index.php\/2023\/08\/15\/volland-serait-en-partance-pour-lunion-berlin-actualise\/"]}]},{"@type":"BreadcrumbList","@id":"https:\/\/www.ladiagonale.net\/index.php\/2023\/08\/15\/volland-serait-en-partance-pour-lunion-berlin-actualise\/#breadcrumb","itemListElement":[{"@type":"ListItem","position":1,"name":"Accueil","item":"https:\/\/www.ladiagonale.net\/"},{"@type":"ListItem","position":2,"name":"Volland serait en partance pour l&rsquo;Union Berlin (Actualis\u00e9)"}]},{"@type":"WebSite","@id":"https:\/\/www.ladiagonale.net\/#website","url":"https:\/\/www.ladiagonale.net\/","name":"La Diagonale","description":"Le site des supporters de l&#039;AS Monaco FC","potentialAction":[{"@type":"SearchAction","target":{"@type":"EntryPoint","urlTemplate":"https:\/\/www.ladiagonale.net\/?s={search_term_string}"},"query-input":"required name=search_term_string"}],"inLanguage":"fr-FR"},{"@type":"Person","@id":"https:\/\/www.ladiagonale.net\/#\/schema\/person\/79ff1e7b0853ed01b2aa26e64ad300bf","name":"Damien Dellerba","image":{"@type":"ImageObject","inLanguage":"fr-FR","@id":"https:\/\/www.ladiagonale.net\/#\/schema\/person\/image\/","url":"https:\/\/secure.gravatar.com\/avatar\/c7850e06d3ff63cdbaee88b7fc16e2f0?s=96&d=mm&r=g","contentUrl":"https:\/\/secure.gravatar.com\/avatar\/c7850e06d3ff63cdbaee88b7fc16e2f0?s=96&d=mm&r=g","caption":"Damien Dellerba"},"url":"https:\/\/www.ladiagonale.net\/index.php\/author\/damien\/"}]}},"_links":{"self":[{"href":"https:\/\/www.ladiagonale.net\/index.php\/wp-json\/wp\/v2\/posts\/15143"}],"collection":[{"href":"https:\/\/www.ladiagonale.net\/index.php\/wp-json\/wp\/v2\/posts"}],"about":[{"href":"https:\/\/www.ladiagonale.net\/index.php\/wp-json\/wp\/v2\/types\/post"}],"author":[{"embeddable":true,"href":"https:\/\/www.ladiagonale.net\/index.php\/wp-json\/wp\/v2\/users\/2"}],"replies":[{"embeddable":true,"href":"https:\/\/www.ladiagonale.net\/index.php\/wp-json\/wp\/v2\/comments?post=15143"}],"version-history":[{"count":2,"href":"https:\/\/www.ladiagonale.net\/index.php\/wp-json\/wp\/v2\/posts\/15143\/revisions"}],"predecessor-version":[{"id":15160,"href":"https:\/\/www.ladiagonale.net\/index.php\/wp-json\/wp\/v2\/posts\/15143\/revisions\/15160"}],"wp:attachment":[{"href":"https:\/\/www.ladiagonale.net\/index.php\/wp-json\/wp\/v2\/media?parent=15143"}],"wp:term":[{"taxonomy":"category","embeddable":true,"href":"https:\/\/www.ladiagonale.net\/index.php\/wp-json\/wp\/v2\/categories?post=15143"},{"taxonomy":"post_tag","embeddable":true,"href":"https:\/\/www.ladiagonale.net\/index.php\/wp-json\/wp\/v2\/tags?post=15143"}],"curies":[{"name":"wp","href":"https:\/\/api.w.org\/{rel}","templated":true}]}}