{"id":15167,"date":"2023-08-16T15:32:30","date_gmt":"2023-08-16T13:32:30","guid":{"rendered":"https:\/\/www.ladiagonale.net\/?p=15167"},"modified":"2023-08-16T15:32:32","modified_gmt":"2023-08-16T13:32:32","slug":"zakaria-je-connais-la-grandeur-de-las-monaco","status":"publish","type":"post","link":"https:\/\/www.ladiagonale.net\/index.php\/2023\/08\/16\/zakaria-je-connais-la-grandeur-de-las-monaco\/","title":{"rendered":"Zakaria : \u00ab\u00a0Je connais la grandeur de l\u2019AS Monaco\u00a0\u00bb"},"content":{"rendered":"\n\n\n<p>La toute nouvelle recrue de l&rsquo;AS Monaco, Denis Zakaria, a donn\u00e9 une premi\u00e8re interview au m\u00e9dia officiel du club. Le milieu de terrain de 26 ans a fait part de sa joie de rejoindre le club du Rocher : \u00ab\u00a0<em>C\u2019est un moment magnifique pour moi. Je suis tr\u00e8s heureux de pouvoir \u00eatre mon\u00e9gasque. Je connais la grandeur de ce club et c\u2019est une fiert\u00e9 pour moi de pouvoir porter ce maillot. J\u2019ai pas mal regard\u00e9 les exploits en Ligue des champions avec mon fr\u00e8re et mon p\u00e8re. De tr\u00e8s grands joueurs sont pass\u00e9s par ici. C\u2019est un club historique, donc je suis vraiment ravi d\u2019\u00eatre ici.<\/em>\u00a0\u00bb<\/p>\n\n\n\n<p>L&rsquo;international suisse reconna\u00eet avoir appr\u00e9ci\u00e9 les \u00e9pop\u00e9es mon\u00e9gasques en Ligue des champions, avec notamment plusieurs anciens joueurs qui l&rsquo;ont marqu\u00e9 : \u00ab\u00a0<em>J\u2019ai des souvenirs de certains buts de Morientes, que j\u2019aimais beaucoup \u00e0 l\u2019\u00e9poque, vu que j\u2019\u00e9tais attaquant. J\u2019ai beaucoup aim\u00e9 Giuly aussi. Je sais que beaucoup de tr\u00e8s bons joueurs sont pass\u00e9s ici. Il y a aussi eu la grosse \u00e9quipe dans laquelle Mbapp\u00e9 est pass\u00e9, c\u2019\u00e9tait vraiment tr\u00e8s beau \u00e0 voir jouer.<\/em>\u00a0\u00bb<\/p>\n\n\n\n<figure class=\"wp-block-embed is-type-video is-provider-youtube wp-block-embed-youtube wp-embed-aspect-16-9 wp-has-aspect-ratio\"><div class=\"wp-block-embed__wrapper\">\n<iframe loading=\"lazy\" title=\"\ud83c\udf99 L&#039;interview de Denis Zakaria\" width=\"1020\" height=\"574\" src=\"https:\/\/www.youtube.com\/embed\/1_IU1WhpYVc?feature=oembed\" frameborder=\"0\" allow=\"accelerometer; autoplay; clipboard-write; encrypted-media; gyroscope; picture-in-picture; web-share\" allowfullscreen><\/iframe>\n<\/div><\/figure>\n\n\n\n<p>Zakaria esp\u00e8re conna\u00eetre les joies des joutes europ\u00e9ennes avec le maillot \u00e0 la diagonale, lui qui avait affront\u00e9 l&rsquo;ASM lors du troisi\u00e8me tour pr\u00e9liminaire de la Ligue des champions avec les Young Boys, en 2015 : \u00ab <em>C\u2019est une ambition que j\u2019ai de ramener Monaco o\u00f9 il doit \u00eatre. L\u2019AS Monaco doit jouer la Ligue des champions, donc je vais tout donner pour aider le club \u00e0 atteindre cet objectif-l\u00e0.<\/em> \u00bb<\/p>\n\n\n\n<h4>Zakaria veut soutenir Breel Embolo<\/h4>\n\n\n\n<p>Si l&rsquo;ASM lui a fait de l&rsquo;\u0153il, elle a aussi mis Zakaria dans de bonnes dispositions pour le convaincre de s&rsquo;engager en Principaut\u00e9 : \u00ab <em>Ce qui m&rsquo;a convaincu c\u2019est que c\u2019est <em>d&rsquo;abord<\/em><\/em> <em>un grand club. Ensuite, la d\u00e9termination qu\u2019ils ont montr\u00e9e a jou\u00e9. Ils ont montr\u00e9 beaucoup d\u2019envie de m\u2019avoir et c\u2019\u00e9tait une chose importante pour moi. J\u2019ai h\u00e2te de pouvoir rendre \u00e7a sur le terrain et de me battre pour ces couleurs.<\/em> \u00bb <\/p>\n\n\n\n<p>La pr\u00e9sence d&rsquo;Adi H\u00fctter comme entra\u00eeneur a \u00e9t\u00e9 un argument suppl\u00e9mentaire : \u00ab <em>C\u2019est un entra\u00eeneur que je connais tr\u00e8s bien. C\u2019est lui qui m\u2019a lanc\u00e9 dans le monde professionnel. C\u2019est un entra\u00eeneur de grande qualit\u00e9, donc quand j\u2019ai su qu\u2019il \u00e9tait l\u00e0, \u00e7a m\u2019a donn\u00e9 une raison suppl\u00e9mentaire de venir. J\u2019ai h\u00e2te de rejouer avec lui.<\/em> \u00bb<\/p>\n\n\n\n<p>Enfin, Breel Embolo a aussi pleinement jou\u00e9 son r\u00f4le pour convaincre son co\u00e9quipier en s\u00e9lection de signer \u00e0 Monaco. <a href=\"https:\/\/www.ladiagonale.net\/index.php\/2023\/08\/13\/embolo-une-blessure-tres-dure-a-accepter\/\">L&rsquo;attaquant est gravement bless\u00e9<\/a> et Zakaria veut se montrer proche de lui pendant sa p\u00e9riode de convalescence : \u00ab\u00a0<em>J\u2019ai aussi beaucoup parl\u00e9 avec Breel avant de venir, qui malheureusement s\u2019est bless\u00e9. Maintenant que je suis l\u00e0, je vais essayer d\u2019\u00eatre une \u00e9paule pour lui et d\u2019\u00eatre le plus souvent \u00e0 ses c\u00f4t\u00e9s pour l\u2019aider dans cette \u00e9tape difficile de sa vie<\/em>.\u00a0\u00bb<\/p>\n","protected":false},"excerpt":{"rendered":"<p>La toute nouvelle recrue de l&rsquo;AS Monaco, Denis Zakaria, a donn\u00e9 une premi\u00e8re interview au m\u00e9dia officiel du club. Le milieu de terrain de 26 ans a fait part de sa joie de rejoindre le club du Rocher : \u00ab\u00a0C\u2019est un moment magnifique pour moi. Je suis tr\u00e8s heureux de pouvoir \u00eatre mon\u00e9gasque. Je connais [&#8230;]\n","protected":false},"author":2,"featured_media":0,"comment_status":"open","ping_status":"open","sticky":false,"template":"","format":"standard","meta":[],"categories":[6],"tags":[86,631],"yoast_head":"<!-- This site is optimized with the Yoast SEO plugin v19.8 - https:\/\/yoast.com\/wordpress\/plugins\/seo\/ -->\n<title>Zakaria : \u00ab\u00a0Je connais la grandeur de l\u2019AS Monaco\u00a0\u00bb - La Diagonale<\/title>\n<meta name=\"robots\" content=\"index, follow, max-snippet:-1, max-image-preview:large, max-video-preview:-1\" \/>\n<link rel=\"canonical\" href=\"https:\/\/www.ladiagonale.net\/index.php\/2023\/08\/16\/zakaria-je-connais-la-grandeur-de-las-monaco\/\" \/>\n<meta property=\"og:locale\" content=\"fr_FR\" \/>\n<meta property=\"og:type\" content=\"article\" \/>\n<meta property=\"og:title\" content=\"Zakaria : \u00ab\u00a0Je connais la grandeur de l\u2019AS Monaco\u00a0\u00bb - La Diagonale\" \/>\n<meta property=\"og:description\" content=\"La toute nouvelle recrue de l&rsquo;AS Monaco, Denis Zakaria, a donn\u00e9 une premi\u00e8re interview au m\u00e9dia officiel du club. Le milieu de terrain de 26 ans a fait part de sa joie de rejoindre le club du Rocher : \u00ab\u00a0C\u2019est un moment magnifique pour moi. Je suis tr\u00e8s heureux de pouvoir \u00eatre mon\u00e9gasque. Je connais [...]\" \/>\n<meta property=\"og:url\" content=\"https:\/\/www.ladiagonale.net\/index.php\/2023\/08\/16\/zakaria-je-connais-la-grandeur-de-las-monaco\/\" \/>\n<meta property=\"og:site_name\" content=\"La Diagonale\" \/>\n<meta property=\"article:published_time\" content=\"2023-08-16T13:32:30+00:00\" \/>\n<meta property=\"article:modified_time\" content=\"2023-08-16T13:32:32+00:00\" \/>\n<meta property=\"og:image\" content=\"https:\/\/www.ladiagonale.net\/wp-content\/uploads\/2023\/08\/zakaria.png\" \/>\n\t<meta property=\"og:image:width\" content=\"1160\" \/>\n\t<meta property=\"og:image:height\" content=\"650\" \/>\n\t<meta property=\"og:image:type\" content=\"image\/png\" \/>\n<meta name=\"author\" content=\"Damien Dellerba\" \/>\n<meta name=\"twitter:card\" content=\"summary_large_image\" \/>\n<meta name=\"twitter:image\" content=\"https:\/\/www.ladiagonale.net\/wp-content\/uploads\/2023\/08\/zakaria.png\" \/>\n<meta name=\"twitter:label1\" content=\"\u00c9crit par\" \/>\n\t<meta name=\"twitter:data1\" content=\"Damien Dellerba\" \/>\n\t<meta name=\"twitter:label2\" content=\"Dur\u00e9e de lecture estim\u00e9e\" \/>\n\t<meta name=\"twitter:data2\" content=\"3 minutes\" \/>\n<script type=\"application\/ld+json\" class=\"yoast-schema-graph\">{\"@context\":\"https:\/\/schema.org\",\"@graph\":[{\"@type\":\"WebPage\",\"@id\":\"https:\/\/www.ladiagonale.net\/index.php\/2023\/08\/16\/zakaria-je-connais-la-grandeur-de-las-monaco\/\",\"url\":\"https:\/\/www.ladiagonale.net\/index.php\/2023\/08\/16\/zakaria-je-connais-la-grandeur-de-las-monaco\/\",\"name\":\"Zakaria : \u00ab\u00a0Je connais la grandeur de l\u2019AS Monaco\u00a0\u00bb - La Diagonale\",\"isPartOf\":{\"@id\":\"https:\/\/www.ladiagonale.net\/#website\"},\"datePublished\":\"2023-08-16T13:32:30+00:00\",\"dateModified\":\"2023-08-16T13:32:32+00:00\",\"author\":{\"@id\":\"https:\/\/www.ladiagonale.net\/#\/schema\/person\/79ff1e7b0853ed01b2aa26e64ad300bf\"},\"breadcrumb\":{\"@id\":\"https:\/\/www.ladiagonale.net\/index.php\/2023\/08\/16\/zakaria-je-connais-la-grandeur-de-las-monaco\/#breadcrumb\"},\"inLanguage\":\"fr-FR\",\"potentialAction\":[{\"@type\":\"ReadAction\",\"target\":[\"https:\/\/www.ladiagonale.net\/index.php\/2023\/08\/16\/zakaria-je-connais-la-grandeur-de-las-monaco\/\"]}]},{\"@type\":\"BreadcrumbList\",\"@id\":\"https:\/\/www.ladiagonale.net\/index.php\/2023\/08\/16\/zakaria-je-connais-la-grandeur-de-las-monaco\/#breadcrumb\",\"itemListElement\":[{\"@type\":\"ListItem\",\"position\":1,\"name\":\"Accueil\",\"item\":\"https:\/\/www.ladiagonale.net\/\"},{\"@type\":\"ListItem\",\"position\":2,\"name\":\"Zakaria : \u00ab\u00a0Je connais la grandeur de l\u2019AS Monaco\u00a0\u00bb\"}]},{\"@type\":\"WebSite\",\"@id\":\"https:\/\/www.ladiagonale.net\/#website\",\"url\":\"https:\/\/www.ladiagonale.net\/\",\"name\":\"La Diagonale\",\"description\":\"Le site des supporters de l&#039;AS Monaco FC\",\"potentialAction\":[{\"@type\":\"SearchAction\",\"target\":{\"@type\":\"EntryPoint\",\"urlTemplate\":\"https:\/\/www.ladiagonale.net\/?s={search_term_string}\"},\"query-input\":\"required name=search_term_string\"}],\"inLanguage\":\"fr-FR\"},{\"@type\":\"Person\",\"@id\":\"https:\/\/www.ladiagonale.net\/#\/schema\/person\/79ff1e7b0853ed01b2aa26e64ad300bf\",\"name\":\"Damien Dellerba\",\"image\":{\"@type\":\"ImageObject\",\"inLanguage\":\"fr-FR\",\"@id\":\"https:\/\/www.ladiagonale.net\/#\/schema\/person\/image\/\",\"url\":\"https:\/\/secure.gravatar.com\/avatar\/c7850e06d3ff63cdbaee88b7fc16e2f0?s=96&d=mm&r=g\",\"contentUrl\":\"https:\/\/secure.gravatar.com\/avatar\/c7850e06d3ff63cdbaee88b7fc16e2f0?s=96&d=mm&r=g\",\"caption\":\"Damien Dellerba\"},\"url\":\"https:\/\/www.ladiagonale.net\/index.php\/author\/damien\/\"}]}<\/script>\n<!-- \/ Yoast SEO plugin. -->","yoast_head_json":{"title":"Zakaria : \u00ab\u00a0Je connais la grandeur de l\u2019AS Monaco\u00a0\u00bb - La Diagonale","robots":{"index":"index","follow":"follow","max-snippet":"max-snippet:-1","max-image-preview":"max-image-preview:large","max-video-preview":"max-video-preview:-1"},"canonical":"https:\/\/www.ladiagonale.net\/index.php\/2023\/08\/16\/zakaria-je-connais-la-grandeur-de-las-monaco\/","og_locale":"fr_FR","og_type":"article","og_title":"Zakaria : \u00ab\u00a0Je connais la grandeur de l\u2019AS Monaco\u00a0\u00bb - La Diagonale","og_description":"La toute nouvelle recrue de l&rsquo;AS Monaco, Denis Zakaria, a donn\u00e9 une premi\u00e8re interview au m\u00e9dia officiel du club. Le milieu de terrain de 26 ans a fait part de sa joie de rejoindre le club du Rocher : \u00ab\u00a0C\u2019est un moment magnifique pour moi. Je suis tr\u00e8s heureux de pouvoir \u00eatre mon\u00e9gasque. Je connais [...]","og_url":"https:\/\/www.ladiagonale.net\/index.php\/2023\/08\/16\/zakaria-je-connais-la-grandeur-de-las-monaco\/","og_site_name":"La Diagonale","article_published_time":"2023-08-16T13:32:30+00:00","article_modified_time":"2023-08-16T13:32:32+00:00","og_image":[{"width":1160,"height":650,"url":"https:\/\/www.ladiagonale.net\/wp-content\/uploads\/2023\/08\/zakaria.png","type":"image\/png"}],"author":"Damien Dellerba","twitter_card":"summary_large_image","twitter_image":"https:\/\/www.ladiagonale.net\/wp-content\/uploads\/2023\/08\/zakaria.png","twitter_misc":{"\u00c9crit par":"Damien Dellerba","Dur\u00e9e de lecture estim\u00e9e":"3 minutes"},"schema":{"@context":"https:\/\/schema.org","@graph":[{"@type":"WebPage","@id":"https:\/\/www.ladiagonale.net\/index.php\/2023\/08\/16\/zakaria-je-connais-la-grandeur-de-las-monaco\/","url":"https:\/\/www.ladiagonale.net\/index.php\/2023\/08\/16\/zakaria-je-connais-la-grandeur-de-las-monaco\/","name":"Zakaria : \u00ab\u00a0Je connais la grandeur de l\u2019AS Monaco\u00a0\u00bb - La Diagonale","isPartOf":{"@id":"https:\/\/www.ladiagonale.net\/#website"},"datePublished":"2023-08-16T13:32:30+00:00","dateModified":"2023-08-16T13:32:32+00:00","author":{"@id":"https:\/\/www.ladiagonale.net\/#\/schema\/person\/79ff1e7b0853ed01b2aa26e64ad300bf"},"breadcrumb":{"@id":"https:\/\/www.ladiagonale.net\/index.php\/2023\/08\/16\/zakaria-je-connais-la-grandeur-de-las-monaco\/#breadcrumb"},"inLanguage":"fr-FR","potentialAction":[{"@type":"ReadAction","target":["https:\/\/www.ladiagonale.net\/index.php\/2023\/08\/16\/zakaria-je-connais-la-grandeur-de-las-monaco\/"]}]},{"@type":"BreadcrumbList","@id":"https:\/\/www.ladiagonale.net\/index.php\/2023\/08\/16\/zakaria-je-connais-la-grandeur-de-las-monaco\/#breadcrumb","itemListElement":[{"@type":"ListItem","position":1,"name":"Accueil","item":"https:\/\/www.ladiagonale.net\/"},{"@type":"ListItem","position":2,"name":"Zakaria : \u00ab\u00a0Je connais la grandeur de l\u2019AS Monaco\u00a0\u00bb"}]},{"@type":"WebSite","@id":"https:\/\/www.ladiagonale.net\/#website","url":"https:\/\/www.ladiagonale.net\/","name":"La Diagonale","description":"Le site des supporters de l&#039;AS Monaco FC","potentialAction":[{"@type":"SearchAction","target":{"@type":"EntryPoint","urlTemplate":"https:\/\/www.ladiagonale.net\/?s={search_term_string}"},"query-input":"required name=search_term_string"}],"inLanguage":"fr-FR"},{"@type":"Person","@id":"https:\/\/www.ladiagonale.net\/#\/schema\/person\/79ff1e7b0853ed01b2aa26e64ad300bf","name":"Damien Dellerba","image":{"@type":"ImageObject","inLanguage":"fr-FR","@id":"https:\/\/www.ladiagonale.net\/#\/schema\/person\/image\/","url":"https:\/\/secure.gravatar.com\/avatar\/c7850e06d3ff63cdbaee88b7fc16e2f0?s=96&d=mm&r=g","contentUrl":"https:\/\/secure.gravatar.com\/avatar\/c7850e06d3ff63cdbaee88b7fc16e2f0?s=96&d=mm&r=g","caption":"Damien Dellerba"},"url":"https:\/\/www.ladiagonale.net\/index.php\/author\/damien\/"}]}},"_links":{"self":[{"href":"https:\/\/www.ladiagonale.net\/index.php\/wp-json\/wp\/v2\/posts\/15167"}],"collection":[{"href":"https:\/\/www.ladiagonale.net\/index.php\/wp-json\/wp\/v2\/posts"}],"about":[{"href":"https:\/\/www.ladiagonale.net\/index.php\/wp-json\/wp\/v2\/types\/post"}],"author":[{"embeddable":true,"href":"https:\/\/www.ladiagonale.net\/index.php\/wp-json\/wp\/v2\/users\/2"}],"replies":[{"embeddable":true,"href":"https:\/\/www.ladiagonale.net\/index.php\/wp-json\/wp\/v2\/comments?post=15167"}],"version-history":[{"count":1,"href":"https:\/\/www.ladiagonale.net\/index.php\/wp-json\/wp\/v2\/posts\/15167\/revisions"}],"predecessor-version":[{"id":15168,"href":"https:\/\/www.ladiagonale.net\/index.php\/wp-json\/wp\/v2\/posts\/15167\/revisions\/15168"}],"wp:attachment":[{"href":"https:\/\/www.ladiagonale.net\/index.php\/wp-json\/wp\/v2\/media?parent=15167"}],"wp:term":[{"taxonomy":"category","embeddable":true,"href":"https:\/\/www.ladiagonale.net\/index.php\/wp-json\/wp\/v2\/categories?post=15167"},{"taxonomy":"post_tag","embeddable":true,"href":"https:\/\/www.ladiagonale.net\/index.php\/wp-json\/wp\/v2\/tags?post=15167"}],"curies":[{"name":"wp","href":"https:\/\/api.w.org\/{rel}","templated":true}]}}