{"id":15177,"date":"2023-08-16T17:17:57","date_gmt":"2023-08-16T15:17:57","guid":{"rendered":"https:\/\/www.ladiagonale.net\/?p=15177"},"modified":"2023-08-17T13:11:08","modified_gmt":"2023-08-17T11:11:08","slug":"fulham-aurait-rejete-loffre-de-monaco-pour-adarabioyo","status":"publish","type":"post","link":"https:\/\/www.ladiagonale.net\/index.php\/2023\/08\/16\/fulham-aurait-rejete-loffre-de-monaco-pour-adarabioyo\/","title":{"rendered":"Fulham aurait rejet\u00e9 l&rsquo;offre de Monaco pour Adarabioyo"},"content":{"rendered":"\n\n\n<p>Depuis deux semaines, les informations concernant Tosin Adarabioyo se faisaient rares et elles ne semblent pas aller dans la bonne direction. Alors que l&rsquo;AS Monaco <a href=\"https:\/\/www.ladiagonale.net\/index.php\/2023\/07\/31\/adarabioyo-se-rapprocherait-de-monaco\/\">tiendrait un accord avec le d\u00e9fenseur central<\/a>, qui souhaiterait venir en Principaut\u00e9, ce serait loin d&rsquo;\u00eatre le cas avec Fulham. Le club de <em>Premier League<\/em> aurait refus\u00e9 une proposition de 10 millions d&rsquo;euros \u00e0 en croire <em>The Athletic<\/em>. Le m\u00e9dia britannique pr\u00e9cise qu&rsquo;il s&rsquo;agirait de la deuxi\u00e8me offre mon\u00e9gasque rejet\u00e9e par Fulham.<\/p>\n\n\n\n<p>Tottenham serait aussi tr\u00e8s int\u00e9ress\u00e9 par l&rsquo;Anglais de 25 ans, mais ne semble pas \u00eatre sa premi\u00e8re option. Dans le m\u00eame temps, selon <em>Foot Mercato<\/em>, Fulham aurait accord\u00e9 un mandat club \u00e0 l&rsquo;agent Frank Trimboli pour s&rsquo;occuper de trouver une porte de sortie \u00e0 Adarabiaoyo, et celui-ci chercherait plut\u00f4t \u00e0 l&rsquo;envoyer vers les <em>Spurs<\/em>. Arriv\u00e9 \u00e0 Fulham en 2020, o\u00f9 il a disput\u00e9 99 rencontres, Adarabioyo dispose encore d&rsquo;un an de contrat avec les <em>Cottagers<\/em>.<\/p>\n","protected":false},"excerpt":{"rendered":"<p>Depuis deux semaines, les informations concernant Tosin Adarabioyo se faisaient rares et elles ne semblent pas aller dans la bonne direction. Alors que l&rsquo;AS Monaco tiendrait un accord avec le d\u00e9fenseur central, qui souhaiterait venir en Principaut\u00e9, ce serait loin d&rsquo;\u00eatre le cas avec Fulham. Le club de Premier League aurait refus\u00e9 une proposition de [&#8230;]\n","protected":false},"author":2,"featured_media":0,"comment_status":"open","ping_status":"open","sticky":false,"template":"","format":"standard","meta":[],"categories":[6],"tags":[86,638,111,381,110],"yoast_head":"<!-- This site is optimized with the Yoast SEO plugin v19.8 - https:\/\/yoast.com\/wordpress\/plugins\/seo\/ -->\n<title>Fulham aurait rejet\u00e9 l&#039;offre de Monaco pour Adarabioyo - La Diagonale<\/title>\n<meta name=\"robots\" content=\"index, follow, max-snippet:-1, max-image-preview:large, max-video-preview:-1\" \/>\n<link rel=\"canonical\" href=\"https:\/\/www.ladiagonale.net\/index.php\/2023\/08\/16\/fulham-aurait-rejete-loffre-de-monaco-pour-adarabioyo\/\" \/>\n<meta property=\"og:locale\" content=\"fr_FR\" \/>\n<meta property=\"og:type\" content=\"article\" \/>\n<meta property=\"og:title\" content=\"Fulham aurait rejet\u00e9 l&#039;offre de Monaco pour Adarabioyo - La Diagonale\" \/>\n<meta property=\"og:description\" content=\"Depuis deux semaines, les informations concernant Tosin Adarabioyo se faisaient rares et elles ne semblent pas aller dans la bonne direction. Alors que l&rsquo;AS Monaco tiendrait un accord avec le d\u00e9fenseur central, qui souhaiterait venir en Principaut\u00e9, ce serait loin d&rsquo;\u00eatre le cas avec Fulham. Le club de Premier League aurait refus\u00e9 une proposition de [...]\" \/>\n<meta property=\"og:url\" content=\"https:\/\/www.ladiagonale.net\/index.php\/2023\/08\/16\/fulham-aurait-rejete-loffre-de-monaco-pour-adarabioyo\/\" \/>\n<meta property=\"og:site_name\" content=\"La Diagonale\" \/>\n<meta property=\"article:published_time\" content=\"2023-08-16T15:17:57+00:00\" \/>\n<meta property=\"article:modified_time\" content=\"2023-08-17T11:11:08+00:00\" \/>\n<meta property=\"og:image\" content=\"https:\/\/www.ladiagonale.net\/wp-content\/uploads\/2023\/01\/adarabioyo.png\" \/>\n\t<meta property=\"og:image:width\" content=\"1160\" \/>\n\t<meta property=\"og:image:height\" content=\"650\" \/>\n\t<meta property=\"og:image:type\" content=\"image\/png\" \/>\n<meta name=\"author\" content=\"Damien Dellerba\" \/>\n<meta name=\"twitter:card\" content=\"summary_large_image\" \/>\n<meta name=\"twitter:image\" content=\"https:\/\/www.ladiagonale.net\/wp-content\/uploads\/2023\/01\/adarabioyo.png\" \/>\n<meta name=\"twitter:label1\" content=\"\u00c9crit par\" \/>\n\t<meta name=\"twitter:data1\" content=\"Damien Dellerba\" \/>\n\t<meta name=\"twitter:label2\" content=\"Dur\u00e9e de lecture estim\u00e9e\" \/>\n\t<meta name=\"twitter:data2\" content=\"1 minute\" \/>\n<script type=\"application\/ld+json\" class=\"yoast-schema-graph\">{\"@context\":\"https:\/\/schema.org\",\"@graph\":[{\"@type\":\"WebPage\",\"@id\":\"https:\/\/www.ladiagonale.net\/index.php\/2023\/08\/16\/fulham-aurait-rejete-loffre-de-monaco-pour-adarabioyo\/\",\"url\":\"https:\/\/www.ladiagonale.net\/index.php\/2023\/08\/16\/fulham-aurait-rejete-loffre-de-monaco-pour-adarabioyo\/\",\"name\":\"Fulham aurait rejet\u00e9 l'offre de Monaco pour Adarabioyo - La Diagonale\",\"isPartOf\":{\"@id\":\"https:\/\/www.ladiagonale.net\/#website\"},\"datePublished\":\"2023-08-16T15:17:57+00:00\",\"dateModified\":\"2023-08-17T11:11:08+00:00\",\"author\":{\"@id\":\"https:\/\/www.ladiagonale.net\/#\/schema\/person\/79ff1e7b0853ed01b2aa26e64ad300bf\"},\"breadcrumb\":{\"@id\":\"https:\/\/www.ladiagonale.net\/index.php\/2023\/08\/16\/fulham-aurait-rejete-loffre-de-monaco-pour-adarabioyo\/#breadcrumb\"},\"inLanguage\":\"fr-FR\",\"potentialAction\":[{\"@type\":\"ReadAction\",\"target\":[\"https:\/\/www.ladiagonale.net\/index.php\/2023\/08\/16\/fulham-aurait-rejete-loffre-de-monaco-pour-adarabioyo\/\"]}]},{\"@type\":\"BreadcrumbList\",\"@id\":\"https:\/\/www.ladiagonale.net\/index.php\/2023\/08\/16\/fulham-aurait-rejete-loffre-de-monaco-pour-adarabioyo\/#breadcrumb\",\"itemListElement\":[{\"@type\":\"ListItem\",\"position\":1,\"name\":\"Accueil\",\"item\":\"https:\/\/www.ladiagonale.net\/\"},{\"@type\":\"ListItem\",\"position\":2,\"name\":\"Fulham aurait rejet\u00e9 l&rsquo;offre de Monaco pour Adarabioyo\"}]},{\"@type\":\"WebSite\",\"@id\":\"https:\/\/www.ladiagonale.net\/#website\",\"url\":\"https:\/\/www.ladiagonale.net\/\",\"name\":\"La Diagonale\",\"description\":\"Le site des supporters de l&#039;AS Monaco FC\",\"potentialAction\":[{\"@type\":\"SearchAction\",\"target\":{\"@type\":\"EntryPoint\",\"urlTemplate\":\"https:\/\/www.ladiagonale.net\/?s={search_term_string}\"},\"query-input\":\"required name=search_term_string\"}],\"inLanguage\":\"fr-FR\"},{\"@type\":\"Person\",\"@id\":\"https:\/\/www.ladiagonale.net\/#\/schema\/person\/79ff1e7b0853ed01b2aa26e64ad300bf\",\"name\":\"Damien Dellerba\",\"image\":{\"@type\":\"ImageObject\",\"inLanguage\":\"fr-FR\",\"@id\":\"https:\/\/www.ladiagonale.net\/#\/schema\/person\/image\/\",\"url\":\"https:\/\/secure.gravatar.com\/avatar\/c7850e06d3ff63cdbaee88b7fc16e2f0?s=96&d=mm&r=g\",\"contentUrl\":\"https:\/\/secure.gravatar.com\/avatar\/c7850e06d3ff63cdbaee88b7fc16e2f0?s=96&d=mm&r=g\",\"caption\":\"Damien Dellerba\"},\"url\":\"https:\/\/www.ladiagonale.net\/index.php\/author\/damien\/\"}]}<\/script>\n<!-- \/ Yoast SEO plugin. -->","yoast_head_json":{"title":"Fulham aurait rejet\u00e9 l'offre de Monaco pour Adarabioyo - La Diagonale","robots":{"index":"index","follow":"follow","max-snippet":"max-snippet:-1","max-image-preview":"max-image-preview:large","max-video-preview":"max-video-preview:-1"},"canonical":"https:\/\/www.ladiagonale.net\/index.php\/2023\/08\/16\/fulham-aurait-rejete-loffre-de-monaco-pour-adarabioyo\/","og_locale":"fr_FR","og_type":"article","og_title":"Fulham aurait rejet\u00e9 l'offre de Monaco pour Adarabioyo - La Diagonale","og_description":"Depuis deux semaines, les informations concernant Tosin Adarabioyo se faisaient rares et elles ne semblent pas aller dans la bonne direction. Alors que l&rsquo;AS Monaco tiendrait un accord avec le d\u00e9fenseur central, qui souhaiterait venir en Principaut\u00e9, ce serait loin d&rsquo;\u00eatre le cas avec Fulham. Le club de Premier League aurait refus\u00e9 une proposition de [...]","og_url":"https:\/\/www.ladiagonale.net\/index.php\/2023\/08\/16\/fulham-aurait-rejete-loffre-de-monaco-pour-adarabioyo\/","og_site_name":"La Diagonale","article_published_time":"2023-08-16T15:17:57+00:00","article_modified_time":"2023-08-17T11:11:08+00:00","og_image":[{"width":1160,"height":650,"url":"https:\/\/www.ladiagonale.net\/wp-content\/uploads\/2023\/01\/adarabioyo.png","type":"image\/png"}],"author":"Damien Dellerba","twitter_card":"summary_large_image","twitter_image":"https:\/\/www.ladiagonale.net\/wp-content\/uploads\/2023\/01\/adarabioyo.png","twitter_misc":{"\u00c9crit par":"Damien Dellerba","Dur\u00e9e de lecture estim\u00e9e":"1 minute"},"schema":{"@context":"https:\/\/schema.org","@graph":[{"@type":"WebPage","@id":"https:\/\/www.ladiagonale.net\/index.php\/2023\/08\/16\/fulham-aurait-rejete-loffre-de-monaco-pour-adarabioyo\/","url":"https:\/\/www.ladiagonale.net\/index.php\/2023\/08\/16\/fulham-aurait-rejete-loffre-de-monaco-pour-adarabioyo\/","name":"Fulham aurait rejet\u00e9 l'offre de Monaco pour Adarabioyo - La Diagonale","isPartOf":{"@id":"https:\/\/www.ladiagonale.net\/#website"},"datePublished":"2023-08-16T15:17:57+00:00","dateModified":"2023-08-17T11:11:08+00:00","author":{"@id":"https:\/\/www.ladiagonale.net\/#\/schema\/person\/79ff1e7b0853ed01b2aa26e64ad300bf"},"breadcrumb":{"@id":"https:\/\/www.ladiagonale.net\/index.php\/2023\/08\/16\/fulham-aurait-rejete-loffre-de-monaco-pour-adarabioyo\/#breadcrumb"},"inLanguage":"fr-FR","potentialAction":[{"@type":"ReadAction","target":["https:\/\/www.ladiagonale.net\/index.php\/2023\/08\/16\/fulham-aurait-rejete-loffre-de-monaco-pour-adarabioyo\/"]}]},{"@type":"BreadcrumbList","@id":"https:\/\/www.ladiagonale.net\/index.php\/2023\/08\/16\/fulham-aurait-rejete-loffre-de-monaco-pour-adarabioyo\/#breadcrumb","itemListElement":[{"@type":"ListItem","position":1,"name":"Accueil","item":"https:\/\/www.ladiagonale.net\/"},{"@type":"ListItem","position":2,"name":"Fulham aurait rejet\u00e9 l&rsquo;offre de Monaco pour Adarabioyo"}]},{"@type":"WebSite","@id":"https:\/\/www.ladiagonale.net\/#website","url":"https:\/\/www.ladiagonale.net\/","name":"La Diagonale","description":"Le site des supporters de l&#039;AS Monaco FC","potentialAction":[{"@type":"SearchAction","target":{"@type":"EntryPoint","urlTemplate":"https:\/\/www.ladiagonale.net\/?s={search_term_string}"},"query-input":"required name=search_term_string"}],"inLanguage":"fr-FR"},{"@type":"Person","@id":"https:\/\/www.ladiagonale.net\/#\/schema\/person\/79ff1e7b0853ed01b2aa26e64ad300bf","name":"Damien Dellerba","image":{"@type":"ImageObject","inLanguage":"fr-FR","@id":"https:\/\/www.ladiagonale.net\/#\/schema\/person\/image\/","url":"https:\/\/secure.gravatar.com\/avatar\/c7850e06d3ff63cdbaee88b7fc16e2f0?s=96&d=mm&r=g","contentUrl":"https:\/\/secure.gravatar.com\/avatar\/c7850e06d3ff63cdbaee88b7fc16e2f0?s=96&d=mm&r=g","caption":"Damien Dellerba"},"url":"https:\/\/www.ladiagonale.net\/index.php\/author\/damien\/"}]}},"_links":{"self":[{"href":"https:\/\/www.ladiagonale.net\/index.php\/wp-json\/wp\/v2\/posts\/15177"}],"collection":[{"href":"https:\/\/www.ladiagonale.net\/index.php\/wp-json\/wp\/v2\/posts"}],"about":[{"href":"https:\/\/www.ladiagonale.net\/index.php\/wp-json\/wp\/v2\/types\/post"}],"author":[{"embeddable":true,"href":"https:\/\/www.ladiagonale.net\/index.php\/wp-json\/wp\/v2\/users\/2"}],"replies":[{"embeddable":true,"href":"https:\/\/www.ladiagonale.net\/index.php\/wp-json\/wp\/v2\/comments?post=15177"}],"version-history":[{"count":2,"href":"https:\/\/www.ladiagonale.net\/index.php\/wp-json\/wp\/v2\/posts\/15177\/revisions"}],"predecessor-version":[{"id":15190,"href":"https:\/\/www.ladiagonale.net\/index.php\/wp-json\/wp\/v2\/posts\/15177\/revisions\/15190"}],"wp:attachment":[{"href":"https:\/\/www.ladiagonale.net\/index.php\/wp-json\/wp\/v2\/media?parent=15177"}],"wp:term":[{"taxonomy":"category","embeddable":true,"href":"https:\/\/www.ladiagonale.net\/index.php\/wp-json\/wp\/v2\/categories?post=15177"},{"taxonomy":"post_tag","embeddable":true,"href":"https:\/\/www.ladiagonale.net\/index.php\/wp-json\/wp\/v2\/tags?post=15177"}],"curies":[{"name":"wp","href":"https:\/\/api.w.org\/{rel}","templated":true}]}}