{"id":15179,"date":"2023-08-17T01:27:46","date_gmt":"2023-08-16T23:27:46","guid":{"rendered":"https:\/\/www.ladiagonale.net\/?p=15179"},"modified":"2023-08-17T01:31:57","modified_gmt":"2023-08-16T23:31:57","slug":"monaco-negocierait-pour-lattaquant-daka","status":"publish","type":"post","link":"https:\/\/www.ladiagonale.net\/index.php\/2023\/08\/17\/monaco-negocierait-pour-lattaquant-daka\/","title":{"rendered":"Monaco n\u00e9gocierait pour l&rsquo;attaquant Daka"},"content":{"rendered":"\n\n\n<p>L&rsquo;AS Monaco doit se renforcer dans son secteur offensif. Breel Embolo est bless\u00e9 pour plusieurs mois tandis que <a href=\"https:\/\/www.ladiagonale.net\/index.php\/2023\/08\/15\/volland-serait-en-partance-pour-lunion-berlin-actualise\/\">Kevin Volland devrait retourner en Bundesliga sous peu<\/a>. Les dirigeants as\u00e9mistes auraient d\u00e9j\u00e0 <a href=\"https:\/\/www.ladiagonale.net\/index.php\/2023\/08\/09\/un-accord-de-principe-avec-balogun\/\">formul\u00e9 des offres pour Folarin Balogun<\/a> et <a href=\"https:\/\/www.ladiagonale.net\/index.php\/2023\/08\/10\/monaco-se-serait-aligne-sur-loffre-de-chelsea-pour-washington\/\">Deivid Washington<\/a>, mais seraient \u00e9galement en train de n\u00e9gocier pour Patson Daka, selon <em>L&rsquo;\u00c9quipe.<\/em> L&rsquo;international zambien de Leicester, rel\u00e9gu\u00e9 cette saison en Championship, serait s\u00e9duit par le projet mon\u00e9gasque.<\/p>\n\n\n\n<p>\u00c2g\u00e9 de 24 ans, Daka est arriv\u00e9 \u00e0 Leicester \u00e0 l&rsquo;\u00e9t\u00e9 2021 en provenance du RB Salzourg, et poss\u00e8de un contrat avec le pensionnaire du deuxi\u00e8me \u00e9chelon anglais jusqu&rsquo;en juin 2026. La saison derni\u00e8re, il a disput\u00e9 36 rencontres au total pour quatre buts inscrits. Sur les trois rencontres disput\u00e9es par Leicester en ce d\u00e9but de saison, il est rest\u00e9 sur le banc \u00e0 deux reprises et n&rsquo;\u00e9tait pas dans le groupe lors du week-end dernier.<\/p>\n","protected":false},"excerpt":{"rendered":"<p>L&rsquo;AS Monaco doit se renforcer dans son secteur offensif. Breel Embolo est bless\u00e9 pour plusieurs mois tandis que Kevin Volland devrait retourner en Bundesliga sous peu. Les dirigeants as\u00e9mistes auraient d\u00e9j\u00e0 formul\u00e9 des offres pour Folarin Balogun et Deivid Washington, mais seraient \u00e9galement en train de n\u00e9gocier pour Patson Daka, selon L&rsquo;\u00c9quipe. L&rsquo;international zambien de [&#8230;]\n","protected":false},"author":2,"featured_media":0,"comment_status":"open","ping_status":"open","sticky":false,"template":"","format":"standard","meta":[],"categories":[6],"tags":[86,670,111,669,110],"yoast_head":"<!-- This site is optimized with the Yoast SEO plugin v19.8 - https:\/\/yoast.com\/wordpress\/plugins\/seo\/ -->\n<title>Monaco n\u00e9gocierait pour l&#039;attaquant Daka - La Diagonale<\/title>\n<meta name=\"robots\" content=\"index, follow, max-snippet:-1, max-image-preview:large, max-video-preview:-1\" \/>\n<link rel=\"canonical\" href=\"https:\/\/www.ladiagonale.net\/index.php\/2023\/08\/17\/monaco-negocierait-pour-lattaquant-daka\/\" \/>\n<meta property=\"og:locale\" content=\"fr_FR\" \/>\n<meta property=\"og:type\" content=\"article\" \/>\n<meta property=\"og:title\" content=\"Monaco n\u00e9gocierait pour l&#039;attaquant Daka - La Diagonale\" \/>\n<meta property=\"og:description\" content=\"L&rsquo;AS Monaco doit se renforcer dans son secteur offensif. Breel Embolo est bless\u00e9 pour plusieurs mois tandis que Kevin Volland devrait retourner en Bundesliga sous peu. Les dirigeants as\u00e9mistes auraient d\u00e9j\u00e0 formul\u00e9 des offres pour Folarin Balogun et Deivid Washington, mais seraient \u00e9galement en train de n\u00e9gocier pour Patson Daka, selon L&rsquo;\u00c9quipe. L&rsquo;international zambien de [...]\" \/>\n<meta property=\"og:url\" content=\"https:\/\/www.ladiagonale.net\/index.php\/2023\/08\/17\/monaco-negocierait-pour-lattaquant-daka\/\" \/>\n<meta property=\"og:site_name\" content=\"La Diagonale\" \/>\n<meta property=\"article:published_time\" content=\"2023-08-16T23:27:46+00:00\" \/>\n<meta property=\"article:modified_time\" content=\"2023-08-16T23:31:57+00:00\" \/>\n<meta property=\"og:image\" content=\"https:\/\/www.ladiagonale.net\/wp-content\/uploads\/2023\/08\/daka.png\" \/>\n\t<meta property=\"og:image:width\" content=\"1160\" \/>\n\t<meta property=\"og:image:height\" content=\"650\" \/>\n\t<meta property=\"og:image:type\" content=\"image\/png\" \/>\n<meta name=\"author\" content=\"Damien Dellerba\" \/>\n<meta name=\"twitter:card\" content=\"summary_large_image\" \/>\n<meta name=\"twitter:image\" content=\"https:\/\/www.ladiagonale.net\/wp-content\/uploads\/2023\/08\/daka.png\" \/>\n<meta name=\"twitter:label1\" content=\"\u00c9crit par\" \/>\n\t<meta name=\"twitter:data1\" content=\"Damien Dellerba\" \/>\n\t<meta name=\"twitter:label2\" content=\"Dur\u00e9e de lecture estim\u00e9e\" \/>\n\t<meta name=\"twitter:data2\" content=\"1 minute\" \/>\n<script type=\"application\/ld+json\" class=\"yoast-schema-graph\">{\"@context\":\"https:\/\/schema.org\",\"@graph\":[{\"@type\":\"WebPage\",\"@id\":\"https:\/\/www.ladiagonale.net\/index.php\/2023\/08\/17\/monaco-negocierait-pour-lattaquant-daka\/\",\"url\":\"https:\/\/www.ladiagonale.net\/index.php\/2023\/08\/17\/monaco-negocierait-pour-lattaquant-daka\/\",\"name\":\"Monaco n\u00e9gocierait pour l'attaquant Daka - La Diagonale\",\"isPartOf\":{\"@id\":\"https:\/\/www.ladiagonale.net\/#website\"},\"datePublished\":\"2023-08-16T23:27:46+00:00\",\"dateModified\":\"2023-08-16T23:31:57+00:00\",\"author\":{\"@id\":\"https:\/\/www.ladiagonale.net\/#\/schema\/person\/79ff1e7b0853ed01b2aa26e64ad300bf\"},\"breadcrumb\":{\"@id\":\"https:\/\/www.ladiagonale.net\/index.php\/2023\/08\/17\/monaco-negocierait-pour-lattaquant-daka\/#breadcrumb\"},\"inLanguage\":\"fr-FR\",\"potentialAction\":[{\"@type\":\"ReadAction\",\"target\":[\"https:\/\/www.ladiagonale.net\/index.php\/2023\/08\/17\/monaco-negocierait-pour-lattaquant-daka\/\"]}]},{\"@type\":\"BreadcrumbList\",\"@id\":\"https:\/\/www.ladiagonale.net\/index.php\/2023\/08\/17\/monaco-negocierait-pour-lattaquant-daka\/#breadcrumb\",\"itemListElement\":[{\"@type\":\"ListItem\",\"position\":1,\"name\":\"Accueil\",\"item\":\"https:\/\/www.ladiagonale.net\/\"},{\"@type\":\"ListItem\",\"position\":2,\"name\":\"Monaco n\u00e9gocierait pour l&rsquo;attaquant Daka\"}]},{\"@type\":\"WebSite\",\"@id\":\"https:\/\/www.ladiagonale.net\/#website\",\"url\":\"https:\/\/www.ladiagonale.net\/\",\"name\":\"La Diagonale\",\"description\":\"Le site des supporters de l&#039;AS Monaco FC\",\"potentialAction\":[{\"@type\":\"SearchAction\",\"target\":{\"@type\":\"EntryPoint\",\"urlTemplate\":\"https:\/\/www.ladiagonale.net\/?s={search_term_string}\"},\"query-input\":\"required name=search_term_string\"}],\"inLanguage\":\"fr-FR\"},{\"@type\":\"Person\",\"@id\":\"https:\/\/www.ladiagonale.net\/#\/schema\/person\/79ff1e7b0853ed01b2aa26e64ad300bf\",\"name\":\"Damien Dellerba\",\"image\":{\"@type\":\"ImageObject\",\"inLanguage\":\"fr-FR\",\"@id\":\"https:\/\/www.ladiagonale.net\/#\/schema\/person\/image\/\",\"url\":\"https:\/\/secure.gravatar.com\/avatar\/c7850e06d3ff63cdbaee88b7fc16e2f0?s=96&d=mm&r=g\",\"contentUrl\":\"https:\/\/secure.gravatar.com\/avatar\/c7850e06d3ff63cdbaee88b7fc16e2f0?s=96&d=mm&r=g\",\"caption\":\"Damien Dellerba\"},\"url\":\"https:\/\/www.ladiagonale.net\/index.php\/author\/damien\/\"}]}<\/script>\n<!-- \/ Yoast SEO plugin. -->","yoast_head_json":{"title":"Monaco n\u00e9gocierait pour l'attaquant Daka - La Diagonale","robots":{"index":"index","follow":"follow","max-snippet":"max-snippet:-1","max-image-preview":"max-image-preview:large","max-video-preview":"max-video-preview:-1"},"canonical":"https:\/\/www.ladiagonale.net\/index.php\/2023\/08\/17\/monaco-negocierait-pour-lattaquant-daka\/","og_locale":"fr_FR","og_type":"article","og_title":"Monaco n\u00e9gocierait pour l'attaquant Daka - La Diagonale","og_description":"L&rsquo;AS Monaco doit se renforcer dans son secteur offensif. Breel Embolo est bless\u00e9 pour plusieurs mois tandis que Kevin Volland devrait retourner en Bundesliga sous peu. Les dirigeants as\u00e9mistes auraient d\u00e9j\u00e0 formul\u00e9 des offres pour Folarin Balogun et Deivid Washington, mais seraient \u00e9galement en train de n\u00e9gocier pour Patson Daka, selon L&rsquo;\u00c9quipe. L&rsquo;international zambien de [...]","og_url":"https:\/\/www.ladiagonale.net\/index.php\/2023\/08\/17\/monaco-negocierait-pour-lattaquant-daka\/","og_site_name":"La Diagonale","article_published_time":"2023-08-16T23:27:46+00:00","article_modified_time":"2023-08-16T23:31:57+00:00","og_image":[{"width":1160,"height":650,"url":"https:\/\/www.ladiagonale.net\/wp-content\/uploads\/2023\/08\/daka.png","type":"image\/png"}],"author":"Damien Dellerba","twitter_card":"summary_large_image","twitter_image":"https:\/\/www.ladiagonale.net\/wp-content\/uploads\/2023\/08\/daka.png","twitter_misc":{"\u00c9crit par":"Damien Dellerba","Dur\u00e9e de lecture estim\u00e9e":"1 minute"},"schema":{"@context":"https:\/\/schema.org","@graph":[{"@type":"WebPage","@id":"https:\/\/www.ladiagonale.net\/index.php\/2023\/08\/17\/monaco-negocierait-pour-lattaquant-daka\/","url":"https:\/\/www.ladiagonale.net\/index.php\/2023\/08\/17\/monaco-negocierait-pour-lattaquant-daka\/","name":"Monaco n\u00e9gocierait pour l'attaquant Daka - La Diagonale","isPartOf":{"@id":"https:\/\/www.ladiagonale.net\/#website"},"datePublished":"2023-08-16T23:27:46+00:00","dateModified":"2023-08-16T23:31:57+00:00","author":{"@id":"https:\/\/www.ladiagonale.net\/#\/schema\/person\/79ff1e7b0853ed01b2aa26e64ad300bf"},"breadcrumb":{"@id":"https:\/\/www.ladiagonale.net\/index.php\/2023\/08\/17\/monaco-negocierait-pour-lattaquant-daka\/#breadcrumb"},"inLanguage":"fr-FR","potentialAction":[{"@type":"ReadAction","target":["https:\/\/www.ladiagonale.net\/index.php\/2023\/08\/17\/monaco-negocierait-pour-lattaquant-daka\/"]}]},{"@type":"BreadcrumbList","@id":"https:\/\/www.ladiagonale.net\/index.php\/2023\/08\/17\/monaco-negocierait-pour-lattaquant-daka\/#breadcrumb","itemListElement":[{"@type":"ListItem","position":1,"name":"Accueil","item":"https:\/\/www.ladiagonale.net\/"},{"@type":"ListItem","position":2,"name":"Monaco n\u00e9gocierait pour l&rsquo;attaquant Daka"}]},{"@type":"WebSite","@id":"https:\/\/www.ladiagonale.net\/#website","url":"https:\/\/www.ladiagonale.net\/","name":"La Diagonale","description":"Le site des supporters de l&#039;AS Monaco FC","potentialAction":[{"@type":"SearchAction","target":{"@type":"EntryPoint","urlTemplate":"https:\/\/www.ladiagonale.net\/?s={search_term_string}"},"query-input":"required name=search_term_string"}],"inLanguage":"fr-FR"},{"@type":"Person","@id":"https:\/\/www.ladiagonale.net\/#\/schema\/person\/79ff1e7b0853ed01b2aa26e64ad300bf","name":"Damien Dellerba","image":{"@type":"ImageObject","inLanguage":"fr-FR","@id":"https:\/\/www.ladiagonale.net\/#\/schema\/person\/image\/","url":"https:\/\/secure.gravatar.com\/avatar\/c7850e06d3ff63cdbaee88b7fc16e2f0?s=96&d=mm&r=g","contentUrl":"https:\/\/secure.gravatar.com\/avatar\/c7850e06d3ff63cdbaee88b7fc16e2f0?s=96&d=mm&r=g","caption":"Damien Dellerba"},"url":"https:\/\/www.ladiagonale.net\/index.php\/author\/damien\/"}]}},"_links":{"self":[{"href":"https:\/\/www.ladiagonale.net\/index.php\/wp-json\/wp\/v2\/posts\/15179"}],"collection":[{"href":"https:\/\/www.ladiagonale.net\/index.php\/wp-json\/wp\/v2\/posts"}],"about":[{"href":"https:\/\/www.ladiagonale.net\/index.php\/wp-json\/wp\/v2\/types\/post"}],"author":[{"embeddable":true,"href":"https:\/\/www.ladiagonale.net\/index.php\/wp-json\/wp\/v2\/users\/2"}],"replies":[{"embeddable":true,"href":"https:\/\/www.ladiagonale.net\/index.php\/wp-json\/wp\/v2\/comments?post=15179"}],"version-history":[{"count":4,"href":"https:\/\/www.ladiagonale.net\/index.php\/wp-json\/wp\/v2\/posts\/15179\/revisions"}],"predecessor-version":[{"id":15185,"href":"https:\/\/www.ladiagonale.net\/index.php\/wp-json\/wp\/v2\/posts\/15179\/revisions\/15185"}],"wp:attachment":[{"href":"https:\/\/www.ladiagonale.net\/index.php\/wp-json\/wp\/v2\/media?parent=15179"}],"wp:term":[{"taxonomy":"category","embeddable":true,"href":"https:\/\/www.ladiagonale.net\/index.php\/wp-json\/wp\/v2\/categories?post=15179"},{"taxonomy":"post_tag","embeddable":true,"href":"https:\/\/www.ladiagonale.net\/index.php\/wp-json\/wp\/v2\/tags?post=15179"}],"curies":[{"name":"wp","href":"https:\/\/api.w.org\/{rel}","templated":true}]}}