{"id":15186,"date":"2023-08-17T12:52:24","date_gmt":"2023-08-17T10:52:24","guid":{"rendered":"https:\/\/www.ladiagonale.net\/?p=15186"},"modified":"2023-08-17T12:52:27","modified_gmt":"2023-08-17T10:52:27","slug":"monaco-etudierait-une-autre-option-pour-sa-defense-centrale","status":"publish","type":"post","link":"https:\/\/www.ladiagonale.net\/index.php\/2023\/08\/17\/monaco-etudierait-une-autre-option-pour-sa-defense-centrale\/","title":{"rendered":"Monaco \u00e9tudierait une autre option pour sa d\u00e9fense centrale"},"content":{"rendered":"\n\n\n<p>La piste menant \u00e0 Tosin Adarabioyo <a href=\"https:\/\/www.ladiagonale.net\/index.php\/2023\/08\/16\/fulham-aurait-rejete-loffre-de-monaco-pour-adarabioyo\/\">semble avoir pris du plomb dans l&rsquo;aile r\u00e9cemment<\/a>, et cela pousserait les dirigeants de l&rsquo;AS Monaco \u00e0 activer une autre option pour renforcer la charni\u00e8re centrale. D&rsquo;apr\u00e8s <em>L&rsquo;\u00c9quipe<\/em>, le club de la Principaut\u00e9 pourrait bient\u00f4t formuler une offre pour Davinson Sanchez, qui \u00e9volue \u00e0 Tottenham. Les informations du quotidien indiquent que le d\u00e9fenseur central de 27 ans serait sur le d\u00e9part, alors qu&rsquo;il ne lui reste plus qu&rsquo;une seule ann\u00e9e de contrat avec les <em>Spurs<\/em>. <\/p>\n\n\n\n<p>L&rsquo;international colombien (54 s\u00e9lections) ne laisserait pas insensible d&rsquo;autres \u00e9quipes, puisque Galatasaray aurait d\u00e9j\u00e0 vu une premi\u00e8re offre de 10 millions d&rsquo;euros \u00eatre refus\u00e9e, tandis que le Spartak Moscou serait mont\u00e9 jusqu&rsquo;\u00e0 15 millions d&rsquo;euros, bonus compris. De son c\u00f4t\u00e9, <em>Foot Mercato<\/em> indique que Tottenham aurait d\u00e9j\u00e0 propos\u00e9 son joueur \u00e0 plusieurs \u00e9quipes de Ligue 1 ces derni\u00e8res semaines, comme Lyon, Strasbourg, Nice et&#8230; Monaco.<\/p>\n","protected":false},"excerpt":{"rendered":"<p>La piste menant \u00e0 Tosin Adarabioyo semble avoir pris du plomb dans l&rsquo;aile r\u00e9cemment, et cela pousserait les dirigeants de l&rsquo;AS Monaco \u00e0 activer une autre option pour renforcer la charni\u00e8re centrale. D&rsquo;apr\u00e8s L&rsquo;\u00c9quipe, le club de la Principaut\u00e9 pourrait bient\u00f4t formuler une offre pour Davinson Sanchez, qui \u00e9volue \u00e0 Tottenham. Les informations du quotidien [&#8230;]\n","protected":false},"author":2,"featured_media":0,"comment_status":"open","ping_status":"open","sticky":false,"template":"","format":"standard","meta":[],"categories":[6],"tags":[86,672,111,671,110],"yoast_head":"<!-- This site is optimized with the Yoast SEO plugin v19.8 - https:\/\/yoast.com\/wordpress\/plugins\/seo\/ -->\n<title>Monaco \u00e9tudierait une autre option pour sa d\u00e9fense centrale - La Diagonale<\/title>\n<meta name=\"robots\" content=\"index, follow, max-snippet:-1, max-image-preview:large, max-video-preview:-1\" \/>\n<link rel=\"canonical\" href=\"https:\/\/www.ladiagonale.net\/index.php\/2023\/08\/17\/monaco-etudierait-une-autre-option-pour-sa-defense-centrale\/\" \/>\n<meta property=\"og:locale\" content=\"fr_FR\" \/>\n<meta property=\"og:type\" content=\"article\" \/>\n<meta property=\"og:title\" content=\"Monaco \u00e9tudierait une autre option pour sa d\u00e9fense centrale - La Diagonale\" \/>\n<meta property=\"og:description\" content=\"La piste menant \u00e0 Tosin Adarabioyo semble avoir pris du plomb dans l&rsquo;aile r\u00e9cemment, et cela pousserait les dirigeants de l&rsquo;AS Monaco \u00e0 activer une autre option pour renforcer la charni\u00e8re centrale. D&rsquo;apr\u00e8s L&rsquo;\u00c9quipe, le club de la Principaut\u00e9 pourrait bient\u00f4t formuler une offre pour Davinson Sanchez, qui \u00e9volue \u00e0 Tottenham. Les informations du quotidien [...]\" \/>\n<meta property=\"og:url\" content=\"https:\/\/www.ladiagonale.net\/index.php\/2023\/08\/17\/monaco-etudierait-une-autre-option-pour-sa-defense-centrale\/\" \/>\n<meta property=\"og:site_name\" content=\"La Diagonale\" \/>\n<meta property=\"article:published_time\" content=\"2023-08-17T10:52:24+00:00\" \/>\n<meta property=\"article:modified_time\" content=\"2023-08-17T10:52:27+00:00\" \/>\n<meta property=\"og:image\" content=\"https:\/\/www.ladiagonale.net\/wp-content\/uploads\/2023\/08\/sanchez.png\" \/>\n\t<meta property=\"og:image:width\" content=\"1160\" \/>\n\t<meta property=\"og:image:height\" content=\"650\" \/>\n\t<meta property=\"og:image:type\" content=\"image\/png\" \/>\n<meta name=\"author\" content=\"Damien Dellerba\" \/>\n<meta name=\"twitter:card\" content=\"summary_large_image\" \/>\n<meta name=\"twitter:image\" content=\"https:\/\/www.ladiagonale.net\/wp-content\/uploads\/2023\/08\/sanchez.png\" \/>\n<meta name=\"twitter:label1\" content=\"\u00c9crit par\" \/>\n\t<meta name=\"twitter:data1\" content=\"Damien Dellerba\" \/>\n\t<meta name=\"twitter:label2\" content=\"Dur\u00e9e de lecture estim\u00e9e\" \/>\n\t<meta name=\"twitter:data2\" content=\"1 minute\" \/>\n<script type=\"application\/ld+json\" class=\"yoast-schema-graph\">{\"@context\":\"https:\/\/schema.org\",\"@graph\":[{\"@type\":\"WebPage\",\"@id\":\"https:\/\/www.ladiagonale.net\/index.php\/2023\/08\/17\/monaco-etudierait-une-autre-option-pour-sa-defense-centrale\/\",\"url\":\"https:\/\/www.ladiagonale.net\/index.php\/2023\/08\/17\/monaco-etudierait-une-autre-option-pour-sa-defense-centrale\/\",\"name\":\"Monaco \u00e9tudierait une autre option pour sa d\u00e9fense centrale - La Diagonale\",\"isPartOf\":{\"@id\":\"https:\/\/www.ladiagonale.net\/#website\"},\"datePublished\":\"2023-08-17T10:52:24+00:00\",\"dateModified\":\"2023-08-17T10:52:27+00:00\",\"author\":{\"@id\":\"https:\/\/www.ladiagonale.net\/#\/schema\/person\/79ff1e7b0853ed01b2aa26e64ad300bf\"},\"breadcrumb\":{\"@id\":\"https:\/\/www.ladiagonale.net\/index.php\/2023\/08\/17\/monaco-etudierait-une-autre-option-pour-sa-defense-centrale\/#breadcrumb\"},\"inLanguage\":\"fr-FR\",\"potentialAction\":[{\"@type\":\"ReadAction\",\"target\":[\"https:\/\/www.ladiagonale.net\/index.php\/2023\/08\/17\/monaco-etudierait-une-autre-option-pour-sa-defense-centrale\/\"]}]},{\"@type\":\"BreadcrumbList\",\"@id\":\"https:\/\/www.ladiagonale.net\/index.php\/2023\/08\/17\/monaco-etudierait-une-autre-option-pour-sa-defense-centrale\/#breadcrumb\",\"itemListElement\":[{\"@type\":\"ListItem\",\"position\":1,\"name\":\"Accueil\",\"item\":\"https:\/\/www.ladiagonale.net\/\"},{\"@type\":\"ListItem\",\"position\":2,\"name\":\"Monaco \u00e9tudierait une autre option pour sa d\u00e9fense centrale\"}]},{\"@type\":\"WebSite\",\"@id\":\"https:\/\/www.ladiagonale.net\/#website\",\"url\":\"https:\/\/www.ladiagonale.net\/\",\"name\":\"La Diagonale\",\"description\":\"Le site des supporters de l&#039;AS Monaco FC\",\"potentialAction\":[{\"@type\":\"SearchAction\",\"target\":{\"@type\":\"EntryPoint\",\"urlTemplate\":\"https:\/\/www.ladiagonale.net\/?s={search_term_string}\"},\"query-input\":\"required name=search_term_string\"}],\"inLanguage\":\"fr-FR\"},{\"@type\":\"Person\",\"@id\":\"https:\/\/www.ladiagonale.net\/#\/schema\/person\/79ff1e7b0853ed01b2aa26e64ad300bf\",\"name\":\"Damien Dellerba\",\"image\":{\"@type\":\"ImageObject\",\"inLanguage\":\"fr-FR\",\"@id\":\"https:\/\/www.ladiagonale.net\/#\/schema\/person\/image\/\",\"url\":\"https:\/\/secure.gravatar.com\/avatar\/c7850e06d3ff63cdbaee88b7fc16e2f0?s=96&d=mm&r=g\",\"contentUrl\":\"https:\/\/secure.gravatar.com\/avatar\/c7850e06d3ff63cdbaee88b7fc16e2f0?s=96&d=mm&r=g\",\"caption\":\"Damien Dellerba\"},\"url\":\"https:\/\/www.ladiagonale.net\/index.php\/author\/damien\/\"}]}<\/script>\n<!-- \/ Yoast SEO plugin. -->","yoast_head_json":{"title":"Monaco \u00e9tudierait une autre option pour sa d\u00e9fense centrale - La Diagonale","robots":{"index":"index","follow":"follow","max-snippet":"max-snippet:-1","max-image-preview":"max-image-preview:large","max-video-preview":"max-video-preview:-1"},"canonical":"https:\/\/www.ladiagonale.net\/index.php\/2023\/08\/17\/monaco-etudierait-une-autre-option-pour-sa-defense-centrale\/","og_locale":"fr_FR","og_type":"article","og_title":"Monaco \u00e9tudierait une autre option pour sa d\u00e9fense centrale - La Diagonale","og_description":"La piste menant \u00e0 Tosin Adarabioyo semble avoir pris du plomb dans l&rsquo;aile r\u00e9cemment, et cela pousserait les dirigeants de l&rsquo;AS Monaco \u00e0 activer une autre option pour renforcer la charni\u00e8re centrale. D&rsquo;apr\u00e8s L&rsquo;\u00c9quipe, le club de la Principaut\u00e9 pourrait bient\u00f4t formuler une offre pour Davinson Sanchez, qui \u00e9volue \u00e0 Tottenham. Les informations du quotidien [...]","og_url":"https:\/\/www.ladiagonale.net\/index.php\/2023\/08\/17\/monaco-etudierait-une-autre-option-pour-sa-defense-centrale\/","og_site_name":"La Diagonale","article_published_time":"2023-08-17T10:52:24+00:00","article_modified_time":"2023-08-17T10:52:27+00:00","og_image":[{"width":1160,"height":650,"url":"https:\/\/www.ladiagonale.net\/wp-content\/uploads\/2023\/08\/sanchez.png","type":"image\/png"}],"author":"Damien Dellerba","twitter_card":"summary_large_image","twitter_image":"https:\/\/www.ladiagonale.net\/wp-content\/uploads\/2023\/08\/sanchez.png","twitter_misc":{"\u00c9crit par":"Damien Dellerba","Dur\u00e9e de lecture estim\u00e9e":"1 minute"},"schema":{"@context":"https:\/\/schema.org","@graph":[{"@type":"WebPage","@id":"https:\/\/www.ladiagonale.net\/index.php\/2023\/08\/17\/monaco-etudierait-une-autre-option-pour-sa-defense-centrale\/","url":"https:\/\/www.ladiagonale.net\/index.php\/2023\/08\/17\/monaco-etudierait-une-autre-option-pour-sa-defense-centrale\/","name":"Monaco \u00e9tudierait une autre option pour sa d\u00e9fense centrale - La Diagonale","isPartOf":{"@id":"https:\/\/www.ladiagonale.net\/#website"},"datePublished":"2023-08-17T10:52:24+00:00","dateModified":"2023-08-17T10:52:27+00:00","author":{"@id":"https:\/\/www.ladiagonale.net\/#\/schema\/person\/79ff1e7b0853ed01b2aa26e64ad300bf"},"breadcrumb":{"@id":"https:\/\/www.ladiagonale.net\/index.php\/2023\/08\/17\/monaco-etudierait-une-autre-option-pour-sa-defense-centrale\/#breadcrumb"},"inLanguage":"fr-FR","potentialAction":[{"@type":"ReadAction","target":["https:\/\/www.ladiagonale.net\/index.php\/2023\/08\/17\/monaco-etudierait-une-autre-option-pour-sa-defense-centrale\/"]}]},{"@type":"BreadcrumbList","@id":"https:\/\/www.ladiagonale.net\/index.php\/2023\/08\/17\/monaco-etudierait-une-autre-option-pour-sa-defense-centrale\/#breadcrumb","itemListElement":[{"@type":"ListItem","position":1,"name":"Accueil","item":"https:\/\/www.ladiagonale.net\/"},{"@type":"ListItem","position":2,"name":"Monaco \u00e9tudierait une autre option pour sa d\u00e9fense centrale"}]},{"@type":"WebSite","@id":"https:\/\/www.ladiagonale.net\/#website","url":"https:\/\/www.ladiagonale.net\/","name":"La Diagonale","description":"Le site des supporters de l&#039;AS Monaco FC","potentialAction":[{"@type":"SearchAction","target":{"@type":"EntryPoint","urlTemplate":"https:\/\/www.ladiagonale.net\/?s={search_term_string}"},"query-input":"required name=search_term_string"}],"inLanguage":"fr-FR"},{"@type":"Person","@id":"https:\/\/www.ladiagonale.net\/#\/schema\/person\/79ff1e7b0853ed01b2aa26e64ad300bf","name":"Damien Dellerba","image":{"@type":"ImageObject","inLanguage":"fr-FR","@id":"https:\/\/www.ladiagonale.net\/#\/schema\/person\/image\/","url":"https:\/\/secure.gravatar.com\/avatar\/c7850e06d3ff63cdbaee88b7fc16e2f0?s=96&d=mm&r=g","contentUrl":"https:\/\/secure.gravatar.com\/avatar\/c7850e06d3ff63cdbaee88b7fc16e2f0?s=96&d=mm&r=g","caption":"Damien Dellerba"},"url":"https:\/\/www.ladiagonale.net\/index.php\/author\/damien\/"}]}},"_links":{"self":[{"href":"https:\/\/www.ladiagonale.net\/index.php\/wp-json\/wp\/v2\/posts\/15186"}],"collection":[{"href":"https:\/\/www.ladiagonale.net\/index.php\/wp-json\/wp\/v2\/posts"}],"about":[{"href":"https:\/\/www.ladiagonale.net\/index.php\/wp-json\/wp\/v2\/types\/post"}],"author":[{"embeddable":true,"href":"https:\/\/www.ladiagonale.net\/index.php\/wp-json\/wp\/v2\/users\/2"}],"replies":[{"embeddable":true,"href":"https:\/\/www.ladiagonale.net\/index.php\/wp-json\/wp\/v2\/comments?post=15186"}],"version-history":[{"count":1,"href":"https:\/\/www.ladiagonale.net\/index.php\/wp-json\/wp\/v2\/posts\/15186\/revisions"}],"predecessor-version":[{"id":15188,"href":"https:\/\/www.ladiagonale.net\/index.php\/wp-json\/wp\/v2\/posts\/15186\/revisions\/15188"}],"wp:attachment":[{"href":"https:\/\/www.ladiagonale.net\/index.php\/wp-json\/wp\/v2\/media?parent=15186"}],"wp:term":[{"taxonomy":"category","embeddable":true,"href":"https:\/\/www.ladiagonale.net\/index.php\/wp-json\/wp\/v2\/categories?post=15186"},{"taxonomy":"post_tag","embeddable":true,"href":"https:\/\/www.ladiagonale.net\/index.php\/wp-json\/wp\/v2\/tags?post=15186"}],"curies":[{"name":"wp","href":"https:\/\/api.w.org\/{rel}","templated":true}]}}