{"id":15192,"date":"2023-08-17T19:16:27","date_gmt":"2023-08-17T17:16:27","guid":{"rendered":"https:\/\/www.ladiagonale.net\/?p=15192"},"modified":"2023-08-17T19:16:34","modified_gmt":"2023-08-17T17:16:34","slug":"laction-cle-made-in-hutter-made-in-bresil","status":"publish","type":"post","link":"https:\/\/www.ladiagonale.net\/index.php\/2023\/08\/17\/laction-cle-made-in-hutter-made-in-bresil\/","title":{"rendered":"L&rsquo;action cl\u00e9 : made in H\u00fctter, made in Br\u00e9sil"},"content":{"rendered":"\n\n\n<p><strong>Dimanche contre Clermont, Vanderson est devenu le premier buteur de cette saison 2023-2024 en faveur de l&rsquo;AS Monaco. Une premi\u00e8re r\u00e9alisation en comp\u00e9tition pour l&rsquo;\u00e9quipe de l&rsquo;entra\u00eeneur Adi H\u00fctter qui refl\u00e8te d\u00e9j\u00e0 ses principes de jeu mais qui doit aussi \u00e0 la touche technique du d\u00e9fenseur br\u00e9silien.<\/strong><\/p>\n\n\n\n<p>Apr\u00e8s une faute de Kyei sur Magassa, Monaco b\u00e9n\u00e9ficie d\u2019un coup franc dans son propre camp, proche de sa surface de r\u00e9paration. Plut\u00f4t que d\u2019allonger le jeu, l\u2019\u00e9quipe mon\u00e9gasque repart de derri\u00e8re.<\/p>\n\n\n\n<figure class=\"wp-block-image size-large\"><img loading=\"lazy\" width=\"1024\" height=\"576\" src=\"https:\/\/www.ladiagonale.net\/wp-content\/uploads\/2023\/08\/Capture1-1024x576.png\" alt=\"\" class=\"wp-image-15205\" srcset=\"https:\/\/www.ladiagonale.net\/wp-content\/uploads\/2023\/08\/Capture1-1024x576.png 1024w, https:\/\/www.ladiagonale.net\/wp-content\/uploads\/2023\/08\/Capture1-300x169.png 300w, https:\/\/www.ladiagonale.net\/wp-content\/uploads\/2023\/08\/Capture1-768x432.png 768w, https:\/\/www.ladiagonale.net\/wp-content\/uploads\/2023\/08\/Capture1-1536x864.png 1536w, https:\/\/www.ladiagonale.net\/wp-content\/uploads\/2023\/08\/Capture1-128x72.png 128w, https:\/\/www.ladiagonale.net\/wp-content\/uploads\/2023\/08\/Capture1-32x18.png 32w, https:\/\/www.ladiagonale.net\/wp-content\/uploads\/2023\/08\/Capture1.png 1920w\" sizes=\"(max-width: 1024px) 100vw, 1024px\" \/><\/figure>\n\n\n\n<p class=\"has-white-color has-text-color has-background\" style=\"background-color:#303030\">Maripan est en possession du ballon et se retrouve press\u00e9 par Kyei. L\u2019appel de Vanderson lui donne la solution dans une zone inoccup\u00e9e.<\/p>\n\n\n\n<p>La s\u00e9quence illustre toutefois deux principes chers au style d&rsquo;Adi H\u00fctter. D&rsquo;abord par la volont\u00e9 de jouer en seulement quelques touches de balle vers l\u2019avant, puis de regagner le ballon le plus rapidement possible apr\u00e8s la perte de belle, ce qui sera le cas, avec un pressing agressif.<\/p>\n\n\n\n<figure class=\"wp-block-image size-large\"><img loading=\"lazy\" width=\"1024\" height=\"576\" src=\"https:\/\/www.ladiagonale.net\/wp-content\/uploads\/2023\/08\/Capture2-1-1024x576.png\" alt=\"\" class=\"wp-image-15207\" srcset=\"https:\/\/www.ladiagonale.net\/wp-content\/uploads\/2023\/08\/Capture2-1-1024x576.png 1024w, https:\/\/www.ladiagonale.net\/wp-content\/uploads\/2023\/08\/Capture2-1-300x169.png 300w, https:\/\/www.ladiagonale.net\/wp-content\/uploads\/2023\/08\/Capture2-1-768x432.png 768w, https:\/\/www.ladiagonale.net\/wp-content\/uploads\/2023\/08\/Capture2-1-1536x864.png 1536w, https:\/\/www.ladiagonale.net\/wp-content\/uploads\/2023\/08\/Capture2-1-128x72.png 128w, https:\/\/www.ladiagonale.net\/wp-content\/uploads\/2023\/08\/Capture2-1-32x18.png 32w, https:\/\/www.ladiagonale.net\/wp-content\/uploads\/2023\/08\/Capture2-1.png 1920w\" sizes=\"(max-width: 1024px) 100vw, 1024px\" \/><\/figure>\n\n\n\n<p class=\"has-white-color has-text-color has-background\" style=\"background-color:#303030\">Vanderson trouve Ben Yedder dans son dos puis se retourne, en parvenant \u00e0 se d\u00e9faire de Pelmard et Allevinah. Le capitaine mon\u00e9gasque remise sur lui en une touche avant que Vanderson allonge en direction de Caio Henrique. Le ballon est peu pr\u00e9cis et occasionne une r\u00e9cup\u00e9ration Clermontoise. <\/p>\n\n\n\n<figure class=\"wp-block-image size-large\"><img loading=\"lazy\" width=\"1024\" height=\"576\" src=\"https:\/\/www.ladiagonale.net\/wp-content\/uploads\/2023\/08\/Capture3-1024x576.png\" alt=\"\" class=\"wp-image-15208\" srcset=\"https:\/\/www.ladiagonale.net\/wp-content\/uploads\/2023\/08\/Capture3-1024x576.png 1024w, https:\/\/www.ladiagonale.net\/wp-content\/uploads\/2023\/08\/Capture3-300x169.png 300w, https:\/\/www.ladiagonale.net\/wp-content\/uploads\/2023\/08\/Capture3-768x432.png 768w, https:\/\/www.ladiagonale.net\/wp-content\/uploads\/2023\/08\/Capture3-1536x864.png 1536w, https:\/\/www.ladiagonale.net\/wp-content\/uploads\/2023\/08\/Capture3-128x72.png 128w, https:\/\/www.ladiagonale.net\/wp-content\/uploads\/2023\/08\/Capture3-32x18.png 32w, https:\/\/www.ladiagonale.net\/wp-content\/uploads\/2023\/08\/Capture3.png 1920w\" sizes=\"(max-width: 1024px) 100vw, 1024px\" \/><\/figure>\n\n\n\n<p class=\"has-white-color has-text-color has-background\" style=\"background-color:#303030\">Caio continue son effort pour mettre le piston droit clermontois Mehdi Zeffane sous pression, tandis que Golovin se rue en direction d\u2019Alidu Seidu. Bas et excentr\u00e9 sur la premi\u00e8re image, Minamino est rapidement remont\u00e9 et se r\u00e9-axe progressivement.<\/p>\n\n\n\n<p>Sur la suite de l&rsquo;action, Zeffane joue en retrait pour son gardien Mory Diaw, qui se voit mettre la pression par Caio Henrique, qui a continu\u00e9 sa course jusque dans la surface adverse. Avec la pr\u00e9sence de Golovin sur Seidu et celle de Minamino entre deux joueurs Clermontois, les possibilit\u00e9s de relances courtes sont limit\u00e9es pour Diaw, qui se voit forcer \u00e0 d\u00e9gager.<\/p>\n\n\n\n<figure class=\"wp-block-image size-large\"><img loading=\"lazy\" width=\"1024\" height=\"576\" src=\"https:\/\/www.ladiagonale.net\/wp-content\/uploads\/2023\/08\/Capture4-1024x576.png\" alt=\"\" class=\"wp-image-15209\" srcset=\"https:\/\/www.ladiagonale.net\/wp-content\/uploads\/2023\/08\/Capture4-1024x576.png 1024w, https:\/\/www.ladiagonale.net\/wp-content\/uploads\/2023\/08\/Capture4-300x169.png 300w, https:\/\/www.ladiagonale.net\/wp-content\/uploads\/2023\/08\/Capture4-768x432.png 768w, https:\/\/www.ladiagonale.net\/wp-content\/uploads\/2023\/08\/Capture4-1536x864.png 1536w, https:\/\/www.ladiagonale.net\/wp-content\/uploads\/2023\/08\/Capture4-128x72.png 128w, https:\/\/www.ladiagonale.net\/wp-content\/uploads\/2023\/08\/Capture4-32x18.png 32w, https:\/\/www.ladiagonale.net\/wp-content\/uploads\/2023\/08\/Capture4.png 1920w\" sizes=\"(max-width: 1024px) 100vw, 1024px\" \/><\/figure>\n\n\n\n<p class=\"has-white-color has-text-color has-background\" style=\"background-color:#303030\">La r\u00e9cup\u00e9ration de balle est facile ici pour l&rsquo;ASM, avec Maripan \u00e0 la retomb\u00e9e et Kyei qui a choisi de ne pas aller au duel avec le Chilien. Monaco reprend le ballon en ayant d\u00e9j\u00e0 un bloc positionn\u00e9 haut.<\/p>\n\n\n\n<p>Pour autant, la formation de la Principaut\u00e9 n&rsquo;est pas en mesure de pouvoir r\u00e9attaquer l&rsquo;espace tout de suite. La t\u00eate de Maripan est dirig\u00e9e en direction de Magassa, qui joue ensuite sur Fofana. Le bloc Clermontois est bas et se r\u00e9organise, m\u00eame s&rsquo;il est plut\u00f4t statique et peu actif au pressing.<\/p>\n\n\n\n<figure class=\"wp-block-image size-large\"><img loading=\"lazy\" width=\"1024\" height=\"576\" src=\"https:\/\/www.ladiagonale.net\/wp-content\/uploads\/2023\/08\/Capture5-1024x576.png\" alt=\"\" class=\"wp-image-15211\" srcset=\"https:\/\/www.ladiagonale.net\/wp-content\/uploads\/2023\/08\/Capture5-1024x576.png 1024w, https:\/\/www.ladiagonale.net\/wp-content\/uploads\/2023\/08\/Capture5-300x169.png 300w, https:\/\/www.ladiagonale.net\/wp-content\/uploads\/2023\/08\/Capture5-768x432.png 768w, https:\/\/www.ladiagonale.net\/wp-content\/uploads\/2023\/08\/Capture5-1536x864.png 1536w, https:\/\/www.ladiagonale.net\/wp-content\/uploads\/2023\/08\/Capture5-128x72.png 128w, https:\/\/www.ladiagonale.net\/wp-content\/uploads\/2023\/08\/Capture5-32x18.png 32w, https:\/\/www.ladiagonale.net\/wp-content\/uploads\/2023\/08\/Capture5.png 1920w\" sizes=\"(max-width: 1024px) 100vw, 1024px\" \/><\/figure>\n\n\n\n<p class=\"has-white-color has-text-color has-background\" style=\"background-color:#303030\">Fofana trouve Camara pr\u00e8s de lui. Tout en bas \u00e0 droite, Vanderson lance un appel en profondeur qui va forcer le camp Clermontois et notamment Neto Borges (qui n&rsquo;appara\u00eet pas) \u00e0 d\u00e9fendre bas.<\/p>\n\n\n\n<figure class=\"wp-block-image size-large\"><img loading=\"lazy\" width=\"1024\" height=\"576\" src=\"https:\/\/www.ladiagonale.net\/wp-content\/uploads\/2023\/08\/Capture6-1-1024x576.png\" alt=\"\" class=\"wp-image-15213\" srcset=\"https:\/\/www.ladiagonale.net\/wp-content\/uploads\/2023\/08\/Capture6-1-1024x576.png 1024w, https:\/\/www.ladiagonale.net\/wp-content\/uploads\/2023\/08\/Capture6-1-300x169.png 300w, https:\/\/www.ladiagonale.net\/wp-content\/uploads\/2023\/08\/Capture6-1-768x432.png 768w, https:\/\/www.ladiagonale.net\/wp-content\/uploads\/2023\/08\/Capture6-1-1536x864.png 1536w, https:\/\/www.ladiagonale.net\/wp-content\/uploads\/2023\/08\/Capture6-1-128x72.png 128w, https:\/\/www.ladiagonale.net\/wp-content\/uploads\/2023\/08\/Capture6-1-32x18.png 32w, https:\/\/www.ladiagonale.net\/wp-content\/uploads\/2023\/08\/Capture6-1.png 1920w\" sizes=\"(max-width: 1024px) 100vw, 1024px\" \/><\/figure>\n\n\n\n<p class=\"has-white-color has-text-color has-background\" style=\"background-color:#303030\">Camara se fait enfermer par Cham et Gonalons, ce qui rend une passe vers Golovin difficile, tandis que Zeffane vient resserrer Caio. Le milieu de terrain malien de l&rsquo;ASM doit repasser derri\u00e8re et va rejouer avec Fofana.<\/p>\n\n\n\n<p>La prise de balle de Fofana va \u00eatre le v\u00e9ritable d\u00e9clencheur de l&rsquo;action de but. Elle est notamment facilit\u00e9e par Minamino, qui \u00e9volue comme attaquant axial sur cette s\u00e9quence, plus haut que Ben Yedder, et par Vanderson, qui se trouve \u00e0 la m\u00eame hauteur que le Japonais mais compl\u00e8tement excentr\u00e9.<\/p>\n\n\n\n<figure class=\"wp-block-image size-large\"><img loading=\"lazy\" width=\"1024\" height=\"576\" src=\"https:\/\/www.ladiagonale.net\/wp-content\/uploads\/2023\/08\/Capture7-1-1024x576.png\" alt=\"\" class=\"wp-image-15215\" srcset=\"https:\/\/www.ladiagonale.net\/wp-content\/uploads\/2023\/08\/Capture7-1-1024x576.png 1024w, https:\/\/www.ladiagonale.net\/wp-content\/uploads\/2023\/08\/Capture7-1-300x169.png 300w, https:\/\/www.ladiagonale.net\/wp-content\/uploads\/2023\/08\/Capture7-1-768x432.png 768w, https:\/\/www.ladiagonale.net\/wp-content\/uploads\/2023\/08\/Capture7-1-1536x864.png 1536w, https:\/\/www.ladiagonale.net\/wp-content\/uploads\/2023\/08\/Capture7-1-128x72.png 128w, https:\/\/www.ladiagonale.net\/wp-content\/uploads\/2023\/08\/Capture7-1-32x18.png 32w, https:\/\/www.ladiagonale.net\/wp-content\/uploads\/2023\/08\/Capture7-1.png 1920w\" sizes=\"(max-width: 1024px) 100vw, 1024px\" \/><\/figure>\n\n\n\n<p class=\"has-white-color has-text-color has-background\" style=\"background-color:#303030\">Fofana a ici du champ pour progresser balle au pied. Il va avancer d\u2019un \u00e0 deux m\u00e8tres avant de d\u00e9clencher sa superbe passe et Johan Gastien n&rsquo;a pas avanc\u00e9 vers lui pour rester en place. Minamino a quant \u00e0 lui d\u00e9j\u00e0 commenc\u00e9 \u00e0 faire son appel.<\/p>\n\n\n\n<figure class=\"wp-block-image size-large\"><img loading=\"lazy\" width=\"1024\" height=\"576\" src=\"https:\/\/www.ladiagonale.net\/wp-content\/uploads\/2023\/08\/Capture8-1024x576.png\" alt=\"\" class=\"wp-image-15216\" srcset=\"https:\/\/www.ladiagonale.net\/wp-content\/uploads\/2023\/08\/Capture8-1024x576.png 1024w, https:\/\/www.ladiagonale.net\/wp-content\/uploads\/2023\/08\/Capture8-300x169.png 300w, https:\/\/www.ladiagonale.net\/wp-content\/uploads\/2023\/08\/Capture8-768x432.png 768w, https:\/\/www.ladiagonale.net\/wp-content\/uploads\/2023\/08\/Capture8-1536x864.png 1536w, https:\/\/www.ladiagonale.net\/wp-content\/uploads\/2023\/08\/Capture8-128x72.png 128w, https:\/\/www.ladiagonale.net\/wp-content\/uploads\/2023\/08\/Capture8-32x18.png 32w, https:\/\/www.ladiagonale.net\/wp-content\/uploads\/2023\/08\/Capture8.png 1920w\" sizes=\"(max-width: 1024px) 100vw, 1024px\" \/><\/figure>\n\n\n\n<p>Cette pr\u00e9sence de Vanderson (qui n&rsquo;appara\u00eet alors pas \u00e0 l&rsquo;\u00e9cran) a une r\u00e9elle utilit\u00e9 sur la passe en profondeur de Fofana puisqu&rsquo;elle fait reculer Neto Borges. Le piston clermontois ne s&rsquo;aligne pas correctement avec le reste de sa d\u00e9fense et permet de couvrir un hors-jeu sur l&rsquo;appel de Takumi Minamino, parti entre Wietska et Pelmard.<\/p>\n\n\n\n<figure class=\"wp-block-image size-large\"><img loading=\"lazy\" width=\"1024\" height=\"576\" src=\"https:\/\/www.ladiagonale.net\/wp-content\/uploads\/2023\/08\/Capture9-1024x576.png\" alt=\"\" class=\"wp-image-15223\" srcset=\"https:\/\/www.ladiagonale.net\/wp-content\/uploads\/2023\/08\/Capture9-1024x576.png 1024w, https:\/\/www.ladiagonale.net\/wp-content\/uploads\/2023\/08\/Capture9-300x169.png 300w, https:\/\/www.ladiagonale.net\/wp-content\/uploads\/2023\/08\/Capture9-768x432.png 768w, https:\/\/www.ladiagonale.net\/wp-content\/uploads\/2023\/08\/Capture9-1536x864.png 1536w, https:\/\/www.ladiagonale.net\/wp-content\/uploads\/2023\/08\/Capture9-128x72.png 128w, https:\/\/www.ladiagonale.net\/wp-content\/uploads\/2023\/08\/Capture9-32x18.png 32w, https:\/\/www.ladiagonale.net\/wp-content\/uploads\/2023\/08\/Capture9.png 1920w\" sizes=\"(max-width: 1024px) 100vw, 1024px\" \/><\/figure>\n\n\n\n<p class=\"has-white-color has-text-color has-background\" style=\"background-color:#303030\">Wietska et Pelmard sont d\u00e9pass\u00e9s, ce qui permet \u00e0 Minamino et Vanderson de se retrouver dans une position de sup\u00e9riorit\u00e9 num\u00e9rique et de jouer un deux contre un face \u00e0 Neto Borges. C&rsquo;est aussi ici que la magie br\u00e9silienne op\u00e8re, avec le superbe passe de la poitrine de Vanderson en direction de Minamino pour r\u00e9ceptionner la longue passe de Fofana, qui permet d&rsquo;encha\u00eener rapidement et garder le temps d&rsquo;avance sur le reste de la d\u00e9fense Clermontoise. <\/p>\n\n\n\n<figure class=\"wp-block-image size-large\"><img loading=\"lazy\" width=\"1024\" height=\"576\" src=\"https:\/\/www.ladiagonale.net\/wp-content\/uploads\/2023\/08\/Capture10-1024x576.png\" alt=\"\" class=\"wp-image-15224\" srcset=\"https:\/\/www.ladiagonale.net\/wp-content\/uploads\/2023\/08\/Capture10-1024x576.png 1024w, https:\/\/www.ladiagonale.net\/wp-content\/uploads\/2023\/08\/Capture10-300x169.png 300w, https:\/\/www.ladiagonale.net\/wp-content\/uploads\/2023\/08\/Capture10-768x432.png 768w, https:\/\/www.ladiagonale.net\/wp-content\/uploads\/2023\/08\/Capture10-1536x864.png 1536w, https:\/\/www.ladiagonale.net\/wp-content\/uploads\/2023\/08\/Capture10-128x72.png 128w, https:\/\/www.ladiagonale.net\/wp-content\/uploads\/2023\/08\/Capture10-32x18.png 32w, https:\/\/www.ladiagonale.net\/wp-content\/uploads\/2023\/08\/Capture10.png 1920w\" sizes=\"(max-width: 1024px) 100vw, 1024px\" \/><\/figure>\n\n\n\n<p class=\"has-white-color has-text-color has-background\" style=\"background-color:#303030\">Contraint d&rsquo;aller d\u00e9fendre sur Minamino, Borges abandonne le marquage sur Vanderson, qui prend soin de ne pas \u00eatre hors-jeu et continue de s&rsquo;avancer. Le gardien clermontois Mory Diaw, semble oublier la pr\u00e9sence du Br\u00e9silien et se focalise uniquement sur Minamino, qui est en position de frappe. <\/p>\n\n\n\n<figure class=\"wp-block-image size-large\"><img loading=\"lazy\" width=\"1024\" height=\"576\" src=\"https:\/\/www.ladiagonale.net\/wp-content\/uploads\/2023\/08\/Capture11-1024x576.png\" alt=\"\" class=\"wp-image-15226\" srcset=\"https:\/\/www.ladiagonale.net\/wp-content\/uploads\/2023\/08\/Capture11-1024x576.png 1024w, https:\/\/www.ladiagonale.net\/wp-content\/uploads\/2023\/08\/Capture11-300x169.png 300w, https:\/\/www.ladiagonale.net\/wp-content\/uploads\/2023\/08\/Capture11-768x432.png 768w, https:\/\/www.ladiagonale.net\/wp-content\/uploads\/2023\/08\/Capture11-1536x864.png 1536w, https:\/\/www.ladiagonale.net\/wp-content\/uploads\/2023\/08\/Capture11-128x72.png 128w, https:\/\/www.ladiagonale.net\/wp-content\/uploads\/2023\/08\/Capture11-32x18.png 32w, https:\/\/www.ladiagonale.net\/wp-content\/uploads\/2023\/08\/Capture11.png 1920w\" sizes=\"(max-width: 1024px) 100vw, 1024px\" \/><\/figure>\n\n\n\n<p class=\"has-white-color has-text-color has-background\" style=\"background-color:#303030\">Minamino sert Vanderson plein axe, le Br\u00e9silien n&rsquo;a plus qu&rsquo;\u00e0 pousser le ballon au fond des filets. Diaw est revenu sur sa gauche avec un temps de retard et ne peut plus intervenir.<\/p>\n","protected":false},"excerpt":{"rendered":"<p>Dimanche contre Clermont, Vanderson est devenu le premier buteur de cette saison 2023-2024 en faveur de l&rsquo;AS Monaco. Une premi\u00e8re r\u00e9alisation en comp\u00e9tition pour l&rsquo;\u00e9quipe de l&rsquo;entra\u00eeneur Adi H\u00fctter qui refl\u00e8te d\u00e9j\u00e0 ses principes de jeu mais qui doit aussi \u00e0 la touche technique du d\u00e9fenseur br\u00e9silien. Apr\u00e8s une faute de Kyei sur Magassa, Monaco [&#8230;]\n","protected":false},"author":2,"featured_media":15193,"comment_status":"open","ping_status":"open","sticky":false,"template":"","format":"standard","meta":[],"categories":[5,6],"tags":[576,416,86,383,94,417,125],"yoast_head":"<!-- This site is optimized with the Yoast SEO plugin v19.8 - https:\/\/yoast.com\/wordpress\/plugins\/seo\/ -->\n<title>L&#039;action cl\u00e9 : made in H\u00fctter, made in Br\u00e9sil - La Diagonale<\/title>\n<meta name=\"robots\" content=\"index, follow, max-snippet:-1, max-image-preview:large, max-video-preview:-1\" \/>\n<link rel=\"canonical\" href=\"https:\/\/www.ladiagonale.net\/index.php\/2023\/08\/17\/laction-cle-made-in-hutter-made-in-bresil\/\" \/>\n<meta property=\"og:locale\" content=\"fr_FR\" \/>\n<meta property=\"og:type\" content=\"article\" \/>\n<meta property=\"og:title\" content=\"L&#039;action cl\u00e9 : made in H\u00fctter, made in Br\u00e9sil - La Diagonale\" \/>\n<meta property=\"og:description\" content=\"Dimanche contre Clermont, Vanderson est devenu le premier buteur de cette saison 2023-2024 en faveur de l&rsquo;AS Monaco. Une premi\u00e8re r\u00e9alisation en comp\u00e9tition pour l&rsquo;\u00e9quipe de l&rsquo;entra\u00eeneur Adi H\u00fctter qui refl\u00e8te d\u00e9j\u00e0 ses principes de jeu mais qui doit aussi \u00e0 la touche technique du d\u00e9fenseur br\u00e9silien. Apr\u00e8s une faute de Kyei sur Magassa, Monaco [...]\" \/>\n<meta property=\"og:url\" content=\"https:\/\/www.ladiagonale.net\/index.php\/2023\/08\/17\/laction-cle-made-in-hutter-made-in-bresil\/\" \/>\n<meta property=\"og:site_name\" content=\"La Diagonale\" \/>\n<meta property=\"article:published_time\" content=\"2023-08-17T17:16:27+00:00\" \/>\n<meta property=\"article:modified_time\" content=\"2023-08-17T17:16:34+00:00\" \/>\n<meta property=\"og:image\" content=\"https:\/\/www.ladiagonale.net\/wp-content\/uploads\/2023\/08\/visuel-vanderson.png\" \/>\n\t<meta property=\"og:image:width\" content=\"1160\" \/>\n\t<meta property=\"og:image:height\" content=\"650\" \/>\n\t<meta property=\"og:image:type\" content=\"image\/png\" \/>\n<meta name=\"author\" content=\"Damien Dellerba\" \/>\n<meta name=\"twitter:card\" content=\"summary_large_image\" \/>\n<meta name=\"twitter:image\" content=\"https:\/\/www.ladiagonale.net\/wp-content\/uploads\/2023\/08\/visuel-vanderson.png\" \/>\n<meta name=\"twitter:label1\" content=\"\u00c9crit par\" \/>\n\t<meta name=\"twitter:data1\" content=\"Damien Dellerba\" \/>\n\t<meta name=\"twitter:label2\" content=\"Dur\u00e9e de lecture estim\u00e9e\" \/>\n\t<meta name=\"twitter:data2\" content=\"7 minutes\" \/>\n<script type=\"application\/ld+json\" class=\"yoast-schema-graph\">{\"@context\":\"https:\/\/schema.org\",\"@graph\":[{\"@type\":\"WebPage\",\"@id\":\"https:\/\/www.ladiagonale.net\/index.php\/2023\/08\/17\/laction-cle-made-in-hutter-made-in-bresil\/\",\"url\":\"https:\/\/www.ladiagonale.net\/index.php\/2023\/08\/17\/laction-cle-made-in-hutter-made-in-bresil\/\",\"name\":\"L'action cl\u00e9 : made in H\u00fctter, made in Br\u00e9sil - La Diagonale\",\"isPartOf\":{\"@id\":\"https:\/\/www.ladiagonale.net\/#website\"},\"datePublished\":\"2023-08-17T17:16:27+00:00\",\"dateModified\":\"2023-08-17T17:16:34+00:00\",\"author\":{\"@id\":\"https:\/\/www.ladiagonale.net\/#\/schema\/person\/79ff1e7b0853ed01b2aa26e64ad300bf\"},\"breadcrumb\":{\"@id\":\"https:\/\/www.ladiagonale.net\/index.php\/2023\/08\/17\/laction-cle-made-in-hutter-made-in-bresil\/#breadcrumb\"},\"inLanguage\":\"fr-FR\",\"potentialAction\":[{\"@type\":\"ReadAction\",\"target\":[\"https:\/\/www.ladiagonale.net\/index.php\/2023\/08\/17\/laction-cle-made-in-hutter-made-in-bresil\/\"]}]},{\"@type\":\"BreadcrumbList\",\"@id\":\"https:\/\/www.ladiagonale.net\/index.php\/2023\/08\/17\/laction-cle-made-in-hutter-made-in-bresil\/#breadcrumb\",\"itemListElement\":[{\"@type\":\"ListItem\",\"position\":1,\"name\":\"Accueil\",\"item\":\"https:\/\/www.ladiagonale.net\/\"},{\"@type\":\"ListItem\",\"position\":2,\"name\":\"L&rsquo;action cl\u00e9 : made in H\u00fctter, made in Br\u00e9sil\"}]},{\"@type\":\"WebSite\",\"@id\":\"https:\/\/www.ladiagonale.net\/#website\",\"url\":\"https:\/\/www.ladiagonale.net\/\",\"name\":\"La Diagonale\",\"description\":\"Le site des supporters de l&#039;AS Monaco FC\",\"potentialAction\":[{\"@type\":\"SearchAction\",\"target\":{\"@type\":\"EntryPoint\",\"urlTemplate\":\"https:\/\/www.ladiagonale.net\/?s={search_term_string}\"},\"query-input\":\"required name=search_term_string\"}],\"inLanguage\":\"fr-FR\"},{\"@type\":\"Person\",\"@id\":\"https:\/\/www.ladiagonale.net\/#\/schema\/person\/79ff1e7b0853ed01b2aa26e64ad300bf\",\"name\":\"Damien Dellerba\",\"image\":{\"@type\":\"ImageObject\",\"inLanguage\":\"fr-FR\",\"@id\":\"https:\/\/www.ladiagonale.net\/#\/schema\/person\/image\/\",\"url\":\"https:\/\/secure.gravatar.com\/avatar\/c7850e06d3ff63cdbaee88b7fc16e2f0?s=96&d=mm&r=g\",\"contentUrl\":\"https:\/\/secure.gravatar.com\/avatar\/c7850e06d3ff63cdbaee88b7fc16e2f0?s=96&d=mm&r=g\",\"caption\":\"Damien Dellerba\"},\"url\":\"https:\/\/www.ladiagonale.net\/index.php\/author\/damien\/\"}]}<\/script>\n<!-- \/ Yoast SEO plugin. -->","yoast_head_json":{"title":"L'action cl\u00e9 : made in H\u00fctter, made in Br\u00e9sil - La Diagonale","robots":{"index":"index","follow":"follow","max-snippet":"max-snippet:-1","max-image-preview":"max-image-preview:large","max-video-preview":"max-video-preview:-1"},"canonical":"https:\/\/www.ladiagonale.net\/index.php\/2023\/08\/17\/laction-cle-made-in-hutter-made-in-bresil\/","og_locale":"fr_FR","og_type":"article","og_title":"L'action cl\u00e9 : made in H\u00fctter, made in Br\u00e9sil - La Diagonale","og_description":"Dimanche contre Clermont, Vanderson est devenu le premier buteur de cette saison 2023-2024 en faveur de l&rsquo;AS Monaco. Une premi\u00e8re r\u00e9alisation en comp\u00e9tition pour l&rsquo;\u00e9quipe de l&rsquo;entra\u00eeneur Adi H\u00fctter qui refl\u00e8te d\u00e9j\u00e0 ses principes de jeu mais qui doit aussi \u00e0 la touche technique du d\u00e9fenseur br\u00e9silien. Apr\u00e8s une faute de Kyei sur Magassa, Monaco [...]","og_url":"https:\/\/www.ladiagonale.net\/index.php\/2023\/08\/17\/laction-cle-made-in-hutter-made-in-bresil\/","og_site_name":"La Diagonale","article_published_time":"2023-08-17T17:16:27+00:00","article_modified_time":"2023-08-17T17:16:34+00:00","og_image":[{"width":1160,"height":650,"url":"https:\/\/www.ladiagonale.net\/wp-content\/uploads\/2023\/08\/visuel-vanderson.png","type":"image\/png"}],"author":"Damien Dellerba","twitter_card":"summary_large_image","twitter_image":"https:\/\/www.ladiagonale.net\/wp-content\/uploads\/2023\/08\/visuel-vanderson.png","twitter_misc":{"\u00c9crit par":"Damien Dellerba","Dur\u00e9e de lecture estim\u00e9e":"7 minutes"},"schema":{"@context":"https:\/\/schema.org","@graph":[{"@type":"WebPage","@id":"https:\/\/www.ladiagonale.net\/index.php\/2023\/08\/17\/laction-cle-made-in-hutter-made-in-bresil\/","url":"https:\/\/www.ladiagonale.net\/index.php\/2023\/08\/17\/laction-cle-made-in-hutter-made-in-bresil\/","name":"L'action cl\u00e9 : made in H\u00fctter, made in Br\u00e9sil - La Diagonale","isPartOf":{"@id":"https:\/\/www.ladiagonale.net\/#website"},"datePublished":"2023-08-17T17:16:27+00:00","dateModified":"2023-08-17T17:16:34+00:00","author":{"@id":"https:\/\/www.ladiagonale.net\/#\/schema\/person\/79ff1e7b0853ed01b2aa26e64ad300bf"},"breadcrumb":{"@id":"https:\/\/www.ladiagonale.net\/index.php\/2023\/08\/17\/laction-cle-made-in-hutter-made-in-bresil\/#breadcrumb"},"inLanguage":"fr-FR","potentialAction":[{"@type":"ReadAction","target":["https:\/\/www.ladiagonale.net\/index.php\/2023\/08\/17\/laction-cle-made-in-hutter-made-in-bresil\/"]}]},{"@type":"BreadcrumbList","@id":"https:\/\/www.ladiagonale.net\/index.php\/2023\/08\/17\/laction-cle-made-in-hutter-made-in-bresil\/#breadcrumb","itemListElement":[{"@type":"ListItem","position":1,"name":"Accueil","item":"https:\/\/www.ladiagonale.net\/"},{"@type":"ListItem","position":2,"name":"L&rsquo;action cl\u00e9 : made in H\u00fctter, made in Br\u00e9sil"}]},{"@type":"WebSite","@id":"https:\/\/www.ladiagonale.net\/#website","url":"https:\/\/www.ladiagonale.net\/","name":"La Diagonale","description":"Le site des supporters de l&#039;AS Monaco FC","potentialAction":[{"@type":"SearchAction","target":{"@type":"EntryPoint","urlTemplate":"https:\/\/www.ladiagonale.net\/?s={search_term_string}"},"query-input":"required name=search_term_string"}],"inLanguage":"fr-FR"},{"@type":"Person","@id":"https:\/\/www.ladiagonale.net\/#\/schema\/person\/79ff1e7b0853ed01b2aa26e64ad300bf","name":"Damien Dellerba","image":{"@type":"ImageObject","inLanguage":"fr-FR","@id":"https:\/\/www.ladiagonale.net\/#\/schema\/person\/image\/","url":"https:\/\/secure.gravatar.com\/avatar\/c7850e06d3ff63cdbaee88b7fc16e2f0?s=96&d=mm&r=g","contentUrl":"https:\/\/secure.gravatar.com\/avatar\/c7850e06d3ff63cdbaee88b7fc16e2f0?s=96&d=mm&r=g","caption":"Damien Dellerba"},"url":"https:\/\/www.ladiagonale.net\/index.php\/author\/damien\/"}]}},"_links":{"self":[{"href":"https:\/\/www.ladiagonale.net\/index.php\/wp-json\/wp\/v2\/posts\/15192"}],"collection":[{"href":"https:\/\/www.ladiagonale.net\/index.php\/wp-json\/wp\/v2\/posts"}],"about":[{"href":"https:\/\/www.ladiagonale.net\/index.php\/wp-json\/wp\/v2\/types\/post"}],"author":[{"embeddable":true,"href":"https:\/\/www.ladiagonale.net\/index.php\/wp-json\/wp\/v2\/users\/2"}],"replies":[{"embeddable":true,"href":"https:\/\/www.ladiagonale.net\/index.php\/wp-json\/wp\/v2\/comments?post=15192"}],"version-history":[{"count":5,"href":"https:\/\/www.ladiagonale.net\/index.php\/wp-json\/wp\/v2\/posts\/15192\/revisions"}],"predecessor-version":[{"id":15228,"href":"https:\/\/www.ladiagonale.net\/index.php\/wp-json\/wp\/v2\/posts\/15192\/revisions\/15228"}],"wp:featuredmedia":[{"embeddable":true,"href":"https:\/\/www.ladiagonale.net\/index.php\/wp-json\/wp\/v2\/media\/15193"}],"wp:attachment":[{"href":"https:\/\/www.ladiagonale.net\/index.php\/wp-json\/wp\/v2\/media?parent=15192"}],"wp:term":[{"taxonomy":"category","embeddable":true,"href":"https:\/\/www.ladiagonale.net\/index.php\/wp-json\/wp\/v2\/categories?post=15192"},{"taxonomy":"post_tag","embeddable":true,"href":"https:\/\/www.ladiagonale.net\/index.php\/wp-json\/wp\/v2\/tags?post=15192"}],"curies":[{"name":"wp","href":"https:\/\/api.w.org\/{rel}","templated":true}]}}