{"id":15194,"date":"2023-08-17T16:19:30","date_gmt":"2023-08-17T14:19:30","guid":{"rendered":"https:\/\/www.ladiagonale.net\/?p=15194"},"modified":"2023-08-17T16:23:36","modified_gmt":"2023-08-17T14:23:36","slug":"officiel-singo-sengage-avec-monaco","status":"publish","type":"post","link":"https:\/\/www.ladiagonale.net\/index.php\/2023\/08\/17\/officiel-singo-sengage-avec-monaco\/","title":{"rendered":"Officiel : Singo s&rsquo;engage avec Monaco"},"content":{"rendered":"\n\n\n<p>L&rsquo;AS Monaco vient d&rsquo;enregistrer sa quatri\u00e8me recrue de l&rsquo;intersaison, apr\u00e8s Philipp K\u00f6hn, Mohammed Salisu et Denis Zakaria. Le lat\u00e9ral droit ivoirien Wilfried Singo arrive en provenance du Torino et s&rsquo;engage pour les cinq prochaines saisons avec le club de la Principaut\u00e9, jusqu&rsquo;en juin 2028. Selon <em>L&rsquo;\u00c9quipe<\/em>, il viendrait toutefois pour jouer comme axial droit dans la d\u00e9fense \u00e0 trois d&rsquo;Adi H\u00fctter. Aux derni\u00e8res nouvelles, une offre de 10 millions d&rsquo;euros \u00e9tait \u00e9voqu\u00e9e par diff\u00e9rents m\u00e9dias pour racheter la derni\u00e8re ann\u00e9e de contrat du joueur de 22 ans, mais des bonus pourraient \u00e9galement \u00eatre ajout\u00e9s, faisant grimper le montant du transfert jusqu&rsquo;\u00e0 15 millions. <\/p>\n\n\n\n<p>Form\u00e9 en C\u00f4te d&rsquo;Ivoire, \u00e0 l&rsquo;AS Dengu\u00e9l\u00e9, Singo a rejoint l&rsquo;Italie et le Torino en janvier 2019, o\u00f9 il a d&rsquo;abord \u00e9volu\u00e9 avec les \u00e9quipes jeunes et la r\u00e9serve. Le natif d&rsquo;Ouaragahio a ensuite fait ses d\u00e9buts avec l&rsquo;\u00e9quipe premi\u00e8re du <em>Toro<\/em> d\u00e8s l&rsquo;\u00e9t\u00e9 suivant, en Coupe d&rsquo;Europe, contre Debrecen. Depuis son premier match en tant que professionnel, il a disput\u00e9 108 autres rencontres avec le club pi\u00e9montais. En juin 2021, il a connu sa premi\u00e8re s\u00e9lection avec les <em>\u00c9l\u00e9phants<\/em> et totalise 7 capes. \u00c0 l&rsquo;instar de Mohammed Salisu, Kr\u00e9pin Diatta, Ismail Jakobs et Mohamed Camara, Singo pourrait disputer la CAN 2023 en janvier prochain.<\/p>\n","protected":false},"excerpt":{"rendered":"<p>L&rsquo;AS Monaco vient d&rsquo;enregistrer sa quatri\u00e8me recrue de l&rsquo;intersaison, apr\u00e8s Philipp K\u00f6hn, Mohammed Salisu et Denis Zakaria. Le lat\u00e9ral droit ivoirien Wilfried Singo arrive en provenance du Torino et s&rsquo;engage pour les cinq prochaines saisons avec le club de la Principaut\u00e9, jusqu&rsquo;en juin 2028. Selon L&rsquo;\u00c9quipe, il viendrait toutefois pour jouer comme axial droit dans [&#8230;]\n","protected":false},"author":2,"featured_media":0,"comment_status":"open","ping_status":"open","sticky":false,"template":"","format":"standard","meta":[],"categories":[4,6],"tags":[86,111,160,110,665],"yoast_head":"<!-- This site is optimized with the Yoast SEO plugin v19.8 - https:\/\/yoast.com\/wordpress\/plugins\/seo\/ -->\n<title>Officiel : Singo s&#039;engage avec Monaco - La Diagonale<\/title>\n<meta name=\"robots\" content=\"index, follow, max-snippet:-1, max-image-preview:large, max-video-preview:-1\" \/>\n<link rel=\"canonical\" href=\"https:\/\/www.ladiagonale.net\/index.php\/2023\/08\/17\/officiel-singo-sengage-avec-monaco\/\" \/>\n<meta property=\"og:locale\" content=\"fr_FR\" \/>\n<meta property=\"og:type\" content=\"article\" \/>\n<meta property=\"og:title\" content=\"Officiel : Singo s&#039;engage avec Monaco - La Diagonale\" \/>\n<meta property=\"og:description\" content=\"L&rsquo;AS Monaco vient d&rsquo;enregistrer sa quatri\u00e8me recrue de l&rsquo;intersaison, apr\u00e8s Philipp K\u00f6hn, Mohammed Salisu et Denis Zakaria. Le lat\u00e9ral droit ivoirien Wilfried Singo arrive en provenance du Torino et s&rsquo;engage pour les cinq prochaines saisons avec le club de la Principaut\u00e9, jusqu&rsquo;en juin 2028. Selon L&rsquo;\u00c9quipe, il viendrait toutefois pour jouer comme axial droit dans [...]\" \/>\n<meta property=\"og:url\" content=\"https:\/\/www.ladiagonale.net\/index.php\/2023\/08\/17\/officiel-singo-sengage-avec-monaco\/\" \/>\n<meta property=\"og:site_name\" content=\"La Diagonale\" \/>\n<meta property=\"article:published_time\" content=\"2023-08-17T14:19:30+00:00\" \/>\n<meta property=\"article:modified_time\" content=\"2023-08-17T14:23:36+00:00\" \/>\n<meta property=\"og:image\" content=\"https:\/\/www.ladiagonale.net\/wp-content\/uploads\/2023\/08\/singo-1.png\" \/>\n\t<meta property=\"og:image:width\" content=\"1160\" \/>\n\t<meta property=\"og:image:height\" content=\"650\" \/>\n\t<meta property=\"og:image:type\" content=\"image\/png\" \/>\n<meta name=\"author\" content=\"Damien Dellerba\" \/>\n<meta name=\"twitter:card\" content=\"summary_large_image\" \/>\n<meta name=\"twitter:image\" content=\"https:\/\/www.ladiagonale.net\/wp-content\/uploads\/2023\/08\/singo-1.png\" \/>\n<meta name=\"twitter:label1\" content=\"\u00c9crit par\" \/>\n\t<meta name=\"twitter:data1\" content=\"Damien Dellerba\" \/>\n\t<meta name=\"twitter:label2\" content=\"Dur\u00e9e de lecture estim\u00e9e\" \/>\n\t<meta name=\"twitter:data2\" content=\"2 minutes\" \/>\n<script type=\"application\/ld+json\" class=\"yoast-schema-graph\">{\"@context\":\"https:\/\/schema.org\",\"@graph\":[{\"@type\":\"WebPage\",\"@id\":\"https:\/\/www.ladiagonale.net\/index.php\/2023\/08\/17\/officiel-singo-sengage-avec-monaco\/\",\"url\":\"https:\/\/www.ladiagonale.net\/index.php\/2023\/08\/17\/officiel-singo-sengage-avec-monaco\/\",\"name\":\"Officiel : Singo s'engage avec Monaco - La Diagonale\",\"isPartOf\":{\"@id\":\"https:\/\/www.ladiagonale.net\/#website\"},\"datePublished\":\"2023-08-17T14:19:30+00:00\",\"dateModified\":\"2023-08-17T14:23:36+00:00\",\"author\":{\"@id\":\"https:\/\/www.ladiagonale.net\/#\/schema\/person\/79ff1e7b0853ed01b2aa26e64ad300bf\"},\"breadcrumb\":{\"@id\":\"https:\/\/www.ladiagonale.net\/index.php\/2023\/08\/17\/officiel-singo-sengage-avec-monaco\/#breadcrumb\"},\"inLanguage\":\"fr-FR\",\"potentialAction\":[{\"@type\":\"ReadAction\",\"target\":[\"https:\/\/www.ladiagonale.net\/index.php\/2023\/08\/17\/officiel-singo-sengage-avec-monaco\/\"]}]},{\"@type\":\"BreadcrumbList\",\"@id\":\"https:\/\/www.ladiagonale.net\/index.php\/2023\/08\/17\/officiel-singo-sengage-avec-monaco\/#breadcrumb\",\"itemListElement\":[{\"@type\":\"ListItem\",\"position\":1,\"name\":\"Accueil\",\"item\":\"https:\/\/www.ladiagonale.net\/\"},{\"@type\":\"ListItem\",\"position\":2,\"name\":\"Officiel : Singo s&rsquo;engage avec Monaco\"}]},{\"@type\":\"WebSite\",\"@id\":\"https:\/\/www.ladiagonale.net\/#website\",\"url\":\"https:\/\/www.ladiagonale.net\/\",\"name\":\"La Diagonale\",\"description\":\"Le site des supporters de l&#039;AS Monaco FC\",\"potentialAction\":[{\"@type\":\"SearchAction\",\"target\":{\"@type\":\"EntryPoint\",\"urlTemplate\":\"https:\/\/www.ladiagonale.net\/?s={search_term_string}\"},\"query-input\":\"required name=search_term_string\"}],\"inLanguage\":\"fr-FR\"},{\"@type\":\"Person\",\"@id\":\"https:\/\/www.ladiagonale.net\/#\/schema\/person\/79ff1e7b0853ed01b2aa26e64ad300bf\",\"name\":\"Damien Dellerba\",\"image\":{\"@type\":\"ImageObject\",\"inLanguage\":\"fr-FR\",\"@id\":\"https:\/\/www.ladiagonale.net\/#\/schema\/person\/image\/\",\"url\":\"https:\/\/secure.gravatar.com\/avatar\/c7850e06d3ff63cdbaee88b7fc16e2f0?s=96&d=mm&r=g\",\"contentUrl\":\"https:\/\/secure.gravatar.com\/avatar\/c7850e06d3ff63cdbaee88b7fc16e2f0?s=96&d=mm&r=g\",\"caption\":\"Damien Dellerba\"},\"url\":\"https:\/\/www.ladiagonale.net\/index.php\/author\/damien\/\"}]}<\/script>\n<!-- \/ Yoast SEO plugin. -->","yoast_head_json":{"title":"Officiel : Singo s'engage avec Monaco - La Diagonale","robots":{"index":"index","follow":"follow","max-snippet":"max-snippet:-1","max-image-preview":"max-image-preview:large","max-video-preview":"max-video-preview:-1"},"canonical":"https:\/\/www.ladiagonale.net\/index.php\/2023\/08\/17\/officiel-singo-sengage-avec-monaco\/","og_locale":"fr_FR","og_type":"article","og_title":"Officiel : Singo s'engage avec Monaco - La Diagonale","og_description":"L&rsquo;AS Monaco vient d&rsquo;enregistrer sa quatri\u00e8me recrue de l&rsquo;intersaison, apr\u00e8s Philipp K\u00f6hn, Mohammed Salisu et Denis Zakaria. Le lat\u00e9ral droit ivoirien Wilfried Singo arrive en provenance du Torino et s&rsquo;engage pour les cinq prochaines saisons avec le club de la Principaut\u00e9, jusqu&rsquo;en juin 2028. Selon L&rsquo;\u00c9quipe, il viendrait toutefois pour jouer comme axial droit dans [...]","og_url":"https:\/\/www.ladiagonale.net\/index.php\/2023\/08\/17\/officiel-singo-sengage-avec-monaco\/","og_site_name":"La Diagonale","article_published_time":"2023-08-17T14:19:30+00:00","article_modified_time":"2023-08-17T14:23:36+00:00","og_image":[{"width":1160,"height":650,"url":"https:\/\/www.ladiagonale.net\/wp-content\/uploads\/2023\/08\/singo-1.png","type":"image\/png"}],"author":"Damien Dellerba","twitter_card":"summary_large_image","twitter_image":"https:\/\/www.ladiagonale.net\/wp-content\/uploads\/2023\/08\/singo-1.png","twitter_misc":{"\u00c9crit par":"Damien Dellerba","Dur\u00e9e de lecture estim\u00e9e":"2 minutes"},"schema":{"@context":"https:\/\/schema.org","@graph":[{"@type":"WebPage","@id":"https:\/\/www.ladiagonale.net\/index.php\/2023\/08\/17\/officiel-singo-sengage-avec-monaco\/","url":"https:\/\/www.ladiagonale.net\/index.php\/2023\/08\/17\/officiel-singo-sengage-avec-monaco\/","name":"Officiel : Singo s'engage avec Monaco - La Diagonale","isPartOf":{"@id":"https:\/\/www.ladiagonale.net\/#website"},"datePublished":"2023-08-17T14:19:30+00:00","dateModified":"2023-08-17T14:23:36+00:00","author":{"@id":"https:\/\/www.ladiagonale.net\/#\/schema\/person\/79ff1e7b0853ed01b2aa26e64ad300bf"},"breadcrumb":{"@id":"https:\/\/www.ladiagonale.net\/index.php\/2023\/08\/17\/officiel-singo-sengage-avec-monaco\/#breadcrumb"},"inLanguage":"fr-FR","potentialAction":[{"@type":"ReadAction","target":["https:\/\/www.ladiagonale.net\/index.php\/2023\/08\/17\/officiel-singo-sengage-avec-monaco\/"]}]},{"@type":"BreadcrumbList","@id":"https:\/\/www.ladiagonale.net\/index.php\/2023\/08\/17\/officiel-singo-sengage-avec-monaco\/#breadcrumb","itemListElement":[{"@type":"ListItem","position":1,"name":"Accueil","item":"https:\/\/www.ladiagonale.net\/"},{"@type":"ListItem","position":2,"name":"Officiel : Singo s&rsquo;engage avec Monaco"}]},{"@type":"WebSite","@id":"https:\/\/www.ladiagonale.net\/#website","url":"https:\/\/www.ladiagonale.net\/","name":"La Diagonale","description":"Le site des supporters de l&#039;AS Monaco FC","potentialAction":[{"@type":"SearchAction","target":{"@type":"EntryPoint","urlTemplate":"https:\/\/www.ladiagonale.net\/?s={search_term_string}"},"query-input":"required name=search_term_string"}],"inLanguage":"fr-FR"},{"@type":"Person","@id":"https:\/\/www.ladiagonale.net\/#\/schema\/person\/79ff1e7b0853ed01b2aa26e64ad300bf","name":"Damien Dellerba","image":{"@type":"ImageObject","inLanguage":"fr-FR","@id":"https:\/\/www.ladiagonale.net\/#\/schema\/person\/image\/","url":"https:\/\/secure.gravatar.com\/avatar\/c7850e06d3ff63cdbaee88b7fc16e2f0?s=96&d=mm&r=g","contentUrl":"https:\/\/secure.gravatar.com\/avatar\/c7850e06d3ff63cdbaee88b7fc16e2f0?s=96&d=mm&r=g","caption":"Damien Dellerba"},"url":"https:\/\/www.ladiagonale.net\/index.php\/author\/damien\/"}]}},"_links":{"self":[{"href":"https:\/\/www.ladiagonale.net\/index.php\/wp-json\/wp\/v2\/posts\/15194"}],"collection":[{"href":"https:\/\/www.ladiagonale.net\/index.php\/wp-json\/wp\/v2\/posts"}],"about":[{"href":"https:\/\/www.ladiagonale.net\/index.php\/wp-json\/wp\/v2\/types\/post"}],"author":[{"embeddable":true,"href":"https:\/\/www.ladiagonale.net\/index.php\/wp-json\/wp\/v2\/users\/2"}],"replies":[{"embeddable":true,"href":"https:\/\/www.ladiagonale.net\/index.php\/wp-json\/wp\/v2\/comments?post=15194"}],"version-history":[{"count":5,"href":"https:\/\/www.ladiagonale.net\/index.php\/wp-json\/wp\/v2\/posts\/15194\/revisions"}],"predecessor-version":[{"id":15200,"href":"https:\/\/www.ladiagonale.net\/index.php\/wp-json\/wp\/v2\/posts\/15194\/revisions\/15200"}],"wp:attachment":[{"href":"https:\/\/www.ladiagonale.net\/index.php\/wp-json\/wp\/v2\/media?parent=15194"}],"wp:term":[{"taxonomy":"category","embeddable":true,"href":"https:\/\/www.ladiagonale.net\/index.php\/wp-json\/wp\/v2\/categories?post=15194"},{"taxonomy":"post_tag","embeddable":true,"href":"https:\/\/www.ladiagonale.net\/index.php\/wp-json\/wp\/v2\/tags?post=15194"}],"curies":[{"name":"wp","href":"https:\/\/api.w.org\/{rel}","templated":true}]}}