{"id":15235,"date":"2023-08-18T00:13:47","date_gmt":"2023-08-17T22:13:47","guid":{"rendered":"https:\/\/www.ladiagonale.net\/?p=15235"},"modified":"2023-08-18T00:13:51","modified_gmt":"2023-08-17T22:13:51","slug":"adarabioyo-insisterait-pour-rejoindre-monaco","status":"publish","type":"post","link":"https:\/\/www.ladiagonale.net\/index.php\/2023\/08\/18\/adarabioyo-insisterait-pour-rejoindre-monaco\/","title":{"rendered":"Adarabioyo insisterait pour rejoindre Monaco"},"content":{"rendered":"\n\n\n<p>Le dossier Adarabioyo n&rsquo;est pas encore au bout de ses surprises. Mercredi, <em>The Athletic<\/em> indiquait que Fulham <a href=\"https:\/\/www.ladiagonale.net\/index.php\/2023\/08\/16\/fulham-aurait-rejete-loffre-de-monaco-pour-adarabioyo\/\">avait d\u00e9j\u00e0 rejet\u00e9 deux offres de la part de l&rsquo;AS Monaco<\/a> pour son d\u00e9fenseur central et cela ne plairait pas beaucoup au joueur, comme r\u00e9v\u00e9l\u00e9 par <em>Foot Mercato<\/em>. L&rsquo;Anglais de 25 ans, qui n&rsquo;a plus qu&rsquo;un an de contrat avec les <em>Cottagers<\/em>, aurait de nouveau fait part de son souhait de rejoindre la Principaut\u00e9 \u00e0 ses dirigeants. Ces derniers ont, de leur c\u00f4t\u00e9, mandat\u00e9 un agent pour lui trouver une porte de sortie et Tottenham continuerait de lui faire les yeux doux.<\/p>\n\n\n\n<p>Du c\u00f4t\u00e9 de Monaco, l&rsquo;int\u00e9r\u00eat pour Adarabioyo semble toujours vif, mais d&rsquo;autres pistes sont d\u00e9sormais envisag\u00e9es, <a href=\"https:\/\/www.ladiagonale.net\/index.php\/2023\/08\/17\/monaco-etudierait-une-autre-option-pour-sa-defense-centrale\/\">comme celle menant \u00e0 Davinson Sanchez<\/a> et dont l&rsquo;information est parue ce jeudi dans<em> L&rsquo;\u00c9quipe<\/em>. L&rsquo;ASM a aussi enregistr\u00e9 <a href=\"https:\/\/www.ladiagonale.net\/index.php\/2023\/08\/17\/officiel-singo-sengage-avec-monaco\/\">l&rsquo;arriv\u00e9e de Wilfried Singo<\/a> et il se dit que l&rsquo;Ivoirien pourrait \u00eatre utilis\u00e9 comme axial droit de la d\u00e9fense \u00e0 trois et non dans un r\u00f4le de piston droit comme on pouvait le penser.<\/p>\n","protected":false},"excerpt":{"rendered":"<p>Le dossier Adarabioyo n&rsquo;est pas encore au bout de ses surprises. Mercredi, The Athletic indiquait que Fulham avait d\u00e9j\u00e0 rejet\u00e9 deux offres de la part de l&rsquo;AS Monaco pour son d\u00e9fenseur central et cela ne plairait pas beaucoup au joueur, comme r\u00e9v\u00e9l\u00e9 par Foot Mercato. L&rsquo;Anglais de 25 ans, qui n&rsquo;a plus qu&rsquo;un an de [&#8230;]\n","protected":false},"author":2,"featured_media":0,"comment_status":"open","ping_status":"open","sticky":false,"template":"","format":"standard","meta":[],"categories":[6],"tags":[86,638,111,381,110],"yoast_head":"<!-- This site is optimized with the Yoast SEO plugin v19.8 - https:\/\/yoast.com\/wordpress\/plugins\/seo\/ -->\n<title>Adarabioyo insisterait pour rejoindre Monaco - La Diagonale<\/title>\n<meta name=\"robots\" content=\"index, follow, max-snippet:-1, max-image-preview:large, max-video-preview:-1\" \/>\n<link rel=\"canonical\" href=\"https:\/\/www.ladiagonale.net\/index.php\/2023\/08\/18\/adarabioyo-insisterait-pour-rejoindre-monaco\/\" \/>\n<meta property=\"og:locale\" content=\"fr_FR\" \/>\n<meta property=\"og:type\" content=\"article\" \/>\n<meta property=\"og:title\" content=\"Adarabioyo insisterait pour rejoindre Monaco - La Diagonale\" \/>\n<meta property=\"og:description\" content=\"Le dossier Adarabioyo n&rsquo;est pas encore au bout de ses surprises. Mercredi, The Athletic indiquait que Fulham avait d\u00e9j\u00e0 rejet\u00e9 deux offres de la part de l&rsquo;AS Monaco pour son d\u00e9fenseur central et cela ne plairait pas beaucoup au joueur, comme r\u00e9v\u00e9l\u00e9 par Foot Mercato. L&rsquo;Anglais de 25 ans, qui n&rsquo;a plus qu&rsquo;un an de [...]\" \/>\n<meta property=\"og:url\" content=\"https:\/\/www.ladiagonale.net\/index.php\/2023\/08\/18\/adarabioyo-insisterait-pour-rejoindre-monaco\/\" \/>\n<meta property=\"og:site_name\" content=\"La Diagonale\" \/>\n<meta property=\"article:published_time\" content=\"2023-08-17T22:13:47+00:00\" \/>\n<meta property=\"article:modified_time\" content=\"2023-08-17T22:13:51+00:00\" \/>\n<meta property=\"og:image\" content=\"https:\/\/www.ladiagonale.net\/wp-content\/uploads\/2023\/01\/adarabioyo.png\" \/>\n\t<meta property=\"og:image:width\" content=\"1160\" \/>\n\t<meta property=\"og:image:height\" content=\"650\" \/>\n\t<meta property=\"og:image:type\" content=\"image\/png\" \/>\n<meta name=\"author\" content=\"Damien Dellerba\" \/>\n<meta name=\"twitter:card\" content=\"summary_large_image\" \/>\n<meta name=\"twitter:image\" content=\"https:\/\/www.ladiagonale.net\/wp-content\/uploads\/2023\/01\/adarabioyo.png\" \/>\n<meta name=\"twitter:label1\" content=\"\u00c9crit par\" \/>\n\t<meta name=\"twitter:data1\" content=\"Damien Dellerba\" \/>\n\t<meta name=\"twitter:label2\" content=\"Dur\u00e9e de lecture estim\u00e9e\" \/>\n\t<meta name=\"twitter:data2\" content=\"1 minute\" \/>\n<script type=\"application\/ld+json\" class=\"yoast-schema-graph\">{\"@context\":\"https:\/\/schema.org\",\"@graph\":[{\"@type\":\"WebPage\",\"@id\":\"https:\/\/www.ladiagonale.net\/index.php\/2023\/08\/18\/adarabioyo-insisterait-pour-rejoindre-monaco\/\",\"url\":\"https:\/\/www.ladiagonale.net\/index.php\/2023\/08\/18\/adarabioyo-insisterait-pour-rejoindre-monaco\/\",\"name\":\"Adarabioyo insisterait pour rejoindre Monaco - La Diagonale\",\"isPartOf\":{\"@id\":\"https:\/\/www.ladiagonale.net\/#website\"},\"datePublished\":\"2023-08-17T22:13:47+00:00\",\"dateModified\":\"2023-08-17T22:13:51+00:00\",\"author\":{\"@id\":\"https:\/\/www.ladiagonale.net\/#\/schema\/person\/79ff1e7b0853ed01b2aa26e64ad300bf\"},\"breadcrumb\":{\"@id\":\"https:\/\/www.ladiagonale.net\/index.php\/2023\/08\/18\/adarabioyo-insisterait-pour-rejoindre-monaco\/#breadcrumb\"},\"inLanguage\":\"fr-FR\",\"potentialAction\":[{\"@type\":\"ReadAction\",\"target\":[\"https:\/\/www.ladiagonale.net\/index.php\/2023\/08\/18\/adarabioyo-insisterait-pour-rejoindre-monaco\/\"]}]},{\"@type\":\"BreadcrumbList\",\"@id\":\"https:\/\/www.ladiagonale.net\/index.php\/2023\/08\/18\/adarabioyo-insisterait-pour-rejoindre-monaco\/#breadcrumb\",\"itemListElement\":[{\"@type\":\"ListItem\",\"position\":1,\"name\":\"Accueil\",\"item\":\"https:\/\/www.ladiagonale.net\/\"},{\"@type\":\"ListItem\",\"position\":2,\"name\":\"Adarabioyo insisterait pour rejoindre Monaco\"}]},{\"@type\":\"WebSite\",\"@id\":\"https:\/\/www.ladiagonale.net\/#website\",\"url\":\"https:\/\/www.ladiagonale.net\/\",\"name\":\"La Diagonale\",\"description\":\"Le site des supporters de l&#039;AS Monaco FC\",\"potentialAction\":[{\"@type\":\"SearchAction\",\"target\":{\"@type\":\"EntryPoint\",\"urlTemplate\":\"https:\/\/www.ladiagonale.net\/?s={search_term_string}\"},\"query-input\":\"required name=search_term_string\"}],\"inLanguage\":\"fr-FR\"},{\"@type\":\"Person\",\"@id\":\"https:\/\/www.ladiagonale.net\/#\/schema\/person\/79ff1e7b0853ed01b2aa26e64ad300bf\",\"name\":\"Damien Dellerba\",\"image\":{\"@type\":\"ImageObject\",\"inLanguage\":\"fr-FR\",\"@id\":\"https:\/\/www.ladiagonale.net\/#\/schema\/person\/image\/\",\"url\":\"https:\/\/secure.gravatar.com\/avatar\/c7850e06d3ff63cdbaee88b7fc16e2f0?s=96&d=mm&r=g\",\"contentUrl\":\"https:\/\/secure.gravatar.com\/avatar\/c7850e06d3ff63cdbaee88b7fc16e2f0?s=96&d=mm&r=g\",\"caption\":\"Damien Dellerba\"},\"url\":\"https:\/\/www.ladiagonale.net\/index.php\/author\/damien\/\"}]}<\/script>\n<!-- \/ Yoast SEO plugin. -->","yoast_head_json":{"title":"Adarabioyo insisterait pour rejoindre Monaco - La Diagonale","robots":{"index":"index","follow":"follow","max-snippet":"max-snippet:-1","max-image-preview":"max-image-preview:large","max-video-preview":"max-video-preview:-1"},"canonical":"https:\/\/www.ladiagonale.net\/index.php\/2023\/08\/18\/adarabioyo-insisterait-pour-rejoindre-monaco\/","og_locale":"fr_FR","og_type":"article","og_title":"Adarabioyo insisterait pour rejoindre Monaco - La Diagonale","og_description":"Le dossier Adarabioyo n&rsquo;est pas encore au bout de ses surprises. Mercredi, The Athletic indiquait que Fulham avait d\u00e9j\u00e0 rejet\u00e9 deux offres de la part de l&rsquo;AS Monaco pour son d\u00e9fenseur central et cela ne plairait pas beaucoup au joueur, comme r\u00e9v\u00e9l\u00e9 par Foot Mercato. L&rsquo;Anglais de 25 ans, qui n&rsquo;a plus qu&rsquo;un an de [...]","og_url":"https:\/\/www.ladiagonale.net\/index.php\/2023\/08\/18\/adarabioyo-insisterait-pour-rejoindre-monaco\/","og_site_name":"La Diagonale","article_published_time":"2023-08-17T22:13:47+00:00","article_modified_time":"2023-08-17T22:13:51+00:00","og_image":[{"width":1160,"height":650,"url":"https:\/\/www.ladiagonale.net\/wp-content\/uploads\/2023\/01\/adarabioyo.png","type":"image\/png"}],"author":"Damien Dellerba","twitter_card":"summary_large_image","twitter_image":"https:\/\/www.ladiagonale.net\/wp-content\/uploads\/2023\/01\/adarabioyo.png","twitter_misc":{"\u00c9crit par":"Damien Dellerba","Dur\u00e9e de lecture estim\u00e9e":"1 minute"},"schema":{"@context":"https:\/\/schema.org","@graph":[{"@type":"WebPage","@id":"https:\/\/www.ladiagonale.net\/index.php\/2023\/08\/18\/adarabioyo-insisterait-pour-rejoindre-monaco\/","url":"https:\/\/www.ladiagonale.net\/index.php\/2023\/08\/18\/adarabioyo-insisterait-pour-rejoindre-monaco\/","name":"Adarabioyo insisterait pour rejoindre Monaco - La Diagonale","isPartOf":{"@id":"https:\/\/www.ladiagonale.net\/#website"},"datePublished":"2023-08-17T22:13:47+00:00","dateModified":"2023-08-17T22:13:51+00:00","author":{"@id":"https:\/\/www.ladiagonale.net\/#\/schema\/person\/79ff1e7b0853ed01b2aa26e64ad300bf"},"breadcrumb":{"@id":"https:\/\/www.ladiagonale.net\/index.php\/2023\/08\/18\/adarabioyo-insisterait-pour-rejoindre-monaco\/#breadcrumb"},"inLanguage":"fr-FR","potentialAction":[{"@type":"ReadAction","target":["https:\/\/www.ladiagonale.net\/index.php\/2023\/08\/18\/adarabioyo-insisterait-pour-rejoindre-monaco\/"]}]},{"@type":"BreadcrumbList","@id":"https:\/\/www.ladiagonale.net\/index.php\/2023\/08\/18\/adarabioyo-insisterait-pour-rejoindre-monaco\/#breadcrumb","itemListElement":[{"@type":"ListItem","position":1,"name":"Accueil","item":"https:\/\/www.ladiagonale.net\/"},{"@type":"ListItem","position":2,"name":"Adarabioyo insisterait pour rejoindre Monaco"}]},{"@type":"WebSite","@id":"https:\/\/www.ladiagonale.net\/#website","url":"https:\/\/www.ladiagonale.net\/","name":"La Diagonale","description":"Le site des supporters de l&#039;AS Monaco FC","potentialAction":[{"@type":"SearchAction","target":{"@type":"EntryPoint","urlTemplate":"https:\/\/www.ladiagonale.net\/?s={search_term_string}"},"query-input":"required name=search_term_string"}],"inLanguage":"fr-FR"},{"@type":"Person","@id":"https:\/\/www.ladiagonale.net\/#\/schema\/person\/79ff1e7b0853ed01b2aa26e64ad300bf","name":"Damien Dellerba","image":{"@type":"ImageObject","inLanguage":"fr-FR","@id":"https:\/\/www.ladiagonale.net\/#\/schema\/person\/image\/","url":"https:\/\/secure.gravatar.com\/avatar\/c7850e06d3ff63cdbaee88b7fc16e2f0?s=96&d=mm&r=g","contentUrl":"https:\/\/secure.gravatar.com\/avatar\/c7850e06d3ff63cdbaee88b7fc16e2f0?s=96&d=mm&r=g","caption":"Damien Dellerba"},"url":"https:\/\/www.ladiagonale.net\/index.php\/author\/damien\/"}]}},"_links":{"self":[{"href":"https:\/\/www.ladiagonale.net\/index.php\/wp-json\/wp\/v2\/posts\/15235"}],"collection":[{"href":"https:\/\/www.ladiagonale.net\/index.php\/wp-json\/wp\/v2\/posts"}],"about":[{"href":"https:\/\/www.ladiagonale.net\/index.php\/wp-json\/wp\/v2\/types\/post"}],"author":[{"embeddable":true,"href":"https:\/\/www.ladiagonale.net\/index.php\/wp-json\/wp\/v2\/users\/2"}],"replies":[{"embeddable":true,"href":"https:\/\/www.ladiagonale.net\/index.php\/wp-json\/wp\/v2\/comments?post=15235"}],"version-history":[{"count":3,"href":"https:\/\/www.ladiagonale.net\/index.php\/wp-json\/wp\/v2\/posts\/15235\/revisions"}],"predecessor-version":[{"id":15241,"href":"https:\/\/www.ladiagonale.net\/index.php\/wp-json\/wp\/v2\/posts\/15235\/revisions\/15241"}],"wp:attachment":[{"href":"https:\/\/www.ladiagonale.net\/index.php\/wp-json\/wp\/v2\/media?parent=15235"}],"wp:term":[{"taxonomy":"category","embeddable":true,"href":"https:\/\/www.ladiagonale.net\/index.php\/wp-json\/wp\/v2\/categories?post=15235"},{"taxonomy":"post_tag","embeddable":true,"href":"https:\/\/www.ladiagonale.net\/index.php\/wp-json\/wp\/v2\/tags?post=15235"}],"curies":[{"name":"wp","href":"https:\/\/api.w.org\/{rel}","templated":true}]}}