{"id":15238,"date":"2023-08-17T23:41:41","date_gmt":"2023-08-17T21:41:41","guid":{"rendered":"https:\/\/www.ladiagonale.net\/?p=15238"},"modified":"2023-08-18T00:51:36","modified_gmt":"2023-08-17T22:51:36","slug":"nottingham-forest-pret-a-mettre-plus-de-35-millions-pour-fofana","status":"publish","type":"post","link":"https:\/\/www.ladiagonale.net\/index.php\/2023\/08\/17\/nottingham-forest-pret-a-mettre-plus-de-35-millions-pour-fofana\/","title":{"rendered":"Nottingham Forest pr\u00eat \u00e0 mettre plus de 35 millions pour Fofana ?"},"content":{"rendered":"\n\n\n<p>Apr\u00e8s une bonne prestation contre Clermont dimanche, o\u00f9 il a \u00e9t\u00e9 impliqu\u00e9 dans les deux premiers buts de son \u00e9quipe, Youssouf Fofana continue d&rsquo;attirer l&rsquo;\u0153il de club anglais. Nottingham Forest, <a href=\"https:\/\/www.ladiagonale.net\/index.php\/2023\/08\/08\/fofana-aurait-refuse-nottingham-forest\/\">qui s&rsquo;\u00e9tait d\u00e9j\u00e0 manifest\u00e9 pour le milieu de terrain de l&rsquo;AS Monaco plus t\u00f4t dans le mois,<\/a> serait revenu \u00e0 la charge, \u00e0 en croire <em>The Athletic<\/em>. D&rsquo;apr\u00e8s les informations du m\u00e9dia anglais, le club de <em>Premier League <\/em>aurait fait une proposition orale de 35 millions plus des bonus aux dirigeants as\u00e9mistes pour acheter Fofana, qui est sous contrat jusqu&rsquo;en 2025.<\/p>\n\n\n\n<p>L&rsquo;offre pr\u00e9sent\u00e9e par Nottingham Forest serait de nature \u00e0 satisfaire les exigences de l&rsquo;ASM, mais il faudrait aussi que les dirigeants de l&rsquo;\u00e9quipe anglaise soient en mesure de convaincre le joueur de 24 ans, qui aurait d\u00e9j\u00e0 refus\u00e9 une premi\u00e8re fois leurs avances. Des discussions avec l&rsquo;entourage de l&rsquo;international fran\u00e7ais seraient en cours, rapporte <em>The Athletic<\/em>. D&rsquo;autres clubs, dont les noms n&rsquo;ont pas filtr\u00e9, suivraient \u00e9galement l&rsquo;\u00e9volution du dossier de pr\u00e8s. <\/p>\n","protected":false},"excerpt":{"rendered":"<p>Apr\u00e8s une bonne prestation contre Clermont dimanche, o\u00f9 il a \u00e9t\u00e9 impliqu\u00e9 dans les deux premiers buts de son \u00e9quipe, Youssouf Fofana continue d&rsquo;attirer l&rsquo;\u0153il de club anglais. Nottingham Forest, qui s&rsquo;\u00e9tait d\u00e9j\u00e0 manifest\u00e9 pour le milieu de terrain de l&rsquo;AS Monaco plus t\u00f4t dans le mois, serait revenu \u00e0 la charge, \u00e0 en croire [&#8230;]\n","protected":false},"author":2,"featured_media":0,"comment_status":"open","ping_status":"open","sticky":false,"template":"","format":"standard","meta":[],"categories":[6],"tags":[86,111,626,110,176],"yoast_head":"<!-- This site is optimized with the Yoast SEO plugin v19.8 - https:\/\/yoast.com\/wordpress\/plugins\/seo\/ -->\n<title>Nottingham Forest pr\u00eat \u00e0 mettre plus de 35 millions pour Fofana ? - La Diagonale<\/title>\n<meta name=\"robots\" content=\"index, follow, max-snippet:-1, max-image-preview:large, max-video-preview:-1\" \/>\n<link rel=\"canonical\" href=\"https:\/\/www.ladiagonale.net\/index.php\/2023\/08\/17\/nottingham-forest-pret-a-mettre-plus-de-35-millions-pour-fofana\/\" \/>\n<meta property=\"og:locale\" content=\"fr_FR\" \/>\n<meta property=\"og:type\" content=\"article\" \/>\n<meta property=\"og:title\" content=\"Nottingham Forest pr\u00eat \u00e0 mettre plus de 35 millions pour Fofana ? - La Diagonale\" \/>\n<meta property=\"og:description\" content=\"Apr\u00e8s une bonne prestation contre Clermont dimanche, o\u00f9 il a \u00e9t\u00e9 impliqu\u00e9 dans les deux premiers buts de son \u00e9quipe, Youssouf Fofana continue d&rsquo;attirer l&rsquo;\u0153il de club anglais. Nottingham Forest, qui s&rsquo;\u00e9tait d\u00e9j\u00e0 manifest\u00e9 pour le milieu de terrain de l&rsquo;AS Monaco plus t\u00f4t dans le mois, serait revenu \u00e0 la charge, \u00e0 en croire [...]\" \/>\n<meta property=\"og:url\" content=\"https:\/\/www.ladiagonale.net\/index.php\/2023\/08\/17\/nottingham-forest-pret-a-mettre-plus-de-35-millions-pour-fofana\/\" \/>\n<meta property=\"og:site_name\" content=\"La Diagonale\" \/>\n<meta property=\"article:published_time\" content=\"2023-08-17T21:41:41+00:00\" \/>\n<meta property=\"article:modified_time\" content=\"2023-08-17T22:51:36+00:00\" \/>\n<meta property=\"og:image\" content=\"https:\/\/www.ladiagonale.net\/wp-content\/uploads\/2023\/08\/fofana.png\" \/>\n\t<meta property=\"og:image:width\" content=\"1160\" \/>\n\t<meta property=\"og:image:height\" content=\"650\" \/>\n\t<meta property=\"og:image:type\" content=\"image\/png\" \/>\n<meta name=\"author\" content=\"Damien Dellerba\" \/>\n<meta name=\"twitter:card\" content=\"summary_large_image\" \/>\n<meta name=\"twitter:image\" content=\"https:\/\/www.ladiagonale.net\/wp-content\/uploads\/2023\/08\/fofana.png\" \/>\n<meta name=\"twitter:label1\" content=\"\u00c9crit par\" \/>\n\t<meta name=\"twitter:data1\" content=\"Damien Dellerba\" \/>\n\t<meta name=\"twitter:label2\" content=\"Dur\u00e9e de lecture estim\u00e9e\" \/>\n\t<meta name=\"twitter:data2\" content=\"1 minute\" \/>\n<script type=\"application\/ld+json\" class=\"yoast-schema-graph\">{\"@context\":\"https:\/\/schema.org\",\"@graph\":[{\"@type\":\"WebPage\",\"@id\":\"https:\/\/www.ladiagonale.net\/index.php\/2023\/08\/17\/nottingham-forest-pret-a-mettre-plus-de-35-millions-pour-fofana\/\",\"url\":\"https:\/\/www.ladiagonale.net\/index.php\/2023\/08\/17\/nottingham-forest-pret-a-mettre-plus-de-35-millions-pour-fofana\/\",\"name\":\"Nottingham Forest pr\u00eat \u00e0 mettre plus de 35 millions pour Fofana ? - La Diagonale\",\"isPartOf\":{\"@id\":\"https:\/\/www.ladiagonale.net\/#website\"},\"datePublished\":\"2023-08-17T21:41:41+00:00\",\"dateModified\":\"2023-08-17T22:51:36+00:00\",\"author\":{\"@id\":\"https:\/\/www.ladiagonale.net\/#\/schema\/person\/79ff1e7b0853ed01b2aa26e64ad300bf\"},\"breadcrumb\":{\"@id\":\"https:\/\/www.ladiagonale.net\/index.php\/2023\/08\/17\/nottingham-forest-pret-a-mettre-plus-de-35-millions-pour-fofana\/#breadcrumb\"},\"inLanguage\":\"fr-FR\",\"potentialAction\":[{\"@type\":\"ReadAction\",\"target\":[\"https:\/\/www.ladiagonale.net\/index.php\/2023\/08\/17\/nottingham-forest-pret-a-mettre-plus-de-35-millions-pour-fofana\/\"]}]},{\"@type\":\"BreadcrumbList\",\"@id\":\"https:\/\/www.ladiagonale.net\/index.php\/2023\/08\/17\/nottingham-forest-pret-a-mettre-plus-de-35-millions-pour-fofana\/#breadcrumb\",\"itemListElement\":[{\"@type\":\"ListItem\",\"position\":1,\"name\":\"Accueil\",\"item\":\"https:\/\/www.ladiagonale.net\/\"},{\"@type\":\"ListItem\",\"position\":2,\"name\":\"Nottingham Forest pr\u00eat \u00e0 mettre plus de 35 millions pour Fofana ?\"}]},{\"@type\":\"WebSite\",\"@id\":\"https:\/\/www.ladiagonale.net\/#website\",\"url\":\"https:\/\/www.ladiagonale.net\/\",\"name\":\"La Diagonale\",\"description\":\"Le site des supporters de l&#039;AS Monaco FC\",\"potentialAction\":[{\"@type\":\"SearchAction\",\"target\":{\"@type\":\"EntryPoint\",\"urlTemplate\":\"https:\/\/www.ladiagonale.net\/?s={search_term_string}\"},\"query-input\":\"required name=search_term_string\"}],\"inLanguage\":\"fr-FR\"},{\"@type\":\"Person\",\"@id\":\"https:\/\/www.ladiagonale.net\/#\/schema\/person\/79ff1e7b0853ed01b2aa26e64ad300bf\",\"name\":\"Damien Dellerba\",\"image\":{\"@type\":\"ImageObject\",\"inLanguage\":\"fr-FR\",\"@id\":\"https:\/\/www.ladiagonale.net\/#\/schema\/person\/image\/\",\"url\":\"https:\/\/secure.gravatar.com\/avatar\/c7850e06d3ff63cdbaee88b7fc16e2f0?s=96&d=mm&r=g\",\"contentUrl\":\"https:\/\/secure.gravatar.com\/avatar\/c7850e06d3ff63cdbaee88b7fc16e2f0?s=96&d=mm&r=g\",\"caption\":\"Damien Dellerba\"},\"url\":\"https:\/\/www.ladiagonale.net\/index.php\/author\/damien\/\"}]}<\/script>\n<!-- \/ Yoast SEO plugin. -->","yoast_head_json":{"title":"Nottingham Forest pr\u00eat \u00e0 mettre plus de 35 millions pour Fofana ? - La Diagonale","robots":{"index":"index","follow":"follow","max-snippet":"max-snippet:-1","max-image-preview":"max-image-preview:large","max-video-preview":"max-video-preview:-1"},"canonical":"https:\/\/www.ladiagonale.net\/index.php\/2023\/08\/17\/nottingham-forest-pret-a-mettre-plus-de-35-millions-pour-fofana\/","og_locale":"fr_FR","og_type":"article","og_title":"Nottingham Forest pr\u00eat \u00e0 mettre plus de 35 millions pour Fofana ? - La Diagonale","og_description":"Apr\u00e8s une bonne prestation contre Clermont dimanche, o\u00f9 il a \u00e9t\u00e9 impliqu\u00e9 dans les deux premiers buts de son \u00e9quipe, Youssouf Fofana continue d&rsquo;attirer l&rsquo;\u0153il de club anglais. Nottingham Forest, qui s&rsquo;\u00e9tait d\u00e9j\u00e0 manifest\u00e9 pour le milieu de terrain de l&rsquo;AS Monaco plus t\u00f4t dans le mois, serait revenu \u00e0 la charge, \u00e0 en croire [...]","og_url":"https:\/\/www.ladiagonale.net\/index.php\/2023\/08\/17\/nottingham-forest-pret-a-mettre-plus-de-35-millions-pour-fofana\/","og_site_name":"La Diagonale","article_published_time":"2023-08-17T21:41:41+00:00","article_modified_time":"2023-08-17T22:51:36+00:00","og_image":[{"width":1160,"height":650,"url":"https:\/\/www.ladiagonale.net\/wp-content\/uploads\/2023\/08\/fofana.png","type":"image\/png"}],"author":"Damien Dellerba","twitter_card":"summary_large_image","twitter_image":"https:\/\/www.ladiagonale.net\/wp-content\/uploads\/2023\/08\/fofana.png","twitter_misc":{"\u00c9crit par":"Damien Dellerba","Dur\u00e9e de lecture estim\u00e9e":"1 minute"},"schema":{"@context":"https:\/\/schema.org","@graph":[{"@type":"WebPage","@id":"https:\/\/www.ladiagonale.net\/index.php\/2023\/08\/17\/nottingham-forest-pret-a-mettre-plus-de-35-millions-pour-fofana\/","url":"https:\/\/www.ladiagonale.net\/index.php\/2023\/08\/17\/nottingham-forest-pret-a-mettre-plus-de-35-millions-pour-fofana\/","name":"Nottingham Forest pr\u00eat \u00e0 mettre plus de 35 millions pour Fofana ? - La Diagonale","isPartOf":{"@id":"https:\/\/www.ladiagonale.net\/#website"},"datePublished":"2023-08-17T21:41:41+00:00","dateModified":"2023-08-17T22:51:36+00:00","author":{"@id":"https:\/\/www.ladiagonale.net\/#\/schema\/person\/79ff1e7b0853ed01b2aa26e64ad300bf"},"breadcrumb":{"@id":"https:\/\/www.ladiagonale.net\/index.php\/2023\/08\/17\/nottingham-forest-pret-a-mettre-plus-de-35-millions-pour-fofana\/#breadcrumb"},"inLanguage":"fr-FR","potentialAction":[{"@type":"ReadAction","target":["https:\/\/www.ladiagonale.net\/index.php\/2023\/08\/17\/nottingham-forest-pret-a-mettre-plus-de-35-millions-pour-fofana\/"]}]},{"@type":"BreadcrumbList","@id":"https:\/\/www.ladiagonale.net\/index.php\/2023\/08\/17\/nottingham-forest-pret-a-mettre-plus-de-35-millions-pour-fofana\/#breadcrumb","itemListElement":[{"@type":"ListItem","position":1,"name":"Accueil","item":"https:\/\/www.ladiagonale.net\/"},{"@type":"ListItem","position":2,"name":"Nottingham Forest pr\u00eat \u00e0 mettre plus de 35 millions pour Fofana ?"}]},{"@type":"WebSite","@id":"https:\/\/www.ladiagonale.net\/#website","url":"https:\/\/www.ladiagonale.net\/","name":"La Diagonale","description":"Le site des supporters de l&#039;AS Monaco FC","potentialAction":[{"@type":"SearchAction","target":{"@type":"EntryPoint","urlTemplate":"https:\/\/www.ladiagonale.net\/?s={search_term_string}"},"query-input":"required name=search_term_string"}],"inLanguage":"fr-FR"},{"@type":"Person","@id":"https:\/\/www.ladiagonale.net\/#\/schema\/person\/79ff1e7b0853ed01b2aa26e64ad300bf","name":"Damien Dellerba","image":{"@type":"ImageObject","inLanguage":"fr-FR","@id":"https:\/\/www.ladiagonale.net\/#\/schema\/person\/image\/","url":"https:\/\/secure.gravatar.com\/avatar\/c7850e06d3ff63cdbaee88b7fc16e2f0?s=96&d=mm&r=g","contentUrl":"https:\/\/secure.gravatar.com\/avatar\/c7850e06d3ff63cdbaee88b7fc16e2f0?s=96&d=mm&r=g","caption":"Damien Dellerba"},"url":"https:\/\/www.ladiagonale.net\/index.php\/author\/damien\/"}]}},"_links":{"self":[{"href":"https:\/\/www.ladiagonale.net\/index.php\/wp-json\/wp\/v2\/posts\/15238"}],"collection":[{"href":"https:\/\/www.ladiagonale.net\/index.php\/wp-json\/wp\/v2\/posts"}],"about":[{"href":"https:\/\/www.ladiagonale.net\/index.php\/wp-json\/wp\/v2\/types\/post"}],"author":[{"embeddable":true,"href":"https:\/\/www.ladiagonale.net\/index.php\/wp-json\/wp\/v2\/users\/2"}],"replies":[{"embeddable":true,"href":"https:\/\/www.ladiagonale.net\/index.php\/wp-json\/wp\/v2\/comments?post=15238"}],"version-history":[{"count":3,"href":"https:\/\/www.ladiagonale.net\/index.php\/wp-json\/wp\/v2\/posts\/15238\/revisions"}],"predecessor-version":[{"id":15245,"href":"https:\/\/www.ladiagonale.net\/index.php\/wp-json\/wp\/v2\/posts\/15238\/revisions\/15245"}],"wp:attachment":[{"href":"https:\/\/www.ladiagonale.net\/index.php\/wp-json\/wp\/v2\/media?parent=15238"}],"wp:term":[{"taxonomy":"category","embeddable":true,"href":"https:\/\/www.ladiagonale.net\/index.php\/wp-json\/wp\/v2\/categories?post=15238"},{"taxonomy":"post_tag","embeddable":true,"href":"https:\/\/www.ladiagonale.net\/index.php\/wp-json\/wp\/v2\/tags?post=15238"}],"curies":[{"name":"wp","href":"https:\/\/api.w.org\/{rel}","templated":true}]}}