{"id":15242,"date":"2023-08-18T00:43:22","date_gmt":"2023-08-17T22:43:22","guid":{"rendered":"https:\/\/www.ladiagonale.net\/?p=15242"},"modified":"2023-08-18T00:43:25","modified_gmt":"2023-08-17T22:43:25","slug":"monaco-strasbourg-decale-a-19-heures","status":"publish","type":"post","link":"https:\/\/www.ladiagonale.net\/index.php\/2023\/08\/18\/monaco-strasbourg-decale-a-19-heures\/","title":{"rendered":"Monaco-Strasbourg d\u00e9cal\u00e9 \u00e0 19 heures ?"},"content":{"rendered":"\n\n\n<p>Des temp\u00e9ratures caniculaires sont attendues sur certaines zones du territoire fran\u00e7ais ce week-end, et cela pourrait inciter la Ligue de football professionnel \u00e0 d\u00e9caler le coup d&rsquo;envoi des matches de ce dimanche \u00e0 19 heures. D&rsquo;apr\u00e8s <em>RMC Sport<\/em>, la rencontre entre Monaco et Strasbourg, qui doit d\u00e9buter \u00e0 17h05, serait jug\u00e9e \u00e0 risques, m\u00eame si les Alpes-Maritimes n&rsquo;ont pas \u00e9t\u00e9 plac\u00e9s en vigilance orange canicule par <em>M\u00e9t\u00e9o France<\/em>. La LFP devrait prendre une d\u00e9cision ce vendredi, alors qu&rsquo;elle a d\u00e9j\u00e0 act\u00e9 ce type de report pour le Lyon-Montpellier de samedi.<\/p>\n\n\n\n<p><em>RMC<\/em> soul\u00e8ve toutefois un potentiel probl\u00e8me de diffusion si cette d\u00e9cision venait \u00e0 \u00eatre prise. Des accords pour retarder les horaires des rencontres dans les cas de fortes chaleurs avaient \u00e9t\u00e9 inclus lors du deal avec <em>Mediapro<\/em> en 2020, et <em>Amazon<\/em>, qui a r\u00e9cup\u00e9r\u00e9 l&rsquo;appel d\u2019offres il y a deux ans, en disposerait \u00e9galement. Ce ne serait pas forc\u00e9ment le cas de <em>Canal+<\/em>, qui d\u00e9tient la case horaire de ce Monaco-Strasbourg.<\/p>\n","protected":false},"excerpt":{"rendered":"<p>Des temp\u00e9ratures caniculaires sont attendues sur certaines zones du territoire fran\u00e7ais ce week-end, et cela pourrait inciter la Ligue de football professionnel \u00e0 d\u00e9caler le coup d&rsquo;envoi des matches de ce dimanche \u00e0 19 heures. D&rsquo;apr\u00e8s RMC Sport, la rencontre entre Monaco et Strasbourg, qui doit d\u00e9buter \u00e0 17h05, serait jug\u00e9e \u00e0 risques, m\u00eame si [&#8230;]\n","protected":false},"author":2,"featured_media":0,"comment_status":"open","ping_status":"open","sticky":false,"template":"","format":"standard","meta":[],"categories":[6],"tags":[86,651,94,432],"yoast_head":"<!-- This site is optimized with the Yoast SEO plugin v19.8 - https:\/\/yoast.com\/wordpress\/plugins\/seo\/ -->\n<title>Monaco-Strasbourg d\u00e9cal\u00e9 \u00e0 19 heures ? - La Diagonale<\/title>\n<meta name=\"robots\" content=\"index, follow, max-snippet:-1, max-image-preview:large, max-video-preview:-1\" \/>\n<link rel=\"canonical\" href=\"https:\/\/www.ladiagonale.net\/index.php\/2023\/08\/18\/monaco-strasbourg-decale-a-19-heures\/\" \/>\n<meta property=\"og:locale\" content=\"fr_FR\" \/>\n<meta property=\"og:type\" content=\"article\" \/>\n<meta property=\"og:title\" content=\"Monaco-Strasbourg d\u00e9cal\u00e9 \u00e0 19 heures ? - La Diagonale\" \/>\n<meta property=\"og:description\" content=\"Des temp\u00e9ratures caniculaires sont attendues sur certaines zones du territoire fran\u00e7ais ce week-end, et cela pourrait inciter la Ligue de football professionnel \u00e0 d\u00e9caler le coup d&rsquo;envoi des matches de ce dimanche \u00e0 19 heures. D&rsquo;apr\u00e8s RMC Sport, la rencontre entre Monaco et Strasbourg, qui doit d\u00e9buter \u00e0 17h05, serait jug\u00e9e \u00e0 risques, m\u00eame si [...]\" \/>\n<meta property=\"og:url\" content=\"https:\/\/www.ladiagonale.net\/index.php\/2023\/08\/18\/monaco-strasbourg-decale-a-19-heures\/\" \/>\n<meta property=\"og:site_name\" content=\"La Diagonale\" \/>\n<meta property=\"article:published_time\" content=\"2023-08-17T22:43:22+00:00\" \/>\n<meta property=\"article:modified_time\" content=\"2023-08-17T22:43:25+00:00\" \/>\n<meta property=\"og:image\" content=\"https:\/\/www.ladiagonale.net\/wp-content\/uploads\/2022\/10\/ligue1.png\" \/>\n\t<meta property=\"og:image:width\" content=\"1160\" \/>\n\t<meta property=\"og:image:height\" content=\"650\" \/>\n\t<meta property=\"og:image:type\" content=\"image\/png\" \/>\n<meta name=\"author\" content=\"Damien Dellerba\" \/>\n<meta name=\"twitter:card\" content=\"summary_large_image\" \/>\n<meta name=\"twitter:image\" content=\"https:\/\/www.ladiagonale.net\/wp-content\/uploads\/2022\/10\/ligue1.png\" \/>\n<meta name=\"twitter:label1\" content=\"\u00c9crit par\" \/>\n\t<meta name=\"twitter:data1\" content=\"Damien Dellerba\" \/>\n\t<meta name=\"twitter:label2\" content=\"Dur\u00e9e de lecture estim\u00e9e\" \/>\n\t<meta name=\"twitter:data2\" content=\"1 minute\" \/>\n<script type=\"application\/ld+json\" class=\"yoast-schema-graph\">{\"@context\":\"https:\/\/schema.org\",\"@graph\":[{\"@type\":\"WebPage\",\"@id\":\"https:\/\/www.ladiagonale.net\/index.php\/2023\/08\/18\/monaco-strasbourg-decale-a-19-heures\/\",\"url\":\"https:\/\/www.ladiagonale.net\/index.php\/2023\/08\/18\/monaco-strasbourg-decale-a-19-heures\/\",\"name\":\"Monaco-Strasbourg d\u00e9cal\u00e9 \u00e0 19 heures ? - La Diagonale\",\"isPartOf\":{\"@id\":\"https:\/\/www.ladiagonale.net\/#website\"},\"datePublished\":\"2023-08-17T22:43:22+00:00\",\"dateModified\":\"2023-08-17T22:43:25+00:00\",\"author\":{\"@id\":\"https:\/\/www.ladiagonale.net\/#\/schema\/person\/79ff1e7b0853ed01b2aa26e64ad300bf\"},\"breadcrumb\":{\"@id\":\"https:\/\/www.ladiagonale.net\/index.php\/2023\/08\/18\/monaco-strasbourg-decale-a-19-heures\/#breadcrumb\"},\"inLanguage\":\"fr-FR\",\"potentialAction\":[{\"@type\":\"ReadAction\",\"target\":[\"https:\/\/www.ladiagonale.net\/index.php\/2023\/08\/18\/monaco-strasbourg-decale-a-19-heures\/\"]}]},{\"@type\":\"BreadcrumbList\",\"@id\":\"https:\/\/www.ladiagonale.net\/index.php\/2023\/08\/18\/monaco-strasbourg-decale-a-19-heures\/#breadcrumb\",\"itemListElement\":[{\"@type\":\"ListItem\",\"position\":1,\"name\":\"Accueil\",\"item\":\"https:\/\/www.ladiagonale.net\/\"},{\"@type\":\"ListItem\",\"position\":2,\"name\":\"Monaco-Strasbourg d\u00e9cal\u00e9 \u00e0 19 heures ?\"}]},{\"@type\":\"WebSite\",\"@id\":\"https:\/\/www.ladiagonale.net\/#website\",\"url\":\"https:\/\/www.ladiagonale.net\/\",\"name\":\"La Diagonale\",\"description\":\"Le site des supporters de l&#039;AS Monaco FC\",\"potentialAction\":[{\"@type\":\"SearchAction\",\"target\":{\"@type\":\"EntryPoint\",\"urlTemplate\":\"https:\/\/www.ladiagonale.net\/?s={search_term_string}\"},\"query-input\":\"required name=search_term_string\"}],\"inLanguage\":\"fr-FR\"},{\"@type\":\"Person\",\"@id\":\"https:\/\/www.ladiagonale.net\/#\/schema\/person\/79ff1e7b0853ed01b2aa26e64ad300bf\",\"name\":\"Damien Dellerba\",\"image\":{\"@type\":\"ImageObject\",\"inLanguage\":\"fr-FR\",\"@id\":\"https:\/\/www.ladiagonale.net\/#\/schema\/person\/image\/\",\"url\":\"https:\/\/secure.gravatar.com\/avatar\/c7850e06d3ff63cdbaee88b7fc16e2f0?s=96&d=mm&r=g\",\"contentUrl\":\"https:\/\/secure.gravatar.com\/avatar\/c7850e06d3ff63cdbaee88b7fc16e2f0?s=96&d=mm&r=g\",\"caption\":\"Damien Dellerba\"},\"url\":\"https:\/\/www.ladiagonale.net\/index.php\/author\/damien\/\"}]}<\/script>\n<!-- \/ Yoast SEO plugin. -->","yoast_head_json":{"title":"Monaco-Strasbourg d\u00e9cal\u00e9 \u00e0 19 heures ? - La Diagonale","robots":{"index":"index","follow":"follow","max-snippet":"max-snippet:-1","max-image-preview":"max-image-preview:large","max-video-preview":"max-video-preview:-1"},"canonical":"https:\/\/www.ladiagonale.net\/index.php\/2023\/08\/18\/monaco-strasbourg-decale-a-19-heures\/","og_locale":"fr_FR","og_type":"article","og_title":"Monaco-Strasbourg d\u00e9cal\u00e9 \u00e0 19 heures ? - La Diagonale","og_description":"Des temp\u00e9ratures caniculaires sont attendues sur certaines zones du territoire fran\u00e7ais ce week-end, et cela pourrait inciter la Ligue de football professionnel \u00e0 d\u00e9caler le coup d&rsquo;envoi des matches de ce dimanche \u00e0 19 heures. D&rsquo;apr\u00e8s RMC Sport, la rencontre entre Monaco et Strasbourg, qui doit d\u00e9buter \u00e0 17h05, serait jug\u00e9e \u00e0 risques, m\u00eame si [...]","og_url":"https:\/\/www.ladiagonale.net\/index.php\/2023\/08\/18\/monaco-strasbourg-decale-a-19-heures\/","og_site_name":"La Diagonale","article_published_time":"2023-08-17T22:43:22+00:00","article_modified_time":"2023-08-17T22:43:25+00:00","og_image":[{"width":1160,"height":650,"url":"https:\/\/www.ladiagonale.net\/wp-content\/uploads\/2022\/10\/ligue1.png","type":"image\/png"}],"author":"Damien Dellerba","twitter_card":"summary_large_image","twitter_image":"https:\/\/www.ladiagonale.net\/wp-content\/uploads\/2022\/10\/ligue1.png","twitter_misc":{"\u00c9crit par":"Damien Dellerba","Dur\u00e9e de lecture estim\u00e9e":"1 minute"},"schema":{"@context":"https:\/\/schema.org","@graph":[{"@type":"WebPage","@id":"https:\/\/www.ladiagonale.net\/index.php\/2023\/08\/18\/monaco-strasbourg-decale-a-19-heures\/","url":"https:\/\/www.ladiagonale.net\/index.php\/2023\/08\/18\/monaco-strasbourg-decale-a-19-heures\/","name":"Monaco-Strasbourg d\u00e9cal\u00e9 \u00e0 19 heures ? - La Diagonale","isPartOf":{"@id":"https:\/\/www.ladiagonale.net\/#website"},"datePublished":"2023-08-17T22:43:22+00:00","dateModified":"2023-08-17T22:43:25+00:00","author":{"@id":"https:\/\/www.ladiagonale.net\/#\/schema\/person\/79ff1e7b0853ed01b2aa26e64ad300bf"},"breadcrumb":{"@id":"https:\/\/www.ladiagonale.net\/index.php\/2023\/08\/18\/monaco-strasbourg-decale-a-19-heures\/#breadcrumb"},"inLanguage":"fr-FR","potentialAction":[{"@type":"ReadAction","target":["https:\/\/www.ladiagonale.net\/index.php\/2023\/08\/18\/monaco-strasbourg-decale-a-19-heures\/"]}]},{"@type":"BreadcrumbList","@id":"https:\/\/www.ladiagonale.net\/index.php\/2023\/08\/18\/monaco-strasbourg-decale-a-19-heures\/#breadcrumb","itemListElement":[{"@type":"ListItem","position":1,"name":"Accueil","item":"https:\/\/www.ladiagonale.net\/"},{"@type":"ListItem","position":2,"name":"Monaco-Strasbourg d\u00e9cal\u00e9 \u00e0 19 heures ?"}]},{"@type":"WebSite","@id":"https:\/\/www.ladiagonale.net\/#website","url":"https:\/\/www.ladiagonale.net\/","name":"La Diagonale","description":"Le site des supporters de l&#039;AS Monaco FC","potentialAction":[{"@type":"SearchAction","target":{"@type":"EntryPoint","urlTemplate":"https:\/\/www.ladiagonale.net\/?s={search_term_string}"},"query-input":"required name=search_term_string"}],"inLanguage":"fr-FR"},{"@type":"Person","@id":"https:\/\/www.ladiagonale.net\/#\/schema\/person\/79ff1e7b0853ed01b2aa26e64ad300bf","name":"Damien Dellerba","image":{"@type":"ImageObject","inLanguage":"fr-FR","@id":"https:\/\/www.ladiagonale.net\/#\/schema\/person\/image\/","url":"https:\/\/secure.gravatar.com\/avatar\/c7850e06d3ff63cdbaee88b7fc16e2f0?s=96&d=mm&r=g","contentUrl":"https:\/\/secure.gravatar.com\/avatar\/c7850e06d3ff63cdbaee88b7fc16e2f0?s=96&d=mm&r=g","caption":"Damien Dellerba"},"url":"https:\/\/www.ladiagonale.net\/index.php\/author\/damien\/"}]}},"_links":{"self":[{"href":"https:\/\/www.ladiagonale.net\/index.php\/wp-json\/wp\/v2\/posts\/15242"}],"collection":[{"href":"https:\/\/www.ladiagonale.net\/index.php\/wp-json\/wp\/v2\/posts"}],"about":[{"href":"https:\/\/www.ladiagonale.net\/index.php\/wp-json\/wp\/v2\/types\/post"}],"author":[{"embeddable":true,"href":"https:\/\/www.ladiagonale.net\/index.php\/wp-json\/wp\/v2\/users\/2"}],"replies":[{"embeddable":true,"href":"https:\/\/www.ladiagonale.net\/index.php\/wp-json\/wp\/v2\/comments?post=15242"}],"version-history":[{"count":1,"href":"https:\/\/www.ladiagonale.net\/index.php\/wp-json\/wp\/v2\/posts\/15242\/revisions"}],"predecessor-version":[{"id":15243,"href":"https:\/\/www.ladiagonale.net\/index.php\/wp-json\/wp\/v2\/posts\/15242\/revisions\/15243"}],"wp:attachment":[{"href":"https:\/\/www.ladiagonale.net\/index.php\/wp-json\/wp\/v2\/media?parent=15242"}],"wp:term":[{"taxonomy":"category","embeddable":true,"href":"https:\/\/www.ladiagonale.net\/index.php\/wp-json\/wp\/v2\/categories?post=15242"},{"taxonomy":"post_tag","embeddable":true,"href":"https:\/\/www.ladiagonale.net\/index.php\/wp-json\/wp\/v2\/tags?post=15242"}],"curies":[{"name":"wp","href":"https:\/\/api.w.org\/{rel}","templated":true}]}}