{"id":15256,"date":"2023-08-18T17:33:44","date_gmt":"2023-08-18T15:33:44","guid":{"rendered":"https:\/\/www.ladiagonale.net\/?p=15256"},"modified":"2023-08-18T17:34:16","modified_gmt":"2023-08-18T15:34:16","slug":"zakaria-et-singo-prets-pour-dimanche-salisu-toujours-absent","status":"publish","type":"post","link":"https:\/\/www.ladiagonale.net\/index.php\/2023\/08\/18\/zakaria-et-singo-prets-pour-dimanche-salisu-toujours-absent\/","title":{"rendered":"Zakaria et Singo pr\u00eats pour dimanche, Salisu toujours absent"},"content":{"rendered":"\n<p>L\u2019AS Monaco pourrait voir ses deux nouvelles recrues \u00e0 l\u2019\u0153uvre ce dimanche (19h) contre Strasbourg. En conf\u00e9rence de presse d\u2019avant-match, Adi H\u00fctter a estim\u00e9 que Denis Zakaria et Wilfried Singo \u00e9taient pr\u00eats \u00e0 jouer : \u00ab\u00a0<em>Je pense qu\u2019ils sont pr\u00eats et tous deux ont une chance de jouer dimanche.<\/em>\u00a0\u00bb Lors de leur pr\u00e9sentation \u00e0 la presse, les deux joueurs ont affirm\u00e9 se tenir \u00e0 disposition du coach.<\/p>\n\n\n\n<p>Pour Mohammed Salisu, il faudra encore s\u2019armer de patience. Le d\u00e9fenseur ghan\u00e9en a rat\u00e9 le d\u00e9placement \u00e0 Clermont pour une g\u00eane \u00e0 l\u2019aine et il semble toujours touch\u00e9 aux adducteurs : \u00ab <em>Salisu a un probl\u00e8me aux adducteurs et nous esp\u00e9rons qu\u2019il sera de retour le plus rapidement possible, mais nous devons faire attention \u00e0 sa condition physique, car la saison est tr\u00e8s longue<\/em>\u00a0\u00bb, a expliqu\u00e9 le coach mon\u00e9gasque.<\/p>\n\n\n\n<h4>Ben Seghir pourrait faire son retour<\/h4>\n\n\n\n<p>Absents de la s\u00e9ance collective du jour, Myron Boadu et Guillermo Maripan ont travaill\u00e9 en salle ce vendredi : \u00ab\u00a0<em>Ils ont fait une s\u00e9ance plus l\u00e9g\u00e8re en salle pour r\u00e9cup\u00e9rer. Hier nous avons fait deux s\u00e9ances tr\u00e8s dures, mais la cellule de performance a fait un tr\u00e8s bon travail.<\/em>\u00a0\u00bb En revanche, Edan Diop reste sur le flanc pour les deux \u00e0 trois prochaines semaines.<\/p>\n\n\n\n<p>La bonne nouvelle r\u00e9side aussi dans le possible retour d\u2019Eliesse Ben Seghir, lui qui \u00e9tait touch\u00e9 aux ischio-jambiers : \u00ab\u00a0<em>C\u2019est parfait pour nous qu\u2019il soit de retour dans l\u2019\u00e9quipe apr\u00e8s une l\u00e9g\u00e8re blessure. Il peut jouer num\u00e9ro 10 ou en second attaquant. Il va amener d\u2019autres solutions dans notre jeu. Il est talentueux et rapide. Il s\u2019entra\u00eene avec nous depuis deux jours et il peut \u00eatre une option pour dimanche.<\/em>\u00a0\u00bb<\/p>\n\n\n","protected":false},"excerpt":{"rendered":"<p>L\u2019AS Monaco pourrait voir ses deux nouvelles recrues \u00e0 l\u2019\u0153uvre ce dimanche (19h) contre Strasbourg. En conf\u00e9rence de presse d\u2019avant-match, Adi H\u00fctter a estim\u00e9 que Denis Zakaria et Wilfried Singo \u00e9taient pr\u00eats \u00e0 jouer : \u00ab\u00a0Je pense qu\u2019ils sont pr\u00eats et tous deux ont une chance de jouer dimanche.\u00a0\u00bb Lors de leur pr\u00e9sentation \u00e0 la [&#8230;]\n","protected":false},"author":2,"featured_media":0,"comment_status":"open","ping_status":"open","sticky":false,"template":"","format":"standard","meta":[],"categories":[6],"tags":[86,196,94,432],"yoast_head":"<!-- This site is optimized with the Yoast SEO plugin v19.8 - https:\/\/yoast.com\/wordpress\/plugins\/seo\/ -->\n<title>Zakaria et Singo pr\u00eats pour dimanche, Salisu toujours absent - La Diagonale<\/title>\n<meta name=\"robots\" content=\"index, follow, max-snippet:-1, max-image-preview:large, max-video-preview:-1\" \/>\n<link rel=\"canonical\" href=\"https:\/\/www.ladiagonale.net\/index.php\/2023\/08\/18\/zakaria-et-singo-prets-pour-dimanche-salisu-toujours-absent\/\" \/>\n<meta property=\"og:locale\" content=\"fr_FR\" \/>\n<meta property=\"og:type\" content=\"article\" \/>\n<meta property=\"og:title\" content=\"Zakaria et Singo pr\u00eats pour dimanche, Salisu toujours absent - La Diagonale\" \/>\n<meta property=\"og:description\" content=\"L\u2019AS Monaco pourrait voir ses deux nouvelles recrues \u00e0 l\u2019\u0153uvre ce dimanche (19h) contre Strasbourg. En conf\u00e9rence de presse d\u2019avant-match, Adi H\u00fctter a estim\u00e9 que Denis Zakaria et Wilfried Singo \u00e9taient pr\u00eats \u00e0 jouer : \u00ab\u00a0Je pense qu\u2019ils sont pr\u00eats et tous deux ont une chance de jouer dimanche.\u00a0\u00bb Lors de leur pr\u00e9sentation \u00e0 la [...]\" \/>\n<meta property=\"og:url\" content=\"https:\/\/www.ladiagonale.net\/index.php\/2023\/08\/18\/zakaria-et-singo-prets-pour-dimanche-salisu-toujours-absent\/\" \/>\n<meta property=\"og:site_name\" content=\"La Diagonale\" \/>\n<meta property=\"article:published_time\" content=\"2023-08-18T15:33:44+00:00\" \/>\n<meta property=\"article:modified_time\" content=\"2023-08-18T15:34:16+00:00\" \/>\n<meta property=\"og:image\" content=\"https:\/\/www.ladiagonale.net\/wp-content\/uploads\/2023\/08\/salisu-conf.png\" \/>\n\t<meta property=\"og:image:width\" content=\"1160\" \/>\n\t<meta property=\"og:image:height\" content=\"650\" \/>\n\t<meta property=\"og:image:type\" content=\"image\/png\" \/>\n<meta name=\"author\" content=\"Damien Dellerba\" \/>\n<meta name=\"twitter:card\" content=\"summary_large_image\" \/>\n<meta name=\"twitter:image\" content=\"https:\/\/www.ladiagonale.net\/wp-content\/uploads\/2023\/08\/salisu-conf.png\" \/>\n<meta name=\"twitter:label1\" content=\"\u00c9crit par\" \/>\n\t<meta name=\"twitter:data1\" content=\"Damien Dellerba\" \/>\n\t<meta name=\"twitter:label2\" content=\"Dur\u00e9e de lecture estim\u00e9e\" \/>\n\t<meta name=\"twitter:data2\" content=\"2 minutes\" \/>\n<script type=\"application\/ld+json\" class=\"yoast-schema-graph\">{\"@context\":\"https:\/\/schema.org\",\"@graph\":[{\"@type\":\"WebPage\",\"@id\":\"https:\/\/www.ladiagonale.net\/index.php\/2023\/08\/18\/zakaria-et-singo-prets-pour-dimanche-salisu-toujours-absent\/\",\"url\":\"https:\/\/www.ladiagonale.net\/index.php\/2023\/08\/18\/zakaria-et-singo-prets-pour-dimanche-salisu-toujours-absent\/\",\"name\":\"Zakaria et Singo pr\u00eats pour dimanche, Salisu toujours absent - La Diagonale\",\"isPartOf\":{\"@id\":\"https:\/\/www.ladiagonale.net\/#website\"},\"datePublished\":\"2023-08-18T15:33:44+00:00\",\"dateModified\":\"2023-08-18T15:34:16+00:00\",\"author\":{\"@id\":\"https:\/\/www.ladiagonale.net\/#\/schema\/person\/79ff1e7b0853ed01b2aa26e64ad300bf\"},\"breadcrumb\":{\"@id\":\"https:\/\/www.ladiagonale.net\/index.php\/2023\/08\/18\/zakaria-et-singo-prets-pour-dimanche-salisu-toujours-absent\/#breadcrumb\"},\"inLanguage\":\"fr-FR\",\"potentialAction\":[{\"@type\":\"ReadAction\",\"target\":[\"https:\/\/www.ladiagonale.net\/index.php\/2023\/08\/18\/zakaria-et-singo-prets-pour-dimanche-salisu-toujours-absent\/\"]}]},{\"@type\":\"BreadcrumbList\",\"@id\":\"https:\/\/www.ladiagonale.net\/index.php\/2023\/08\/18\/zakaria-et-singo-prets-pour-dimanche-salisu-toujours-absent\/#breadcrumb\",\"itemListElement\":[{\"@type\":\"ListItem\",\"position\":1,\"name\":\"Accueil\",\"item\":\"https:\/\/www.ladiagonale.net\/\"},{\"@type\":\"ListItem\",\"position\":2,\"name\":\"Zakaria et Singo pr\u00eats pour dimanche, Salisu toujours absent\"}]},{\"@type\":\"WebSite\",\"@id\":\"https:\/\/www.ladiagonale.net\/#website\",\"url\":\"https:\/\/www.ladiagonale.net\/\",\"name\":\"La Diagonale\",\"description\":\"Le site des supporters de l&#039;AS Monaco FC\",\"potentialAction\":[{\"@type\":\"SearchAction\",\"target\":{\"@type\":\"EntryPoint\",\"urlTemplate\":\"https:\/\/www.ladiagonale.net\/?s={search_term_string}\"},\"query-input\":\"required name=search_term_string\"}],\"inLanguage\":\"fr-FR\"},{\"@type\":\"Person\",\"@id\":\"https:\/\/www.ladiagonale.net\/#\/schema\/person\/79ff1e7b0853ed01b2aa26e64ad300bf\",\"name\":\"Damien Dellerba\",\"image\":{\"@type\":\"ImageObject\",\"inLanguage\":\"fr-FR\",\"@id\":\"https:\/\/www.ladiagonale.net\/#\/schema\/person\/image\/\",\"url\":\"https:\/\/secure.gravatar.com\/avatar\/c7850e06d3ff63cdbaee88b7fc16e2f0?s=96&d=mm&r=g\",\"contentUrl\":\"https:\/\/secure.gravatar.com\/avatar\/c7850e06d3ff63cdbaee88b7fc16e2f0?s=96&d=mm&r=g\",\"caption\":\"Damien Dellerba\"},\"url\":\"https:\/\/www.ladiagonale.net\/index.php\/author\/damien\/\"}]}<\/script>\n<!-- \/ Yoast SEO plugin. -->","yoast_head_json":{"title":"Zakaria et Singo pr\u00eats pour dimanche, Salisu toujours absent - La Diagonale","robots":{"index":"index","follow":"follow","max-snippet":"max-snippet:-1","max-image-preview":"max-image-preview:large","max-video-preview":"max-video-preview:-1"},"canonical":"https:\/\/www.ladiagonale.net\/index.php\/2023\/08\/18\/zakaria-et-singo-prets-pour-dimanche-salisu-toujours-absent\/","og_locale":"fr_FR","og_type":"article","og_title":"Zakaria et Singo pr\u00eats pour dimanche, Salisu toujours absent - La Diagonale","og_description":"L\u2019AS Monaco pourrait voir ses deux nouvelles recrues \u00e0 l\u2019\u0153uvre ce dimanche (19h) contre Strasbourg. En conf\u00e9rence de presse d\u2019avant-match, Adi H\u00fctter a estim\u00e9 que Denis Zakaria et Wilfried Singo \u00e9taient pr\u00eats \u00e0 jouer : \u00ab\u00a0Je pense qu\u2019ils sont pr\u00eats et tous deux ont une chance de jouer dimanche.\u00a0\u00bb Lors de leur pr\u00e9sentation \u00e0 la [...]","og_url":"https:\/\/www.ladiagonale.net\/index.php\/2023\/08\/18\/zakaria-et-singo-prets-pour-dimanche-salisu-toujours-absent\/","og_site_name":"La Diagonale","article_published_time":"2023-08-18T15:33:44+00:00","article_modified_time":"2023-08-18T15:34:16+00:00","og_image":[{"width":1160,"height":650,"url":"https:\/\/www.ladiagonale.net\/wp-content\/uploads\/2023\/08\/salisu-conf.png","type":"image\/png"}],"author":"Damien Dellerba","twitter_card":"summary_large_image","twitter_image":"https:\/\/www.ladiagonale.net\/wp-content\/uploads\/2023\/08\/salisu-conf.png","twitter_misc":{"\u00c9crit par":"Damien Dellerba","Dur\u00e9e de lecture estim\u00e9e":"2 minutes"},"schema":{"@context":"https:\/\/schema.org","@graph":[{"@type":"WebPage","@id":"https:\/\/www.ladiagonale.net\/index.php\/2023\/08\/18\/zakaria-et-singo-prets-pour-dimanche-salisu-toujours-absent\/","url":"https:\/\/www.ladiagonale.net\/index.php\/2023\/08\/18\/zakaria-et-singo-prets-pour-dimanche-salisu-toujours-absent\/","name":"Zakaria et Singo pr\u00eats pour dimanche, Salisu toujours absent - La Diagonale","isPartOf":{"@id":"https:\/\/www.ladiagonale.net\/#website"},"datePublished":"2023-08-18T15:33:44+00:00","dateModified":"2023-08-18T15:34:16+00:00","author":{"@id":"https:\/\/www.ladiagonale.net\/#\/schema\/person\/79ff1e7b0853ed01b2aa26e64ad300bf"},"breadcrumb":{"@id":"https:\/\/www.ladiagonale.net\/index.php\/2023\/08\/18\/zakaria-et-singo-prets-pour-dimanche-salisu-toujours-absent\/#breadcrumb"},"inLanguage":"fr-FR","potentialAction":[{"@type":"ReadAction","target":["https:\/\/www.ladiagonale.net\/index.php\/2023\/08\/18\/zakaria-et-singo-prets-pour-dimanche-salisu-toujours-absent\/"]}]},{"@type":"BreadcrumbList","@id":"https:\/\/www.ladiagonale.net\/index.php\/2023\/08\/18\/zakaria-et-singo-prets-pour-dimanche-salisu-toujours-absent\/#breadcrumb","itemListElement":[{"@type":"ListItem","position":1,"name":"Accueil","item":"https:\/\/www.ladiagonale.net\/"},{"@type":"ListItem","position":2,"name":"Zakaria et Singo pr\u00eats pour dimanche, Salisu toujours absent"}]},{"@type":"WebSite","@id":"https:\/\/www.ladiagonale.net\/#website","url":"https:\/\/www.ladiagonale.net\/","name":"La Diagonale","description":"Le site des supporters de l&#039;AS Monaco FC","potentialAction":[{"@type":"SearchAction","target":{"@type":"EntryPoint","urlTemplate":"https:\/\/www.ladiagonale.net\/?s={search_term_string}"},"query-input":"required name=search_term_string"}],"inLanguage":"fr-FR"},{"@type":"Person","@id":"https:\/\/www.ladiagonale.net\/#\/schema\/person\/79ff1e7b0853ed01b2aa26e64ad300bf","name":"Damien Dellerba","image":{"@type":"ImageObject","inLanguage":"fr-FR","@id":"https:\/\/www.ladiagonale.net\/#\/schema\/person\/image\/","url":"https:\/\/secure.gravatar.com\/avatar\/c7850e06d3ff63cdbaee88b7fc16e2f0?s=96&d=mm&r=g","contentUrl":"https:\/\/secure.gravatar.com\/avatar\/c7850e06d3ff63cdbaee88b7fc16e2f0?s=96&d=mm&r=g","caption":"Damien Dellerba"},"url":"https:\/\/www.ladiagonale.net\/index.php\/author\/damien\/"}]}},"_links":{"self":[{"href":"https:\/\/www.ladiagonale.net\/index.php\/wp-json\/wp\/v2\/posts\/15256"}],"collection":[{"href":"https:\/\/www.ladiagonale.net\/index.php\/wp-json\/wp\/v2\/posts"}],"about":[{"href":"https:\/\/www.ladiagonale.net\/index.php\/wp-json\/wp\/v2\/types\/post"}],"author":[{"embeddable":true,"href":"https:\/\/www.ladiagonale.net\/index.php\/wp-json\/wp\/v2\/users\/2"}],"replies":[{"embeddable":true,"href":"https:\/\/www.ladiagonale.net\/index.php\/wp-json\/wp\/v2\/comments?post=15256"}],"version-history":[{"count":3,"href":"https:\/\/www.ladiagonale.net\/index.php\/wp-json\/wp\/v2\/posts\/15256\/revisions"}],"predecessor-version":[{"id":15259,"href":"https:\/\/www.ladiagonale.net\/index.php\/wp-json\/wp\/v2\/posts\/15256\/revisions\/15259"}],"wp:attachment":[{"href":"https:\/\/www.ladiagonale.net\/index.php\/wp-json\/wp\/v2\/media?parent=15256"}],"wp:term":[{"taxonomy":"category","embeddable":true,"href":"https:\/\/www.ladiagonale.net\/index.php\/wp-json\/wp\/v2\/categories?post=15256"},{"taxonomy":"post_tag","embeddable":true,"href":"https:\/\/www.ladiagonale.net\/index.php\/wp-json\/wp\/v2\/tags?post=15256"}],"curies":[{"name":"wp","href":"https:\/\/api.w.org\/{rel}","templated":true}]}}