{"id":15264,"date":"2023-08-18T20:30:06","date_gmt":"2023-08-18T18:30:06","guid":{"rendered":"https:\/\/www.ladiagonale.net\/?p=15264"},"modified":"2023-08-19T01:48:38","modified_gmt":"2023-08-18T23:48:38","slug":"caio-henrique-et-vanderson-convoques-avec-le-bresil","status":"publish","type":"post","link":"https:\/\/www.ladiagonale.net\/index.php\/2023\/08\/18\/caio-henrique-et-vanderson-convoques-avec-le-bresil\/","title":{"rendered":"Caio Henrique et Vanderson convoqu\u00e9s avec le Br\u00e9sil"},"content":{"rendered":"\n<p>Pour la toute premi\u00e8re fois de sa carri\u00e8re,  Caio Henrique a \u00e9t\u00e9 s\u00e9lectionn\u00e9 avec le Br\u00e9sil. Le s\u00e9lectionneur de la <em>Selecao <\/em>Fernando Diniz l\u2019a appel\u00e9 en compagnie de son co\u00e9quipier de l\u2019AS Monaco Vanderson, qui avait lui connu sa premi\u00e8re convocation et <a href=\"https:\/\/www.ladiagonale.net\/index.php\/2023\/06\/17\/diatta-et-jakobs-accroches-par-le-benin-premiere-pour-vanderson\/\">sa premi\u00e8re s\u00e9lection contre la Guin\u00e9e en juin<\/a>. Pour les deux Mon\u00e9gasques, deux rencontres de qualifications pour la Coupe du monde 2026 sont pr\u00e9vues, face \u00e0 la Bolivie le 8 septembre et contre le P\u00e9rou le 12.<\/p>\n\n\n\n<p>Caio Henrique, qui n\u2019avait connu que la s\u00e9lection U20 (13 s\u00e9lections) et la s\u00e9lection U23 (11 s\u00e9lections), va d\u00e9sormais pouvoir int\u00e9grer le rassemblement des internationaux A br\u00e9siliens \u00e0 26 ans. Ces derniers mois, celui qui poss\u00e8de \u00e9galement le passeport espagnol \u00e9tait en pleine r\u00e9flexion quant \u00e0 un changement de nationalit\u00e9 sportive.<\/p>\n","protected":false},"excerpt":{"rendered":"<p>Pour la toute premi\u00e8re fois de sa carri\u00e8re, Caio Henrique a \u00e9t\u00e9 s\u00e9lectionn\u00e9 avec le Br\u00e9sil. Le s\u00e9lectionneur de la Selecao Fernando Diniz l\u2019a appel\u00e9 en compagnie de son co\u00e9quipier de l\u2019AS Monaco Vanderson, qui avait lui connu sa premi\u00e8re convocation et sa premi\u00e8re s\u00e9lection contre la Guin\u00e9e en juin. Pour les deux Mon\u00e9gasques, deux [&#8230;]\n","protected":false},"author":2,"featured_media":0,"comment_status":"open","ping_status":"open","sticky":false,"template":"","format":"standard","meta":[],"categories":[6],"tags":[548,137,116,125],"yoast_head":"<!-- This site is optimized with the Yoast SEO plugin v19.8 - https:\/\/yoast.com\/wordpress\/plugins\/seo\/ -->\n<title>Caio Henrique et Vanderson convoqu\u00e9s avec le Br\u00e9sil - La Diagonale<\/title>\n<meta name=\"robots\" content=\"index, follow, max-snippet:-1, max-image-preview:large, max-video-preview:-1\" \/>\n<link rel=\"canonical\" href=\"https:\/\/www.ladiagonale.net\/index.php\/2023\/08\/18\/caio-henrique-et-vanderson-convoques-avec-le-bresil\/\" \/>\n<meta property=\"og:locale\" content=\"fr_FR\" \/>\n<meta property=\"og:type\" content=\"article\" \/>\n<meta property=\"og:title\" content=\"Caio Henrique et Vanderson convoqu\u00e9s avec le Br\u00e9sil - La Diagonale\" \/>\n<meta property=\"og:description\" content=\"Pour la toute premi\u00e8re fois de sa carri\u00e8re, Caio Henrique a \u00e9t\u00e9 s\u00e9lectionn\u00e9 avec le Br\u00e9sil. Le s\u00e9lectionneur de la Selecao Fernando Diniz l\u2019a appel\u00e9 en compagnie de son co\u00e9quipier de l\u2019AS Monaco Vanderson, qui avait lui connu sa premi\u00e8re convocation et sa premi\u00e8re s\u00e9lection contre la Guin\u00e9e en juin. Pour les deux Mon\u00e9gasques, deux [...]\" \/>\n<meta property=\"og:url\" content=\"https:\/\/www.ladiagonale.net\/index.php\/2023\/08\/18\/caio-henrique-et-vanderson-convoques-avec-le-bresil\/\" \/>\n<meta property=\"og:site_name\" content=\"La Diagonale\" \/>\n<meta property=\"article:published_time\" content=\"2023-08-18T18:30:06+00:00\" \/>\n<meta property=\"article:modified_time\" content=\"2023-08-18T23:48:38+00:00\" \/>\n<meta property=\"og:image\" content=\"https:\/\/www.ladiagonale.net\/wp-content\/uploads\/2023\/05\/caio.png\" \/>\n\t<meta property=\"og:image:width\" content=\"1160\" \/>\n\t<meta property=\"og:image:height\" content=\"650\" \/>\n\t<meta property=\"og:image:type\" content=\"image\/png\" \/>\n<meta name=\"author\" content=\"Damien Dellerba\" \/>\n<meta name=\"twitter:card\" content=\"summary_large_image\" \/>\n<meta name=\"twitter:image\" content=\"https:\/\/www.ladiagonale.net\/wp-content\/uploads\/2023\/05\/caio.png\" \/>\n<meta name=\"twitter:label1\" content=\"\u00c9crit par\" \/>\n\t<meta name=\"twitter:data1\" content=\"Damien Dellerba\" \/>\n\t<meta name=\"twitter:label2\" content=\"Dur\u00e9e de lecture estim\u00e9e\" \/>\n\t<meta name=\"twitter:data2\" content=\"1 minute\" \/>\n<script type=\"application\/ld+json\" class=\"yoast-schema-graph\">{\"@context\":\"https:\/\/schema.org\",\"@graph\":[{\"@type\":\"WebPage\",\"@id\":\"https:\/\/www.ladiagonale.net\/index.php\/2023\/08\/18\/caio-henrique-et-vanderson-convoques-avec-le-bresil\/\",\"url\":\"https:\/\/www.ladiagonale.net\/index.php\/2023\/08\/18\/caio-henrique-et-vanderson-convoques-avec-le-bresil\/\",\"name\":\"Caio Henrique et Vanderson convoqu\u00e9s avec le Br\u00e9sil - La Diagonale\",\"isPartOf\":{\"@id\":\"https:\/\/www.ladiagonale.net\/#website\"},\"datePublished\":\"2023-08-18T18:30:06+00:00\",\"dateModified\":\"2023-08-18T23:48:38+00:00\",\"author\":{\"@id\":\"https:\/\/www.ladiagonale.net\/#\/schema\/person\/79ff1e7b0853ed01b2aa26e64ad300bf\"},\"breadcrumb\":{\"@id\":\"https:\/\/www.ladiagonale.net\/index.php\/2023\/08\/18\/caio-henrique-et-vanderson-convoques-avec-le-bresil\/#breadcrumb\"},\"inLanguage\":\"fr-FR\",\"potentialAction\":[{\"@type\":\"ReadAction\",\"target\":[\"https:\/\/www.ladiagonale.net\/index.php\/2023\/08\/18\/caio-henrique-et-vanderson-convoques-avec-le-bresil\/\"]}]},{\"@type\":\"BreadcrumbList\",\"@id\":\"https:\/\/www.ladiagonale.net\/index.php\/2023\/08\/18\/caio-henrique-et-vanderson-convoques-avec-le-bresil\/#breadcrumb\",\"itemListElement\":[{\"@type\":\"ListItem\",\"position\":1,\"name\":\"Accueil\",\"item\":\"https:\/\/www.ladiagonale.net\/\"},{\"@type\":\"ListItem\",\"position\":2,\"name\":\"Caio Henrique et Vanderson convoqu\u00e9s avec le Br\u00e9sil\"}]},{\"@type\":\"WebSite\",\"@id\":\"https:\/\/www.ladiagonale.net\/#website\",\"url\":\"https:\/\/www.ladiagonale.net\/\",\"name\":\"La Diagonale\",\"description\":\"Le site des supporters de l&#039;AS Monaco FC\",\"potentialAction\":[{\"@type\":\"SearchAction\",\"target\":{\"@type\":\"EntryPoint\",\"urlTemplate\":\"https:\/\/www.ladiagonale.net\/?s={search_term_string}\"},\"query-input\":\"required name=search_term_string\"}],\"inLanguage\":\"fr-FR\"},{\"@type\":\"Person\",\"@id\":\"https:\/\/www.ladiagonale.net\/#\/schema\/person\/79ff1e7b0853ed01b2aa26e64ad300bf\",\"name\":\"Damien Dellerba\",\"image\":{\"@type\":\"ImageObject\",\"inLanguage\":\"fr-FR\",\"@id\":\"https:\/\/www.ladiagonale.net\/#\/schema\/person\/image\/\",\"url\":\"https:\/\/secure.gravatar.com\/avatar\/c7850e06d3ff63cdbaee88b7fc16e2f0?s=96&d=mm&r=g\",\"contentUrl\":\"https:\/\/secure.gravatar.com\/avatar\/c7850e06d3ff63cdbaee88b7fc16e2f0?s=96&d=mm&r=g\",\"caption\":\"Damien Dellerba\"},\"url\":\"https:\/\/www.ladiagonale.net\/index.php\/author\/damien\/\"}]}<\/script>\n<!-- \/ Yoast SEO plugin. -->","yoast_head_json":{"title":"Caio Henrique et Vanderson convoqu\u00e9s avec le Br\u00e9sil - La Diagonale","robots":{"index":"index","follow":"follow","max-snippet":"max-snippet:-1","max-image-preview":"max-image-preview:large","max-video-preview":"max-video-preview:-1"},"canonical":"https:\/\/www.ladiagonale.net\/index.php\/2023\/08\/18\/caio-henrique-et-vanderson-convoques-avec-le-bresil\/","og_locale":"fr_FR","og_type":"article","og_title":"Caio Henrique et Vanderson convoqu\u00e9s avec le Br\u00e9sil - La Diagonale","og_description":"Pour la toute premi\u00e8re fois de sa carri\u00e8re, Caio Henrique a \u00e9t\u00e9 s\u00e9lectionn\u00e9 avec le Br\u00e9sil. Le s\u00e9lectionneur de la Selecao Fernando Diniz l\u2019a appel\u00e9 en compagnie de son co\u00e9quipier de l\u2019AS Monaco Vanderson, qui avait lui connu sa premi\u00e8re convocation et sa premi\u00e8re s\u00e9lection contre la Guin\u00e9e en juin. Pour les deux Mon\u00e9gasques, deux [...]","og_url":"https:\/\/www.ladiagonale.net\/index.php\/2023\/08\/18\/caio-henrique-et-vanderson-convoques-avec-le-bresil\/","og_site_name":"La Diagonale","article_published_time":"2023-08-18T18:30:06+00:00","article_modified_time":"2023-08-18T23:48:38+00:00","og_image":[{"width":1160,"height":650,"url":"https:\/\/www.ladiagonale.net\/wp-content\/uploads\/2023\/05\/caio.png","type":"image\/png"}],"author":"Damien Dellerba","twitter_card":"summary_large_image","twitter_image":"https:\/\/www.ladiagonale.net\/wp-content\/uploads\/2023\/05\/caio.png","twitter_misc":{"\u00c9crit par":"Damien Dellerba","Dur\u00e9e de lecture estim\u00e9e":"1 minute"},"schema":{"@context":"https:\/\/schema.org","@graph":[{"@type":"WebPage","@id":"https:\/\/www.ladiagonale.net\/index.php\/2023\/08\/18\/caio-henrique-et-vanderson-convoques-avec-le-bresil\/","url":"https:\/\/www.ladiagonale.net\/index.php\/2023\/08\/18\/caio-henrique-et-vanderson-convoques-avec-le-bresil\/","name":"Caio Henrique et Vanderson convoqu\u00e9s avec le Br\u00e9sil - La Diagonale","isPartOf":{"@id":"https:\/\/www.ladiagonale.net\/#website"},"datePublished":"2023-08-18T18:30:06+00:00","dateModified":"2023-08-18T23:48:38+00:00","author":{"@id":"https:\/\/www.ladiagonale.net\/#\/schema\/person\/79ff1e7b0853ed01b2aa26e64ad300bf"},"breadcrumb":{"@id":"https:\/\/www.ladiagonale.net\/index.php\/2023\/08\/18\/caio-henrique-et-vanderson-convoques-avec-le-bresil\/#breadcrumb"},"inLanguage":"fr-FR","potentialAction":[{"@type":"ReadAction","target":["https:\/\/www.ladiagonale.net\/index.php\/2023\/08\/18\/caio-henrique-et-vanderson-convoques-avec-le-bresil\/"]}]},{"@type":"BreadcrumbList","@id":"https:\/\/www.ladiagonale.net\/index.php\/2023\/08\/18\/caio-henrique-et-vanderson-convoques-avec-le-bresil\/#breadcrumb","itemListElement":[{"@type":"ListItem","position":1,"name":"Accueil","item":"https:\/\/www.ladiagonale.net\/"},{"@type":"ListItem","position":2,"name":"Caio Henrique et Vanderson convoqu\u00e9s avec le Br\u00e9sil"}]},{"@type":"WebSite","@id":"https:\/\/www.ladiagonale.net\/#website","url":"https:\/\/www.ladiagonale.net\/","name":"La Diagonale","description":"Le site des supporters de l&#039;AS Monaco FC","potentialAction":[{"@type":"SearchAction","target":{"@type":"EntryPoint","urlTemplate":"https:\/\/www.ladiagonale.net\/?s={search_term_string}"},"query-input":"required name=search_term_string"}],"inLanguage":"fr-FR"},{"@type":"Person","@id":"https:\/\/www.ladiagonale.net\/#\/schema\/person\/79ff1e7b0853ed01b2aa26e64ad300bf","name":"Damien Dellerba","image":{"@type":"ImageObject","inLanguage":"fr-FR","@id":"https:\/\/www.ladiagonale.net\/#\/schema\/person\/image\/","url":"https:\/\/secure.gravatar.com\/avatar\/c7850e06d3ff63cdbaee88b7fc16e2f0?s=96&d=mm&r=g","contentUrl":"https:\/\/secure.gravatar.com\/avatar\/c7850e06d3ff63cdbaee88b7fc16e2f0?s=96&d=mm&r=g","caption":"Damien Dellerba"},"url":"https:\/\/www.ladiagonale.net\/index.php\/author\/damien\/"}]}},"_links":{"self":[{"href":"https:\/\/www.ladiagonale.net\/index.php\/wp-json\/wp\/v2\/posts\/15264"}],"collection":[{"href":"https:\/\/www.ladiagonale.net\/index.php\/wp-json\/wp\/v2\/posts"}],"about":[{"href":"https:\/\/www.ladiagonale.net\/index.php\/wp-json\/wp\/v2\/types\/post"}],"author":[{"embeddable":true,"href":"https:\/\/www.ladiagonale.net\/index.php\/wp-json\/wp\/v2\/users\/2"}],"replies":[{"embeddable":true,"href":"https:\/\/www.ladiagonale.net\/index.php\/wp-json\/wp\/v2\/comments?post=15264"}],"version-history":[{"count":6,"href":"https:\/\/www.ladiagonale.net\/index.php\/wp-json\/wp\/v2\/posts\/15264\/revisions"}],"predecessor-version":[{"id":15274,"href":"https:\/\/www.ladiagonale.net\/index.php\/wp-json\/wp\/v2\/posts\/15264\/revisions\/15274"}],"wp:attachment":[{"href":"https:\/\/www.ladiagonale.net\/index.php\/wp-json\/wp\/v2\/media?parent=15264"}],"wp:term":[{"taxonomy":"category","embeddable":true,"href":"https:\/\/www.ladiagonale.net\/index.php\/wp-json\/wp\/v2\/categories?post=15264"},{"taxonomy":"post_tag","embeddable":true,"href":"https:\/\/www.ladiagonale.net\/index.php\/wp-json\/wp\/v2\/tags?post=15264"}],"curies":[{"name":"wp","href":"https:\/\/api.w.org\/{rel}","templated":true}]}}