{"id":15275,"date":"2023-08-19T11:51:03","date_gmt":"2023-08-19T09:51:03","guid":{"rendered":"https:\/\/www.ladiagonale.net\/?p=15275"},"modified":"2023-08-19T12:00:56","modified_gmt":"2023-08-19T10:00:56","slug":"scuro-et-hutter-evoquent-le-cas-ben-yedder","status":"publish","type":"post","link":"https:\/\/www.ladiagonale.net\/index.php\/2023\/08\/19\/scuro-et-hutter-evoquent-le-cas-ben-yedder\/","title":{"rendered":"Scuro et H\u00fctter \u00e9voquent le cas Ben Yedder"},"content":{"rendered":"\n\n\n<p>Lors de la pr\u00e9sentation de Denis Zakaria et Wilfried Singo, Thiago Scuro a \u00e9t\u00e9 interrog\u00e9 sur le cas Wissam Ben Yedder, mis en examen pour \u00ab <a href=\"https:\/\/www.ladiagonale.net\/index.php\/2023\/08\/11\/ben-yedder-mis-en-examen-pour-viol-tentative-de-viol-et-agression-sexuelle\/\">viol, tentative de viol et agression sexuelle<\/a> \u00bb. Le directeur du football de l&rsquo;AS Monaco esp\u00e8re que cette affaire sera rapidement class\u00e9e : \u00ab <em>Nous suivons cette affaire de tr\u00e8s pr\u00e8s depuis le d\u00e9but. C\u2019est une affaire personnelle, mais il faut aussi respecter la situation du joueur. Nous esp\u00e9rons qu\u2019il pourra garder le niveau de performance qu\u2019il a affich\u00e9 le week-end dernier (contre Clermont) et que cette histoire va vite se terminer.<\/em> \u00bb<\/p>\n\n\n\n<p>De son c\u00f4t\u00e9, l&rsquo;entra\u00eeneur Adi H\u00fctter a indiqu\u00e9 qu&rsquo;il pr\u00e9f\u00e9rait se concentrer sur le sportif : \u00ab <em>Je ne veux pas commenter son cas personnel. Mon travail est d&rsquo;aligner les meilleurs joueurs sur le terrain pendant les matches et Wissam est l&rsquo;un d&rsquo;eux. Tout le monde a pu le constater le dernier week-end. Je veux me concentrer sur \u00e7a et non commenter ses probl\u00e8mes personnels, ce n&rsquo;est pas mon travail. J&rsquo;\u00e9tais heureux de le voir inscrire un doubl\u00e9 et j&rsquo;esp\u00e8re qu&rsquo;il pourra en mettre un autre ce week-end (contre Strasbourg).<\/em> \u00bb<\/p>\n\n\n\n<p class=\"has-white-color has-text-color has-background\" style=\"background-color:#303030\">Lire aussi : <a href=\"https:\/\/www.ladiagonale.net\/index.php\/2023\/08\/14\/ben-yedder-le-cent-froid\/\">Ben Yedder, le cent froid<\/a><\/p>\n","protected":false},"excerpt":{"rendered":"<p>Lors de la pr\u00e9sentation de Denis Zakaria et Wilfried Singo, Thiago Scuro a \u00e9t\u00e9 interrog\u00e9 sur le cas Wissam Ben Yedder, mis en examen pour \u00ab viol, tentative de viol et agression sexuelle \u00bb. Le directeur du football de l&rsquo;AS Monaco esp\u00e8re que cette affaire sera rapidement class\u00e9e : \u00ab Nous suivons cette affaire de [&#8230;]\n","protected":false},"author":2,"featured_media":0,"comment_status":"open","ping_status":"open","sticky":false,"template":"","format":"standard","meta":[],"categories":[6],"tags":[576,86,401,479,175],"yoast_head":"<!-- This site is optimized with the Yoast SEO plugin v19.8 - https:\/\/yoast.com\/wordpress\/plugins\/seo\/ -->\n<title>Scuro et H\u00fctter \u00e9voquent le cas Ben Yedder - La Diagonale<\/title>\n<meta name=\"robots\" content=\"index, follow, max-snippet:-1, max-image-preview:large, max-video-preview:-1\" \/>\n<link rel=\"canonical\" href=\"https:\/\/www.ladiagonale.net\/index.php\/2023\/08\/19\/scuro-et-hutter-evoquent-le-cas-ben-yedder\/\" \/>\n<meta property=\"og:locale\" content=\"fr_FR\" \/>\n<meta property=\"og:type\" content=\"article\" \/>\n<meta property=\"og:title\" content=\"Scuro et H\u00fctter \u00e9voquent le cas Ben Yedder - La Diagonale\" \/>\n<meta property=\"og:description\" content=\"Lors de la pr\u00e9sentation de Denis Zakaria et Wilfried Singo, Thiago Scuro a \u00e9t\u00e9 interrog\u00e9 sur le cas Wissam Ben Yedder, mis en examen pour \u00ab viol, tentative de viol et agression sexuelle \u00bb. Le directeur du football de l&rsquo;AS Monaco esp\u00e8re que cette affaire sera rapidement class\u00e9e : \u00ab Nous suivons cette affaire de [...]\" \/>\n<meta property=\"og:url\" content=\"https:\/\/www.ladiagonale.net\/index.php\/2023\/08\/19\/scuro-et-hutter-evoquent-le-cas-ben-yedder\/\" \/>\n<meta property=\"og:site_name\" content=\"La Diagonale\" \/>\n<meta property=\"article:published_time\" content=\"2023-08-19T09:51:03+00:00\" \/>\n<meta property=\"article:modified_time\" content=\"2023-08-19T10:00:56+00:00\" \/>\n<meta property=\"og:image\" content=\"https:\/\/www.ladiagonale.net\/wp-content\/uploads\/2023\/07\/BEC53ACD-60AC-4692-9392-412445EA61E2.jpeg\" \/>\n\t<meta property=\"og:image:width\" content=\"768\" \/>\n\t<meta property=\"og:image:height\" content=\"430\" \/>\n\t<meta property=\"og:image:type\" content=\"image\/jpeg\" \/>\n<meta name=\"author\" content=\"Damien Dellerba\" \/>\n<meta name=\"twitter:card\" content=\"summary_large_image\" \/>\n<meta name=\"twitter:image\" content=\"https:\/\/www.ladiagonale.net\/wp-content\/uploads\/2023\/07\/BEC53ACD-60AC-4692-9392-412445EA61E2.jpeg\" \/>\n<meta name=\"twitter:label1\" content=\"\u00c9crit par\" \/>\n\t<meta name=\"twitter:data1\" content=\"Damien Dellerba\" \/>\n\t<meta name=\"twitter:label2\" content=\"Dur\u00e9e de lecture estim\u00e9e\" \/>\n\t<meta name=\"twitter:data2\" content=\"1 minute\" \/>\n<script type=\"application\/ld+json\" class=\"yoast-schema-graph\">{\"@context\":\"https:\/\/schema.org\",\"@graph\":[{\"@type\":\"WebPage\",\"@id\":\"https:\/\/www.ladiagonale.net\/index.php\/2023\/08\/19\/scuro-et-hutter-evoquent-le-cas-ben-yedder\/\",\"url\":\"https:\/\/www.ladiagonale.net\/index.php\/2023\/08\/19\/scuro-et-hutter-evoquent-le-cas-ben-yedder\/\",\"name\":\"Scuro et H\u00fctter \u00e9voquent le cas Ben Yedder - La Diagonale\",\"isPartOf\":{\"@id\":\"https:\/\/www.ladiagonale.net\/#website\"},\"datePublished\":\"2023-08-19T09:51:03+00:00\",\"dateModified\":\"2023-08-19T10:00:56+00:00\",\"author\":{\"@id\":\"https:\/\/www.ladiagonale.net\/#\/schema\/person\/79ff1e7b0853ed01b2aa26e64ad300bf\"},\"breadcrumb\":{\"@id\":\"https:\/\/www.ladiagonale.net\/index.php\/2023\/08\/19\/scuro-et-hutter-evoquent-le-cas-ben-yedder\/#breadcrumb\"},\"inLanguage\":\"fr-FR\",\"potentialAction\":[{\"@type\":\"ReadAction\",\"target\":[\"https:\/\/www.ladiagonale.net\/index.php\/2023\/08\/19\/scuro-et-hutter-evoquent-le-cas-ben-yedder\/\"]}]},{\"@type\":\"BreadcrumbList\",\"@id\":\"https:\/\/www.ladiagonale.net\/index.php\/2023\/08\/19\/scuro-et-hutter-evoquent-le-cas-ben-yedder\/#breadcrumb\",\"itemListElement\":[{\"@type\":\"ListItem\",\"position\":1,\"name\":\"Accueil\",\"item\":\"https:\/\/www.ladiagonale.net\/\"},{\"@type\":\"ListItem\",\"position\":2,\"name\":\"Scuro et H\u00fctter \u00e9voquent le cas Ben Yedder\"}]},{\"@type\":\"WebSite\",\"@id\":\"https:\/\/www.ladiagonale.net\/#website\",\"url\":\"https:\/\/www.ladiagonale.net\/\",\"name\":\"La Diagonale\",\"description\":\"Le site des supporters de l&#039;AS Monaco FC\",\"potentialAction\":[{\"@type\":\"SearchAction\",\"target\":{\"@type\":\"EntryPoint\",\"urlTemplate\":\"https:\/\/www.ladiagonale.net\/?s={search_term_string}\"},\"query-input\":\"required name=search_term_string\"}],\"inLanguage\":\"fr-FR\"},{\"@type\":\"Person\",\"@id\":\"https:\/\/www.ladiagonale.net\/#\/schema\/person\/79ff1e7b0853ed01b2aa26e64ad300bf\",\"name\":\"Damien Dellerba\",\"image\":{\"@type\":\"ImageObject\",\"inLanguage\":\"fr-FR\",\"@id\":\"https:\/\/www.ladiagonale.net\/#\/schema\/person\/image\/\",\"url\":\"https:\/\/secure.gravatar.com\/avatar\/c7850e06d3ff63cdbaee88b7fc16e2f0?s=96&d=mm&r=g\",\"contentUrl\":\"https:\/\/secure.gravatar.com\/avatar\/c7850e06d3ff63cdbaee88b7fc16e2f0?s=96&d=mm&r=g\",\"caption\":\"Damien Dellerba\"},\"url\":\"https:\/\/www.ladiagonale.net\/index.php\/author\/damien\/\"}]}<\/script>\n<!-- \/ Yoast SEO plugin. -->","yoast_head_json":{"title":"Scuro et H\u00fctter \u00e9voquent le cas Ben Yedder - La Diagonale","robots":{"index":"index","follow":"follow","max-snippet":"max-snippet:-1","max-image-preview":"max-image-preview:large","max-video-preview":"max-video-preview:-1"},"canonical":"https:\/\/www.ladiagonale.net\/index.php\/2023\/08\/19\/scuro-et-hutter-evoquent-le-cas-ben-yedder\/","og_locale":"fr_FR","og_type":"article","og_title":"Scuro et H\u00fctter \u00e9voquent le cas Ben Yedder - La Diagonale","og_description":"Lors de la pr\u00e9sentation de Denis Zakaria et Wilfried Singo, Thiago Scuro a \u00e9t\u00e9 interrog\u00e9 sur le cas Wissam Ben Yedder, mis en examen pour \u00ab viol, tentative de viol et agression sexuelle \u00bb. Le directeur du football de l&rsquo;AS Monaco esp\u00e8re que cette affaire sera rapidement class\u00e9e : \u00ab Nous suivons cette affaire de [...]","og_url":"https:\/\/www.ladiagonale.net\/index.php\/2023\/08\/19\/scuro-et-hutter-evoquent-le-cas-ben-yedder\/","og_site_name":"La Diagonale","article_published_time":"2023-08-19T09:51:03+00:00","article_modified_time":"2023-08-19T10:00:56+00:00","og_image":[{"width":768,"height":430,"url":"https:\/\/www.ladiagonale.net\/wp-content\/uploads\/2023\/07\/BEC53ACD-60AC-4692-9392-412445EA61E2.jpeg","type":"image\/jpeg"}],"author":"Damien Dellerba","twitter_card":"summary_large_image","twitter_image":"https:\/\/www.ladiagonale.net\/wp-content\/uploads\/2023\/07\/BEC53ACD-60AC-4692-9392-412445EA61E2.jpeg","twitter_misc":{"\u00c9crit par":"Damien Dellerba","Dur\u00e9e de lecture estim\u00e9e":"1 minute"},"schema":{"@context":"https:\/\/schema.org","@graph":[{"@type":"WebPage","@id":"https:\/\/www.ladiagonale.net\/index.php\/2023\/08\/19\/scuro-et-hutter-evoquent-le-cas-ben-yedder\/","url":"https:\/\/www.ladiagonale.net\/index.php\/2023\/08\/19\/scuro-et-hutter-evoquent-le-cas-ben-yedder\/","name":"Scuro et H\u00fctter \u00e9voquent le cas Ben Yedder - La Diagonale","isPartOf":{"@id":"https:\/\/www.ladiagonale.net\/#website"},"datePublished":"2023-08-19T09:51:03+00:00","dateModified":"2023-08-19T10:00:56+00:00","author":{"@id":"https:\/\/www.ladiagonale.net\/#\/schema\/person\/79ff1e7b0853ed01b2aa26e64ad300bf"},"breadcrumb":{"@id":"https:\/\/www.ladiagonale.net\/index.php\/2023\/08\/19\/scuro-et-hutter-evoquent-le-cas-ben-yedder\/#breadcrumb"},"inLanguage":"fr-FR","potentialAction":[{"@type":"ReadAction","target":["https:\/\/www.ladiagonale.net\/index.php\/2023\/08\/19\/scuro-et-hutter-evoquent-le-cas-ben-yedder\/"]}]},{"@type":"BreadcrumbList","@id":"https:\/\/www.ladiagonale.net\/index.php\/2023\/08\/19\/scuro-et-hutter-evoquent-le-cas-ben-yedder\/#breadcrumb","itemListElement":[{"@type":"ListItem","position":1,"name":"Accueil","item":"https:\/\/www.ladiagonale.net\/"},{"@type":"ListItem","position":2,"name":"Scuro et H\u00fctter \u00e9voquent le cas Ben Yedder"}]},{"@type":"WebSite","@id":"https:\/\/www.ladiagonale.net\/#website","url":"https:\/\/www.ladiagonale.net\/","name":"La Diagonale","description":"Le site des supporters de l&#039;AS Monaco FC","potentialAction":[{"@type":"SearchAction","target":{"@type":"EntryPoint","urlTemplate":"https:\/\/www.ladiagonale.net\/?s={search_term_string}"},"query-input":"required name=search_term_string"}],"inLanguage":"fr-FR"},{"@type":"Person","@id":"https:\/\/www.ladiagonale.net\/#\/schema\/person\/79ff1e7b0853ed01b2aa26e64ad300bf","name":"Damien Dellerba","image":{"@type":"ImageObject","inLanguage":"fr-FR","@id":"https:\/\/www.ladiagonale.net\/#\/schema\/person\/image\/","url":"https:\/\/secure.gravatar.com\/avatar\/c7850e06d3ff63cdbaee88b7fc16e2f0?s=96&d=mm&r=g","contentUrl":"https:\/\/secure.gravatar.com\/avatar\/c7850e06d3ff63cdbaee88b7fc16e2f0?s=96&d=mm&r=g","caption":"Damien Dellerba"},"url":"https:\/\/www.ladiagonale.net\/index.php\/author\/damien\/"}]}},"_links":{"self":[{"href":"https:\/\/www.ladiagonale.net\/index.php\/wp-json\/wp\/v2\/posts\/15275"}],"collection":[{"href":"https:\/\/www.ladiagonale.net\/index.php\/wp-json\/wp\/v2\/posts"}],"about":[{"href":"https:\/\/www.ladiagonale.net\/index.php\/wp-json\/wp\/v2\/types\/post"}],"author":[{"embeddable":true,"href":"https:\/\/www.ladiagonale.net\/index.php\/wp-json\/wp\/v2\/users\/2"}],"replies":[{"embeddable":true,"href":"https:\/\/www.ladiagonale.net\/index.php\/wp-json\/wp\/v2\/comments?post=15275"}],"version-history":[{"count":2,"href":"https:\/\/www.ladiagonale.net\/index.php\/wp-json\/wp\/v2\/posts\/15275\/revisions"}],"predecessor-version":[{"id":15278,"href":"https:\/\/www.ladiagonale.net\/index.php\/wp-json\/wp\/v2\/posts\/15275\/revisions\/15278"}],"wp:attachment":[{"href":"https:\/\/www.ladiagonale.net\/index.php\/wp-json\/wp\/v2\/media?parent=15275"}],"wp:term":[{"taxonomy":"category","embeddable":true,"href":"https:\/\/www.ladiagonale.net\/index.php\/wp-json\/wp\/v2\/categories?post=15275"},{"taxonomy":"post_tag","embeddable":true,"href":"https:\/\/www.ladiagonale.net\/index.php\/wp-json\/wp\/v2\/tags?post=15275"}],"curies":[{"name":"wp","href":"https:\/\/api.w.org\/{rel}","templated":true}]}}